{"id":188703,"date":"2025-01-12T02:24:25","date_gmt":"2025-01-12T07:24:25","guid":{"rendered":"https:\/\/news.canadamotorjobs.com\/?p=188703"},"modified":"2025-01-12T02:29:16","modified_gmt":"2025-01-12T07:29:16","slug":"tokyo-2025-subaru-presente-la-wrx-sti-s210","status":"publish","type":"post","link":"https:\/\/news.canadamotorjobs.com\/fr\/tokyo-2025-subaru-presente-la-wrx-sti-s210\/","title":{"rendered":"Tokyo 2025 : Subaru pr\u00e9sente la WRX STi S210"},"content":{"rendered":"<\/p>\n<p>Subaru a surpris les amateurs de sport automobile lors du Salon de l\u2019auto de Tokyo en d\u00e9voilant la WRX STI S210, une \u00e9dition sp\u00e9ciale limit\u00e9e \u00e0 seulement 500 exemplaires. D\u00e9crite comme le \u00ab summum des voitures compl\u00e8tes STI \u00bb, cette version offre des am\u00e9liorations importantes en mati\u00e8re de performances, de ch\u00e2ssis et de design, selon Subaru.<\/p>\n<p>Apr\u00e8s des ann\u00e9es sans v\u00e9ritable version STI de la g\u00e9n\u00e9ration actuelle de la WRX, Subaru r\u00e9pond enfin aux attentes avec une \u00e9dition inspir\u00e9e par la WRX NBR Challenge, c\u00e9l\u00e8bre pour ses performances au N\u00fcrburgring.<\/p>\n<p><\/p>\n<figure><img decoding=\"async\" src=\"https:\/\/news.canadamotorjobs.com\/wp-content\/uploads\/2025\/01\/subaru-wrx-sti-s210-2-5.jpg\" alt=\"Subaru WRX STI S210, moteur\" \/><figcaption>Subaru WRX STI S210, moteur | Auto123.com<\/figcaption><\/figure>\n<p><strong>Plus de puissance pour plus de sensations<\/strong><\/p>\n<p>Au c\u0153ur de cette \u00e9dition sp\u00e9ciale se trouve un moteur Boxer 4-cylindres turbo de 2,4 litres qui a \u00e9t\u00e9 am\u00e9lior\u00e9, g\u00e9n\u00e9rant 296 chevaux, soit une augmentation de 25 chevaux par rapport au reste de la gamme WRX.<\/p>\n<p>Les modifications m\u00e9caniques incluent :<\/p>\n<ul><\/p>\n<li>\u2022\u00a0\u00a0\u00a0 Un nouveau syst\u00e8me d\u2019admission<\/li>\n<p><\/p>\n<li>\u2022\u00a0\u00a0\u00a0 Un conduit d\u2019air avant le turbo<\/li>\n<p><\/p>\n<li>\u2022\u00a0\u00a0\u00a0 Un \u00e9chappement \u00e0 faible contre-pression<\/li>\n<p><\/p>\n<li>\u2022\u00a0\u00a0\u00a0 Une gestion \u00e9lectronique repens\u00e9e<\/li>\n<p>\n<\/ul>\n<p>Le couple reste stable \u00e0 276 lb-pi, mais offre une r\u00e9ponse plus lin\u00e9aire. La puissance est transmise aux quatre roues via une transmission \u00e0 variation continue (CVT) nomm\u00e9e Subaru Performance Transmission. Cette derni\u00e8re ne semble toutefois pas \u00e0 sa place dans ce genre de v\u00e9hicule.<\/p>\n<p><\/p>\n<figure><img decoding=\"async\" src=\"https:\/\/news.canadamotorjobs.com\/wp-content\/uploads\/2025\/01\/subaru-wrx-sti-s210-1-1.jpg\" alt=\"Subaru WRX STI S210, trois quarts avant\" \/><figcaption>Subaru WRX STI S210, trois quarts avant | Auto123.com<\/figcaption><\/figure>\n<p><strong>Des am\u00e9liorations de ch\u00e2ssis significatives<\/strong><\/p>\n<p>La WRX STI S210 b\u00e9n\u00e9ficie de modifications apport\u00e9es \u00e0 la suspension et aux freins pour une tenue de route encore plus aff\u00fbt\u00e9e :<\/p>\n<ul><\/p>\n<li>\u2022\u00a0\u00a0\u00a0 Amortisseurs \u00e9lectroniques ZF reconfigur\u00e9s<\/li>\n<p><\/p>\n<li>\u2022\u00a0\u00a0\u00a0 Ressorts h\u00e9lico\u00efdaux et barres stabilisatrices arri\u00e8re retravaill\u00e9s<\/li>\n<p><\/p>\n<li>\u2022\u00a0\u00a0\u00a0 Disques de freins ventil\u00e9s et perfor\u00e9s avec \u00e9triers Brembo \u00e0 six pistons \u00e0 l\u2019avant<\/li>\n<p>\n<\/ul>\n<p>Les pneus Michelin haute performance (255\/35R19) mont\u00e9s sur des jantes STI Flexible Performance de 19 pouces sign\u00e9s par BBS ajoutent \u00e0 l\u2019adh\u00e9rence exceptionnelle de la voiture.<\/p>\n<p><strong>Un design agressif et fonctionnel<\/strong><\/p>\n<p>L\u2019esth\u00e9tique de la S210 refl\u00e8te son caract\u00e8re sportif avec des \u00e9l\u00e9ments a\u00e9rodynamiques prononc\u00e9s, con\u00e7us pour am\u00e9liorer les performances :<\/p>\n<ul><\/p>\n<li>\u2022\u00a0\u00a0\u00a0 Aileron arri\u00e8re en carbone sec<\/li>\n<p><\/p>\n<li>\u2022\u00a0\u00a0\u00a0 Diffuseur avant, jupes lat\u00e9rales sculpt\u00e9es et diffuseur arri\u00e8re en Crystal Black Silica<\/li>\n<p><\/p>\n<li>\u2022\u00a0\u00a0\u00a0 Une touche de rouge cerise sur la calandre pour un look unique<\/li>\n<p><\/p>\n<li>\u2022\u00a0\u00a0\u00a0 Logos S210 et embl\u00e8mes STI pour souligner son exclusivit\u00e9<\/li>\n<p>\n<\/ul>\n<p><\/p>\n<figure><img decoding=\"async\" src=\"https:\/\/news.canadamotorjobs.com\/wp-content\/uploads\/2025\/01\/subaru-wrx-sti-s210-5a-1.jpg\" alt=\"Subaru WRX STI S210, int\u00e9rieur\" \/><figcaption>Subaru WRX STI S210, int\u00e9rieur | Auto123.com<\/figcaption><\/figure>\n<p><strong>Un int\u00e9rieur inspir\u00e9 par le sport automobile<\/strong><\/p>\n<p>L\u2019habitacle de la S210 est \u00e9quip\u00e9 de si\u00e8ges Recaro \u00e0 dossier en carbone, rev\u00eatus de cuir Nappa avec des r\u00e9glages \u00e9lectriques en huit positions. Le th\u00e8me noir est rehauss\u00e9 par des accents rouges, des embl\u00e8mes STI et une plaque num\u00e9rot\u00e9e exclusive.<\/p>\n<p><strong>Une production limit\u00e9e et des questions en suspens<\/strong><\/p>\n<p>La Subaru WRX STI S210 sera produite en seulement 500 exemplaires. Sa disponibilit\u00e9 exacte sera annonc\u00e9e au printemps de 2025, et il reste \u00e0 voir si cette \u00e9dition sp\u00e9ciale sera r\u00e9serv\u00e9e au march\u00e9 japonais ou accessible \u00e0 d\u2019autres r\u00e9gions.<\/p>\n<p><\/p>\n<figure><img decoding=\"async\" src=\"https:\/\/news.canadamotorjobs.com\/wp-content\/uploads\/2025\/01\/subaru-wrx-sti-s210-3-1.jpg\" alt=\"Subaru WRX STI S210, roue, \u00e9tiquette Recaro\" \/><figcaption>Subaru WRX STI S210, roue, \u00e9tiquette Recaro | Auto123.com<\/figcaption><\/figure>\n<figure><img decoding=\"async\" src=\"https:\/\/news.canadamotorjobs.com\/wp-content\/uploads\/2025\/01\/subaru-wrx-sti-s210-4.jpg\" alt=\"Subaru WRX STI S210, sur la piste\" \/><figcaption>Subaru WRX STI S210, sur la piste | Auto123.com<\/figcaption><\/figure>\n<p style=\"padding-top: 15px\">Contenu original de <a href=\"https:\/\/www.auto123.com\/fr\/actualites\/subaru-wrx-sti-s210-edition-speciale\/72269\/\">auto123<\/a>.<\/p>\n<p>Le texte <a rel=\"nofollow\" href=\"https:\/\/annuelauto.ca\/tokyo-2025-subaru-presente-la-wrx-sti-s210\/\">Tokyo 2025 : Subaru pr\u00e9sente la WRX STi S210<\/a> provient de <a rel=\"nofollow\" href=\"https:\/\/annuelauto.ca\">L&#8217;annuel de l&#8217;automobile &#8211; Actualit\u00e9 automobile<\/a><\/p>\n<p><\/p>\n","protected":false},"excerpt":{"rendered":"<p>Subaru a surpris les amateurs de sport automobile lors du Salon de l\u2019auto de Tokyo en d\u00e9voilant la WRX STI S210, une \u00e9dition sp\u00e9ciale limit\u00e9e \u00e0 seulement 500 exemplaires. D\u00e9crite comme le \u00ab summum des voitures compl\u00e8tes STI \u00bb, cette version offre des am\u00e9liorations importantes en mati\u00e8re de performances, de ch\u00e2ssis et de design, selon [&hellip;]<\/p>\n","protected":false},"author":8,"featured_media":188705,"comment_status":"close","ping_status":"closed","sticky":false,"template":"","format":"standard","meta":{"_monsterinsights_skip_tracking":false,"_monsterinsights_sitenote_active":false,"_monsterinsights_sitenote_note":"","_monsterinsights_sitenote_category":0,"footnotes":""},"categories":[101],"tags":[],"yoast_head":"<!-- This site is optimized with the Yoast SEO plugin v23.2 - https:\/\/yoast.com\/wordpress\/plugins\/seo\/ -->\n<title>Tokyo 2025 : Subaru pr\u00e9sente la WRX STi S210 - CanadaMotorJobs.com<\/title>\n<meta name=\"description\" content=\"Tokyo 2025 : Subaru pr\u00e9sente la WRX STi S210 - Benoit Charette - Annuel automobile - CanadaMotorJobs.com.\" \/>\n<meta name=\"robots\" content=\"index, follow, max-snippet:-1, max-image-preview:large, max-video-preview:-1\" \/>\n<meta property=\"og:locale\" content=\"fr_CA\" \/>\n<meta property=\"og:type\" content=\"article\" \/>\n<meta property=\"og:title\" content=\"Tokyo 2025 : Subaru pr\u00e9sente la WRX STi S210 - CanadaMotorJobs.com\" \/>\n<meta property=\"og:description\" content=\"Tokyo 2025 : Subaru pr\u00e9sente la WRX STi S210 - Benoit Charette - Annuel automobile - CanadaMotorJobs.com.\" \/>\n<meta property=\"og:url\" content=\"https:\/\/news.canadamotorjobs.com\/fr\/tokyo-2025-subaru-presente-la-wrx-sti-s210\/\" \/>\n<meta property=\"og:site_name\" content=\"CanadaMotorJobs.com\" \/>\n<meta property=\"article:publisher\" content=\"https:\/\/www.facebook.com\/canadamotorjobs\/\" \/>\n<meta property=\"article:published_time\" content=\"2025-01-12T07:24:25+00:00\" \/>\n<meta property=\"article:modified_time\" content=\"2025-01-12T07:29:16+00:00\" \/>\n<meta property=\"og:image\" content=\"https:\/\/news.canadamotorjobs.com\/wp-content\/uploads\/2025\/01\/subaru-wrx-sti-s210-2.jpg\" \/>\n\t<meta property=\"og:image:width\" content=\"1200\" \/>\n\t<meta property=\"og:image:height\" content=\"675\" \/>\n\t<meta property=\"og:image:type\" content=\"image\/jpeg\" \/>\n<meta name=\"author\" content=\"Benoit Charette\" \/>\n<meta name=\"twitter:card\" content=\"summary_large_image\" \/>\n<meta name=\"twitter:creator\" content=\"@canadamotorjobs\" \/>\n<meta name=\"twitter:site\" content=\"@canadamotorjobs\" \/>\n<meta name=\"twitter:label1\" content=\"\u00c9crit par\" \/>\n\t<meta name=\"twitter:data1\" content=\"Benoit Charette\" \/>\n\t<meta name=\"twitter:label2\" content=\"Estimation du temps de lecture\" \/>\n\t<meta name=\"twitter:data2\" content=\"3 minutes\" \/>\n<!-- \/ Yoast SEO plugin. -->","yoast_head_json":{"title":"Tokyo 2025 : Subaru pr\u00e9sente la WRX STi S210 - CanadaMotorJobs.com","description":"Tokyo 2025 : Subaru pr\u00e9sente la WRX STi S210 - Benoit Charette - Annuel automobile - CanadaMotorJobs.com.","robots":{"index":"index","follow":"follow","max-snippet":"max-snippet:-1","max-image-preview":"max-image-preview:large","max-video-preview":"max-video-preview:-1"},"og_locale":"fr_CA","og_type":"article","og_title":"Tokyo 2025 : Subaru pr\u00e9sente la WRX STi S210 - CanadaMotorJobs.com","og_description":"Tokyo 2025 : Subaru pr\u00e9sente la WRX STi S210 - Benoit Charette - Annuel automobile - CanadaMotorJobs.com.","og_url":"https:\/\/news.canadamotorjobs.com\/fr\/tokyo-2025-subaru-presente-la-wrx-sti-s210\/","og_site_name":"CanadaMotorJobs.com","article_publisher":"https:\/\/www.facebook.com\/canadamotorjobs\/","article_published_time":"2025-01-12T07:24:25+00:00","article_modified_time":"2025-01-12T07:29:16+00:00","og_image":[{"width":1200,"height":675,"url":"https:\/\/news.canadamotorjobs.com\/wp-content\/uploads\/2025\/01\/subaru-wrx-sti-s210-2.jpg","type":"image\/jpeg"}],"author":"Benoit Charette","twitter_card":"summary_large_image","twitter_creator":"@canadamotorjobs","twitter_site":"@canadamotorjobs","twitter_misc":{"\u00c9crit par":"Benoit Charette","Estimation du temps de lecture":"3 minutes"},"schema":{"@context":"https:\/\/schema.org","@graph":[{"@type":"Article","@id":"https:\/\/news.canadamotorjobs.com\/fr\/tokyo-2025-subaru-presente-la-wrx-sti-s210\/#article","isPartOf":{"@id":"https:\/\/news.canadamotorjobs.com\/fr\/tokyo-2025-subaru-presente-la-wrx-sti-s210\/"},"author":{"name":"Benoit Charette","@id":"https:\/\/news.canadamotorjobs.com\/#\/schema\/person\/51793d1f87d44011d7bcc2ed99269a90"},"headline":"Tokyo 2025 : Subaru pr\u00e9sente la WRX STi S210","datePublished":"2025-01-12T07:24:25+00:00","dateModified":"2025-01-12T07:29:16+00:00","mainEntityOfPage":{"@id":"https:\/\/news.canadamotorjobs.com\/fr\/tokyo-2025-subaru-presente-la-wrx-sti-s210\/"},"wordCount":571,"publisher":{"@id":"https:\/\/news.canadamotorjobs.com\/#organization"},"image":{"@id":"https:\/\/news.canadamotorjobs.com\/fr\/tokyo-2025-subaru-presente-la-wrx-sti-s210\/#primaryimage"},"thumbnailUrl":"https:\/\/news.canadamotorjobs.com\/wp-content\/uploads\/2025\/01\/subaru-wrx-sti-s210-2.jpg","articleSection":["Annuel automobile"],"inLanguage":"fr-CA"},{"@type":"WebPage","@id":"https:\/\/news.canadamotorjobs.com\/fr\/tokyo-2025-subaru-presente-la-wrx-sti-s210\/","url":"https:\/\/news.canadamotorjobs.com\/fr\/tokyo-2025-subaru-presente-la-wrx-sti-s210\/","name":"Tokyo 2025 : Subaru pr\u00e9sente la WRX STi S210 - CanadaMotorJobs.com","isPartOf":{"@id":"https:\/\/news.canadamotorjobs.com\/#website"},"primaryImageOfPage":{"@id":"https:\/\/news.canadamotorjobs.com\/fr\/tokyo-2025-subaru-presente-la-wrx-sti-s210\/#primaryimage"},"image":{"@id":"https:\/\/news.canadamotorjobs.com\/fr\/tokyo-2025-subaru-presente-la-wrx-sti-s210\/#primaryimage"},"thumbnailUrl":"https:\/\/news.canadamotorjobs.com\/wp-content\/uploads\/2025\/01\/subaru-wrx-sti-s210-2.jpg","datePublished":"2025-01-12T07:24:25+00:00","dateModified":"2025-01-12T07:29:16+00:00","description":"Tokyo 2025 : Subaru pr\u00e9sente la WRX STi S210 - Benoit Charette - Annuel automobile - CanadaMotorJobs.com.","breadcrumb":{"@id":"https:\/\/news.canadamotorjobs.com\/fr\/tokyo-2025-subaru-presente-la-wrx-sti-s210\/#breadcrumb"},"inLanguage":"fr-CA","potentialAction":[{"@type":"ReadAction","target":["https:\/\/news.canadamotorjobs.com\/fr\/tokyo-2025-subaru-presente-la-wrx-sti-s210\/"]}]},{"@type":"ImageObject","inLanguage":"fr-CA","@id":"https:\/\/news.canadamotorjobs.com\/fr\/tokyo-2025-subaru-presente-la-wrx-sti-s210\/#primaryimage","url":"https:\/\/news.canadamotorjobs.com\/wp-content\/uploads\/2025\/01\/subaru-wrx-sti-s210-2.jpg","contentUrl":"https:\/\/news.canadamotorjobs.com\/wp-content\/uploads\/2025\/01\/subaru-wrx-sti-s210-2.jpg","width":1200,"height":675},{"@type":"BreadcrumbList","@id":"https:\/\/news.canadamotorjobs.com\/fr\/tokyo-2025-subaru-presente-la-wrx-sti-s210\/#breadcrumb","itemListElement":[{"@type":"ListItem","position":1,"name":"Home","item":"https:\/\/news.canadamotorjobs.com\/fr\/blog\/"},{"@type":"ListItem","position":2,"name":"Tokyo 2025 : Subaru pr\u00e9sente la WRX STi S210"}]},{"@type":"WebSite","@id":"https:\/\/news.canadamotorjobs.com\/#website","url":"https:\/\/news.canadamotorjobs.com\/","name":"CanadaMotorJobs.com","description":"Automotive Jobs","publisher":{"@id":"https:\/\/news.canadamotorjobs.com\/#organization"},"potentialAction":[{"@type":"SearchAction","target":{"@type":"EntryPoint","urlTemplate":"https:\/\/news.canadamotorjobs.com\/?s={search_term_string}"},"query-input":"required name=search_term_string"}],"inLanguage":"fr-CA"},{"@type":"Organization","@id":"https:\/\/news.canadamotorjobs.com\/#organization","name":"Canada Motor Jobs","url":"https:\/\/news.canadamotorjobs.com\/","logo":{"@type":"ImageObject","inLanguage":"fr-CA","@id":"https:\/\/news.canadamotorjobs.com\/#\/schema\/logo\/image\/","url":"https:\/\/news.canadamotorjobs.com\/wp-content\/uploads\/2022\/10\/logo-canada-motor-jobs-1.png","contentUrl":"https:\/\/news.canadamotorjobs.com\/wp-content\/uploads\/2022\/10\/logo-canada-motor-jobs-1.png","width":800,"height":400,"caption":"Canada Motor Jobs"},"image":{"@id":"https:\/\/news.canadamotorjobs.com\/#\/schema\/logo\/image\/"},"sameAs":["https:\/\/www.facebook.com\/canadamotorjobs\/","https:\/\/x.com\/canadamotorjobs","https:\/\/www.instagram.com\/canadamotorjobs\/","https:\/\/www.linkedin.com\/company\/canadamotorjobs"]},{"@type":"Person","@id":"https:\/\/news.canadamotorjobs.com\/#\/schema\/person\/51793d1f87d44011d7bcc2ed99269a90","name":"Benoit Charette","image":{"@type":"ImageObject","inLanguage":"fr-CA","@id":"https:\/\/news.canadamotorjobs.com\/#\/schema\/person\/image\/","url":"https:\/\/secure.gravatar.com\/avatar\/45f3d2eebcccd909668d7ce7ea7267b6?s=96&d=mm&r=g","contentUrl":"https:\/\/secure.gravatar.com\/avatar\/45f3d2eebcccd909668d7ce7ea7267b6?s=96&d=mm&r=g","caption":"Benoit Charette"},"description":"Benoit Charette \/ Propri\u00e9taire et r\u00e9dacteur en chef Benoit Charette pratique le journalisme automobile depuis bient\u00f4t 30 ans. Il a fait ses classes au c\u00f4t\u00e9 de Daniel H\u00e9raud et au Carnet de route de 1992 \u00e0 2001. Il est fondateur, copropri\u00e9taire et r\u00e9dacteur en chef de L\u2019Annuel de l\u2019automobile, qu\u2019il publie depuis 2001. Il a anim\u00e9 les \u00e9missions RPM et RPM+ sur V et les L\u00e9gendes de la route sur Historia. \u00c0 la radio depuis 1986, il reprend l\u2019antenne cette ann\u00e9e sur les ondes de Cogeco et participe pour la deuxi\u00e8me ann\u00e9e \u00e0 l\u2019\u00e9mission Passion Auto sur RDS en plus de mettre en ligne le site Web officiel de L\u2019Annuel de l\u2019automobile sur annuelauto.ca.","sameAs":["https:\/\/annuelauto.ca\/"],"url":"https:\/\/news.canadamotorjobs.com\/fr\/author\/benoit-charette\/"}]}},"_links":{"self":[{"href":"https:\/\/news.canadamotorjobs.com\/fr\/wp-json\/wp\/v2\/posts\/188703"}],"collection":[{"href":"https:\/\/news.canadamotorjobs.com\/fr\/wp-json\/wp\/v2\/posts"}],"about":[{"href":"https:\/\/news.canadamotorjobs.com\/fr\/wp-json\/wp\/v2\/types\/post"}],"author":[{"embeddable":true,"href":"https:\/\/news.canadamotorjobs.com\/fr\/wp-json\/wp\/v2\/users\/8"}],"replies":[{"embeddable":true,"href":"https:\/\/news.canadamotorjobs.com\/fr\/wp-json\/wp\/v2\/comments?post=188703"}],"version-history":[{"count":3,"href":"https:\/\/news.canadamotorjobs.com\/fr\/wp-json\/wp\/v2\/posts\/188703\/revisions"}],"predecessor-version":[{"id":188746,"href":"https:\/\/news.canadamotorjobs.com\/fr\/wp-json\/wp\/v2\/posts\/188703\/revisions\/188746"}],"wp:featuredmedia":[{"embeddable":true,"href":"https:\/\/news.canadamotorjobs.com\/fr\/wp-json\/wp\/v2\/media\/188705"}],"wp:attachment":[{"href":"https:\/\/news.canadamotorjobs.com\/fr\/wp-json\/wp\/v2\/media?parent=188703"}],"wp:term":[{"taxonomy":"category","embeddable":true,"href":"https:\/\/news.canadamotorjobs.com\/fr\/wp-json\/wp\/v2\/categories?post=188703"},{"taxonomy":"post_tag","embeddable":true,"href":"https:\/\/news.canadamotorjobs.com\/fr\/wp-json\/wp\/v2\/tags?post=188703"}],"curies":[{"name":"wp","href":"https:\/\/api.w.org\/{rel}","templated":true}]}}