{"id":188648,"date":"2025-01-11T10:13:04","date_gmt":"2025-01-11T15:13:04","guid":{"rendered":"https:\/\/news.canadamotorjobs.com\/?p=188648"},"modified":"2025-01-11T10:14:03","modified_gmt":"2025-01-11T15:14:03","slug":"il-fait-chaud-sous-le-capot","status":"publish","type":"post","link":"https:\/\/news.canadamotorjobs.com\/fr\/il-fait-chaud-sous-le-capot\/","title":{"rendered":"Il fait chaud sous le capot"},"content":{"rendered":"<\/p>\n<p>Il n\u2019y a pas juste en plein soleil qu\u2019il fait chaud, sous le capot aussi\u00a0!!<\/p>\n<p>Le moteur d\u00e9gage de la chaleur, il en produit pour fonctionner, mais ses pertes de chaleurs sont utiles pour le chauffage de l\u2019habitacle, pour le chauffage de la tubulure d\u2019admission par la fameuse \u00ab\u00a0heat riser valve\u00a0\u00bb, et dans certain cas, les pertes de chaleurs aident pour l\u2019\u00e9trangleur du carburateur.<\/p>\n<p>Cette chaleur vient de la combustion du m\u00e9lange air\/essence, mais aussi de la friction interne des pi\u00e8ces, comme le piston sur sa paroi de cylindre par exemple. Cette chaleur quoique utile, est nuisible s\u2019il y en a trop. C\u2019est comme le g\u00e2teau au chocolat, si on en mange trop, \u00e0 un certain moment\u2026<\/p>\n<p>Ce d\u00e9bordement de chaleur doit \u00eatre g\u00e9r\u00e9, sinon une panne surviendra. La gestion de la chaleur sur un moteur refroidit \u00e0 l\u2019eau est confi\u00e9 au radiateur. Mais il n\u2019est pas seul, une \u00e9quipe tr\u00e8s aguerrie dans le domaine le seconde. Je vous pr\u00e9sente cette \u00e9quipe\u00a0: le capitaine et centre est le radiateur, les ailiers sont le tandem des boyaux, \u00e0 la d\u00e9fense, le Big Three\u00a0: Pompe \u00e0 eau, ventilateur et courroie !! Comme gardien, on a le liquide de refroidissement et son thermostat comme second.<\/p>\n<p>Le liquide de refroidissement circule dans les endroits les plus chauds, dans le haut des cylindres, dans le bloc moteur, et dans les culasses, autour des soupapes d\u2019\u00e9chappement et des sorties d\u2019\u00e9chappement. Ces endroits produisent beaucoup de chaleur qu\u2019il faut dissiper. Le liquide va se r\u00e9chauffer au contact de cette chaleur produite par le moteur, et circulera gr\u00e2ce \u00e0 la pompe jusqu\u2019au thermostat. Il sera ferm\u00e9 et bloquera le liquide lorsque le moteur est froid, et s\u2019ouvrira une fois le liquide pr\u00eat, ou assez chaud pour se rendre au radiateur pour y \u00eatre refroidit.<\/p>\n<p>Le radiateur, par ses boyaux, re\u00e7oit donc le liquide \u00e0 refroidir, devenu chaud par le moteur. La seule fa\u00e7on de faire est de faire passer dans des tubes fins, le liquide chaud. Ces tubes une fois chaud, se laisseront refroidir par l\u2019air qui passera de force dans cette for\u00eat de tubes qui compose le radiateur, et sera oblig\u00e9 de toucher les tubes, et de recueillir la chaleur et par cons\u00e9quent, refroidir le liquide.<\/p>\n<p>Le liquide chaud arrive par le haut du radiateur et sort frais par le bas et le cycle recommence. Noter que certains radiateurs sont plac\u00e9s de c\u00f4t\u00e9.<\/p>\n<p>Sur les moteurs des voitures anciennes, quelques absurdit\u00e9s ont \u00e9t\u00e9 perp\u00e9tu\u00e9s pas mal longtemps. D\u2019abords faut comprendre que les premi\u00e8res voitures circulaient librement et plut\u00f4t lentement sans encombre. Mais au fil du temps, les moteurs sont devenus plus performants, et de surcro\u00eet, la densit\u00e9 automobile augmenta aussi vite que le Canadien accumulait les Coupe Stanley. Les voitures \u00e9taient bien fabriqu\u00e9es pour l\u2019\u00e9poque, mais il a fallu beaucoup de temps pour corriger certains points, qui \u00e9taient quand m\u00eame \u00e9vident quand on prend le temps d\u2019y penser.<\/p>\n<p>Le point le plus absurde, est le fait de ne pas avoir de ventilateur \u00e9lectrique pour refroidir le radiateur plus t\u00f4t. \u00a0Pourquoi? Dans le trafic lourd, en \u00e9t\u00e9, lorsque vous avec besoin d\u2019air pour refroidir votre four cr\u00e9matoire sous le capot, et que vous avez un moteur qui tourne \u00e0 550 rpm, avec une poulie de pompe \u00e0 eau\/ventilateur de m\u00eame dimension que la poulie du vilebrequin, donc ce tandem tourne 550 rpm lui aussi. Faut pas s\u2019\u00e9tonner que peu d\u2019air passe \u00e0 travers la for\u00eat de tubes \u00e0 refroidir. L\u2019arriv\u00e9e du ventilateur \u00e9lectrique et de la remont\u00e9 \u00e0 1000rpm pour beaucoup de moteur ont aid\u00e9 \u00e0 mieux les refroidir. Vous aurez donc compris que les gros moteurs en fonte, ne se refroidissent que facilement\u2026 en mouvement. Attention\u00a0: votre moteur a besoin de son thermostat, ne le retirez pas, je vous surveille\u2026.<\/p>\n<p>Le texte <a rel=\"nofollow\" href=\"https:\/\/annuelauto.ca\/il-fait-chaud-sous-le-capot\/\">Il fait chaud sous le capot<\/a> provient de <a rel=\"nofollow\" href=\"https:\/\/annuelauto.ca\">L&#8217;annuel de l&#8217;automobile &#8211; Actualit\u00e9 automobile<\/a><\/p>\n<p><\/p>\n","protected":false},"excerpt":{"rendered":"<p>Il n\u2019y a pas juste en plein soleil qu\u2019il fait chaud, sous le capot aussi\u00a0!! Le moteur d\u00e9gage de la chaleur, il en produit pour fonctionner, mais ses pertes de chaleurs sont utiles pour le chauffage de l\u2019habitacle, pour le chauffage de la tubulure d\u2019admission par la fameuse \u00ab\u00a0heat riser valve\u00a0\u00bb, et dans certain cas, [&hellip;]<\/p>\n","protected":false},"author":8,"featured_media":188650,"comment_status":"close","ping_status":"closed","sticky":false,"template":"","format":"standard","meta":{"_monsterinsights_skip_tracking":false,"_monsterinsights_sitenote_active":false,"_monsterinsights_sitenote_note":"","_monsterinsights_sitenote_category":0,"footnotes":""},"categories":[101],"tags":[],"yoast_head":"<!-- This site is optimized with the Yoast SEO plugin v23.2 - https:\/\/yoast.com\/wordpress\/plugins\/seo\/ -->\n<title>Il fait chaud sous le capot - CanadaMotorJobs.com<\/title>\n<meta name=\"description\" content=\"Il fait chaud sous le capot - Benoit Charette - Annuel automobile - CanadaMotorJobs.com.\" \/>\n<meta name=\"robots\" content=\"index, follow, max-snippet:-1, max-image-preview:large, max-video-preview:-1\" \/>\n<meta property=\"og:locale\" content=\"fr_CA\" \/>\n<meta property=\"og:type\" content=\"article\" \/>\n<meta property=\"og:title\" content=\"Il fait chaud sous le capot - CanadaMotorJobs.com\" \/>\n<meta property=\"og:description\" content=\"Il fait chaud sous le capot - Benoit Charette - Annuel automobile - CanadaMotorJobs.com.\" \/>\n<meta property=\"og:url\" content=\"https:\/\/news.canadamotorjobs.com\/fr\/il-fait-chaud-sous-le-capot\/\" \/>\n<meta property=\"og:site_name\" content=\"CanadaMotorJobs.com\" \/>\n<meta property=\"article:publisher\" content=\"https:\/\/www.facebook.com\/canadamotorjobs\/\" \/>\n<meta property=\"article:published_time\" content=\"2025-01-11T15:13:04+00:00\" \/>\n<meta property=\"article:modified_time\" content=\"2025-01-11T15:14:03+00:00\" \/>\n<meta property=\"og:image\" content=\"https:\/\/news.canadamotorjobs.com\/wp-content\/uploads\/2025\/01\/baner-chto-delat-voditelju-esli-vnezapno-zakipel-dvigatel-1.jpg\" \/>\n\t<meta property=\"og:image:width\" content=\"700\" \/>\n\t<meta property=\"og:image:height\" content=\"400\" \/>\n\t<meta property=\"og:image:type\" content=\"image\/jpeg\" \/>\n<meta name=\"author\" content=\"Benoit Charette\" \/>\n<meta name=\"twitter:card\" content=\"summary_large_image\" \/>\n<meta name=\"twitter:creator\" content=\"@canadamotorjobs\" \/>\n<meta name=\"twitter:site\" content=\"@canadamotorjobs\" \/>\n<meta name=\"twitter:label1\" content=\"\u00c9crit par\" \/>\n\t<meta name=\"twitter:data1\" content=\"Benoit Charette\" \/>\n\t<meta name=\"twitter:label2\" content=\"Estimation du temps de lecture\" \/>\n\t<meta name=\"twitter:data2\" content=\"3 minutes\" \/>\n<!-- \/ Yoast SEO plugin. -->","yoast_head_json":{"title":"Il fait chaud sous le capot - CanadaMotorJobs.com","description":"Il fait chaud sous le capot - Benoit Charette - Annuel automobile - CanadaMotorJobs.com.","robots":{"index":"index","follow":"follow","max-snippet":"max-snippet:-1","max-image-preview":"max-image-preview:large","max-video-preview":"max-video-preview:-1"},"og_locale":"fr_CA","og_type":"article","og_title":"Il fait chaud sous le capot - CanadaMotorJobs.com","og_description":"Il fait chaud sous le capot - Benoit Charette - Annuel automobile - CanadaMotorJobs.com.","og_url":"https:\/\/news.canadamotorjobs.com\/fr\/il-fait-chaud-sous-le-capot\/","og_site_name":"CanadaMotorJobs.com","article_publisher":"https:\/\/www.facebook.com\/canadamotorjobs\/","article_published_time":"2025-01-11T15:13:04+00:00","article_modified_time":"2025-01-11T15:14:03+00:00","og_image":[{"width":700,"height":400,"url":"https:\/\/news.canadamotorjobs.com\/wp-content\/uploads\/2025\/01\/baner-chto-delat-voditelju-esli-vnezapno-zakipel-dvigatel-1.jpg","type":"image\/jpeg"}],"author":"Benoit Charette","twitter_card":"summary_large_image","twitter_creator":"@canadamotorjobs","twitter_site":"@canadamotorjobs","twitter_misc":{"\u00c9crit par":"Benoit Charette","Estimation du temps de lecture":"3 minutes"},"schema":{"@context":"https:\/\/schema.org","@graph":[{"@type":"Article","@id":"https:\/\/news.canadamotorjobs.com\/fr\/il-fait-chaud-sous-le-capot\/#article","isPartOf":{"@id":"https:\/\/news.canadamotorjobs.com\/fr\/il-fait-chaud-sous-le-capot\/"},"author":{"name":"Benoit Charette","@id":"https:\/\/news.canadamotorjobs.com\/#\/schema\/person\/51793d1f87d44011d7bcc2ed99269a90"},"headline":"Il fait chaud sous le capot","datePublished":"2025-01-11T15:13:04+00:00","dateModified":"2025-01-11T15:14:03+00:00","mainEntityOfPage":{"@id":"https:\/\/news.canadamotorjobs.com\/fr\/il-fait-chaud-sous-le-capot\/"},"wordCount":687,"publisher":{"@id":"https:\/\/news.canadamotorjobs.com\/#organization"},"image":{"@id":"https:\/\/news.canadamotorjobs.com\/fr\/il-fait-chaud-sous-le-capot\/#primaryimage"},"thumbnailUrl":"https:\/\/news.canadamotorjobs.com\/wp-content\/uploads\/2025\/01\/baner-chto-delat-voditelju-esli-vnezapno-zakipel-dvigatel-1.jpg","articleSection":["Annuel automobile"],"inLanguage":"fr-CA"},{"@type":"WebPage","@id":"https:\/\/news.canadamotorjobs.com\/fr\/il-fait-chaud-sous-le-capot\/","url":"https:\/\/news.canadamotorjobs.com\/fr\/il-fait-chaud-sous-le-capot\/","name":"Il fait chaud sous le capot - CanadaMotorJobs.com","isPartOf":{"@id":"https:\/\/news.canadamotorjobs.com\/#website"},"primaryImageOfPage":{"@id":"https:\/\/news.canadamotorjobs.com\/fr\/il-fait-chaud-sous-le-capot\/#primaryimage"},"image":{"@id":"https:\/\/news.canadamotorjobs.com\/fr\/il-fait-chaud-sous-le-capot\/#primaryimage"},"thumbnailUrl":"https:\/\/news.canadamotorjobs.com\/wp-content\/uploads\/2025\/01\/baner-chto-delat-voditelju-esli-vnezapno-zakipel-dvigatel-1.jpg","datePublished":"2025-01-11T15:13:04+00:00","dateModified":"2025-01-11T15:14:03+00:00","description":"Il fait chaud sous le capot - Benoit Charette - Annuel automobile - CanadaMotorJobs.com.","breadcrumb":{"@id":"https:\/\/news.canadamotorjobs.com\/fr\/il-fait-chaud-sous-le-capot\/#breadcrumb"},"inLanguage":"fr-CA","potentialAction":[{"@type":"ReadAction","target":["https:\/\/news.canadamotorjobs.com\/fr\/il-fait-chaud-sous-le-capot\/"]}]},{"@type":"ImageObject","inLanguage":"fr-CA","@id":"https:\/\/news.canadamotorjobs.com\/fr\/il-fait-chaud-sous-le-capot\/#primaryimage","url":"https:\/\/news.canadamotorjobs.com\/wp-content\/uploads\/2025\/01\/baner-chto-delat-voditelju-esli-vnezapno-zakipel-dvigatel-1.jpg","contentUrl":"https:\/\/news.canadamotorjobs.com\/wp-content\/uploads\/2025\/01\/baner-chto-delat-voditelju-esli-vnezapno-zakipel-dvigatel-1.jpg","width":700,"height":400},{"@type":"BreadcrumbList","@id":"https:\/\/news.canadamotorjobs.com\/fr\/il-fait-chaud-sous-le-capot\/#breadcrumb","itemListElement":[{"@type":"ListItem","position":1,"name":"Home","item":"https:\/\/news.canadamotorjobs.com\/fr\/blog\/"},{"@type":"ListItem","position":2,"name":"Il fait chaud sous le capot"}]},{"@type":"WebSite","@id":"https:\/\/news.canadamotorjobs.com\/#website","url":"https:\/\/news.canadamotorjobs.com\/","name":"CanadaMotorJobs.com","description":"Automotive Jobs","publisher":{"@id":"https:\/\/news.canadamotorjobs.com\/#organization"},"potentialAction":[{"@type":"SearchAction","target":{"@type":"EntryPoint","urlTemplate":"https:\/\/news.canadamotorjobs.com\/?s={search_term_string}"},"query-input":"required name=search_term_string"}],"inLanguage":"fr-CA"},{"@type":"Organization","@id":"https:\/\/news.canadamotorjobs.com\/#organization","name":"Canada Motor Jobs","url":"https:\/\/news.canadamotorjobs.com\/","logo":{"@type":"ImageObject","inLanguage":"fr-CA","@id":"https:\/\/news.canadamotorjobs.com\/#\/schema\/logo\/image\/","url":"https:\/\/news.canadamotorjobs.com\/wp-content\/uploads\/2022\/10\/logo-canada-motor-jobs-1.png","contentUrl":"https:\/\/news.canadamotorjobs.com\/wp-content\/uploads\/2022\/10\/logo-canada-motor-jobs-1.png","width":800,"height":400,"caption":"Canada Motor Jobs"},"image":{"@id":"https:\/\/news.canadamotorjobs.com\/#\/schema\/logo\/image\/"},"sameAs":["https:\/\/www.facebook.com\/canadamotorjobs\/","https:\/\/x.com\/canadamotorjobs","https:\/\/www.instagram.com\/canadamotorjobs\/","https:\/\/www.linkedin.com\/company\/canadamotorjobs"]},{"@type":"Person","@id":"https:\/\/news.canadamotorjobs.com\/#\/schema\/person\/51793d1f87d44011d7bcc2ed99269a90","name":"Benoit Charette","image":{"@type":"ImageObject","inLanguage":"fr-CA","@id":"https:\/\/news.canadamotorjobs.com\/#\/schema\/person\/image\/","url":"https:\/\/secure.gravatar.com\/avatar\/45f3d2eebcccd909668d7ce7ea7267b6?s=96&d=mm&r=g","contentUrl":"https:\/\/secure.gravatar.com\/avatar\/45f3d2eebcccd909668d7ce7ea7267b6?s=96&d=mm&r=g","caption":"Benoit Charette"},"description":"Benoit Charette \/ Propri\u00e9taire et r\u00e9dacteur en chef Benoit Charette pratique le journalisme automobile depuis bient\u00f4t 30 ans. Il a fait ses classes au c\u00f4t\u00e9 de Daniel H\u00e9raud et au Carnet de route de 1992 \u00e0 2001. Il est fondateur, copropri\u00e9taire et r\u00e9dacteur en chef de L\u2019Annuel de l\u2019automobile, qu\u2019il publie depuis 2001. Il a anim\u00e9 les \u00e9missions RPM et RPM+ sur V et les L\u00e9gendes de la route sur Historia. \u00c0 la radio depuis 1986, il reprend l\u2019antenne cette ann\u00e9e sur les ondes de Cogeco et participe pour la deuxi\u00e8me ann\u00e9e \u00e0 l\u2019\u00e9mission Passion Auto sur RDS en plus de mettre en ligne le site Web officiel de L\u2019Annuel de l\u2019automobile sur annuelauto.ca.","sameAs":["https:\/\/annuelauto.ca\/"],"url":"https:\/\/news.canadamotorjobs.com\/fr\/author\/benoit-charette\/"}]}},"_links":{"self":[{"href":"https:\/\/news.canadamotorjobs.com\/fr\/wp-json\/wp\/v2\/posts\/188648"}],"collection":[{"href":"https:\/\/news.canadamotorjobs.com\/fr\/wp-json\/wp\/v2\/posts"}],"about":[{"href":"https:\/\/news.canadamotorjobs.com\/fr\/wp-json\/wp\/v2\/types\/post"}],"author":[{"embeddable":true,"href":"https:\/\/news.canadamotorjobs.com\/fr\/wp-json\/wp\/v2\/users\/8"}],"replies":[{"embeddable":true,"href":"https:\/\/news.canadamotorjobs.com\/fr\/wp-json\/wp\/v2\/comments?post=188648"}],"version-history":[{"count":2,"href":"https:\/\/news.canadamotorjobs.com\/fr\/wp-json\/wp\/v2\/posts\/188648\/revisions"}],"predecessor-version":[{"id":188652,"href":"https:\/\/news.canadamotorjobs.com\/fr\/wp-json\/wp\/v2\/posts\/188648\/revisions\/188652"}],"wp:featuredmedia":[{"embeddable":true,"href":"https:\/\/news.canadamotorjobs.com\/fr\/wp-json\/wp\/v2\/media\/188650"}],"wp:attachment":[{"href":"https:\/\/news.canadamotorjobs.com\/fr\/wp-json\/wp\/v2\/media?parent=188648"}],"wp:term":[{"taxonomy":"category","embeddable":true,"href":"https:\/\/news.canadamotorjobs.com\/fr\/wp-json\/wp\/v2\/categories?post=188648"},{"taxonomy":"post_tag","embeddable":true,"href":"https:\/\/news.canadamotorjobs.com\/fr\/wp-json\/wp\/v2\/tags?post=188648"}],"curies":[{"name":"wp","href":"https:\/\/api.w.org\/{rel}","templated":true}]}}