{"id":188614,"date":"2025-01-11T02:24:29","date_gmt":"2025-01-11T07:24:29","guid":{"rendered":"https:\/\/news.canadamotorjobs.com\/?p=188614"},"modified":"2025-01-11T02:30:04","modified_gmt":"2025-01-11T07:30:04","slug":"vehicules-electriques-le-credit-de-5000-au-federal-sera-mis-sur-pause","status":"publish","type":"post","link":"https:\/\/news.canadamotorjobs.com\/fr\/vehicules-electriques-le-credit-de-5000-au-federal-sera-mis-sur-pause\/","title":{"rendered":"V\u00e9hicules \u00e9lectriques : le cr\u00e9dit de 5000 $ au f\u00e9d\u00e9ral sera mis sur pause"},"content":{"rendered":"<\/p>\n<p>La nouvelle qui suit est embryonnaire, car l\u2019information vient \u00e0 peine d\u2019\u00eatre publi\u00e9e sur le site du gouvernement du Canada ; le programme de rabais \u00e0 l\u2019achat d\u2019un v\u00e9hicule \u00e9lectrique au niveau f\u00e9d\u00e9ral sera mis sur pause avant le 31 mars 2025.<\/p>\n<p>C\u2019est donc dire que le cr\u00e9dit de 5000 $ ne sera plus disponible, du moins temporairement. Avec l\u2019incitatif qui est pass\u00e9 de 7000 $ \u00e0 4000 $ au Qu\u00e9bec le 1er janvier dernier, et qui dispara\u00eetra temporairement \u00e0 compter du 1er f\u00e9vrier 2025, cela signifie que bient\u00f4t, aucun montant ne sera offert en rabais \u00e0 l\u2019achat d\u2019un mod\u00e8le \u00e9lectrique sur la plupart du territoire canadien.<\/p>\n<p>Au Qu\u00e9bec, le programme pourrait revenir en avril, mais c\u2019est \u00e0 confirmer et l\u2019on sait aussi qu\u2019il est condamn\u00e9 \u00e0 long terme. Le rabais va passer \u00e0 2000 $ en janvier 2026 avant d\u2019\u00eatre \u00e9limin\u00e9 en janvier 2027, s\u2019il est conserv\u00e9, bien entendu.<\/p>\n<p>Du c\u00f4t\u00e9 des concessionnaires, on va devoir travailler fort pour \u00e9couler les mod\u00e8les en stock, car les prix ne seront plus les m\u00eames pour les consommateurs.<\/p>\n<p>Ce matin, le Conseil ZEV a annonc\u00e9 &#8216;hui \u00e0 ses membres que \u00ab lorsque tous les fonds seront \u00e9puis\u00e9s, le programme fera une pause et les Canadiens ne pourront plus recevoir d&#8217;incitatifs lors de l&#8217;achat ou de la location de nouveaux v\u00e9hicules admissibles dans le cadre du programme iZEV. Auparavant, les demandes des concessionnaires et des vendeurs autoris\u00e9s pourront \u00eatre soumises comme d&#8217;habitude jusqu&#8217;\u00e0 ce que d&#8217;autres mises \u00e0 jour soient communiqu\u00e9es.\u00a0\u00bb<\/p>\n<p>D\u2019autres informations suivront concernant cette annonce qui vient d\u2019\u00eatre faite.<\/p>\n<p><\/p>\n<figure><img decoding=\"async\" src=\"https:\/\/news.canadamotorjobs.com\/wp-content\/uploads\/2025\/01\/63174-2025IONIQ5XRT-5.jpg\" alt=\"Le Hyundai Ioniq 5\" \/><figcaption>Le Hyundai Ioniq 5 | Auto123.com<\/figcaption><\/figure>\n<p style=\"padding-top: 15px\">Contenu original de <a href=\"https:\/\/www.auto123.com\/fr\/actualites\/fin-programme-federal-canada-izev-VE\/72267\/\">auto123<\/a>.<\/p>\n<p>Le texte <a rel=\"nofollow\" href=\"https:\/\/annuelauto.ca\/vehicules-electriques-le-credit-de-5000-au-federal-sera-mis-sur-pause\/\">V\u00e9hicules \u00e9lectriques : le cr\u00e9dit de 5000 $ au f\u00e9d\u00e9ral sera mis sur pause<\/a> provient de <a rel=\"nofollow\" href=\"https:\/\/annuelauto.ca\">L&#8217;annuel de l&#8217;automobile &#8211; Actualit\u00e9 automobile<\/a><\/p>\n<p><\/p>\n","protected":false},"excerpt":{"rendered":"<p>La nouvelle qui suit est embryonnaire, car l\u2019information vient \u00e0 peine d\u2019\u00eatre publi\u00e9e sur le site du gouvernement du Canada ; le programme de rabais \u00e0 l\u2019achat d\u2019un v\u00e9hicule \u00e9lectrique au niveau f\u00e9d\u00e9ral sera mis sur pause avant le 31 mars 2025. C\u2019est donc dire que le cr\u00e9dit de 5000 $ ne sera plus disponible, [&hellip;]<\/p>\n","protected":false},"author":8,"featured_media":188616,"comment_status":"close","ping_status":"closed","sticky":false,"template":"","format":"standard","meta":{"_monsterinsights_skip_tracking":false,"_monsterinsights_sitenote_active":false,"_monsterinsights_sitenote_note":"","_monsterinsights_sitenote_category":0,"footnotes":""},"categories":[101],"tags":[],"yoast_head":"<!-- This site is optimized with the Yoast SEO plugin v23.2 - https:\/\/yoast.com\/wordpress\/plugins\/seo\/ -->\n<title>V\u00e9hicules \u00e9lectriques : le cr\u00e9dit de 5000 $ au f\u00e9d\u00e9ral sera mis sur pause - CanadaMotorJobs.com<\/title>\n<meta name=\"description\" content=\"V\u00e9hicules \u00e9lectriques : le cr\u00e9dit de 5000 $ au f\u00e9d\u00e9ral sera mis sur pause - Benoit Charette - Annuel automobile - CanadaMotorJobs.com.\" \/>\n<meta name=\"robots\" content=\"index, follow, max-snippet:-1, max-image-preview:large, max-video-preview:-1\" \/>\n<meta property=\"og:locale\" content=\"fr_CA\" \/>\n<meta property=\"og:type\" content=\"article\" \/>\n<meta property=\"og:title\" content=\"V\u00e9hicules \u00e9lectriques : le cr\u00e9dit de 5000 $ au f\u00e9d\u00e9ral sera mis sur pause - CanadaMotorJobs.com\" \/>\n<meta property=\"og:description\" content=\"V\u00e9hicules \u00e9lectriques : le cr\u00e9dit de 5000 $ au f\u00e9d\u00e9ral sera mis sur pause - Benoit Charette - Annuel automobile - CanadaMotorJobs.com.\" \/>\n<meta property=\"og:url\" content=\"https:\/\/news.canadamotorjobs.com\/fr\/vehicules-electriques-le-credit-de-5000-au-federal-sera-mis-sur-pause\/\" \/>\n<meta property=\"og:site_name\" content=\"CanadaMotorJobs.com\" \/>\n<meta property=\"article:publisher\" content=\"https:\/\/www.facebook.com\/canadamotorjobs\/\" \/>\n<meta property=\"article:published_time\" content=\"2025-01-11T07:24:29+00:00\" \/>\n<meta property=\"article:modified_time\" content=\"2025-01-11T07:30:04+00:00\" \/>\n<meta property=\"og:image\" content=\"https:\/\/news.canadamotorjobs.com\/wp-content\/uploads\/2025\/01\/63174-2025IONIQ5XRT.jpg\" \/>\n\t<meta property=\"og:image:width\" content=\"1200\" \/>\n\t<meta property=\"og:image:height\" content=\"755\" \/>\n\t<meta property=\"og:image:type\" content=\"image\/jpeg\" \/>\n<meta name=\"author\" content=\"Benoit Charette\" \/>\n<meta name=\"twitter:card\" content=\"summary_large_image\" \/>\n<meta name=\"twitter:creator\" content=\"@canadamotorjobs\" \/>\n<meta name=\"twitter:site\" content=\"@canadamotorjobs\" \/>\n<meta name=\"twitter:label1\" content=\"\u00c9crit par\" \/>\n\t<meta name=\"twitter:data1\" content=\"Benoit Charette\" \/>\n\t<meta name=\"twitter:label2\" content=\"Estimation du temps de lecture\" \/>\n\t<meta name=\"twitter:data2\" content=\"1 minute\" \/>\n<!-- \/ Yoast SEO plugin. -->","yoast_head_json":{"title":"V\u00e9hicules \u00e9lectriques : le cr\u00e9dit de 5000 $ au f\u00e9d\u00e9ral sera mis sur pause - CanadaMotorJobs.com","description":"V\u00e9hicules \u00e9lectriques : le cr\u00e9dit de 5000 $ au f\u00e9d\u00e9ral sera mis sur pause - Benoit Charette - Annuel automobile - CanadaMotorJobs.com.","robots":{"index":"index","follow":"follow","max-snippet":"max-snippet:-1","max-image-preview":"max-image-preview:large","max-video-preview":"max-video-preview:-1"},"og_locale":"fr_CA","og_type":"article","og_title":"V\u00e9hicules \u00e9lectriques : le cr\u00e9dit de 5000 $ au f\u00e9d\u00e9ral sera mis sur pause - CanadaMotorJobs.com","og_description":"V\u00e9hicules \u00e9lectriques : le cr\u00e9dit de 5000 $ au f\u00e9d\u00e9ral sera mis sur pause - Benoit Charette - Annuel automobile - CanadaMotorJobs.com.","og_url":"https:\/\/news.canadamotorjobs.com\/fr\/vehicules-electriques-le-credit-de-5000-au-federal-sera-mis-sur-pause\/","og_site_name":"CanadaMotorJobs.com","article_publisher":"https:\/\/www.facebook.com\/canadamotorjobs\/","article_published_time":"2025-01-11T07:24:29+00:00","article_modified_time":"2025-01-11T07:30:04+00:00","og_image":[{"width":1200,"height":755,"url":"https:\/\/news.canadamotorjobs.com\/wp-content\/uploads\/2025\/01\/63174-2025IONIQ5XRT.jpg","type":"image\/jpeg"}],"author":"Benoit Charette","twitter_card":"summary_large_image","twitter_creator":"@canadamotorjobs","twitter_site":"@canadamotorjobs","twitter_misc":{"\u00c9crit par":"Benoit Charette","Estimation du temps de lecture":"1 minute"},"schema":{"@context":"https:\/\/schema.org","@graph":[{"@type":"Article","@id":"https:\/\/news.canadamotorjobs.com\/fr\/vehicules-electriques-le-credit-de-5000-au-federal-sera-mis-sur-pause\/#article","isPartOf":{"@id":"https:\/\/news.canadamotorjobs.com\/fr\/vehicules-electriques-le-credit-de-5000-au-federal-sera-mis-sur-pause\/"},"author":{"name":"Benoit Charette","@id":"https:\/\/news.canadamotorjobs.com\/#\/schema\/person\/51793d1f87d44011d7bcc2ed99269a90"},"headline":"V\u00e9hicules \u00e9lectriques : le cr\u00e9dit de 5000 $ au f\u00e9d\u00e9ral sera mis sur pause","datePublished":"2025-01-11T07:24:29+00:00","dateModified":"2025-01-11T07:30:04+00:00","mainEntityOfPage":{"@id":"https:\/\/news.canadamotorjobs.com\/fr\/vehicules-electriques-le-credit-de-5000-au-federal-sera-mis-sur-pause\/"},"wordCount":321,"publisher":{"@id":"https:\/\/news.canadamotorjobs.com\/#organization"},"image":{"@id":"https:\/\/news.canadamotorjobs.com\/fr\/vehicules-electriques-le-credit-de-5000-au-federal-sera-mis-sur-pause\/#primaryimage"},"thumbnailUrl":"https:\/\/news.canadamotorjobs.com\/wp-content\/uploads\/2025\/01\/63174-2025IONIQ5XRT.jpg","articleSection":["Annuel automobile"],"inLanguage":"fr-CA"},{"@type":"WebPage","@id":"https:\/\/news.canadamotorjobs.com\/fr\/vehicules-electriques-le-credit-de-5000-au-federal-sera-mis-sur-pause\/","url":"https:\/\/news.canadamotorjobs.com\/fr\/vehicules-electriques-le-credit-de-5000-au-federal-sera-mis-sur-pause\/","name":"V\u00e9hicules \u00e9lectriques : le cr\u00e9dit de 5000 $ au f\u00e9d\u00e9ral sera mis sur pause - CanadaMotorJobs.com","isPartOf":{"@id":"https:\/\/news.canadamotorjobs.com\/#website"},"primaryImageOfPage":{"@id":"https:\/\/news.canadamotorjobs.com\/fr\/vehicules-electriques-le-credit-de-5000-au-federal-sera-mis-sur-pause\/#primaryimage"},"image":{"@id":"https:\/\/news.canadamotorjobs.com\/fr\/vehicules-electriques-le-credit-de-5000-au-federal-sera-mis-sur-pause\/#primaryimage"},"thumbnailUrl":"https:\/\/news.canadamotorjobs.com\/wp-content\/uploads\/2025\/01\/63174-2025IONIQ5XRT.jpg","datePublished":"2025-01-11T07:24:29+00:00","dateModified":"2025-01-11T07:30:04+00:00","description":"V\u00e9hicules \u00e9lectriques : le cr\u00e9dit de 5000 $ au f\u00e9d\u00e9ral sera mis sur pause - Benoit Charette - Annuel automobile - CanadaMotorJobs.com.","breadcrumb":{"@id":"https:\/\/news.canadamotorjobs.com\/fr\/vehicules-electriques-le-credit-de-5000-au-federal-sera-mis-sur-pause\/#breadcrumb"},"inLanguage":"fr-CA","potentialAction":[{"@type":"ReadAction","target":["https:\/\/news.canadamotorjobs.com\/fr\/vehicules-electriques-le-credit-de-5000-au-federal-sera-mis-sur-pause\/"]}]},{"@type":"ImageObject","inLanguage":"fr-CA","@id":"https:\/\/news.canadamotorjobs.com\/fr\/vehicules-electriques-le-credit-de-5000-au-federal-sera-mis-sur-pause\/#primaryimage","url":"https:\/\/news.canadamotorjobs.com\/wp-content\/uploads\/2025\/01\/63174-2025IONIQ5XRT.jpg","contentUrl":"https:\/\/news.canadamotorjobs.com\/wp-content\/uploads\/2025\/01\/63174-2025IONIQ5XRT.jpg","width":1200,"height":755},{"@type":"BreadcrumbList","@id":"https:\/\/news.canadamotorjobs.com\/fr\/vehicules-electriques-le-credit-de-5000-au-federal-sera-mis-sur-pause\/#breadcrumb","itemListElement":[{"@type":"ListItem","position":1,"name":"Home","item":"https:\/\/news.canadamotorjobs.com\/fr\/blog\/"},{"@type":"ListItem","position":2,"name":"V\u00e9hicules \u00e9lectriques : le cr\u00e9dit de 5000 $ au f\u00e9d\u00e9ral sera mis sur pause"}]},{"@type":"WebSite","@id":"https:\/\/news.canadamotorjobs.com\/#website","url":"https:\/\/news.canadamotorjobs.com\/","name":"CanadaMotorJobs.com","description":"Automotive Jobs","publisher":{"@id":"https:\/\/news.canadamotorjobs.com\/#organization"},"potentialAction":[{"@type":"SearchAction","target":{"@type":"EntryPoint","urlTemplate":"https:\/\/news.canadamotorjobs.com\/?s={search_term_string}"},"query-input":"required name=search_term_string"}],"inLanguage":"fr-CA"},{"@type":"Organization","@id":"https:\/\/news.canadamotorjobs.com\/#organization","name":"Canada Motor Jobs","url":"https:\/\/news.canadamotorjobs.com\/","logo":{"@type":"ImageObject","inLanguage":"fr-CA","@id":"https:\/\/news.canadamotorjobs.com\/#\/schema\/logo\/image\/","url":"https:\/\/news.canadamotorjobs.com\/wp-content\/uploads\/2022\/10\/logo-canada-motor-jobs-1.png","contentUrl":"https:\/\/news.canadamotorjobs.com\/wp-content\/uploads\/2022\/10\/logo-canada-motor-jobs-1.png","width":800,"height":400,"caption":"Canada Motor Jobs"},"image":{"@id":"https:\/\/news.canadamotorjobs.com\/#\/schema\/logo\/image\/"},"sameAs":["https:\/\/www.facebook.com\/canadamotorjobs\/","https:\/\/x.com\/canadamotorjobs","https:\/\/www.instagram.com\/canadamotorjobs\/","https:\/\/www.linkedin.com\/company\/canadamotorjobs"]},{"@type":"Person","@id":"https:\/\/news.canadamotorjobs.com\/#\/schema\/person\/51793d1f87d44011d7bcc2ed99269a90","name":"Benoit Charette","image":{"@type":"ImageObject","inLanguage":"fr-CA","@id":"https:\/\/news.canadamotorjobs.com\/#\/schema\/person\/image\/","url":"https:\/\/secure.gravatar.com\/avatar\/45f3d2eebcccd909668d7ce7ea7267b6?s=96&d=mm&r=g","contentUrl":"https:\/\/secure.gravatar.com\/avatar\/45f3d2eebcccd909668d7ce7ea7267b6?s=96&d=mm&r=g","caption":"Benoit Charette"},"description":"Benoit Charette \/ Propri\u00e9taire et r\u00e9dacteur en chef Benoit Charette pratique le journalisme automobile depuis bient\u00f4t 30 ans. Il a fait ses classes au c\u00f4t\u00e9 de Daniel H\u00e9raud et au Carnet de route de 1992 \u00e0 2001. Il est fondateur, copropri\u00e9taire et r\u00e9dacteur en chef de L\u2019Annuel de l\u2019automobile, qu\u2019il publie depuis 2001. Il a anim\u00e9 les \u00e9missions RPM et RPM+ sur V et les L\u00e9gendes de la route sur Historia. \u00c0 la radio depuis 1986, il reprend l\u2019antenne cette ann\u00e9e sur les ondes de Cogeco et participe pour la deuxi\u00e8me ann\u00e9e \u00e0 l\u2019\u00e9mission Passion Auto sur RDS en plus de mettre en ligne le site Web officiel de L\u2019Annuel de l\u2019automobile sur annuelauto.ca.","sameAs":["https:\/\/annuelauto.ca\/"],"url":"https:\/\/news.canadamotorjobs.com\/fr\/author\/benoit-charette\/"}]}},"_links":{"self":[{"href":"https:\/\/news.canadamotorjobs.com\/fr\/wp-json\/wp\/v2\/posts\/188614"}],"collection":[{"href":"https:\/\/news.canadamotorjobs.com\/fr\/wp-json\/wp\/v2\/posts"}],"about":[{"href":"https:\/\/news.canadamotorjobs.com\/fr\/wp-json\/wp\/v2\/types\/post"}],"author":[{"embeddable":true,"href":"https:\/\/news.canadamotorjobs.com\/fr\/wp-json\/wp\/v2\/users\/8"}],"replies":[{"embeddable":true,"href":"https:\/\/news.canadamotorjobs.com\/fr\/wp-json\/wp\/v2\/comments?post=188614"}],"version-history":[{"count":3,"href":"https:\/\/news.canadamotorjobs.com\/fr\/wp-json\/wp\/v2\/posts\/188614\/revisions"}],"predecessor-version":[{"id":188641,"href":"https:\/\/news.canadamotorjobs.com\/fr\/wp-json\/wp\/v2\/posts\/188614\/revisions\/188641"}],"wp:featuredmedia":[{"embeddable":true,"href":"https:\/\/news.canadamotorjobs.com\/fr\/wp-json\/wp\/v2\/media\/188616"}],"wp:attachment":[{"href":"https:\/\/news.canadamotorjobs.com\/fr\/wp-json\/wp\/v2\/media?parent=188614"}],"wp:term":[{"taxonomy":"category","embeddable":true,"href":"https:\/\/news.canadamotorjobs.com\/fr\/wp-json\/wp\/v2\/categories?post=188614"},{"taxonomy":"post_tag","embeddable":true,"href":"https:\/\/news.canadamotorjobs.com\/fr\/wp-json\/wp\/v2\/tags?post=188614"}],"curies":[{"name":"wp","href":"https:\/\/api.w.org\/{rel}","templated":true}]}}