{"id":188486,"date":"2025-01-11T02:24:30","date_gmt":"2025-01-11T07:24:30","guid":{"rendered":"https:\/\/news.canadamotorjobs.com\/?p=188486"},"modified":"2025-01-11T02:29:12","modified_gmt":"2025-01-11T07:29:12","slug":"deja-50-000-reservations-pour-les-deux-modeles-de-scout","status":"publish","type":"post","link":"https:\/\/news.canadamotorjobs.com\/fr\/deja-50-000-reservations-pour-les-deux-modeles-de-scout\/","title":{"rendered":"D\u00e9j\u00e0 50\u2009000 r\u00e9servations pour les deux mod\u00e8les de Scout"},"content":{"rendered":"<\/p>\n<p>La division \u00e9lectrique Scout de Volkswagen nous a d\u00e9voil\u00e9 en 2024 l\u2019identit\u00e9 des deux premiers mod\u00e8les qu\u2019elle allait offrir au public, soit la camionnette Terra et le VUS Traveler.<\/p>\n<p>Cette semaine, l\u2019entreprise partage la r\u00e9action initiale de la client\u00e8le vis\u00e9e en nous apprenant que jusqu\u2019\u00e0 maintenant, 50 000 r\u00e9servations avaient \u00e9t\u00e9 plac\u00e9es pour l\u2019un des deux produits de la compagnie. Du lot, 70 % sont pour le VUS.<\/p>\n<p><\/p>\n<figure><img decoding=\"async\" src=\"https:\/\/news.canadamotorjobs.com\/wp-content\/uploads\/2025\/01\/scout_traveler_prototype_560-5.jpeg\" alt=\"Le Scout Traveler\" \/><figcaption>Le Scout Traveler | Auto123.com<\/figcaption><\/figure>\n<p>Les mod\u00e8les \u00e9lectriques seront offerts avec deux configurations m\u00e9caniques ; une qui sera tout \u00e9lectrique, ainsi qu\u2019une autre \u00e0 prolongateur d\u2019autonomie, l\u00e0 o\u00f9 un moteur-g\u00e9n\u00e9rateur \u00e0 essence vient prendre la rel\u00e8ve pour recharger la batterie. Cela permet la poursuite de sa route une fois l\u2019\u00e9nergie de la batterie d\u2019entra\u00eenement \u00e9puis\u00e9e.<\/p>\n<p>Dans ce dernier cas, on parle d\u2019une autonomie de 805 km. Pour Scott Keogh, le chef de la direction de Scout, cette approche explique en grande partie pourquoi les v\u00e9hicules attirent autant l\u2019attention.<\/p>\n<p>\u00ab Cela nous permet de disposer d\u2019un v\u00e9hicule pour les 50 \u00c9tats \u00bb, a-t-il d\u00e9clar\u00e9 lors d\u2019une entrevue accord\u00e9e \u00e0 Bloomberg, comme le rapporte le site Carscoops. Au groupe CNBC, il a ajout\u00e9 que les dirigeants \u00e9taient tr\u00e8s satisfaits.<\/p>\n<p>Oliver Blume, le grand patron de Volkswagen, a comment\u00e9 le succ\u00e8s initial de Scout au CES (Consumer Electronics Show) de Las Vegas qui se tient cette semaine : \u00ab La r\u00e9action du march\u00e9 a \u00e9t\u00e9 tr\u00e8s, tr\u00e8s positive \u00bb, a-t-il d\u00e9clar\u00e9. Pour lui, les gens voient ce retour comme un hommage \u00e0 l\u2019h\u00e9ritage de la marque, comme une histoire d\u2019amour entre elle et le public.<\/p>\n<p>Avec 70 % des acheteurs qui s\u2019int\u00e9ressent \u00e0 la version \u00e0 autonomie prolong\u00e9e, il est clair que la d\u00e9cision de Scout a \u00e9t\u00e9 la bonne. L\u2019acc\u00e8s \u00e0 un vaste r\u00e9seau de bornes de recharge demeure un enjeu pour quantit\u00e9 d\u2019acheteurs en plusieurs endroits aux \u00c9tats-Unis (et aussi au Canada), et le fait de pouvoir profiter d\u2019un mod\u00e8le qui \u00e9limine le stress reli\u00e9 \u00e0 cela est un \u00e9l\u00e9ment majeur.<\/p>\n<p>Et compte tenu des changements de politiques possibles du c\u00f4t\u00e9 de Washington alors qu\u2019on attend un nouveau locataire \u00e0 la Maison-Blanche, Scout se positionne pour \u00eatre flexible afin d\u2019\u00eatre en mesure de r\u00e9pondre \u00e0 tous les besoins du march\u00e9.<\/p>\n<p>Volkswagen construit actuellement une usine de deux milliards pour Scout en Caroline du Sud. Selon Scott Keogh, elle n\u2019aura pas besoin de modifications importantes pour fabriquer les versions \u00e0 autonomie \u00e9tendue.<\/p>\n<p><\/p>\n<figure><img decoding=\"async\" src=\"https:\/\/news.canadamotorjobs.com\/wp-content\/uploads\/2025\/01\/scout_terra_prototype_5-1.jpeg\" alt=\"Le Scout Terra\" \/><figcaption>Le Scout Terra | Auto123.com<\/figcaption><\/figure>\n<p style=\"padding-top: 15px\">Contenu original de <a href=\"https:\/\/www.auto123.com\/fr\/actualites\/scout-terra-traveler-50000-reservations\/72263\/\">auto123<\/a>.<\/p>\n<p>Le texte <a rel=\"nofollow\" href=\"https:\/\/annuelauto.ca\/deja-50%e2%80%89000-reservations-pour-les-deux-modeles-de-scout\/\">D\u00e9j\u00e0 50\u2009000 r\u00e9servations pour les deux mod\u00e8les de Scout<\/a> provient de <a rel=\"nofollow\" href=\"https:\/\/annuelauto.ca\">L&#8217;annuel de l&#8217;automobile &#8211; Actualit\u00e9 automobile<\/a><\/p>\n<p><\/p>\n","protected":false},"excerpt":{"rendered":"<p>La division \u00e9lectrique Scout de Volkswagen nous a d\u00e9voil\u00e9 en 2024 l\u2019identit\u00e9 des deux premiers mod\u00e8les qu\u2019elle allait offrir au public, soit la camionnette Terra et le VUS Traveler. Cette semaine, l\u2019entreprise partage la r\u00e9action initiale de la client\u00e8le vis\u00e9e en nous apprenant que jusqu\u2019\u00e0 maintenant, 50 000 r\u00e9servations avaient \u00e9t\u00e9 plac\u00e9es pour l\u2019un des [&hellip;]<\/p>\n","protected":false},"author":8,"featured_media":188488,"comment_status":"close","ping_status":"closed","sticky":false,"template":"","format":"standard","meta":{"_monsterinsights_skip_tracking":false,"_monsterinsights_sitenote_active":false,"_monsterinsights_sitenote_note":"","_monsterinsights_sitenote_category":0,"footnotes":""},"categories":[101],"tags":[],"yoast_head":"<!-- This site is optimized with the Yoast SEO plugin v23.2 - https:\/\/yoast.com\/wordpress\/plugins\/seo\/ -->\n<title>D\u00e9j\u00e0 50\u2009000 r\u00e9servations pour les deux mod\u00e8les de Scout - CanadaMotorJobs.com<\/title>\n<meta name=\"description\" content=\"D\u00e9j\u00e0 50\u2009000 r\u00e9servations pour les deux mod\u00e8les de Scout - Benoit Charette - Annuel automobile - CanadaMotorJobs.com.\" \/>\n<meta name=\"robots\" content=\"index, follow, max-snippet:-1, max-image-preview:large, max-video-preview:-1\" \/>\n<meta property=\"og:locale\" content=\"fr_CA\" \/>\n<meta property=\"og:type\" content=\"article\" \/>\n<meta property=\"og:title\" content=\"D\u00e9j\u00e0 50\u2009000 r\u00e9servations pour les deux mod\u00e8les de Scout - CanadaMotorJobs.com\" \/>\n<meta property=\"og:description\" content=\"D\u00e9j\u00e0 50\u2009000 r\u00e9servations pour les deux mod\u00e8les de Scout - Benoit Charette - Annuel automobile - CanadaMotorJobs.com.\" \/>\n<meta property=\"og:url\" content=\"https:\/\/news.canadamotorjobs.com\/fr\/deja-50-000-reservations-pour-les-deux-modeles-de-scout\/\" \/>\n<meta property=\"og:site_name\" content=\"CanadaMotorJobs.com\" \/>\n<meta property=\"article:publisher\" content=\"https:\/\/www.facebook.com\/canadamotorjobs\/\" \/>\n<meta property=\"article:published_time\" content=\"2025-01-11T07:24:30+00:00\" \/>\n<meta property=\"article:modified_time\" content=\"2025-01-11T07:29:12+00:00\" \/>\n<meta property=\"og:image\" content=\"https:\/\/news.canadamotorjobs.com\/wp-content\/uploads\/2025\/01\/scout_traveler_prototype_560.jpeg\" \/>\n\t<meta property=\"og:image:width\" content=\"1200\" \/>\n\t<meta property=\"og:image:height\" content=\"801\" \/>\n\t<meta property=\"og:image:type\" content=\"image\/jpeg\" \/>\n<meta name=\"author\" content=\"Benoit Charette\" \/>\n<meta name=\"twitter:card\" content=\"summary_large_image\" \/>\n<meta name=\"twitter:creator\" content=\"@canadamotorjobs\" \/>\n<meta name=\"twitter:site\" content=\"@canadamotorjobs\" \/>\n<meta name=\"twitter:label1\" content=\"\u00c9crit par\" \/>\n\t<meta name=\"twitter:data1\" content=\"Benoit Charette\" \/>\n\t<meta name=\"twitter:label2\" content=\"Estimation du temps de lecture\" \/>\n\t<meta name=\"twitter:data2\" content=\"2 minutes\" \/>\n<!-- \/ Yoast SEO plugin. -->","yoast_head_json":{"title":"D\u00e9j\u00e0 50\u2009000 r\u00e9servations pour les deux mod\u00e8les de Scout - CanadaMotorJobs.com","description":"D\u00e9j\u00e0 50\u2009000 r\u00e9servations pour les deux mod\u00e8les de Scout - Benoit Charette - Annuel automobile - CanadaMotorJobs.com.","robots":{"index":"index","follow":"follow","max-snippet":"max-snippet:-1","max-image-preview":"max-image-preview:large","max-video-preview":"max-video-preview:-1"},"og_locale":"fr_CA","og_type":"article","og_title":"D\u00e9j\u00e0 50\u2009000 r\u00e9servations pour les deux mod\u00e8les de Scout - CanadaMotorJobs.com","og_description":"D\u00e9j\u00e0 50\u2009000 r\u00e9servations pour les deux mod\u00e8les de Scout - Benoit Charette - Annuel automobile - CanadaMotorJobs.com.","og_url":"https:\/\/news.canadamotorjobs.com\/fr\/deja-50-000-reservations-pour-les-deux-modeles-de-scout\/","og_site_name":"CanadaMotorJobs.com","article_publisher":"https:\/\/www.facebook.com\/canadamotorjobs\/","article_published_time":"2025-01-11T07:24:30+00:00","article_modified_time":"2025-01-11T07:29:12+00:00","og_image":[{"width":1200,"height":801,"url":"https:\/\/news.canadamotorjobs.com\/wp-content\/uploads\/2025\/01\/scout_traveler_prototype_560.jpeg","type":"image\/jpeg"}],"author":"Benoit Charette","twitter_card":"summary_large_image","twitter_creator":"@canadamotorjobs","twitter_site":"@canadamotorjobs","twitter_misc":{"\u00c9crit par":"Benoit Charette","Estimation du temps de lecture":"2 minutes"},"schema":{"@context":"https:\/\/schema.org","@graph":[{"@type":"Article","@id":"https:\/\/news.canadamotorjobs.com\/fr\/deja-50-000-reservations-pour-les-deux-modeles-de-scout\/#article","isPartOf":{"@id":"https:\/\/news.canadamotorjobs.com\/fr\/deja-50-000-reservations-pour-les-deux-modeles-de-scout\/"},"author":{"name":"Benoit Charette","@id":"https:\/\/news.canadamotorjobs.com\/#\/schema\/person\/51793d1f87d44011d7bcc2ed99269a90"},"headline":"D\u00e9j\u00e0 50\u2009000 r\u00e9servations pour les deux mod\u00e8les de Scout","datePublished":"2025-01-11T07:24:30+00:00","dateModified":"2025-01-11T07:29:12+00:00","mainEntityOfPage":{"@id":"https:\/\/news.canadamotorjobs.com\/fr\/deja-50-000-reservations-pour-les-deux-modeles-de-scout\/"},"wordCount":470,"publisher":{"@id":"https:\/\/news.canadamotorjobs.com\/#organization"},"image":{"@id":"https:\/\/news.canadamotorjobs.com\/fr\/deja-50-000-reservations-pour-les-deux-modeles-de-scout\/#primaryimage"},"thumbnailUrl":"https:\/\/news.canadamotorjobs.com\/wp-content\/uploads\/2025\/01\/scout_traveler_prototype_560.jpeg","articleSection":["Annuel automobile"],"inLanguage":"fr-CA"},{"@type":"WebPage","@id":"https:\/\/news.canadamotorjobs.com\/fr\/deja-50-000-reservations-pour-les-deux-modeles-de-scout\/","url":"https:\/\/news.canadamotorjobs.com\/fr\/deja-50-000-reservations-pour-les-deux-modeles-de-scout\/","name":"D\u00e9j\u00e0 50\u2009000 r\u00e9servations pour les deux mod\u00e8les de Scout - CanadaMotorJobs.com","isPartOf":{"@id":"https:\/\/news.canadamotorjobs.com\/#website"},"primaryImageOfPage":{"@id":"https:\/\/news.canadamotorjobs.com\/fr\/deja-50-000-reservations-pour-les-deux-modeles-de-scout\/#primaryimage"},"image":{"@id":"https:\/\/news.canadamotorjobs.com\/fr\/deja-50-000-reservations-pour-les-deux-modeles-de-scout\/#primaryimage"},"thumbnailUrl":"https:\/\/news.canadamotorjobs.com\/wp-content\/uploads\/2025\/01\/scout_traveler_prototype_560.jpeg","datePublished":"2025-01-11T07:24:30+00:00","dateModified":"2025-01-11T07:29:12+00:00","description":"D\u00e9j\u00e0 50\u2009000 r\u00e9servations pour les deux mod\u00e8les de Scout - Benoit Charette - Annuel automobile - CanadaMotorJobs.com.","breadcrumb":{"@id":"https:\/\/news.canadamotorjobs.com\/fr\/deja-50-000-reservations-pour-les-deux-modeles-de-scout\/#breadcrumb"},"inLanguage":"fr-CA","potentialAction":[{"@type":"ReadAction","target":["https:\/\/news.canadamotorjobs.com\/fr\/deja-50-000-reservations-pour-les-deux-modeles-de-scout\/"]}]},{"@type":"ImageObject","inLanguage":"fr-CA","@id":"https:\/\/news.canadamotorjobs.com\/fr\/deja-50-000-reservations-pour-les-deux-modeles-de-scout\/#primaryimage","url":"https:\/\/news.canadamotorjobs.com\/wp-content\/uploads\/2025\/01\/scout_traveler_prototype_560.jpeg","contentUrl":"https:\/\/news.canadamotorjobs.com\/wp-content\/uploads\/2025\/01\/scout_traveler_prototype_560.jpeg","width":1200,"height":801},{"@type":"BreadcrumbList","@id":"https:\/\/news.canadamotorjobs.com\/fr\/deja-50-000-reservations-pour-les-deux-modeles-de-scout\/#breadcrumb","itemListElement":[{"@type":"ListItem","position":1,"name":"Home","item":"https:\/\/news.canadamotorjobs.com\/fr\/blog\/"},{"@type":"ListItem","position":2,"name":"D\u00e9j\u00e0 50\u2009000 r\u00e9servations pour les deux mod\u00e8les de Scout"}]},{"@type":"WebSite","@id":"https:\/\/news.canadamotorjobs.com\/#website","url":"https:\/\/news.canadamotorjobs.com\/","name":"CanadaMotorJobs.com","description":"Automotive Jobs","publisher":{"@id":"https:\/\/news.canadamotorjobs.com\/#organization"},"potentialAction":[{"@type":"SearchAction","target":{"@type":"EntryPoint","urlTemplate":"https:\/\/news.canadamotorjobs.com\/?s={search_term_string}"},"query-input":"required name=search_term_string"}],"inLanguage":"fr-CA"},{"@type":"Organization","@id":"https:\/\/news.canadamotorjobs.com\/#organization","name":"Canada Motor Jobs","url":"https:\/\/news.canadamotorjobs.com\/","logo":{"@type":"ImageObject","inLanguage":"fr-CA","@id":"https:\/\/news.canadamotorjobs.com\/#\/schema\/logo\/image\/","url":"https:\/\/news.canadamotorjobs.com\/wp-content\/uploads\/2022\/10\/logo-canada-motor-jobs-1.png","contentUrl":"https:\/\/news.canadamotorjobs.com\/wp-content\/uploads\/2022\/10\/logo-canada-motor-jobs-1.png","width":800,"height":400,"caption":"Canada Motor Jobs"},"image":{"@id":"https:\/\/news.canadamotorjobs.com\/#\/schema\/logo\/image\/"},"sameAs":["https:\/\/www.facebook.com\/canadamotorjobs\/","https:\/\/x.com\/canadamotorjobs","https:\/\/www.instagram.com\/canadamotorjobs\/","https:\/\/www.linkedin.com\/company\/canadamotorjobs"]},{"@type":"Person","@id":"https:\/\/news.canadamotorjobs.com\/#\/schema\/person\/51793d1f87d44011d7bcc2ed99269a90","name":"Benoit Charette","image":{"@type":"ImageObject","inLanguage":"fr-CA","@id":"https:\/\/news.canadamotorjobs.com\/#\/schema\/person\/image\/","url":"https:\/\/secure.gravatar.com\/avatar\/45f3d2eebcccd909668d7ce7ea7267b6?s=96&d=mm&r=g","contentUrl":"https:\/\/secure.gravatar.com\/avatar\/45f3d2eebcccd909668d7ce7ea7267b6?s=96&d=mm&r=g","caption":"Benoit Charette"},"description":"Benoit Charette \/ Propri\u00e9taire et r\u00e9dacteur en chef Benoit Charette pratique le journalisme automobile depuis bient\u00f4t 30 ans. Il a fait ses classes au c\u00f4t\u00e9 de Daniel H\u00e9raud et au Carnet de route de 1992 \u00e0 2001. Il est fondateur, copropri\u00e9taire et r\u00e9dacteur en chef de L\u2019Annuel de l\u2019automobile, qu\u2019il publie depuis 2001. Il a anim\u00e9 les \u00e9missions RPM et RPM+ sur V et les L\u00e9gendes de la route sur Historia. \u00c0 la radio depuis 1986, il reprend l\u2019antenne cette ann\u00e9e sur les ondes de Cogeco et participe pour la deuxi\u00e8me ann\u00e9e \u00e0 l\u2019\u00e9mission Passion Auto sur RDS en plus de mettre en ligne le site Web officiel de L\u2019Annuel de l\u2019automobile sur annuelauto.ca.","sameAs":["https:\/\/annuelauto.ca\/"],"url":"https:\/\/news.canadamotorjobs.com\/fr\/author\/benoit-charette\/"}]}},"_links":{"self":[{"href":"https:\/\/news.canadamotorjobs.com\/fr\/wp-json\/wp\/v2\/posts\/188486"}],"collection":[{"href":"https:\/\/news.canadamotorjobs.com\/fr\/wp-json\/wp\/v2\/posts"}],"about":[{"href":"https:\/\/news.canadamotorjobs.com\/fr\/wp-json\/wp\/v2\/types\/post"}],"author":[{"embeddable":true,"href":"https:\/\/news.canadamotorjobs.com\/fr\/wp-json\/wp\/v2\/users\/8"}],"replies":[{"embeddable":true,"href":"https:\/\/news.canadamotorjobs.com\/fr\/wp-json\/wp\/v2\/comments?post=188486"}],"version-history":[{"count":3,"href":"https:\/\/news.canadamotorjobs.com\/fr\/wp-json\/wp\/v2\/posts\/188486\/revisions"}],"predecessor-version":[{"id":188517,"href":"https:\/\/news.canadamotorjobs.com\/fr\/wp-json\/wp\/v2\/posts\/188486\/revisions\/188517"}],"wp:featuredmedia":[{"embeddable":true,"href":"https:\/\/news.canadamotorjobs.com\/fr\/wp-json\/wp\/v2\/media\/188488"}],"wp:attachment":[{"href":"https:\/\/news.canadamotorjobs.com\/fr\/wp-json\/wp\/v2\/media?parent=188486"}],"wp:term":[{"taxonomy":"category","embeddable":true,"href":"https:\/\/news.canadamotorjobs.com\/fr\/wp-json\/wp\/v2\/categories?post=188486"},{"taxonomy":"post_tag","embeddable":true,"href":"https:\/\/news.canadamotorjobs.com\/fr\/wp-json\/wp\/v2\/tags?post=188486"}],"curies":[{"name":"wp","href":"https:\/\/api.w.org\/{rel}","templated":true}]}}