{"id":188429,"date":"2025-01-10T15:45:31","date_gmt":"2025-01-10T20:45:31","guid":{"rendered":"https:\/\/news.canadamotorjobs.com\/?p=188429"},"modified":"2025-01-10T15:58:48","modified_gmt":"2025-01-10T20:58:48","slug":"ottawa-met-fin-aux-programmes-de-subventions-sur-les-vehicules-electriques","status":"publish","type":"post","link":"https:\/\/news.canadamotorjobs.com\/fr\/ottawa-met-fin-aux-programmes-de-subventions-sur-les-vehicules-electriques\/","title":{"rendered":"Ottawa met fin aux programmes de subventions sur les v\u00e9hicules \u00e9lectriques"},"content":{"rendered":"<\/p>\n<p>Le gouvernement canadien a publi\u00e9 aujourd&#8217;hui une mise \u00e0 jour sur le programme iVZE. Au 10 janvier 2024, il reste 71 817 104 $ de financement (environ 16 000 ZEV). L&#8217;avis indique que \u00ab Lorsque tous les fonds seront \u00e9puis\u00e9s, le programme sera mis en pause et les Canadiens ne pourront plus recevoir d\u2019incitatifs \u00e0 l\u2019achat ou \u00e0 la location de nouveaux v\u00e9hicules admissibles dans le cadre du programme iVZE.\u00a0 <strong><br \/>\n<\/strong><\/p>\n<h3>Le m\u00eame sort que le programme Roulez vert au Qu\u00e9bec<\/h3>\n<p>\nEn deux mots, tant \u00e0 Ottawa qu&#8217;\u00e0 Qu\u00e9bec, les coffres sont vides. Ce qui veut dire que quelque part au mois de mars, il n&#8217;y aura plus un cent de subventions pour faire l&#8217;achat d&#8217;un v\u00e9hicule \u00e9lectrique au Canada. Le programme Roulez vert au Qu\u00e9bec, qui a jou\u00e9 un r\u00f4le cl\u00e9 dans l\u2019adoption des v\u00e9hicules \u00e9lectriques dans la province, sera interrompu le 1er f\u00e9vrier. \u00c0 l\u2019\u00e9chelle nationale, le programme iVZE (Incitatifs pour les v\u00e9hicules z\u00e9ro \u00e9mission), instaur\u00e9 par le gouvernement du Canada en mai 2019, cessera \u00e9galement lorsque les fonds disponibles seront \u00e9puis\u00e9s ou \u00e0 la date pr\u00e9vue de fin, soit le 31 mars 2025. Mobilit\u00e9 \u00e9lectrique Canada (MEC) n&#8217;appuie pas cette d\u00e9cision, car le pays est en bonne voie d&#8217;atteindre et m\u00eame de d\u00e9passer son objectif de 20 % de ventes de VZE d&#8217;ici 2026. Nous esp\u00e9rons que le gouvernement envisagera de renouveler le programme dans des conditions nouvelles et plus durables pour tous les Canadiens, comme nous l&#8217;avons propos\u00e9 souligne son PDG Daniel Breton<\/p>\n<h3>Un bon coup de pouce \u00e0 l&#8217;achat<\/h3>\n<p>\nDepuis son lancement, le programme iVZE a permis de subventionner plus de 546 000 v\u00e9hicules z\u00e9ro \u00e9mission (VZE), faisant passer leur part de march\u00e9 de 3,1 % en 2019 \u00e0 14,2 % en 2024. Cependant, le programme sera mis en pause une fois les fonds \u00e9puis\u00e9s, ce qui mettra fin aux incitatifs financiers pour les consommateurs et entreprises canadiens achetant ou louant des VZE admissibles.<\/p>\n<p>Bien que le programme iVMLZE (incitatifs pour les v\u00e9hicules moyens et lourds z\u00e9ro \u00e9mission) se poursuive jusqu\u2019au 31 mars 2026, les cons\u00e9quences de la fin du programme iVZE sont pr\u00e9occupantes pour l&#8217;avenir de l\u2019\u00e9lectrification des transports au Canada.<\/p>\n<h3>Analyse et opinion<\/h3>\n<p>\nSans ces subventions, le march\u00e9 des v\u00e9hicules \u00e9lectriques pourrait ralentir consid\u00e9rablement. Les incitatifs financiers ont \u00e9t\u00e9 des leviers majeurs pour surmonter les barri\u00e8res \u00e9conomiques li\u00e9es au co\u00fbt \u00e9lev\u00e9 des v\u00e9hicules \u00e9lectriques. La fin des subventions risque d&#8217;exacerber ces d\u00e9fis, surtout en l&#8217;absence d&#8217;infrastructures de recharge suffisantes et d&#8217;une baisse des prix des batteries.<\/p>\n<p>Cependant, cette transition pourrait inciter les constructeurs \u00e0 r\u00e9duire davantage les co\u00fbts de production et les gouvernements \u00e0 miser sur des politiques alternatives, telles que des normes strictes d\u2019\u00e9missions ou des investissements accrus dans les bornes de recharge.<\/p>\n<p>L\u2019avenir des VZE d\u00e9pendra \u00e9galement de la capacit\u00e9 des provinces et du secteur priv\u00e9 \u00e0 prendre le relais. Le Qu\u00e9bec, par exemple, pourrait instaurer des politiques locales pour maintenir son leadership en \u00e9lectrification.<\/p>\n<h3><strong>Conclusion<\/strong><\/h3>\n<p>\nLa fin des programmes Roulez vert et iVZE marque un tournant dans l\u2019adoption des VZE au Canada. Bien que cette d\u00e9cision puisse freiner l\u2019\u00e9lan actuel, elle pourrait \u00e9galement forcer l\u2019industrie automobile \u00e0 innover davantage, tout en pla\u00e7ant les gouvernements devant la responsabilit\u00e9 de soutenir la transition \u00e9nerg\u00e9tique autrement.<\/p>\n<p>Le texte <a rel=\"nofollow\" href=\"https:\/\/annuelauto.ca\/ottawa-met-fin-aux-programmes-de-subventions-sur-les-vehicules-electriques\/\">Ottawa met fin aux programmes de subventions sur les v\u00e9hicules \u00e9lectriques<\/a> provient de <a rel=\"nofollow\" href=\"https:\/\/annuelauto.ca\">L&#8217;annuel de l&#8217;automobile &#8211; Actualit\u00e9 automobile<\/a><\/p>\n<p><\/p>\n","protected":false},"excerpt":{"rendered":"<p>Le gouvernement canadien a publi\u00e9 aujourd&#8217;hui une mise \u00e0 jour sur le programme iVZE. Au 10 janvier 2024, il reste 71 817 104 $ de financement (environ 16 000 ZEV). L&#8217;avis indique que \u00ab Lorsque tous les fonds seront \u00e9puis\u00e9s, le programme sera mis en pause et les Canadiens ne pourront plus recevoir d\u2019incitatifs \u00e0 [&hellip;]<\/p>\n","protected":false},"author":8,"featured_media":188431,"comment_status":"close","ping_status":"closed","sticky":false,"template":"","format":"standard","meta":{"_monsterinsights_skip_tracking":false,"_monsterinsights_sitenote_active":false,"_monsterinsights_sitenote_note":"","_monsterinsights_sitenote_category":0,"footnotes":""},"categories":[101],"tags":[],"yoast_head":"<!-- This site is optimized with the Yoast SEO plugin v23.2 - https:\/\/yoast.com\/wordpress\/plugins\/seo\/ -->\n<title>Ottawa met fin aux programmes de subventions sur les v\u00e9hicules \u00e9lectriques - CanadaMotorJobs.com<\/title>\n<meta name=\"description\" content=\"Ottawa met fin aux programmes de subventions sur les v\u00e9hicules \u00e9lectriques - Benoit Charette - Annuel automobile - CanadaMotorJobs.com.\" \/>\n<meta name=\"robots\" content=\"index, follow, max-snippet:-1, max-image-preview:large, max-video-preview:-1\" \/>\n<meta property=\"og:locale\" content=\"fr_CA\" \/>\n<meta property=\"og:type\" content=\"article\" \/>\n<meta property=\"og:title\" content=\"Ottawa met fin aux programmes de subventions sur les v\u00e9hicules \u00e9lectriques - CanadaMotorJobs.com\" \/>\n<meta property=\"og:description\" content=\"Ottawa met fin aux programmes de subventions sur les v\u00e9hicules \u00e9lectriques - Benoit Charette - Annuel automobile - CanadaMotorJobs.com.\" \/>\n<meta property=\"og:url\" content=\"https:\/\/news.canadamotorjobs.com\/fr\/ottawa-met-fin-aux-programmes-de-subventions-sur-les-vehicules-electriques\/\" \/>\n<meta property=\"og:site_name\" content=\"CanadaMotorJobs.com\" \/>\n<meta property=\"article:publisher\" content=\"https:\/\/www.facebook.com\/canadamotorjobs\/\" \/>\n<meta property=\"article:published_time\" content=\"2025-01-10T20:45:31+00:00\" \/>\n<meta property=\"article:modified_time\" content=\"2025-01-10T20:58:48+00:00\" \/>\n<meta property=\"og:image\" content=\"https:\/\/news.canadamotorjobs.com\/wp-content\/uploads\/2025\/01\/56231.jpg\" \/>\n\t<meta property=\"og:image:width\" content=\"1200\" \/>\n\t<meta property=\"og:image:height\" content=\"800\" \/>\n\t<meta property=\"og:image:type\" content=\"image\/jpeg\" \/>\n<meta name=\"author\" content=\"Benoit Charette\" \/>\n<meta name=\"twitter:card\" content=\"summary_large_image\" \/>\n<meta name=\"twitter:creator\" content=\"@canadamotorjobs\" \/>\n<meta name=\"twitter:site\" content=\"@canadamotorjobs\" \/>\n<meta name=\"twitter:label1\" content=\"\u00c9crit par\" \/>\n\t<meta name=\"twitter:data1\" content=\"Benoit Charette\" \/>\n\t<meta name=\"twitter:label2\" content=\"Estimation du temps de lecture\" \/>\n\t<meta name=\"twitter:data2\" content=\"3 minutes\" \/>\n<!-- \/ Yoast SEO plugin. -->","yoast_head_json":{"title":"Ottawa met fin aux programmes de subventions sur les v\u00e9hicules \u00e9lectriques - CanadaMotorJobs.com","description":"Ottawa met fin aux programmes de subventions sur les v\u00e9hicules \u00e9lectriques - Benoit Charette - Annuel automobile - CanadaMotorJobs.com.","robots":{"index":"index","follow":"follow","max-snippet":"max-snippet:-1","max-image-preview":"max-image-preview:large","max-video-preview":"max-video-preview:-1"},"og_locale":"fr_CA","og_type":"article","og_title":"Ottawa met fin aux programmes de subventions sur les v\u00e9hicules \u00e9lectriques - CanadaMotorJobs.com","og_description":"Ottawa met fin aux programmes de subventions sur les v\u00e9hicules \u00e9lectriques - Benoit Charette - Annuel automobile - CanadaMotorJobs.com.","og_url":"https:\/\/news.canadamotorjobs.com\/fr\/ottawa-met-fin-aux-programmes-de-subventions-sur-les-vehicules-electriques\/","og_site_name":"CanadaMotorJobs.com","article_publisher":"https:\/\/www.facebook.com\/canadamotorjobs\/","article_published_time":"2025-01-10T20:45:31+00:00","article_modified_time":"2025-01-10T20:58:48+00:00","og_image":[{"width":1200,"height":800,"url":"https:\/\/news.canadamotorjobs.com\/wp-content\/uploads\/2025\/01\/56231.jpg","type":"image\/jpeg"}],"author":"Benoit Charette","twitter_card":"summary_large_image","twitter_creator":"@canadamotorjobs","twitter_site":"@canadamotorjobs","twitter_misc":{"\u00c9crit par":"Benoit Charette","Estimation du temps de lecture":"3 minutes"},"schema":{"@context":"https:\/\/schema.org","@graph":[{"@type":"Article","@id":"https:\/\/news.canadamotorjobs.com\/fr\/ottawa-met-fin-aux-programmes-de-subventions-sur-les-vehicules-electriques\/#article","isPartOf":{"@id":"https:\/\/news.canadamotorjobs.com\/fr\/ottawa-met-fin-aux-programmes-de-subventions-sur-les-vehicules-electriques\/"},"author":{"name":"Benoit Charette","@id":"https:\/\/news.canadamotorjobs.com\/#\/schema\/person\/51793d1f87d44011d7bcc2ed99269a90"},"headline":"Ottawa met fin aux programmes de subventions sur les v\u00e9hicules \u00e9lectriques","datePublished":"2025-01-10T20:45:31+00:00","dateModified":"2025-01-10T20:58:48+00:00","mainEntityOfPage":{"@id":"https:\/\/news.canadamotorjobs.com\/fr\/ottawa-met-fin-aux-programmes-de-subventions-sur-les-vehicules-electriques\/"},"wordCount":596,"publisher":{"@id":"https:\/\/news.canadamotorjobs.com\/#organization"},"image":{"@id":"https:\/\/news.canadamotorjobs.com\/fr\/ottawa-met-fin-aux-programmes-de-subventions-sur-les-vehicules-electriques\/#primaryimage"},"thumbnailUrl":"https:\/\/news.canadamotorjobs.com\/wp-content\/uploads\/2025\/01\/56231.jpg","articleSection":["Annuel automobile"],"inLanguage":"fr-CA"},{"@type":"WebPage","@id":"https:\/\/news.canadamotorjobs.com\/fr\/ottawa-met-fin-aux-programmes-de-subventions-sur-les-vehicules-electriques\/","url":"https:\/\/news.canadamotorjobs.com\/fr\/ottawa-met-fin-aux-programmes-de-subventions-sur-les-vehicules-electriques\/","name":"Ottawa met fin aux programmes de subventions sur les v\u00e9hicules \u00e9lectriques - CanadaMotorJobs.com","isPartOf":{"@id":"https:\/\/news.canadamotorjobs.com\/#website"},"primaryImageOfPage":{"@id":"https:\/\/news.canadamotorjobs.com\/fr\/ottawa-met-fin-aux-programmes-de-subventions-sur-les-vehicules-electriques\/#primaryimage"},"image":{"@id":"https:\/\/news.canadamotorjobs.com\/fr\/ottawa-met-fin-aux-programmes-de-subventions-sur-les-vehicules-electriques\/#primaryimage"},"thumbnailUrl":"https:\/\/news.canadamotorjobs.com\/wp-content\/uploads\/2025\/01\/56231.jpg","datePublished":"2025-01-10T20:45:31+00:00","dateModified":"2025-01-10T20:58:48+00:00","description":"Ottawa met fin aux programmes de subventions sur les v\u00e9hicules \u00e9lectriques - Benoit Charette - Annuel automobile - CanadaMotorJobs.com.","breadcrumb":{"@id":"https:\/\/news.canadamotorjobs.com\/fr\/ottawa-met-fin-aux-programmes-de-subventions-sur-les-vehicules-electriques\/#breadcrumb"},"inLanguage":"fr-CA","potentialAction":[{"@type":"ReadAction","target":["https:\/\/news.canadamotorjobs.com\/fr\/ottawa-met-fin-aux-programmes-de-subventions-sur-les-vehicules-electriques\/"]}]},{"@type":"ImageObject","inLanguage":"fr-CA","@id":"https:\/\/news.canadamotorjobs.com\/fr\/ottawa-met-fin-aux-programmes-de-subventions-sur-les-vehicules-electriques\/#primaryimage","url":"https:\/\/news.canadamotorjobs.com\/wp-content\/uploads\/2025\/01\/56231.jpg","contentUrl":"https:\/\/news.canadamotorjobs.com\/wp-content\/uploads\/2025\/01\/56231.jpg","width":1200,"height":800},{"@type":"BreadcrumbList","@id":"https:\/\/news.canadamotorjobs.com\/fr\/ottawa-met-fin-aux-programmes-de-subventions-sur-les-vehicules-electriques\/#breadcrumb","itemListElement":[{"@type":"ListItem","position":1,"name":"Home","item":"https:\/\/news.canadamotorjobs.com\/fr\/blog\/"},{"@type":"ListItem","position":2,"name":"Ottawa met fin aux programmes de subventions sur les v\u00e9hicules \u00e9lectriques"}]},{"@type":"WebSite","@id":"https:\/\/news.canadamotorjobs.com\/#website","url":"https:\/\/news.canadamotorjobs.com\/","name":"CanadaMotorJobs.com","description":"Automotive Jobs","publisher":{"@id":"https:\/\/news.canadamotorjobs.com\/#organization"},"potentialAction":[{"@type":"SearchAction","target":{"@type":"EntryPoint","urlTemplate":"https:\/\/news.canadamotorjobs.com\/?s={search_term_string}"},"query-input":"required name=search_term_string"}],"inLanguage":"fr-CA"},{"@type":"Organization","@id":"https:\/\/news.canadamotorjobs.com\/#organization","name":"Canada Motor Jobs","url":"https:\/\/news.canadamotorjobs.com\/","logo":{"@type":"ImageObject","inLanguage":"fr-CA","@id":"https:\/\/news.canadamotorjobs.com\/#\/schema\/logo\/image\/","url":"https:\/\/news.canadamotorjobs.com\/wp-content\/uploads\/2022\/10\/logo-canada-motor-jobs-1.png","contentUrl":"https:\/\/news.canadamotorjobs.com\/wp-content\/uploads\/2022\/10\/logo-canada-motor-jobs-1.png","width":800,"height":400,"caption":"Canada Motor Jobs"},"image":{"@id":"https:\/\/news.canadamotorjobs.com\/#\/schema\/logo\/image\/"},"sameAs":["https:\/\/www.facebook.com\/canadamotorjobs\/","https:\/\/x.com\/canadamotorjobs","https:\/\/www.instagram.com\/canadamotorjobs\/","https:\/\/www.linkedin.com\/company\/canadamotorjobs"]},{"@type":"Person","@id":"https:\/\/news.canadamotorjobs.com\/#\/schema\/person\/51793d1f87d44011d7bcc2ed99269a90","name":"Benoit Charette","image":{"@type":"ImageObject","inLanguage":"fr-CA","@id":"https:\/\/news.canadamotorjobs.com\/#\/schema\/person\/image\/","url":"https:\/\/secure.gravatar.com\/avatar\/45f3d2eebcccd909668d7ce7ea7267b6?s=96&d=mm&r=g","contentUrl":"https:\/\/secure.gravatar.com\/avatar\/45f3d2eebcccd909668d7ce7ea7267b6?s=96&d=mm&r=g","caption":"Benoit Charette"},"description":"Benoit Charette \/ Propri\u00e9taire et r\u00e9dacteur en chef Benoit Charette pratique le journalisme automobile depuis bient\u00f4t 30 ans. Il a fait ses classes au c\u00f4t\u00e9 de Daniel H\u00e9raud et au Carnet de route de 1992 \u00e0 2001. Il est fondateur, copropri\u00e9taire et r\u00e9dacteur en chef de L\u2019Annuel de l\u2019automobile, qu\u2019il publie depuis 2001. Il a anim\u00e9 les \u00e9missions RPM et RPM+ sur V et les L\u00e9gendes de la route sur Historia. \u00c0 la radio depuis 1986, il reprend l\u2019antenne cette ann\u00e9e sur les ondes de Cogeco et participe pour la deuxi\u00e8me ann\u00e9e \u00e0 l\u2019\u00e9mission Passion Auto sur RDS en plus de mettre en ligne le site Web officiel de L\u2019Annuel de l\u2019automobile sur annuelauto.ca.","sameAs":["https:\/\/annuelauto.ca\/"],"url":"https:\/\/news.canadamotorjobs.com\/fr\/author\/benoit-charette\/"}]}},"_links":{"self":[{"href":"https:\/\/news.canadamotorjobs.com\/fr\/wp-json\/wp\/v2\/posts\/188429"}],"collection":[{"href":"https:\/\/news.canadamotorjobs.com\/fr\/wp-json\/wp\/v2\/posts"}],"about":[{"href":"https:\/\/news.canadamotorjobs.com\/fr\/wp-json\/wp\/v2\/types\/post"}],"author":[{"embeddable":true,"href":"https:\/\/news.canadamotorjobs.com\/fr\/wp-json\/wp\/v2\/users\/8"}],"replies":[{"embeddable":true,"href":"https:\/\/news.canadamotorjobs.com\/fr\/wp-json\/wp\/v2\/comments?post=188429"}],"version-history":[{"count":2,"href":"https:\/\/news.canadamotorjobs.com\/fr\/wp-json\/wp\/v2\/posts\/188429\/revisions"}],"predecessor-version":[{"id":188433,"href":"https:\/\/news.canadamotorjobs.com\/fr\/wp-json\/wp\/v2\/posts\/188429\/revisions\/188433"}],"wp:featuredmedia":[{"embeddable":true,"href":"https:\/\/news.canadamotorjobs.com\/fr\/wp-json\/wp\/v2\/media\/188431"}],"wp:attachment":[{"href":"https:\/\/news.canadamotorjobs.com\/fr\/wp-json\/wp\/v2\/media?parent=188429"}],"wp:term":[{"taxonomy":"category","embeddable":true,"href":"https:\/\/news.canadamotorjobs.com\/fr\/wp-json\/wp\/v2\/categories?post=188429"},{"taxonomy":"post_tag","embeddable":true,"href":"https:\/\/news.canadamotorjobs.com\/fr\/wp-json\/wp\/v2\/tags?post=188429"}],"curies":[{"name":"wp","href":"https:\/\/api.w.org\/{rel}","templated":true}]}}