{"id":188322,"date":"2025-01-10T02:24:28","date_gmt":"2025-01-10T07:24:28","guid":{"rendered":"https:\/\/news.canadamotorjobs.com\/?p=188322"},"modified":"2025-01-10T02:29:41","modified_gmt":"2025-01-10T07:29:41","slug":"ces-2025-des-debuts-en-2026-pour-lafeela-1-de-sony-honda-mobility","status":"publish","type":"post","link":"https:\/\/news.canadamotorjobs.com\/fr\/ces-2025-des-debuts-en-2026-pour-lafeela-1-de-sony-honda-mobility\/","title":{"rendered":"CES 2025 : Des d\u00e9buts en 2026 pour l\u2019Afeela 1 de Sony Honda Mobility"},"content":{"rendered":"<\/p>\n<p>\u00c7a fait plusieurs ann\u00e9es qu\u2019on nous la montre, mais enfin, une date concernant son arriv\u00e9e sur le march\u00e9 a \u00e9t\u00e9 annonc\u00e9e ; l\u2019Afeela 1, la voiture n\u00e9e d\u2019un partenariat entre Sony et Honda, va se pointer sur le march\u00e9 au milieu de l\u2019ann\u00e9e 2026.<\/p>\n<p>L\u2019an dernier, nous avions vu le mod\u00e8le au CES (Consumer Electronics Show) de Las Vegas, et il est sans surprise de retour l\u00e0-bas pour l\u2019\u00e9dition de cette ann\u00e9e qui se d\u00e9roule cette semaine. La diff\u00e9rence, c\u2019est que Sony Honda Mobility a d\u00e9voil\u00e9 les prix du mod\u00e8le, en plus du moment o\u00f9 elle pr\u00e9voit sa construction et le d\u00e9but de sa commercialisation.<\/p>\n<p><\/p>\n<figure><img decoding=\"async\" src=\"https:\/\/news.canadamotorjobs.com\/wp-content\/uploads\/2025\/01\/AFEELA_1_Signature_photo_3-5.jpg\" alt=\"L&#039;Afeela 1 de Sony Honda Mobility\" \/><figcaption>L&#8217;Afeela 1 de Sony Honda Mobility | Auto123.com<\/figcaption><\/figure>\n<h2>Les prix de l\u2019Afeela 1 de Sony Honda Mobility<\/h2>\n<p>L\u2019Afeela 1 sera offerte \u00e0 partir de 89 900 $ US, en configuration Origin. Une variante Signature sera aussi au menu, avec une facture de 102 900 $ US. Cette d\u00e9clinaison va offrir bien s\u00fbr plus d\u2019\u00e9quipement, notamment des jantes de 21 pouces, un syst\u00e8me de divertissement pour les passagers arri\u00e8re, de m\u00eame qu\u2019un syst\u00e8me de surveillance par cam\u00e9ra centrale.<\/p>\n<p>Trois couleurs seront au menu, soit le gris, le blanc et le noir. Pour l\u2019originalit\u00e9, on repassera.<\/p>\n<p><\/p>\n<figure><img decoding=\"async\" src=\"https:\/\/news.canadamotorjobs.com\/wp-content\/uploads\/2025\/01\/1_AFEELA_Signature_3colors-1.jpg\" alt=\"Les trois couloeurs de l&#039;Afeela 1\" \/><figcaption>Les trois couloeurs de l&#8217;Afeela 1 | Auto123.com<\/figcaption><\/figure>\n<p>Les mod\u00e8les seront livr\u00e9s de s\u00e9rie avec un abonnement gratuit de trois ans aux services connect\u00e9s du groupe, ce qui va comprend Afeela Intelligent Drive, un syst\u00e8me de conduite semi-autonome de niveau 2 qui utilise 40 capteurs pour fonctionner. Le mod\u00e8le profitera aussi d\u2019un assistant personnel (Afeela Personal Agent) pour aider avec le contr\u00f4le des fonctions de la voiture et, apparemment, pour \u00eatre capable de converser avec les occupants.<\/p>\n<p>L\u2019abonnement inclut \u00e9galement plusieurs contenus li\u00e9s au divertissement, des th\u00e9matiques num\u00e9riques personnalisables pour les \u00e9crans et une connectivit\u00e9 de donn\u00e9es 5G. Les propri\u00e9taires devront, apr\u00e8s les trois premi\u00e8res ann\u00e9es, souscrire \u00e0 un abonnement pour continuer \u00e0 profiter des services ; les d\u00e9tails sont \u00e0 venir concernant tout cela.<\/p>\n<p><\/p>\n<figure><img decoding=\"async\" src=\"https:\/\/news.canadamotorjobs.com\/wp-content\/uploads\/2025\/01\/AFEELA_1_Signature_Calm_White_front-1.jpg\" alt=\"L&#039;Afeela 1, avant\" \/><figcaption>L&#8217;Afeela 1, avant | Auto123.com<\/figcaption><\/figure>\n<figure><img decoding=\"async\" src=\"https:\/\/news.canadamotorjobs.com\/wp-content\/uploads\/2025\/01\/AFEELA_1_Signature_Calm_White_rear-1.jpg\" alt=\"L&#039;Afeela 1, arri\u00e8re\" \/><figcaption>L&#8217;Afeela 1, arri\u00e8re | Auto123.com<\/figcaption><\/figure>\n<p>Pour ce qui est de caract\u00e9ristiques entourant la fiche technique du mod\u00e8le, c\u2019est encore maigre. La voiture sera pourvue du port de recharge NACS (North American Charging Standard) de Tesla, ce qui va permettre aux propri\u00e9taires d\u2019avoir acc\u00e8s \u00e0 un r\u00e9seau de recharge plus complet.<\/p>\n<p>L\u2019Afeela 1 devrait offrir quelque 500 kilom\u00e8tres d\u2019autonomie gr\u00e2ce \u00e0 la pr\u00e9sence d\u2019une batterie lithium-ion de 91,0 kWh. La configuration sera \u00e0 deux moteurs \u00e9lectriques de 241 chevaux, un sur chaque essieu pour offrir le rouage int\u00e9gral. La berline va aussi profiter d\u2019une suspension pneumatique.<\/p>\n<p>Pour le reste, il faudra attendre qu\u2019on nous livre plus d\u2019informations. Chose certaine, avec une arriv\u00e9e pr\u00e9vue l\u2019ann\u00e9e prochaine, il est clair que d\u2019autres pr\u00e9sentations auront lieu pendant l\u2019ann\u00e9e en cours.<\/p>\n<p>L\u2019Afeela 1 sera assembl\u00e9e \u00e0 l\u2019usine que Honda op\u00e8re en Ohio. Elle ne sera vendue qu\u2019en Californie dans un premier temps. Il faudra voir pour la suite.<\/p>\n<p><\/p>\n<figure><img decoding=\"async\" src=\"https:\/\/news.canadamotorjobs.com\/wp-content\/uploads\/2025\/01\/AFEELA_1_Signature_Interior_gray_2-1.jpg\" alt=\"L&#039;Afeela 1 de Sony Honda Mobility, int\u00e9rieur\" \/><figcaption>L&#8217;Afeela 1 de Sony Honda Mobility, int\u00e9rieur | Auto123.com<\/figcaption><\/figure>\n<figure><img decoding=\"async\" src=\"https:\/\/news.canadamotorjobs.com\/wp-content\/uploads\/2025\/01\/AFEELA_1_Signature_Interior_gray_1-1.jpg\" alt=\"L&#039;Afeela 1 de Sony Honda Mobility, premi\u00e8re rang\u00e9e\" \/><figcaption>L&#8217;Afeela 1 de Sony Honda Mobility, premi\u00e8re rang\u00e9e | Auto123.com<\/figcaption><\/figure>\n<figure><img decoding=\"async\" src=\"https:\/\/news.canadamotorjobs.com\/wp-content\/uploads\/2025\/01\/AFEELA_1_Signature_Interior_gray_3-1.jpg\" alt=\"L&#039;Afeela 1 de Sony Honda Mobility, deuxi\u00e8me rang\u00e9e\" \/><figcaption>L&#8217;Afeela 1 de Sony Honda Mobility, deuxi\u00e8me rang\u00e9e | Auto123.com<\/figcaption><\/figure>\n<figure><img decoding=\"async\" src=\"https:\/\/news.canadamotorjobs.com\/wp-content\/uploads\/2025\/01\/0106_CES_Release-1-1.jpg\" alt=\"L&#039;Afeela 1 de Sony Honda Mobility, de profil\" \/><figcaption>L&#8217;Afeela 1 de Sony Honda Mobility, de profil | Auto123.com<\/figcaption><\/figure>\n<figure><img decoding=\"async\" src=\"https:\/\/news.canadamotorjobs.com\/wp-content\/uploads\/2025\/01\/AFEELA_1_Signature_photo_1-1.jpg\" alt=\"L&#039;Afeela 1 de Sony Honda Mobility, de haut\" \/><figcaption>L&#8217;Afeela 1 de Sony Honda Mobility, de haut | Auto123.com<\/figcaption><\/figure>\n<p style=\"padding-top: 15px\">Contenu original de <a href=\"https:\/\/www.auto123.com\/fr\/actualites\/ces-2025-las-vegas-afeela-sony-honda\/72257\/\">auto123<\/a>.<\/p>\n<p>Le texte <a rel=\"nofollow\" href=\"https:\/\/annuelauto.ca\/ces-2025-des-debuts-en-2026-pour-lafeela-1-de-sony-honda-mobility\/\">CES 2025 : Des d\u00e9buts en 2026 pour l\u2019Afeela 1 de Sony Honda Mobility<\/a> provient de <a rel=\"nofollow\" href=\"https:\/\/annuelauto.ca\">L&#8217;annuel de l&#8217;automobile &#8211; Actualit\u00e9 automobile<\/a><\/p>\n<p><\/p>\n","protected":false},"excerpt":{"rendered":"<p>\u00c7a fait plusieurs ann\u00e9es qu\u2019on nous la montre, mais enfin, une date concernant son arriv\u00e9e sur le march\u00e9 a \u00e9t\u00e9 annonc\u00e9e ; l\u2019Afeela 1, la voiture n\u00e9e d\u2019un partenariat entre Sony et Honda, va se pointer sur le march\u00e9 au milieu de l\u2019ann\u00e9e 2026. L\u2019an dernier, nous avions vu le mod\u00e8le au CES (Consumer Electronics [&hellip;]<\/p>\n","protected":false},"author":8,"featured_media":188324,"comment_status":"close","ping_status":"closed","sticky":false,"template":"","format":"standard","meta":{"_monsterinsights_skip_tracking":false,"_monsterinsights_sitenote_active":false,"_monsterinsights_sitenote_note":"","_monsterinsights_sitenote_category":0,"footnotes":""},"categories":[101],"tags":[],"yoast_head":"<!-- This site is optimized with the Yoast SEO plugin v23.2 - https:\/\/yoast.com\/wordpress\/plugins\/seo\/ -->\n<title>CES 2025 : Des d\u00e9buts en 2026 pour l\u2019Afeela 1 de Sony Honda Mobility - CanadaMotorJobs.com<\/title>\n<meta name=\"description\" content=\"CES 2025 : Des d\u00e9buts en 2026 pour l\u2019Afeela 1 de Sony Honda Mobility - Benoit Charette - Annuel automobile - CanadaMotorJobs.com.\" \/>\n<meta name=\"robots\" content=\"index, follow, max-snippet:-1, max-image-preview:large, max-video-preview:-1\" \/>\n<meta property=\"og:locale\" content=\"fr_CA\" \/>\n<meta property=\"og:type\" content=\"article\" \/>\n<meta property=\"og:title\" content=\"CES 2025 : Des d\u00e9buts en 2026 pour l\u2019Afeela 1 de Sony Honda Mobility - CanadaMotorJobs.com\" \/>\n<meta property=\"og:description\" content=\"CES 2025 : Des d\u00e9buts en 2026 pour l\u2019Afeela 1 de Sony Honda Mobility - Benoit Charette - Annuel automobile - CanadaMotorJobs.com.\" \/>\n<meta property=\"og:url\" content=\"https:\/\/news.canadamotorjobs.com\/fr\/ces-2025-des-debuts-en-2026-pour-lafeela-1-de-sony-honda-mobility\/\" \/>\n<meta property=\"og:site_name\" content=\"CanadaMotorJobs.com\" \/>\n<meta property=\"article:publisher\" content=\"https:\/\/www.facebook.com\/canadamotorjobs\/\" \/>\n<meta property=\"article:published_time\" content=\"2025-01-10T07:24:28+00:00\" \/>\n<meta property=\"article:modified_time\" content=\"2025-01-10T07:29:41+00:00\" \/>\n<meta property=\"og:image\" content=\"https:\/\/news.canadamotorjobs.com\/wp-content\/uploads\/2025\/01\/AFEELA_1_Signature_photo_3.jpg\" \/>\n\t<meta property=\"og:image:width\" content=\"1200\" \/>\n\t<meta property=\"og:image:height\" content=\"675\" \/>\n\t<meta property=\"og:image:type\" content=\"image\/jpeg\" \/>\n<meta name=\"author\" content=\"Benoit Charette\" \/>\n<meta name=\"twitter:card\" content=\"summary_large_image\" \/>\n<meta name=\"twitter:creator\" content=\"@canadamotorjobs\" \/>\n<meta name=\"twitter:site\" content=\"@canadamotorjobs\" \/>\n<meta name=\"twitter:label1\" content=\"\u00c9crit par\" \/>\n\t<meta name=\"twitter:data1\" content=\"Benoit Charette\" \/>\n\t<meta name=\"twitter:label2\" content=\"Estimation du temps de lecture\" \/>\n\t<meta name=\"twitter:data2\" content=\"3 minutes\" \/>\n<!-- \/ Yoast SEO plugin. -->","yoast_head_json":{"title":"CES 2025 : Des d\u00e9buts en 2026 pour l\u2019Afeela 1 de Sony Honda Mobility - CanadaMotorJobs.com","description":"CES 2025 : Des d\u00e9buts en 2026 pour l\u2019Afeela 1 de Sony Honda Mobility - Benoit Charette - Annuel automobile - CanadaMotorJobs.com.","robots":{"index":"index","follow":"follow","max-snippet":"max-snippet:-1","max-image-preview":"max-image-preview:large","max-video-preview":"max-video-preview:-1"},"og_locale":"fr_CA","og_type":"article","og_title":"CES 2025 : Des d\u00e9buts en 2026 pour l\u2019Afeela 1 de Sony Honda Mobility - CanadaMotorJobs.com","og_description":"CES 2025 : Des d\u00e9buts en 2026 pour l\u2019Afeela 1 de Sony Honda Mobility - Benoit Charette - Annuel automobile - CanadaMotorJobs.com.","og_url":"https:\/\/news.canadamotorjobs.com\/fr\/ces-2025-des-debuts-en-2026-pour-lafeela-1-de-sony-honda-mobility\/","og_site_name":"CanadaMotorJobs.com","article_publisher":"https:\/\/www.facebook.com\/canadamotorjobs\/","article_published_time":"2025-01-10T07:24:28+00:00","article_modified_time":"2025-01-10T07:29:41+00:00","og_image":[{"width":1200,"height":675,"url":"https:\/\/news.canadamotorjobs.com\/wp-content\/uploads\/2025\/01\/AFEELA_1_Signature_photo_3.jpg","type":"image\/jpeg"}],"author":"Benoit Charette","twitter_card":"summary_large_image","twitter_creator":"@canadamotorjobs","twitter_site":"@canadamotorjobs","twitter_misc":{"\u00c9crit par":"Benoit Charette","Estimation du temps de lecture":"3 minutes"},"schema":{"@context":"https:\/\/schema.org","@graph":[{"@type":"Article","@id":"https:\/\/news.canadamotorjobs.com\/fr\/ces-2025-des-debuts-en-2026-pour-lafeela-1-de-sony-honda-mobility\/#article","isPartOf":{"@id":"https:\/\/news.canadamotorjobs.com\/fr\/ces-2025-des-debuts-en-2026-pour-lafeela-1-de-sony-honda-mobility\/"},"author":{"name":"Benoit Charette","@id":"https:\/\/news.canadamotorjobs.com\/#\/schema\/person\/51793d1f87d44011d7bcc2ed99269a90"},"headline":"CES 2025 : Des d\u00e9buts en 2026 pour l\u2019Afeela 1 de Sony Honda Mobility","datePublished":"2025-01-10T07:24:28+00:00","dateModified":"2025-01-10T07:29:41+00:00","mainEntityOfPage":{"@id":"https:\/\/news.canadamotorjobs.com\/fr\/ces-2025-des-debuts-en-2026-pour-lafeela-1-de-sony-honda-mobility\/"},"wordCount":630,"publisher":{"@id":"https:\/\/news.canadamotorjobs.com\/#organization"},"image":{"@id":"https:\/\/news.canadamotorjobs.com\/fr\/ces-2025-des-debuts-en-2026-pour-lafeela-1-de-sony-honda-mobility\/#primaryimage"},"thumbnailUrl":"https:\/\/news.canadamotorjobs.com\/wp-content\/uploads\/2025\/01\/AFEELA_1_Signature_photo_3.jpg","articleSection":["Annuel automobile"],"inLanguage":"fr-CA"},{"@type":"WebPage","@id":"https:\/\/news.canadamotorjobs.com\/fr\/ces-2025-des-debuts-en-2026-pour-lafeela-1-de-sony-honda-mobility\/","url":"https:\/\/news.canadamotorjobs.com\/fr\/ces-2025-des-debuts-en-2026-pour-lafeela-1-de-sony-honda-mobility\/","name":"CES 2025 : Des d\u00e9buts en 2026 pour l\u2019Afeela 1 de Sony Honda Mobility - CanadaMotorJobs.com","isPartOf":{"@id":"https:\/\/news.canadamotorjobs.com\/#website"},"primaryImageOfPage":{"@id":"https:\/\/news.canadamotorjobs.com\/fr\/ces-2025-des-debuts-en-2026-pour-lafeela-1-de-sony-honda-mobility\/#primaryimage"},"image":{"@id":"https:\/\/news.canadamotorjobs.com\/fr\/ces-2025-des-debuts-en-2026-pour-lafeela-1-de-sony-honda-mobility\/#primaryimage"},"thumbnailUrl":"https:\/\/news.canadamotorjobs.com\/wp-content\/uploads\/2025\/01\/AFEELA_1_Signature_photo_3.jpg","datePublished":"2025-01-10T07:24:28+00:00","dateModified":"2025-01-10T07:29:41+00:00","description":"CES 2025 : Des d\u00e9buts en 2026 pour l\u2019Afeela 1 de Sony Honda Mobility - Benoit Charette - Annuel automobile - CanadaMotorJobs.com.","breadcrumb":{"@id":"https:\/\/news.canadamotorjobs.com\/fr\/ces-2025-des-debuts-en-2026-pour-lafeela-1-de-sony-honda-mobility\/#breadcrumb"},"inLanguage":"fr-CA","potentialAction":[{"@type":"ReadAction","target":["https:\/\/news.canadamotorjobs.com\/fr\/ces-2025-des-debuts-en-2026-pour-lafeela-1-de-sony-honda-mobility\/"]}]},{"@type":"ImageObject","inLanguage":"fr-CA","@id":"https:\/\/news.canadamotorjobs.com\/fr\/ces-2025-des-debuts-en-2026-pour-lafeela-1-de-sony-honda-mobility\/#primaryimage","url":"https:\/\/news.canadamotorjobs.com\/wp-content\/uploads\/2025\/01\/AFEELA_1_Signature_photo_3.jpg","contentUrl":"https:\/\/news.canadamotorjobs.com\/wp-content\/uploads\/2025\/01\/AFEELA_1_Signature_photo_3.jpg","width":1200,"height":675},{"@type":"BreadcrumbList","@id":"https:\/\/news.canadamotorjobs.com\/fr\/ces-2025-des-debuts-en-2026-pour-lafeela-1-de-sony-honda-mobility\/#breadcrumb","itemListElement":[{"@type":"ListItem","position":1,"name":"Home","item":"https:\/\/news.canadamotorjobs.com\/fr\/blog\/"},{"@type":"ListItem","position":2,"name":"CES 2025 : Des d\u00e9buts en 2026 pour l\u2019Afeela 1 de Sony Honda Mobility"}]},{"@type":"WebSite","@id":"https:\/\/news.canadamotorjobs.com\/#website","url":"https:\/\/news.canadamotorjobs.com\/","name":"CanadaMotorJobs.com","description":"Automotive Jobs","publisher":{"@id":"https:\/\/news.canadamotorjobs.com\/#organization"},"potentialAction":[{"@type":"SearchAction","target":{"@type":"EntryPoint","urlTemplate":"https:\/\/news.canadamotorjobs.com\/?s={search_term_string}"},"query-input":"required name=search_term_string"}],"inLanguage":"fr-CA"},{"@type":"Organization","@id":"https:\/\/news.canadamotorjobs.com\/#organization","name":"Canada Motor Jobs","url":"https:\/\/news.canadamotorjobs.com\/","logo":{"@type":"ImageObject","inLanguage":"fr-CA","@id":"https:\/\/news.canadamotorjobs.com\/#\/schema\/logo\/image\/","url":"https:\/\/news.canadamotorjobs.com\/wp-content\/uploads\/2022\/10\/logo-canada-motor-jobs-1.png","contentUrl":"https:\/\/news.canadamotorjobs.com\/wp-content\/uploads\/2022\/10\/logo-canada-motor-jobs-1.png","width":800,"height":400,"caption":"Canada Motor Jobs"},"image":{"@id":"https:\/\/news.canadamotorjobs.com\/#\/schema\/logo\/image\/"},"sameAs":["https:\/\/www.facebook.com\/canadamotorjobs\/","https:\/\/x.com\/canadamotorjobs","https:\/\/www.instagram.com\/canadamotorjobs\/","https:\/\/www.linkedin.com\/company\/canadamotorjobs"]},{"@type":"Person","@id":"https:\/\/news.canadamotorjobs.com\/#\/schema\/person\/51793d1f87d44011d7bcc2ed99269a90","name":"Benoit Charette","image":{"@type":"ImageObject","inLanguage":"fr-CA","@id":"https:\/\/news.canadamotorjobs.com\/#\/schema\/person\/image\/","url":"https:\/\/secure.gravatar.com\/avatar\/45f3d2eebcccd909668d7ce7ea7267b6?s=96&d=mm&r=g","contentUrl":"https:\/\/secure.gravatar.com\/avatar\/45f3d2eebcccd909668d7ce7ea7267b6?s=96&d=mm&r=g","caption":"Benoit Charette"},"description":"Benoit Charette \/ Propri\u00e9taire et r\u00e9dacteur en chef Benoit Charette pratique le journalisme automobile depuis bient\u00f4t 30 ans. Il a fait ses classes au c\u00f4t\u00e9 de Daniel H\u00e9raud et au Carnet de route de 1992 \u00e0 2001. Il est fondateur, copropri\u00e9taire et r\u00e9dacteur en chef de L\u2019Annuel de l\u2019automobile, qu\u2019il publie depuis 2001. Il a anim\u00e9 les \u00e9missions RPM et RPM+ sur V et les L\u00e9gendes de la route sur Historia. \u00c0 la radio depuis 1986, il reprend l\u2019antenne cette ann\u00e9e sur les ondes de Cogeco et participe pour la deuxi\u00e8me ann\u00e9e \u00e0 l\u2019\u00e9mission Passion Auto sur RDS en plus de mettre en ligne le site Web officiel de L\u2019Annuel de l\u2019automobile sur annuelauto.ca.","sameAs":["https:\/\/annuelauto.ca\/"],"url":"https:\/\/news.canadamotorjobs.com\/fr\/author\/benoit-charette\/"}]}},"_links":{"self":[{"href":"https:\/\/news.canadamotorjobs.com\/fr\/wp-json\/wp\/v2\/posts\/188322"}],"collection":[{"href":"https:\/\/news.canadamotorjobs.com\/fr\/wp-json\/wp\/v2\/posts"}],"about":[{"href":"https:\/\/news.canadamotorjobs.com\/fr\/wp-json\/wp\/v2\/types\/post"}],"author":[{"embeddable":true,"href":"https:\/\/news.canadamotorjobs.com\/fr\/wp-json\/wp\/v2\/users\/8"}],"replies":[{"embeddable":true,"href":"https:\/\/news.canadamotorjobs.com\/fr\/wp-json\/wp\/v2\/comments?post=188322"}],"version-history":[{"count":3,"href":"https:\/\/news.canadamotorjobs.com\/fr\/wp-json\/wp\/v2\/posts\/188322\/revisions"}],"predecessor-version":[{"id":188381,"href":"https:\/\/news.canadamotorjobs.com\/fr\/wp-json\/wp\/v2\/posts\/188322\/revisions\/188381"}],"wp:featuredmedia":[{"embeddable":true,"href":"https:\/\/news.canadamotorjobs.com\/fr\/wp-json\/wp\/v2\/media\/188324"}],"wp:attachment":[{"href":"https:\/\/news.canadamotorjobs.com\/fr\/wp-json\/wp\/v2\/media?parent=188322"}],"wp:term":[{"taxonomy":"category","embeddable":true,"href":"https:\/\/news.canadamotorjobs.com\/fr\/wp-json\/wp\/v2\/categories?post=188322"},{"taxonomy":"post_tag","embeddable":true,"href":"https:\/\/news.canadamotorjobs.com\/fr\/wp-json\/wp\/v2\/tags?post=188322"}],"curies":[{"name":"wp","href":"https:\/\/api.w.org\/{rel}","templated":true}]}}