{"id":188248,"date":"2025-01-09T14:12:05","date_gmt":"2025-01-09T19:12:05","guid":{"rendered":"https:\/\/news.canadamotorjobs.com\/?p=188248"},"modified":"2025-01-09T14:13:57","modified_gmt":"2025-01-09T19:13:57","slug":"la-demission-de-justin-trudeau-et-la-suite-de-lautomobile-au-canada","status":"publish","type":"post","link":"https:\/\/news.canadamotorjobs.com\/fr\/la-demission-de-justin-trudeau-et-la-suite-de-lautomobile-au-canada\/","title":{"rendered":"La d\u00e9mission de Justin Trudeau et la suite de l\u2019automobile au Canada"},"content":{"rendered":"<\/p>\n<p>L\u2019annonce de la d\u00e9mission imminente de Justin Trudeau comme chef du Parti lib\u00e9ral, pave la voie \u00e0 des \u00e9lections anticip\u00e9es au printemps, o\u00f9 le Parti conservateur, dirig\u00e9 par Pierre Poili\u00e8vre, est en position favorable pour prendre le pouvoir.<\/p>\n<h3>Une incertitude pour la transition z\u00e9ro \u00e9mission<\/h3>\n<p>\nSous la direction de Trudeau, le Canada a soutenu la transition vers les v\u00e9hicules z\u00e9ro \u00e9mission (VZE), imposant des objectifs s\u00e9rieux: 20 % des ventes de v\u00e9hicules neufs en 2026, 60 % en 2030 et 100 % en 2035. Toutefois, cette politique fait face \u00e0 une demande mod\u00e9r\u00e9e des consommateurs et \u00e0 une r\u00e9duction des incitations gouvernementales. En sachant que le Qu\u00e9bec perd temporairement sa subvention\u00a0 aux v\u00e9hicules \u00e9lectrifi\u00e9s au 1<sup>er<\/sup> f\u00e9vrier est-ce que la probable \u00e9lection de Poili\u00e8vre pourrait entra\u00eener une r\u00e9vision majeure de cette approche. Le chef conservateur, souvent critique envers la taxe carbone des lib\u00e9raux, pourrait \u00e9galement remettre en question le mandat VZE, jug\u00e9 trop rigide par l\u2019industrie automobile et \u00e9limin\u00e9 au passage la subvention f\u00e9d\u00e9rale de 5\u00a0000 $.<\/p>\n<h3>Une industrie entre d\u00e9fis et opportunit\u00e9s<\/h3>\n<p>\nOutre les pressions internes, l\u2019industrie automobile canadienne doit composer avec des menaces externes, notamment de possibles tarifs douaniers de l\u2019administration Trump. Par ailleurs, les investissements massifs dans la cha\u00eene d\u2019approvisionnement des batteries EV, r\u00e9alis\u00e9s au cours des trois derni\u00e8res ann\u00e9es, risquent d\u2019\u00eatre remis en cause.<\/p>\n<p>Poili\u00e8vre a, jusqu\u2019\u00e0 pr\u00e9sent, gard\u00e9 le silence sur ses intentions pr\u00e9cises en mati\u00e8re de politique automobile. N\u00e9anmoins, il a critiqu\u00e9 en 2023 les subventions f\u00e9d\u00e9rales qui ont attir\u00e9 l\u2019usine de batteries du Groupe Volkswagen en Ontario. Cet \u00e9t\u00e9, il a appel\u00e9 \u00e0 imposer des tarifs sur les v\u00e9hicules \u00e9lectriques fabriqu\u00e9s en Chine pour prot\u00e9ger les emplois locaux.<\/p>\n<h3>Une approche conservatrice incertaine<\/h3>\n<p>\nBien que les conservateurs soient susceptibles d\u2019assouplir les cibles fix\u00e9es par les lib\u00e9raux, Poili\u00e8vre pourrait trouver un compromis en maintenant un soutien strat\u00e9gique \u00e0 la transition \u00e9lectrique. Par exemple, l\u2019exploitation des min\u00e9raux critiques, essentielle \u00e0 la cha\u00eene d\u2019approvisionnement des batteries, pourrait b\u00e9n\u00e9ficier d\u2019un coup de pouce sous sa direction, apr\u00e8s avoir \u00e9t\u00e9 ralentie sous les lib\u00e9raux.<\/p>\n<h3>Quel avenir pour l\u2019automobile canadienne ?<\/h3>\n<p>\nLa d\u00e9mission de Trudeau et l\u2019\u00e9ventuelle arriv\u00e9e de Poili\u00e8vre au pouvoir introduisent une p\u00e9riode d\u2019incertitude pour la politique automobile au Canada. Entre r\u00e9visions potentielles du mandat VZE et soutien limit\u00e9 aux v\u00e9hicules \u00e9lectriques, le paysage pourrait \u00e9voluer vers un \u00e9quilibre entre pragmatisme et ambition.<\/p>\n<p>Avec des renseignements d&#8217;Automotive News Canada<\/p>\n<p>Le texte <a rel=\"nofollow\" href=\"https:\/\/annuelauto.ca\/trudeau-demission-politique-automobile-canada\/\">La d\u00e9mission de Justin Trudeau et la suite de l\u2019automobile au Canada<\/a> provient de <a rel=\"nofollow\" href=\"https:\/\/annuelauto.ca\">L&#8217;annuel de l&#8217;automobile &#8211; Actualit\u00e9 automobile<\/a><\/p>\n<p><\/p>\n","protected":false},"excerpt":{"rendered":"<p>L\u2019annonce de la d\u00e9mission imminente de Justin Trudeau comme chef du Parti lib\u00e9ral, pave la voie \u00e0 des \u00e9lections anticip\u00e9es au printemps, o\u00f9 le Parti conservateur, dirig\u00e9 par Pierre Poili\u00e8vre, est en position favorable pour prendre le pouvoir. Une incertitude pour la transition z\u00e9ro \u00e9mission Sous la direction de Trudeau, le Canada a soutenu la [&hellip;]<\/p>\n","protected":false},"author":8,"featured_media":188250,"comment_status":"close","ping_status":"closed","sticky":false,"template":"","format":"standard","meta":{"_monsterinsights_skip_tracking":false,"_monsterinsights_sitenote_active":false,"_monsterinsights_sitenote_note":"","_monsterinsights_sitenote_category":0,"footnotes":""},"categories":[101],"tags":[],"yoast_head":"<!-- This site is optimized with the Yoast SEO plugin v23.2 - https:\/\/yoast.com\/wordpress\/plugins\/seo\/ -->\n<title>La d\u00e9mission de Justin Trudeau et la suite de l\u2019automobile au Canada - CanadaMotorJobs.com<\/title>\n<meta name=\"description\" content=\"La d\u00e9mission de Justin Trudeau et la suite de l\u2019automobile au Canada - Benoit Charette - Annuel automobile - CanadaMotorJobs.com.\" \/>\n<meta name=\"robots\" content=\"index, follow, max-snippet:-1, max-image-preview:large, max-video-preview:-1\" \/>\n<meta property=\"og:locale\" content=\"fr_CA\" \/>\n<meta property=\"og:type\" content=\"article\" \/>\n<meta property=\"og:title\" content=\"La d\u00e9mission de Justin Trudeau et la suite de l\u2019automobile au Canada - CanadaMotorJobs.com\" \/>\n<meta property=\"og:description\" content=\"La d\u00e9mission de Justin Trudeau et la suite de l\u2019automobile au Canada - Benoit Charette - Annuel automobile - CanadaMotorJobs.com.\" \/>\n<meta property=\"og:url\" content=\"https:\/\/news.canadamotorjobs.com\/fr\/la-demission-de-justin-trudeau-et-la-suite-de-lautomobile-au-canada\/\" \/>\n<meta property=\"og:site_name\" content=\"CanadaMotorJobs.com\" \/>\n<meta property=\"article:publisher\" content=\"https:\/\/www.facebook.com\/canadamotorjobs\/\" \/>\n<meta property=\"article:published_time\" content=\"2025-01-09T19:12:05+00:00\" \/>\n<meta property=\"article:modified_time\" content=\"2025-01-09T19:13:57+00:00\" \/>\n<meta property=\"og:image\" content=\"https:\/\/news.canadamotorjobs.com\/wp-content\/uploads\/2025\/01\/trudeau-poilievre-1-6097480.jpg\" \/>\n\t<meta property=\"og:image:width\" content=\"1020\" \/>\n\t<meta property=\"og:image:height\" content=\"574\" \/>\n\t<meta property=\"og:image:type\" content=\"image\/jpeg\" \/>\n<meta name=\"author\" content=\"Benoit Charette\" \/>\n<meta name=\"twitter:card\" content=\"summary_large_image\" \/>\n<meta name=\"twitter:creator\" content=\"@canadamotorjobs\" \/>\n<meta name=\"twitter:site\" content=\"@canadamotorjobs\" \/>\n<meta name=\"twitter:label1\" content=\"\u00c9crit par\" \/>\n\t<meta name=\"twitter:data1\" content=\"Benoit Charette\" \/>\n\t<meta name=\"twitter:label2\" content=\"Estimation du temps de lecture\" \/>\n\t<meta name=\"twitter:data2\" content=\"2 minutes\" \/>\n<!-- \/ Yoast SEO plugin. -->","yoast_head_json":{"title":"La d\u00e9mission de Justin Trudeau et la suite de l\u2019automobile au Canada - CanadaMotorJobs.com","description":"La d\u00e9mission de Justin Trudeau et la suite de l\u2019automobile au Canada - Benoit Charette - Annuel automobile - CanadaMotorJobs.com.","robots":{"index":"index","follow":"follow","max-snippet":"max-snippet:-1","max-image-preview":"max-image-preview:large","max-video-preview":"max-video-preview:-1"},"og_locale":"fr_CA","og_type":"article","og_title":"La d\u00e9mission de Justin Trudeau et la suite de l\u2019automobile au Canada - CanadaMotorJobs.com","og_description":"La d\u00e9mission de Justin Trudeau et la suite de l\u2019automobile au Canada - Benoit Charette - Annuel automobile - CanadaMotorJobs.com.","og_url":"https:\/\/news.canadamotorjobs.com\/fr\/la-demission-de-justin-trudeau-et-la-suite-de-lautomobile-au-canada\/","og_site_name":"CanadaMotorJobs.com","article_publisher":"https:\/\/www.facebook.com\/canadamotorjobs\/","article_published_time":"2025-01-09T19:12:05+00:00","article_modified_time":"2025-01-09T19:13:57+00:00","og_image":[{"width":1020,"height":574,"url":"https:\/\/news.canadamotorjobs.com\/wp-content\/uploads\/2025\/01\/trudeau-poilievre-1-6097480.jpg","type":"image\/jpeg"}],"author":"Benoit Charette","twitter_card":"summary_large_image","twitter_creator":"@canadamotorjobs","twitter_site":"@canadamotorjobs","twitter_misc":{"\u00c9crit par":"Benoit Charette","Estimation du temps de lecture":"2 minutes"},"schema":{"@context":"https:\/\/schema.org","@graph":[{"@type":"Article","@id":"https:\/\/news.canadamotorjobs.com\/fr\/la-demission-de-justin-trudeau-et-la-suite-de-lautomobile-au-canada\/#article","isPartOf":{"@id":"https:\/\/news.canadamotorjobs.com\/fr\/la-demission-de-justin-trudeau-et-la-suite-de-lautomobile-au-canada\/"},"author":{"name":"Benoit Charette","@id":"https:\/\/news.canadamotorjobs.com\/#\/schema\/person\/51793d1f87d44011d7bcc2ed99269a90"},"headline":"La d\u00e9mission de Justin Trudeau et la suite de l\u2019automobile au Canada","datePublished":"2025-01-09T19:12:05+00:00","dateModified":"2025-01-09T19:13:57+00:00","mainEntityOfPage":{"@id":"https:\/\/news.canadamotorjobs.com\/fr\/la-demission-de-justin-trudeau-et-la-suite-de-lautomobile-au-canada\/"},"wordCount":481,"publisher":{"@id":"https:\/\/news.canadamotorjobs.com\/#organization"},"image":{"@id":"https:\/\/news.canadamotorjobs.com\/fr\/la-demission-de-justin-trudeau-et-la-suite-de-lautomobile-au-canada\/#primaryimage"},"thumbnailUrl":"https:\/\/news.canadamotorjobs.com\/wp-content\/uploads\/2025\/01\/trudeau-poilievre-1-6097480.jpg","articleSection":["Annuel automobile"],"inLanguage":"fr-CA"},{"@type":"WebPage","@id":"https:\/\/news.canadamotorjobs.com\/fr\/la-demission-de-justin-trudeau-et-la-suite-de-lautomobile-au-canada\/","url":"https:\/\/news.canadamotorjobs.com\/fr\/la-demission-de-justin-trudeau-et-la-suite-de-lautomobile-au-canada\/","name":"La d\u00e9mission de Justin Trudeau et la suite de l\u2019automobile au Canada - CanadaMotorJobs.com","isPartOf":{"@id":"https:\/\/news.canadamotorjobs.com\/#website"},"primaryImageOfPage":{"@id":"https:\/\/news.canadamotorjobs.com\/fr\/la-demission-de-justin-trudeau-et-la-suite-de-lautomobile-au-canada\/#primaryimage"},"image":{"@id":"https:\/\/news.canadamotorjobs.com\/fr\/la-demission-de-justin-trudeau-et-la-suite-de-lautomobile-au-canada\/#primaryimage"},"thumbnailUrl":"https:\/\/news.canadamotorjobs.com\/wp-content\/uploads\/2025\/01\/trudeau-poilievre-1-6097480.jpg","datePublished":"2025-01-09T19:12:05+00:00","dateModified":"2025-01-09T19:13:57+00:00","description":"La d\u00e9mission de Justin Trudeau et la suite de l\u2019automobile au Canada - Benoit Charette - Annuel automobile - CanadaMotorJobs.com.","breadcrumb":{"@id":"https:\/\/news.canadamotorjobs.com\/fr\/la-demission-de-justin-trudeau-et-la-suite-de-lautomobile-au-canada\/#breadcrumb"},"inLanguage":"fr-CA","potentialAction":[{"@type":"ReadAction","target":["https:\/\/news.canadamotorjobs.com\/fr\/la-demission-de-justin-trudeau-et-la-suite-de-lautomobile-au-canada\/"]}]},{"@type":"ImageObject","inLanguage":"fr-CA","@id":"https:\/\/news.canadamotorjobs.com\/fr\/la-demission-de-justin-trudeau-et-la-suite-de-lautomobile-au-canada\/#primaryimage","url":"https:\/\/news.canadamotorjobs.com\/wp-content\/uploads\/2025\/01\/trudeau-poilievre-1-6097480.jpg","contentUrl":"https:\/\/news.canadamotorjobs.com\/wp-content\/uploads\/2025\/01\/trudeau-poilievre-1-6097480.jpg","width":1020,"height":574},{"@type":"BreadcrumbList","@id":"https:\/\/news.canadamotorjobs.com\/fr\/la-demission-de-justin-trudeau-et-la-suite-de-lautomobile-au-canada\/#breadcrumb","itemListElement":[{"@type":"ListItem","position":1,"name":"Home","item":"https:\/\/news.canadamotorjobs.com\/fr\/blog\/"},{"@type":"ListItem","position":2,"name":"La d\u00e9mission de Justin Trudeau et la suite de l\u2019automobile au Canada"}]},{"@type":"WebSite","@id":"https:\/\/news.canadamotorjobs.com\/#website","url":"https:\/\/news.canadamotorjobs.com\/","name":"CanadaMotorJobs.com","description":"Automotive Jobs","publisher":{"@id":"https:\/\/news.canadamotorjobs.com\/#organization"},"potentialAction":[{"@type":"SearchAction","target":{"@type":"EntryPoint","urlTemplate":"https:\/\/news.canadamotorjobs.com\/?s={search_term_string}"},"query-input":"required name=search_term_string"}],"inLanguage":"fr-CA"},{"@type":"Organization","@id":"https:\/\/news.canadamotorjobs.com\/#organization","name":"Canada Motor Jobs","url":"https:\/\/news.canadamotorjobs.com\/","logo":{"@type":"ImageObject","inLanguage":"fr-CA","@id":"https:\/\/news.canadamotorjobs.com\/#\/schema\/logo\/image\/","url":"https:\/\/news.canadamotorjobs.com\/wp-content\/uploads\/2022\/10\/logo-canada-motor-jobs-1.png","contentUrl":"https:\/\/news.canadamotorjobs.com\/wp-content\/uploads\/2022\/10\/logo-canada-motor-jobs-1.png","width":800,"height":400,"caption":"Canada Motor Jobs"},"image":{"@id":"https:\/\/news.canadamotorjobs.com\/#\/schema\/logo\/image\/"},"sameAs":["https:\/\/www.facebook.com\/canadamotorjobs\/","https:\/\/x.com\/canadamotorjobs","https:\/\/www.instagram.com\/canadamotorjobs\/","https:\/\/www.linkedin.com\/company\/canadamotorjobs"]},{"@type":"Person","@id":"https:\/\/news.canadamotorjobs.com\/#\/schema\/person\/51793d1f87d44011d7bcc2ed99269a90","name":"Benoit Charette","image":{"@type":"ImageObject","inLanguage":"fr-CA","@id":"https:\/\/news.canadamotorjobs.com\/#\/schema\/person\/image\/","url":"https:\/\/secure.gravatar.com\/avatar\/45f3d2eebcccd909668d7ce7ea7267b6?s=96&d=mm&r=g","contentUrl":"https:\/\/secure.gravatar.com\/avatar\/45f3d2eebcccd909668d7ce7ea7267b6?s=96&d=mm&r=g","caption":"Benoit Charette"},"description":"Benoit Charette \/ Propri\u00e9taire et r\u00e9dacteur en chef Benoit Charette pratique le journalisme automobile depuis bient\u00f4t 30 ans. Il a fait ses classes au c\u00f4t\u00e9 de Daniel H\u00e9raud et au Carnet de route de 1992 \u00e0 2001. Il est fondateur, copropri\u00e9taire et r\u00e9dacteur en chef de L\u2019Annuel de l\u2019automobile, qu\u2019il publie depuis 2001. Il a anim\u00e9 les \u00e9missions RPM et RPM+ sur V et les L\u00e9gendes de la route sur Historia. \u00c0 la radio depuis 1986, il reprend l\u2019antenne cette ann\u00e9e sur les ondes de Cogeco et participe pour la deuxi\u00e8me ann\u00e9e \u00e0 l\u2019\u00e9mission Passion Auto sur RDS en plus de mettre en ligne le site Web officiel de L\u2019Annuel de l\u2019automobile sur annuelauto.ca.","sameAs":["https:\/\/annuelauto.ca\/"],"url":"https:\/\/news.canadamotorjobs.com\/fr\/author\/benoit-charette\/"}]}},"_links":{"self":[{"href":"https:\/\/news.canadamotorjobs.com\/fr\/wp-json\/wp\/v2\/posts\/188248"}],"collection":[{"href":"https:\/\/news.canadamotorjobs.com\/fr\/wp-json\/wp\/v2\/posts"}],"about":[{"href":"https:\/\/news.canadamotorjobs.com\/fr\/wp-json\/wp\/v2\/types\/post"}],"author":[{"embeddable":true,"href":"https:\/\/news.canadamotorjobs.com\/fr\/wp-json\/wp\/v2\/users\/8"}],"replies":[{"embeddable":true,"href":"https:\/\/news.canadamotorjobs.com\/fr\/wp-json\/wp\/v2\/comments?post=188248"}],"version-history":[{"count":2,"href":"https:\/\/news.canadamotorjobs.com\/fr\/wp-json\/wp\/v2\/posts\/188248\/revisions"}],"predecessor-version":[{"id":188252,"href":"https:\/\/news.canadamotorjobs.com\/fr\/wp-json\/wp\/v2\/posts\/188248\/revisions\/188252"}],"wp:featuredmedia":[{"embeddable":true,"href":"https:\/\/news.canadamotorjobs.com\/fr\/wp-json\/wp\/v2\/media\/188250"}],"wp:attachment":[{"href":"https:\/\/news.canadamotorjobs.com\/fr\/wp-json\/wp\/v2\/media?parent=188248"}],"wp:term":[{"taxonomy":"category","embeddable":true,"href":"https:\/\/news.canadamotorjobs.com\/fr\/wp-json\/wp\/v2\/categories?post=188248"},{"taxonomy":"post_tag","embeddable":true,"href":"https:\/\/news.canadamotorjobs.com\/fr\/wp-json\/wp\/v2\/tags?post=188248"}],"curies":[{"name":"wp","href":"https:\/\/api.w.org\/{rel}","templated":true}]}}