{"id":188184,"date":"2025-01-09T02:24:45","date_gmt":"2025-01-09T07:24:45","guid":{"rendered":"https:\/\/news.canadamotorjobs.com\/?p=188184"},"modified":"2025-01-09T02:31:07","modified_gmt":"2025-01-09T07:31:07","slug":"ces-2025-italdesign-presente-un-concept-audacieux","status":"publish","type":"post","link":"https:\/\/news.canadamotorjobs.com\/fr\/ces-2025-italdesign-presente-un-concept-audacieux\/","title":{"rendered":"CES 2025 : Italdesign pr\u00e9sente un concept audacieux"},"content":{"rendered":"<\/p>\n<p>La maison de design Italdesign, c\u00e9l\u00e8bre pour ses cr\u00e9ations l\u00e9gendaires, marque les esprits au CES (Consumer Electronics Show) 2025, qui se tient \u00e0 Las Vegas, avec le concept Quintessenza. Ce dernier est un m\u00e9lange in\u00e9dit entre une voiture de grand tourisme italienne et une camionnette \u00e9lectrique.<\/p>\n<p><strong>Le mariage du style et de la fonctionnalit\u00e9<\/strong><\/p>\n<p>Fond\u00e9e en 1968 par Giorgetto Giugiaro, Italdesign est reconnue pour ses designs novateurs, comme ceux de la Maserati Boomerang et de la BMW M1. La Quintessenza, pr\u00e9sent\u00e9e cette ann\u00e9e au CES, perp\u00e9tue cet h\u00e9ritage en combinant des lignes ac\u00e9r\u00e9es et un style futuriste rappelant le projet GT-R 50 con\u00e7u pour Nissan.<\/p>\n<p><\/p>\n<figure><img decoding=\"async\" src=\"https:\/\/news.canadamotorjobs.com\/wp-content\/uploads\/2025\/01\/QE-09-1156-102368-5.jpg\" alt=\"La Quintessenza de Italdesign, portes ouvertes\" \/><figcaption>La Quintessenza de Italdesign, portes ouvertes | Auto123.com<\/figcaption><\/figure>\n<figure><img decoding=\"async\" src=\"https:\/\/news.canadamotorjobs.com\/wp-content\/uploads\/2025\/01\/QE-10-1922-0901-1.jpg\" alt=\"La Quintessenza de Italdesign, de haut\" \/><figcaption>La Quintessenza de Italdesign, de haut | Auto123.com<\/figcaption><\/figure>\n<p>Plus longue qu\u2019un Ford F-150, la Quintessenza affiche un look spectaculaire avec ses pneus imposants mont\u00e9s sur des roues de 24 pouces. Sa carrosserie int\u00e8gre des mat\u00e9riaux durables, et elle est \u00e9quip\u00e9e de moteurs \u00e9lectriques int\u00e9gr\u00e9s aux roues. Le toit amovible d\u00e9voile un minibar r\u00e9frig\u00e9r\u00e9 int\u00e9gr\u00e9, parfait pour les escapades tout-terrain.<\/p>\n<p><strong>Des donn\u00e9es qui impressionnent<\/strong><\/p>\n<p>Le concept repose sur une batterie de 150 kWh et trois moteurs \u00e9lectriques, d\u00e9veloppant une puissance totale de 777 chevaux. Le 0 \u00e0 100 km\/h est abattu en moins de 3 secondes.<\/p>\n<p>La suspension ajustable offre une garde au sol modulable entre 20 cm et 28 cm, id\u00e9ale pour affronter des terrains vari\u00e9s. Un becquet avant s\u2019abaisse automatiquement \u00e0 haute vitesse pour am\u00e9liorer la stabilit\u00e9, renfor\u00e7ant l\u2019ADN sportif du v\u00e9hicule.<\/p>\n<p>Avec ses performances, la Quintessenza \u00e9voque une interpr\u00e9tation tout-terrain d\u2019une Ferrari F80.<\/p>\n<p><\/p>\n<figure><img decoding=\"async\" src=\"https:\/\/news.canadamotorjobs.com\/wp-content\/uploads\/2025\/01\/QE-09-1544-102529-1.jpg\" alt=\"La Quintessenza de Italdesign, int\u00e9rieur\" \/><figcaption>La Quintessenza de Italdesign, int\u00e9rieur | Auto123.com<\/figcaption><\/figure>\n<figure><img decoding=\"async\" src=\"https:\/\/news.canadamotorjobs.com\/wp-content\/uploads\/2025\/01\/QE-09-1629-102598-1.jpg\" alt=\"La Quintessenza de Italdesign, volant\" \/><figcaption>La Quintessenza de Italdesign, volant | Auto123.com<\/figcaption><\/figure>\n<p><strong>Un int\u00e9rieur modulable et convivial<\/strong><\/p>\n<p>L\u2019int\u00e9rieur de la Quintessenza n\u2019est pas en reste. Ce pickup \u00e9lectrique peut accueillir quatre personnes, avec une disposition modulable : les si\u00e8ges arri\u00e8re pivotent pour s\u2019orienter vers la bo\u00eete, et une console centrale coulissante permet d\u2019\u00e9tendre le minibar vers les passagers arri\u00e8re. Ce design ing\u00e9nieux illustre la capacit\u00e9 d\u2019Italdesign \u00e0 concilier praticit\u00e9 et luxe.<\/p>\n<p><strong>Un concept, pas une production<\/strong><\/p>\n<p>Bien que la Quintessenza ne soit pas destin\u00e9e \u00e0 la production, elle sert de vitrine pour d\u00e9montrer le savoir-faire d\u2019Italdesign. La maison, qui ouvre son si\u00e8ge am\u00e9ricain \u00e0 Detroit, ambitionne de collaborer avec des constructeurs \u00e9tablis ou de jeunes pousses \u00e9mergentes pour des projets innovants.<\/p>\n<p><\/p>\n<figure><img decoding=\"async\" src=\"https:\/\/news.canadamotorjobs.com\/wp-content\/uploads\/2025\/01\/QE-09-1219-102426-1.jpg\" alt=\"La Quintessenza de Italdesign, avant\" \/><figcaption>La Quintessenza de Italdesign, avant | Auto123.com<\/figcaption><\/figure>\n<figure><img decoding=\"async\" src=\"https:\/\/news.canadamotorjobs.com\/wp-content\/uploads\/2025\/01\/QE-09-1219-102417-1.jpg\" alt=\"La Quintessenza de Italdesign, avant, portes ouvertes\" \/><figcaption>La Quintessenza de Italdesign, avant, portes ouvertes | Auto123.com<\/figcaption><\/figure>\n<p><strong>Une c\u00e9l\u00e9bration de l\u2019excellence italienne<\/strong><\/p>\n<p>D\u00e9j\u00e0 d\u00e9voil\u00e9 lors du Concours d\u2019\u00e9l\u00e9gance de Pebble Beach, le concept Quintessenza prouve que les maisons de design de Turin restent des r\u00e9f\u00e9rences dans l\u2019imaginaire automobile. Avec son approche audacieuse, Italdesign c\u00e9l\u00e8bre son h\u00e9ritage tout en regardant vers l\u2019avenir, \u00e0 l\u2019aube de son 60e anniversaire en 2028.<\/p>\n<p>Le concept Quintessenza d\u00e9montre comment Italdesign continue de repousser les limites du design automobile. Il ne manquera pas d\u2019inspirer l\u2019industrie, m\u00eame si cette camionnette \u00e9lectrique demeure un r\u00eave r\u00e9serv\u00e9 aux salons d\u2019auto.<\/p>\n<p><\/p>\n<figure><img decoding=\"async\" src=\"https:\/\/news.canadamotorjobs.com\/wp-content\/uploads\/2025\/01\/QE-09-1848-102718-1.jpg\" alt=\"La Quintessenza de Italdesign, arri\u00e8re, hayon ouvert\" \/><figcaption>La Quintessenza de Italdesign, arri\u00e8re, hayon ouvert | Auto123.com<\/figcaption><\/figure>\n<figure><img decoding=\"async\" src=\"https:\/\/news.canadamotorjobs.com\/wp-content\/uploads\/2025\/01\/QE-10-2014-0904-1.jpg\" alt=\"La Quintessenza de Italdesign, de haut, arri\u00e8re\" \/><figcaption>La Quintessenza de Italdesign, de haut, arri\u00e8re | Auto123.com<\/figcaption><\/figure>\n<figure><img decoding=\"async\" src=\"https:\/\/news.canadamotorjobs.com\/wp-content\/uploads\/2025\/01\/QE-09-1919-102796-1.jpg\" alt=\"La Quintessenza de Italdesign, profil, fig. 1\" \/><figcaption>La Quintessenza de Italdesign, profil, fig. 1 | Auto123.com<\/figcaption><\/figure>\n<figure><img decoding=\"async\" src=\"https:\/\/news.canadamotorjobs.com\/wp-content\/uploads\/2025\/01\/QE-09-1917-102789-1.jpg\" alt=\"La Quintessenza de Italdesign, profil, fig. 2\" \/><figcaption>La Quintessenza de Italdesign, profil, fig. 2 | Auto123.com<\/figcaption><\/figure>\n<p style=\"padding-top: 15px\">Contenu original de <a href=\"https:\/\/www.auto123.com\/fr\/actualites\/italdesign-quintessenza-concept-ces-2025\/72256\/\">auto123<\/a>.<\/p>\n<p>Le texte <a rel=\"nofollow\" href=\"https:\/\/annuelauto.ca\/ces-2025-italdesign-presente-un-concept-audacieux\/\">CES 2025 : Italdesign pr\u00e9sente un concept audacieux<\/a> provient de <a rel=\"nofollow\" href=\"https:\/\/annuelauto.ca\">L&#8217;annuel de l&#8217;automobile &#8211; Actualit\u00e9 automobile<\/a><\/p>\n<p><\/p>\n","protected":false},"excerpt":{"rendered":"<p>La maison de design Italdesign, c\u00e9l\u00e8bre pour ses cr\u00e9ations l\u00e9gendaires, marque les esprits au CES (Consumer Electronics Show) 2025, qui se tient \u00e0 Las Vegas, avec le concept Quintessenza. Ce dernier est un m\u00e9lange in\u00e9dit entre une voiture de grand tourisme italienne et une camionnette \u00e9lectrique. Le mariage du style et de la fonctionnalit\u00e9 Fond\u00e9e [&hellip;]<\/p>\n","protected":false},"author":8,"featured_media":188186,"comment_status":"close","ping_status":"closed","sticky":false,"template":"","format":"standard","meta":{"_monsterinsights_skip_tracking":false,"_monsterinsights_sitenote_active":false,"_monsterinsights_sitenote_note":"","_monsterinsights_sitenote_category":0,"footnotes":""},"categories":[101],"tags":[],"yoast_head":"<!-- This site is optimized with the Yoast SEO plugin v23.2 - https:\/\/yoast.com\/wordpress\/plugins\/seo\/ -->\n<title>CES 2025 : Italdesign pr\u00e9sente un concept audacieux - CanadaMotorJobs.com<\/title>\n<meta name=\"description\" content=\"CES 2025 : Italdesign pr\u00e9sente un concept audacieux - Benoit Charette - Annuel automobile - CanadaMotorJobs.com.\" \/>\n<meta name=\"robots\" content=\"index, follow, max-snippet:-1, max-image-preview:large, max-video-preview:-1\" \/>\n<meta property=\"og:locale\" content=\"fr_CA\" \/>\n<meta property=\"og:type\" content=\"article\" \/>\n<meta property=\"og:title\" content=\"CES 2025 : Italdesign pr\u00e9sente un concept audacieux - CanadaMotorJobs.com\" \/>\n<meta property=\"og:description\" content=\"CES 2025 : Italdesign pr\u00e9sente un concept audacieux - Benoit Charette - Annuel automobile - CanadaMotorJobs.com.\" \/>\n<meta property=\"og:url\" content=\"https:\/\/news.canadamotorjobs.com\/fr\/ces-2025-italdesign-presente-un-concept-audacieux\/\" \/>\n<meta property=\"og:site_name\" content=\"CanadaMotorJobs.com\" \/>\n<meta property=\"article:publisher\" content=\"https:\/\/www.facebook.com\/canadamotorjobs\/\" \/>\n<meta property=\"article:published_time\" content=\"2025-01-09T07:24:45+00:00\" \/>\n<meta property=\"article:modified_time\" content=\"2025-01-09T07:31:07+00:00\" \/>\n<meta property=\"og:image\" content=\"https:\/\/news.canadamotorjobs.com\/wp-content\/uploads\/2025\/01\/QE-09-1156-102368.jpg\" \/>\n\t<meta property=\"og:image:width\" content=\"1200\" \/>\n\t<meta property=\"og:image:height\" content=\"675\" \/>\n\t<meta property=\"og:image:type\" content=\"image\/jpeg\" \/>\n<meta name=\"author\" content=\"Benoit Charette\" \/>\n<meta name=\"twitter:card\" content=\"summary_large_image\" \/>\n<meta name=\"twitter:creator\" content=\"@canadamotorjobs\" \/>\n<meta name=\"twitter:site\" content=\"@canadamotorjobs\" \/>\n<meta name=\"twitter:label1\" content=\"\u00c9crit par\" \/>\n\t<meta name=\"twitter:data1\" content=\"Benoit Charette\" \/>\n\t<meta name=\"twitter:label2\" content=\"Estimation du temps de lecture\" \/>\n\t<meta name=\"twitter:data2\" content=\"3 minutes\" \/>\n<!-- \/ Yoast SEO plugin. -->","yoast_head_json":{"title":"CES 2025 : Italdesign pr\u00e9sente un concept audacieux - CanadaMotorJobs.com","description":"CES 2025 : Italdesign pr\u00e9sente un concept audacieux - Benoit Charette - Annuel automobile - CanadaMotorJobs.com.","robots":{"index":"index","follow":"follow","max-snippet":"max-snippet:-1","max-image-preview":"max-image-preview:large","max-video-preview":"max-video-preview:-1"},"og_locale":"fr_CA","og_type":"article","og_title":"CES 2025 : Italdesign pr\u00e9sente un concept audacieux - CanadaMotorJobs.com","og_description":"CES 2025 : Italdesign pr\u00e9sente un concept audacieux - Benoit Charette - Annuel automobile - CanadaMotorJobs.com.","og_url":"https:\/\/news.canadamotorjobs.com\/fr\/ces-2025-italdesign-presente-un-concept-audacieux\/","og_site_name":"CanadaMotorJobs.com","article_publisher":"https:\/\/www.facebook.com\/canadamotorjobs\/","article_published_time":"2025-01-09T07:24:45+00:00","article_modified_time":"2025-01-09T07:31:07+00:00","og_image":[{"width":1200,"height":675,"url":"https:\/\/news.canadamotorjobs.com\/wp-content\/uploads\/2025\/01\/QE-09-1156-102368.jpg","type":"image\/jpeg"}],"author":"Benoit Charette","twitter_card":"summary_large_image","twitter_creator":"@canadamotorjobs","twitter_site":"@canadamotorjobs","twitter_misc":{"\u00c9crit par":"Benoit Charette","Estimation du temps de lecture":"3 minutes"},"schema":{"@context":"https:\/\/schema.org","@graph":[{"@type":"Article","@id":"https:\/\/news.canadamotorjobs.com\/fr\/ces-2025-italdesign-presente-un-concept-audacieux\/#article","isPartOf":{"@id":"https:\/\/news.canadamotorjobs.com\/fr\/ces-2025-italdesign-presente-un-concept-audacieux\/"},"author":{"name":"Benoit Charette","@id":"https:\/\/news.canadamotorjobs.com\/#\/schema\/person\/51793d1f87d44011d7bcc2ed99269a90"},"headline":"CES 2025 : Italdesign pr\u00e9sente un concept audacieux","datePublished":"2025-01-09T07:24:45+00:00","dateModified":"2025-01-09T07:31:07+00:00","mainEntityOfPage":{"@id":"https:\/\/news.canadamotorjobs.com\/fr\/ces-2025-italdesign-presente-un-concept-audacieux\/"},"wordCount":605,"publisher":{"@id":"https:\/\/news.canadamotorjobs.com\/#organization"},"image":{"@id":"https:\/\/news.canadamotorjobs.com\/fr\/ces-2025-italdesign-presente-un-concept-audacieux\/#primaryimage"},"thumbnailUrl":"https:\/\/news.canadamotorjobs.com\/wp-content\/uploads\/2025\/01\/QE-09-1156-102368.jpg","articleSection":["Annuel automobile"],"inLanguage":"fr-CA"},{"@type":"WebPage","@id":"https:\/\/news.canadamotorjobs.com\/fr\/ces-2025-italdesign-presente-un-concept-audacieux\/","url":"https:\/\/news.canadamotorjobs.com\/fr\/ces-2025-italdesign-presente-un-concept-audacieux\/","name":"CES 2025 : Italdesign pr\u00e9sente un concept audacieux - CanadaMotorJobs.com","isPartOf":{"@id":"https:\/\/news.canadamotorjobs.com\/#website"},"primaryImageOfPage":{"@id":"https:\/\/news.canadamotorjobs.com\/fr\/ces-2025-italdesign-presente-un-concept-audacieux\/#primaryimage"},"image":{"@id":"https:\/\/news.canadamotorjobs.com\/fr\/ces-2025-italdesign-presente-un-concept-audacieux\/#primaryimage"},"thumbnailUrl":"https:\/\/news.canadamotorjobs.com\/wp-content\/uploads\/2025\/01\/QE-09-1156-102368.jpg","datePublished":"2025-01-09T07:24:45+00:00","dateModified":"2025-01-09T07:31:07+00:00","description":"CES 2025 : Italdesign pr\u00e9sente un concept audacieux - Benoit Charette - Annuel automobile - CanadaMotorJobs.com.","breadcrumb":{"@id":"https:\/\/news.canadamotorjobs.com\/fr\/ces-2025-italdesign-presente-un-concept-audacieux\/#breadcrumb"},"inLanguage":"fr-CA","potentialAction":[{"@type":"ReadAction","target":["https:\/\/news.canadamotorjobs.com\/fr\/ces-2025-italdesign-presente-un-concept-audacieux\/"]}]},{"@type":"ImageObject","inLanguage":"fr-CA","@id":"https:\/\/news.canadamotorjobs.com\/fr\/ces-2025-italdesign-presente-un-concept-audacieux\/#primaryimage","url":"https:\/\/news.canadamotorjobs.com\/wp-content\/uploads\/2025\/01\/QE-09-1156-102368.jpg","contentUrl":"https:\/\/news.canadamotorjobs.com\/wp-content\/uploads\/2025\/01\/QE-09-1156-102368.jpg","width":1200,"height":675},{"@type":"BreadcrumbList","@id":"https:\/\/news.canadamotorjobs.com\/fr\/ces-2025-italdesign-presente-un-concept-audacieux\/#breadcrumb","itemListElement":[{"@type":"ListItem","position":1,"name":"Home","item":"https:\/\/news.canadamotorjobs.com\/fr\/blog\/"},{"@type":"ListItem","position":2,"name":"CES 2025 : Italdesign pr\u00e9sente un concept audacieux"}]},{"@type":"WebSite","@id":"https:\/\/news.canadamotorjobs.com\/#website","url":"https:\/\/news.canadamotorjobs.com\/","name":"CanadaMotorJobs.com","description":"Automotive Jobs","publisher":{"@id":"https:\/\/news.canadamotorjobs.com\/#organization"},"potentialAction":[{"@type":"SearchAction","target":{"@type":"EntryPoint","urlTemplate":"https:\/\/news.canadamotorjobs.com\/?s={search_term_string}"},"query-input":"required name=search_term_string"}],"inLanguage":"fr-CA"},{"@type":"Organization","@id":"https:\/\/news.canadamotorjobs.com\/#organization","name":"Canada Motor Jobs","url":"https:\/\/news.canadamotorjobs.com\/","logo":{"@type":"ImageObject","inLanguage":"fr-CA","@id":"https:\/\/news.canadamotorjobs.com\/#\/schema\/logo\/image\/","url":"https:\/\/news.canadamotorjobs.com\/wp-content\/uploads\/2022\/10\/logo-canada-motor-jobs-1.png","contentUrl":"https:\/\/news.canadamotorjobs.com\/wp-content\/uploads\/2022\/10\/logo-canada-motor-jobs-1.png","width":800,"height":400,"caption":"Canada Motor Jobs"},"image":{"@id":"https:\/\/news.canadamotorjobs.com\/#\/schema\/logo\/image\/"},"sameAs":["https:\/\/www.facebook.com\/canadamotorjobs\/","https:\/\/x.com\/canadamotorjobs","https:\/\/www.instagram.com\/canadamotorjobs\/","https:\/\/www.linkedin.com\/company\/canadamotorjobs"]},{"@type":"Person","@id":"https:\/\/news.canadamotorjobs.com\/#\/schema\/person\/51793d1f87d44011d7bcc2ed99269a90","name":"Benoit Charette","image":{"@type":"ImageObject","inLanguage":"fr-CA","@id":"https:\/\/news.canadamotorjobs.com\/#\/schema\/person\/image\/","url":"https:\/\/secure.gravatar.com\/avatar\/45f3d2eebcccd909668d7ce7ea7267b6?s=96&d=mm&r=g","contentUrl":"https:\/\/secure.gravatar.com\/avatar\/45f3d2eebcccd909668d7ce7ea7267b6?s=96&d=mm&r=g","caption":"Benoit Charette"},"description":"Benoit Charette \/ Propri\u00e9taire et r\u00e9dacteur en chef Benoit Charette pratique le journalisme automobile depuis bient\u00f4t 30 ans. Il a fait ses classes au c\u00f4t\u00e9 de Daniel H\u00e9raud et au Carnet de route de 1992 \u00e0 2001. Il est fondateur, copropri\u00e9taire et r\u00e9dacteur en chef de L\u2019Annuel de l\u2019automobile, qu\u2019il publie depuis 2001. Il a anim\u00e9 les \u00e9missions RPM et RPM+ sur V et les L\u00e9gendes de la route sur Historia. \u00c0 la radio depuis 1986, il reprend l\u2019antenne cette ann\u00e9e sur les ondes de Cogeco et participe pour la deuxi\u00e8me ann\u00e9e \u00e0 l\u2019\u00e9mission Passion Auto sur RDS en plus de mettre en ligne le site Web officiel de L\u2019Annuel de l\u2019automobile sur annuelauto.ca.","sameAs":["https:\/\/annuelauto.ca\/"],"url":"https:\/\/news.canadamotorjobs.com\/fr\/author\/benoit-charette\/"}]}},"_links":{"self":[{"href":"https:\/\/news.canadamotorjobs.com\/fr\/wp-json\/wp\/v2\/posts\/188184"}],"collection":[{"href":"https:\/\/news.canadamotorjobs.com\/fr\/wp-json\/wp\/v2\/posts"}],"about":[{"href":"https:\/\/news.canadamotorjobs.com\/fr\/wp-json\/wp\/v2\/types\/post"}],"author":[{"embeddable":true,"href":"https:\/\/news.canadamotorjobs.com\/fr\/wp-json\/wp\/v2\/users\/8"}],"replies":[{"embeddable":true,"href":"https:\/\/news.canadamotorjobs.com\/fr\/wp-json\/wp\/v2\/comments?post=188184"}],"version-history":[{"count":3,"href":"https:\/\/news.canadamotorjobs.com\/fr\/wp-json\/wp\/v2\/posts\/188184\/revisions"}],"predecessor-version":[{"id":188247,"href":"https:\/\/news.canadamotorjobs.com\/fr\/wp-json\/wp\/v2\/posts\/188184\/revisions\/188247"}],"wp:featuredmedia":[{"embeddable":true,"href":"https:\/\/news.canadamotorjobs.com\/fr\/wp-json\/wp\/v2\/media\/188186"}],"wp:attachment":[{"href":"https:\/\/news.canadamotorjobs.com\/fr\/wp-json\/wp\/v2\/media?parent=188184"}],"wp:term":[{"taxonomy":"category","embeddable":true,"href":"https:\/\/news.canadamotorjobs.com\/fr\/wp-json\/wp\/v2\/categories?post=188184"},{"taxonomy":"post_tag","embeddable":true,"href":"https:\/\/news.canadamotorjobs.com\/fr\/wp-json\/wp\/v2\/tags?post=188184"}],"curies":[{"name":"wp","href":"https:\/\/api.w.org\/{rel}","templated":true}]}}