{"id":188116,"date":"2025-01-09T02:24:45","date_gmt":"2025-01-09T07:24:45","guid":{"rendered":"https:\/\/news.canadamotorjobs.com\/?p=188116"},"modified":"2025-01-09T02:30:36","modified_gmt":"2025-01-09T07:30:36","slug":"ces-2025-honda-presente-les-prototypes-de-la-serie-0","status":"publish","type":"post","link":"https:\/\/news.canadamotorjobs.com\/fr\/ces-2025-honda-presente-les-prototypes-de-la-serie-0\/","title":{"rendered":"CES 2025 : Honda pr\u00e9sente les prototypes de la S\u00e9rie 0"},"content":{"rendered":"<\/p>\n<p>Honda a d\u00e9voil\u00e9 au CES (Consumer Electronics Show) 2025 ses prototypes de la S\u00e9rie 0, soit un VUS et une berline futuristes qui promettant une nouvelle \u00e8re pour les v\u00e9hicules \u00e9lectriques (V\u00c9S) de la marque. Pr\u00e9vue pour 2026, cette gamme va marquer un tournant audacieux pour le constructeur japonais.<\/p>\n<p><strong>Une vision audacieuse pour l\u2019avenir<\/strong><\/p>\n<p>Honda a pris son temps avant d\u2019entrer pleinement sur le march\u00e9 nord-am\u00e9ricain des V\u00c9S. Cependant, le succ\u00e8s du VUS Prologue, \u00e9coul\u00e9 \u00e0 plus de 30 000 exemplaires depuis son lancement en mars 2024, prouve que l\u2019attente en valait la peine. La gamme de la S\u00e9rie 0 d\u00e9voil\u00e9e \u00e0 Las Vegas pousse encore plus loin cette ambition, avec un design radical et une technologie de pointe.<\/p>\n<p><\/p>\n<figure><img decoding=\"async\" src=\"https:\/\/news.canadamotorjobs.com\/wp-content\/uploads\/2025\/01\/21_Honda_0_SUV_Prototype_Debut_at_2025_CES-5.jpg\" alt=\"Le VUS Honda 0\" \/><figcaption>Le VUS Honda 0 | Auto123.com<\/figcaption><\/figure>\n<p>Le VUS sera le premier mod\u00e8le \u00e0 arriver sur le march\u00e9 au d\u00e9but de 2026, suivi par la berline, plus tard dans l\u2019ann\u00e9e. Les deux v\u00e9hicules seront produits dans les nouvelles installations de Honda qui est d\u00e9di\u00e9 aux V\u00c9S. Ces derni\u00e8res sont situ\u00e9es en Ohio, l\u00e0 o\u00f9 la compagnie est d\u00e9j\u00e0 tr\u00e8s active.<\/p>\n<p>\u00c0 noter que, contrairement aux mod\u00e8les Prologue, la S\u00e9rie 0 est con\u00e7ue comme une gamme v\u00e9ritablement mondiale.<\/p>\n<p><\/p>\n<figure><img decoding=\"async\" src=\"https:\/\/news.canadamotorjobs.com\/wp-content\/uploads\/2025\/01\/12_Honda_0_Saloon_Prototype_Debut_at_2025_CES-1.jpg\" alt=\"La berline Honda 0\" \/><figcaption>La berline Honda 0 | Auto123.com<\/figcaption><\/figure>\n<p><strong>Un style qui sort du lot<\/strong><\/p>\n<p>Le design des prototypes ne ressemble \u00e0 rien de ce qui se trouve actuellement sur le march\u00e9. Les lignes audacieuses, les pare-chocs au design complexe \u00e0 DEL et les vitres arri\u00e8re \u00e0 effet miroir infini conf\u00e8rent aux v\u00e9hicules une allure futuriste. Bien que certains d\u00e9tails puissent \u00eatre simplifi\u00e9s lors de la production, ces v\u00e9hicules promettent de rester fid\u00e8les \u00e0 l\u2019esprit des prototypes.<\/p>\n<p><\/p>\n<figure><img decoding=\"async\" src=\"https:\/\/news.canadamotorjobs.com\/wp-content\/uploads\/2025\/01\/09_Honda_0_SUV_rear-1.jpg\" alt=\"Le VUS Honda 0, arri\u00e8re\" \/><figcaption>Le VUS Honda 0, arri\u00e8re | Auto123.com<\/figcaption><\/figure>\n<p>Le VUS de la gamme S\u00e9rie 0 se distingue \u00e9galement par des caract\u00e9ristiques pratiques, comme un espace arri\u00e8re \u00e0 plancher bas facilitant le chargement, et des espaces de rangement int\u00e9gr\u00e9s dans les parois.<\/p>\n<p><\/p>\n<figure><img decoding=\"async\" src=\"https:\/\/news.canadamotorjobs.com\/wp-content\/uploads\/2025\/01\/14_Honda_0_Saloon_Prototype_Debut_at_2025_CES-1.jpg\" alt=\"La berline Honda 0, avant\" \/><figcaption>La berline Honda 0, avant | Auto123.com<\/figcaption><\/figure>\n<p>La berline int\u00e8gre des solutions innovantes, comme un volant qui permet de lib\u00e9rer de l\u2019espace pour les jambes du conducteur lors de l\u2019entr\u00e9e et la sortie du v\u00e9hicule. Avec une hauteur comparable \u00e0 celle d\u2019une Civic (140 cm), elle combine allure sportive et praticit\u00e9.<\/p>\n<p><\/p>\n<figure><img decoding=\"async\" src=\"https:\/\/news.canadamotorjobs.com\/wp-content\/uploads\/2025\/01\/24_Honda_0_SUV_Prototype_Debut_at_2025_CES-1.jpg\" alt=\"Le VUS Honda 0, habitacle\" \/><figcaption>Le VUS Honda 0, habitacle | Auto123.com<\/figcaption><\/figure>\n<p><strong>Une technologie r\u00e9volutionnaire : l\u2019Asimo OS<\/strong><\/p>\n<p>Honda introduit un tout nouveau syst\u00e8me d\u2019exploitation pour ses V\u00c9S : l\u2019Asimo OS, inspir\u00e9 de son c\u00e9l\u00e8bre robot humano\u00efde. Ce syst\u00e8me promet d\u2019\u00eatre pr\u00e9dictif et personnalis\u00e9, en s\u2019adaptant aux habitudes des conducteurs. Par exemple, il pourrait privil\u00e9gier les stations de recharge pr\u00e8s des grands axes routiers ou sugg\u00e9rer des parcs pour les propri\u00e9taires voyageant avec des animaux.<\/p>\n<p>L\u2019Asimo OS sera \u00e9galement compatible avec un syst\u00e8me de conduite autonome de niveau 3, bien que son d\u00e9ploiement d\u00e9pende des r\u00e9gulations locales, particuli\u00e8rement strictes aux \u00c9tats-Unis.<\/p>\n<p><\/p>\n<figure><img decoding=\"async\" src=\"https:\/\/news.canadamotorjobs.com\/wp-content\/uploads\/2025\/01\/19_Honda_0_SUV_amp_Saloon_Prototypes_Debut_at_2025_CES-1.jpg\" alt=\"Les concepts Honda 0\" \/><figcaption>Les concepts Honda 0 | Auto123.com<\/figcaption><\/figure>\n<p><strong>Performances et avenir<\/strong><\/p>\n<p>Bien que Honda n\u2019ait pas encore d\u00e9voil\u00e9 de d\u00e9tails techniques ou de prix, les premi\u00e8res impressions des essais laissent entrevoir des performances comparables \u00e0 celles d\u2019un Hyundai Ioniq 5 \u00e0 deux moteurs. Ces mod\u00e8les devraient \u00eatre comp\u00e9titifs et r\u00e9pondre aux attentes des consommateurs des march\u00e9s mondiaux.<\/p>\n<p>La gamme S\u00e9rie 0 de Honda repr\u00e9sente un v\u00e9ritable pari sur l\u2019avenir des V\u00c9S. Avec ses designs audacieux, sa technologie innovante et ses fonctionnalit\u00e9s pratiques, elle pourrait bien red\u00e9finir la perception des v\u00e9hicules \u00e9lectriques Honda.<\/p>\n<p>Cependant, de nombreux d\u00e9fis restent \u00e0 relever, notamment en mati\u00e8re de r\u00e9gulations et de comp\u00e9titivit\u00e9.<\/p>\n<p><\/p>\n<figure><img decoding=\"async\" src=\"https:\/\/news.canadamotorjobs.com\/wp-content\/uploads\/2025\/01\/15_Honda_0_Saloon_Prototype_Debut_at_2025_CES-1.jpg\" alt=\"La berline Honda 0, trois quarts arri\u00e8re\" \/><figcaption>La berline Honda 0, trois quarts arri\u00e8re | Auto123.com<\/figcaption><\/figure>\n<figure><img decoding=\"async\" src=\"https:\/\/news.canadamotorjobs.com\/wp-content\/uploads\/2025\/01\/16_Honda_0_Saloon_Prototype_Debut_at_2025_CES-1.jpg\" alt=\"La berline Honda 0, feux\" \/><figcaption>La berline Honda 0, feux | Auto123.com<\/figcaption><\/figure>\n<figure><img decoding=\"async\" src=\"https:\/\/news.canadamotorjobs.com\/wp-content\/uploads\/2025\/01\/10_Honda_0_SUV_side-1.jpg\" alt=\"Le VUS Honda 0, de profil\" \/><figcaption>Le VUS Honda 0, de profil | Auto123.com<\/figcaption><\/figure>\n<figure><img decoding=\"async\" src=\"https:\/\/news.canadamotorjobs.com\/wp-content\/uploads\/2025\/01\/22_Honda_0_SUV_Prototype_Debut_at_2025_CES-1.jpg\" alt=\"Le VUS Honda 0, avant\" \/><figcaption>Le VUS Honda 0, avant | Auto123.com<\/figcaption><\/figure>\n<figure><img decoding=\"async\" src=\"https:\/\/news.canadamotorjobs.com\/wp-content\/uploads\/2025\/01\/01_Honda_0_Saloon_amp_Honda_0_SUV_copy-1.jpg\" alt=\"Honda innove avec ses nouveaux prototypes \u00e9lectriques de la s\u00e9rie 0\" \/><figcaption>Honda innove avec ses nouveaux prototypes \u00e9lectriques de la s\u00e9rie 0 | Auto123.com<\/figcaption><\/figure>\n<p style=\"padding-top: 15px\">Contenu original de <a href=\"https:\/\/www.auto123.com\/fr\/actualites\/honda-0-electriques-devoiles-ces-2025\/72254\/\">auto123<\/a>.<\/p>\n<p>Le texte <a rel=\"nofollow\" href=\"https:\/\/annuelauto.ca\/ces-2025-honda-presente-les-prototypes-de-la-serie-0\/\">CES 2025 : Honda pr\u00e9sente les prototypes de la S\u00e9rie 0<\/a> provient de <a rel=\"nofollow\" href=\"https:\/\/annuelauto.ca\">L&#8217;annuel de l&#8217;automobile &#8211; Actualit\u00e9 automobile<\/a><\/p>\n<p><\/p>\n","protected":false},"excerpt":{"rendered":"<p>Honda a d\u00e9voil\u00e9 au CES (Consumer Electronics Show) 2025 ses prototypes de la S\u00e9rie 0, soit un VUS et une berline futuristes qui promettant une nouvelle \u00e8re pour les v\u00e9hicules \u00e9lectriques (V\u00c9S) de la marque. Pr\u00e9vue pour 2026, cette gamme va marquer un tournant audacieux pour le constructeur japonais. Une vision audacieuse pour l\u2019avenir Honda [&hellip;]<\/p>\n","protected":false},"author":8,"featured_media":188118,"comment_status":"close","ping_status":"closed","sticky":false,"template":"","format":"standard","meta":{"_monsterinsights_skip_tracking":false,"_monsterinsights_sitenote_active":false,"_monsterinsights_sitenote_note":"","_monsterinsights_sitenote_category":0,"footnotes":""},"categories":[101],"tags":[],"yoast_head":"<!-- This site is optimized with the Yoast SEO plugin v23.2 - https:\/\/yoast.com\/wordpress\/plugins\/seo\/ -->\n<title>CES 2025 : Honda pr\u00e9sente les prototypes de la S\u00e9rie 0 - CanadaMotorJobs.com<\/title>\n<meta name=\"description\" content=\"CES 2025 : Honda pr\u00e9sente les prototypes de la S\u00e9rie 0 - Benoit Charette - Annuel automobile - CanadaMotorJobs.com.\" \/>\n<meta name=\"robots\" content=\"index, follow, max-snippet:-1, max-image-preview:large, max-video-preview:-1\" \/>\n<meta property=\"og:locale\" content=\"fr_CA\" \/>\n<meta property=\"og:type\" content=\"article\" \/>\n<meta property=\"og:title\" content=\"CES 2025 : Honda pr\u00e9sente les prototypes de la S\u00e9rie 0 - CanadaMotorJobs.com\" \/>\n<meta property=\"og:description\" content=\"CES 2025 : Honda pr\u00e9sente les prototypes de la S\u00e9rie 0 - Benoit Charette - Annuel automobile - CanadaMotorJobs.com.\" \/>\n<meta property=\"og:url\" content=\"https:\/\/news.canadamotorjobs.com\/fr\/ces-2025-honda-presente-les-prototypes-de-la-serie-0\/\" \/>\n<meta property=\"og:site_name\" content=\"CanadaMotorJobs.com\" \/>\n<meta property=\"article:publisher\" content=\"https:\/\/www.facebook.com\/canadamotorjobs\/\" \/>\n<meta property=\"article:published_time\" content=\"2025-01-09T07:24:45+00:00\" \/>\n<meta property=\"article:modified_time\" content=\"2025-01-09T07:30:36+00:00\" \/>\n<meta property=\"og:image\" content=\"https:\/\/news.canadamotorjobs.com\/wp-content\/uploads\/2025\/01\/21_Honda_0_SUV_Prototype_Debut_at_2025_CES.jpg\" \/>\n\t<meta property=\"og:image:width\" content=\"1200\" \/>\n\t<meta property=\"og:image:height\" content=\"800\" \/>\n\t<meta property=\"og:image:type\" content=\"image\/jpeg\" \/>\n<meta name=\"author\" content=\"Benoit Charette\" \/>\n<meta name=\"twitter:card\" content=\"summary_large_image\" \/>\n<meta name=\"twitter:creator\" content=\"@canadamotorjobs\" \/>\n<meta name=\"twitter:site\" content=\"@canadamotorjobs\" \/>\n<meta name=\"twitter:label1\" content=\"\u00c9crit par\" \/>\n\t<meta name=\"twitter:data1\" content=\"Benoit Charette\" \/>\n\t<meta name=\"twitter:label2\" content=\"Estimation du temps de lecture\" \/>\n\t<meta name=\"twitter:data2\" content=\"3 minutes\" \/>\n<!-- \/ Yoast SEO plugin. -->","yoast_head_json":{"title":"CES 2025 : Honda pr\u00e9sente les prototypes de la S\u00e9rie 0 - CanadaMotorJobs.com","description":"CES 2025 : Honda pr\u00e9sente les prototypes de la S\u00e9rie 0 - Benoit Charette - Annuel automobile - CanadaMotorJobs.com.","robots":{"index":"index","follow":"follow","max-snippet":"max-snippet:-1","max-image-preview":"max-image-preview:large","max-video-preview":"max-video-preview:-1"},"og_locale":"fr_CA","og_type":"article","og_title":"CES 2025 : Honda pr\u00e9sente les prototypes de la S\u00e9rie 0 - CanadaMotorJobs.com","og_description":"CES 2025 : Honda pr\u00e9sente les prototypes de la S\u00e9rie 0 - Benoit Charette - Annuel automobile - CanadaMotorJobs.com.","og_url":"https:\/\/news.canadamotorjobs.com\/fr\/ces-2025-honda-presente-les-prototypes-de-la-serie-0\/","og_site_name":"CanadaMotorJobs.com","article_publisher":"https:\/\/www.facebook.com\/canadamotorjobs\/","article_published_time":"2025-01-09T07:24:45+00:00","article_modified_time":"2025-01-09T07:30:36+00:00","og_image":[{"width":1200,"height":800,"url":"https:\/\/news.canadamotorjobs.com\/wp-content\/uploads\/2025\/01\/21_Honda_0_SUV_Prototype_Debut_at_2025_CES.jpg","type":"image\/jpeg"}],"author":"Benoit Charette","twitter_card":"summary_large_image","twitter_creator":"@canadamotorjobs","twitter_site":"@canadamotorjobs","twitter_misc":{"\u00c9crit par":"Benoit Charette","Estimation du temps de lecture":"3 minutes"},"schema":{"@context":"https:\/\/schema.org","@graph":[{"@type":"Article","@id":"https:\/\/news.canadamotorjobs.com\/fr\/ces-2025-honda-presente-les-prototypes-de-la-serie-0\/#article","isPartOf":{"@id":"https:\/\/news.canadamotorjobs.com\/fr\/ces-2025-honda-presente-les-prototypes-de-la-serie-0\/"},"author":{"name":"Benoit Charette","@id":"https:\/\/news.canadamotorjobs.com\/#\/schema\/person\/51793d1f87d44011d7bcc2ed99269a90"},"headline":"CES 2025 : Honda pr\u00e9sente les prototypes de la S\u00e9rie 0","datePublished":"2025-01-09T07:24:45+00:00","dateModified":"2025-01-09T07:30:36+00:00","mainEntityOfPage":{"@id":"https:\/\/news.canadamotorjobs.com\/fr\/ces-2025-honda-presente-les-prototypes-de-la-serie-0\/"},"wordCount":697,"publisher":{"@id":"https:\/\/news.canadamotorjobs.com\/#organization"},"image":{"@id":"https:\/\/news.canadamotorjobs.com\/fr\/ces-2025-honda-presente-les-prototypes-de-la-serie-0\/#primaryimage"},"thumbnailUrl":"https:\/\/news.canadamotorjobs.com\/wp-content\/uploads\/2025\/01\/21_Honda_0_SUV_Prototype_Debut_at_2025_CES.jpg","articleSection":["Annuel automobile"],"inLanguage":"fr-CA"},{"@type":"WebPage","@id":"https:\/\/news.canadamotorjobs.com\/fr\/ces-2025-honda-presente-les-prototypes-de-la-serie-0\/","url":"https:\/\/news.canadamotorjobs.com\/fr\/ces-2025-honda-presente-les-prototypes-de-la-serie-0\/","name":"CES 2025 : Honda pr\u00e9sente les prototypes de la S\u00e9rie 0 - CanadaMotorJobs.com","isPartOf":{"@id":"https:\/\/news.canadamotorjobs.com\/#website"},"primaryImageOfPage":{"@id":"https:\/\/news.canadamotorjobs.com\/fr\/ces-2025-honda-presente-les-prototypes-de-la-serie-0\/#primaryimage"},"image":{"@id":"https:\/\/news.canadamotorjobs.com\/fr\/ces-2025-honda-presente-les-prototypes-de-la-serie-0\/#primaryimage"},"thumbnailUrl":"https:\/\/news.canadamotorjobs.com\/wp-content\/uploads\/2025\/01\/21_Honda_0_SUV_Prototype_Debut_at_2025_CES.jpg","datePublished":"2025-01-09T07:24:45+00:00","dateModified":"2025-01-09T07:30:36+00:00","description":"CES 2025 : Honda pr\u00e9sente les prototypes de la S\u00e9rie 0 - Benoit Charette - Annuel automobile - CanadaMotorJobs.com.","breadcrumb":{"@id":"https:\/\/news.canadamotorjobs.com\/fr\/ces-2025-honda-presente-les-prototypes-de-la-serie-0\/#breadcrumb"},"inLanguage":"fr-CA","potentialAction":[{"@type":"ReadAction","target":["https:\/\/news.canadamotorjobs.com\/fr\/ces-2025-honda-presente-les-prototypes-de-la-serie-0\/"]}]},{"@type":"ImageObject","inLanguage":"fr-CA","@id":"https:\/\/news.canadamotorjobs.com\/fr\/ces-2025-honda-presente-les-prototypes-de-la-serie-0\/#primaryimage","url":"https:\/\/news.canadamotorjobs.com\/wp-content\/uploads\/2025\/01\/21_Honda_0_SUV_Prototype_Debut_at_2025_CES.jpg","contentUrl":"https:\/\/news.canadamotorjobs.com\/wp-content\/uploads\/2025\/01\/21_Honda_0_SUV_Prototype_Debut_at_2025_CES.jpg","width":1200,"height":800},{"@type":"BreadcrumbList","@id":"https:\/\/news.canadamotorjobs.com\/fr\/ces-2025-honda-presente-les-prototypes-de-la-serie-0\/#breadcrumb","itemListElement":[{"@type":"ListItem","position":1,"name":"Home","item":"https:\/\/news.canadamotorjobs.com\/fr\/blog\/"},{"@type":"ListItem","position":2,"name":"CES 2025 : Honda pr\u00e9sente les prototypes de la S\u00e9rie 0"}]},{"@type":"WebSite","@id":"https:\/\/news.canadamotorjobs.com\/#website","url":"https:\/\/news.canadamotorjobs.com\/","name":"CanadaMotorJobs.com","description":"Automotive Jobs","publisher":{"@id":"https:\/\/news.canadamotorjobs.com\/#organization"},"potentialAction":[{"@type":"SearchAction","target":{"@type":"EntryPoint","urlTemplate":"https:\/\/news.canadamotorjobs.com\/?s={search_term_string}"},"query-input":"required name=search_term_string"}],"inLanguage":"fr-CA"},{"@type":"Organization","@id":"https:\/\/news.canadamotorjobs.com\/#organization","name":"Canada Motor Jobs","url":"https:\/\/news.canadamotorjobs.com\/","logo":{"@type":"ImageObject","inLanguage":"fr-CA","@id":"https:\/\/news.canadamotorjobs.com\/#\/schema\/logo\/image\/","url":"https:\/\/news.canadamotorjobs.com\/wp-content\/uploads\/2022\/10\/logo-canada-motor-jobs-1.png","contentUrl":"https:\/\/news.canadamotorjobs.com\/wp-content\/uploads\/2022\/10\/logo-canada-motor-jobs-1.png","width":800,"height":400,"caption":"Canada Motor Jobs"},"image":{"@id":"https:\/\/news.canadamotorjobs.com\/#\/schema\/logo\/image\/"},"sameAs":["https:\/\/www.facebook.com\/canadamotorjobs\/","https:\/\/x.com\/canadamotorjobs","https:\/\/www.instagram.com\/canadamotorjobs\/","https:\/\/www.linkedin.com\/company\/canadamotorjobs"]},{"@type":"Person","@id":"https:\/\/news.canadamotorjobs.com\/#\/schema\/person\/51793d1f87d44011d7bcc2ed99269a90","name":"Benoit Charette","image":{"@type":"ImageObject","inLanguage":"fr-CA","@id":"https:\/\/news.canadamotorjobs.com\/#\/schema\/person\/image\/","url":"https:\/\/secure.gravatar.com\/avatar\/45f3d2eebcccd909668d7ce7ea7267b6?s=96&d=mm&r=g","contentUrl":"https:\/\/secure.gravatar.com\/avatar\/45f3d2eebcccd909668d7ce7ea7267b6?s=96&d=mm&r=g","caption":"Benoit Charette"},"description":"Benoit Charette \/ Propri\u00e9taire et r\u00e9dacteur en chef Benoit Charette pratique le journalisme automobile depuis bient\u00f4t 30 ans. Il a fait ses classes au c\u00f4t\u00e9 de Daniel H\u00e9raud et au Carnet de route de 1992 \u00e0 2001. Il est fondateur, copropri\u00e9taire et r\u00e9dacteur en chef de L\u2019Annuel de l\u2019automobile, qu\u2019il publie depuis 2001. Il a anim\u00e9 les \u00e9missions RPM et RPM+ sur V et les L\u00e9gendes de la route sur Historia. \u00c0 la radio depuis 1986, il reprend l\u2019antenne cette ann\u00e9e sur les ondes de Cogeco et participe pour la deuxi\u00e8me ann\u00e9e \u00e0 l\u2019\u00e9mission Passion Auto sur RDS en plus de mettre en ligne le site Web officiel de L\u2019Annuel de l\u2019automobile sur annuelauto.ca.","sameAs":["https:\/\/annuelauto.ca\/"],"url":"https:\/\/news.canadamotorjobs.com\/fr\/author\/benoit-charette\/"}]}},"_links":{"self":[{"href":"https:\/\/news.canadamotorjobs.com\/fr\/wp-json\/wp\/v2\/posts\/188116"}],"collection":[{"href":"https:\/\/news.canadamotorjobs.com\/fr\/wp-json\/wp\/v2\/posts"}],"about":[{"href":"https:\/\/news.canadamotorjobs.com\/fr\/wp-json\/wp\/v2\/types\/post"}],"author":[{"embeddable":true,"href":"https:\/\/news.canadamotorjobs.com\/fr\/wp-json\/wp\/v2\/users\/8"}],"replies":[{"embeddable":true,"href":"https:\/\/news.canadamotorjobs.com\/fr\/wp-json\/wp\/v2\/comments?post=188116"}],"version-history":[{"count":3,"href":"https:\/\/news.canadamotorjobs.com\/fr\/wp-json\/wp\/v2\/posts\/188116\/revisions"}],"predecessor-version":[{"id":188183,"href":"https:\/\/news.canadamotorjobs.com\/fr\/wp-json\/wp\/v2\/posts\/188116\/revisions\/188183"}],"wp:featuredmedia":[{"embeddable":true,"href":"https:\/\/news.canadamotorjobs.com\/fr\/wp-json\/wp\/v2\/media\/188118"}],"wp:attachment":[{"href":"https:\/\/news.canadamotorjobs.com\/fr\/wp-json\/wp\/v2\/media?parent=188116"}],"wp:term":[{"taxonomy":"category","embeddable":true,"href":"https:\/\/news.canadamotorjobs.com\/fr\/wp-json\/wp\/v2\/categories?post=188116"},{"taxonomy":"post_tag","embeddable":true,"href":"https:\/\/news.canadamotorjobs.com\/fr\/wp-json\/wp\/v2\/tags?post=188116"}],"curies":[{"name":"wp","href":"https:\/\/api.w.org\/{rel}","templated":true}]}}