{"id":188064,"date":"2025-01-09T02:24:46","date_gmt":"2025-01-09T07:24:46","guid":{"rendered":"https:\/\/news.canadamotorjobs.com\/?p=188064"},"modified":"2025-01-09T02:30:06","modified_gmt":"2025-01-09T07:30:06","slug":"porsche-911-carrera-s-2025-un-nouveau-membre-dans-la-famille","status":"publish","type":"post","link":"https:\/\/news.canadamotorjobs.com\/fr\/porsche-911-carrera-s-2025-un-nouveau-membre-dans-la-famille\/","title":{"rendered":"Porsche 911 Carrera S 2025 : un nouveau membre dans la famille"},"content":{"rendered":"<\/p>\n<p>Porsche enrichit sa gamme 911 avec l\u2019arriv\u00e9e de la Carrera S pour l\u2019ann\u00e9e mod\u00e8le 2025. Se positionnant entre la 911 Carrera et la 911 Carrera GTS, cette nouvelle venue vient combler l\u2019\u00e9cart entre la version de base et la GTS T-Hybrid, ax\u00e9e sur la performance. La Carrera S est offerte en versions Coup\u00e9 et Cabriolet.<\/p>\n<h2>Motorisation de la Porsche 911 Carrera S 2025<\/h2>\n<p>La 911 Carrera S 2025 est propuls\u00e9e par un moteur Boxer, un 6-cylindres biturbo de 3,0 litres qui a \u00e9t\u00e9 optimis\u00e9 pour offrir plus de puissance, tout en r\u00e9duisant les \u00e9missions. Porsche a notamment install\u00e9 de nouveaux turbocompresseurs et am\u00e9lior\u00e9 le refroidissement de l\u2019air de la suralimentation, en s\u2019inspirant de la conception des mod\u00e8les 911 Turbo pr\u00e9c\u00e9dents.<\/p>\n<p>Avec ses 473 chevaux et son couple de 390 lb-pi, la version offre 30 chevaux de plus par rapport \u00e0 la g\u00e9n\u00e9ration pr\u00e9c\u00e9dente, atteignant ainsi des niveaux de performance auparavant r\u00e9serv\u00e9s \u00e0 la 911 Carrera GTS. Cette puissance est transmise aux roues arri\u00e8re par l\u2019interm\u00e9diaire d\u2019une bo\u00eete de vitesses \u00e0 huit rapports et \u00e0 double embrayage (PDK). Le sprint de 0 \u00e0 100 km\/h est r\u00e9alis\u00e9 en 3,3 secondes et la vitesse maximale est de 308 km\/h.<\/p>\n<p><\/p>\n<figure><img decoding=\"async\" src=\"https:\/\/news.canadamotorjobs.com\/wp-content\/uploads\/2025\/01\/cz26w03ox0003_rgb_high-5.jpg\" alt=\"Porsche 911 Carrera S 2025, avant\" \/><figcaption>Porsche 911 Carrera S 2025, avant | Auto123.com<\/figcaption><\/figure>\n<p><strong>Une conduite optimis\u00e9e<\/strong><\/p>\n<p>Outre les travaux faits avec la motorisation, Porsche a \u00e9galement am\u00e9lior\u00e9 la dynamique de conduite de la Carrera S. Le nouveau syst\u00e8me de freinage, reconnaissable \u00e0 ses \u00e9triers rouges et \u00e0 ses disques de 408 mm \u00e0 l\u2019avant et 380 mm \u00e0 l\u2019arri\u00e8re, promet une d\u00e9c\u00e9l\u00e9ration exceptionnelle, selon Porsche.<\/p>\n<p>Diff\u00e9rentes options de personnalisation sont offertes pour am\u00e9liorer la maniabilit\u00e9 et le confort de la voiture, ou encore son esth\u00e9tique. Par exemple, les roues arri\u00e8re directionnelles et la suspension sport PASM (Porsche Active Suspension Management), qui permet d\u2019abaisser la garde au sol de 10 mm, sont au menu.<\/p>\n<p><\/p>\n<figure><img decoding=\"async\" src=\"https:\/\/news.canadamotorjobs.com\/wp-content\/uploads\/2025\/01\/911_carrera_s_interior_high-1.jpg\" alt=\"Porsche 911 Carrera S 2025, int\u00e9rieur\" \/><figcaption>Porsche 911 Carrera S 2025, int\u00e9rieur | Auto123.com<\/figcaption><\/figure>\n<p><strong>\u00c0 l\u2019int\u00e9rieur<\/strong><\/p>\n<p>L\u2019habitacle de la Carrera S est garni de s\u00e9rie de cuir noir, alors que les si\u00e8ges, le tableau de bord et les panneaux de porte sont recouverts de cuir lisse. Pour un int\u00e9rieur encore plus luxueux, un garnissage en cuir plus \u00e9tendu est offert en option. Il couvre notamment le couvercle de la bo\u00eete \u00e0 gants et les panneaux lat\u00e9raux, avec la possibilit\u00e9 d\u2019ajouter des surpiq\u00fbres contrastantes de couleur craie. Des si\u00e8ges arri\u00e8re rabattables sont offerts en option avec la version coup\u00e9e.<\/p>\n<h2>Les prix canadiens de la Porsche 911 Carrera S 2025<\/h2>\n<p>La nouvelle Porsche 911 Carrera S 2025 peut \u00eatre command\u00e9e d\u00e8s maintenant. Son prix de base est de 159 700 $ pour le coup\u00e9, 174 000 $ pour le cabriolet..<\/p>\n<p><\/p>\n<figure><img decoding=\"async\" src=\"https:\/\/news.canadamotorjobs.com\/wp-content\/uploads\/2025\/01\/cz26w04ox0001_rgb_high-1.jpg\" alt=\"Porsche 911 Carrera S 2025, en version d\u00e9capotable\" \/><figcaption>Porsche 911 Carrera S 2025, en version d\u00e9capotable | Auto123.com<\/figcaption><\/figure>\n<figure><img decoding=\"async\" src=\"https:\/\/news.canadamotorjobs.com\/wp-content\/uploads\/2025\/01\/cz26w04ox0002_rgb_high-1.jpg\" alt=\"Porsche 911 Carrera S 2025, de haut\" \/><figcaption>Porsche 911 Carrera S 2025, de haut | Auto123.com<\/figcaption><\/figure>\n<figure><img decoding=\"async\" src=\"https:\/\/news.canadamotorjobs.com\/wp-content\/uploads\/2025\/01\/cz26w03ox0004_rgb_high-1.jpg\" alt=\"Porsche 911 Carrera S 2025, de profil\" \/><figcaption>Porsche 911 Carrera S 2025, de profil | Auto123.com<\/figcaption><\/figure>\n<figure><img decoding=\"async\" src=\"https:\/\/news.canadamotorjobs.com\/wp-content\/uploads\/2025\/01\/cz26w03ox0005_rgb_high-1.jpg\" alt=\"Porsche 911 Carrera S 2025, arri\u00e8re\" \/><figcaption>Porsche 911 Carrera S 2025, arri\u00e8re | Auto123.com<\/figcaption><\/figure>\n<figure><img decoding=\"async\" src=\"https:\/\/news.canadamotorjobs.com\/wp-content\/uploads\/2025\/01\/cz26w03ox0002_rgb_high-1.jpg\" alt=\"Les Porsche 911 Carrera S 2025\" \/><figcaption>Les Porsche 911 Carrera S 2025 | Auto123.com<\/figcaption><\/figure>\n<p style=\"padding-top: 15px\">Contenu original de <a href=\"https:\/\/www.auto123.com\/fr\/actualites\/porsche-911-carrera-s-2025-devoilee\/72253\/\">auto123<\/a>.<\/p>\n<p>Le texte <a rel=\"nofollow\" href=\"https:\/\/annuelauto.ca\/porsche-911-carrera-s-2025-un-nouveau-membre-dans-la-famille\/\">Porsche 911 Carrera S 2025 : un nouveau membre dans la famille<\/a> provient de <a rel=\"nofollow\" href=\"https:\/\/annuelauto.ca\">L&#8217;annuel de l&#8217;automobile &#8211; Actualit\u00e9 automobile<\/a><\/p>\n<p><\/p>\n","protected":false},"excerpt":{"rendered":"<p>Porsche enrichit sa gamme 911 avec l\u2019arriv\u00e9e de la Carrera S pour l\u2019ann\u00e9e mod\u00e8le 2025. Se positionnant entre la 911 Carrera et la 911 Carrera GTS, cette nouvelle venue vient combler l\u2019\u00e9cart entre la version de base et la GTS T-Hybrid, ax\u00e9e sur la performance. La Carrera S est offerte en versions Coup\u00e9 et Cabriolet. [&hellip;]<\/p>\n","protected":false},"author":8,"featured_media":188066,"comment_status":"close","ping_status":"closed","sticky":false,"template":"","format":"standard","meta":{"_monsterinsights_skip_tracking":false,"_monsterinsights_sitenote_active":false,"_monsterinsights_sitenote_note":"","_monsterinsights_sitenote_category":0,"footnotes":""},"categories":[101],"tags":[],"yoast_head":"<!-- This site is optimized with the Yoast SEO plugin v23.2 - https:\/\/yoast.com\/wordpress\/plugins\/seo\/ -->\n<title>Porsche 911 Carrera S 2025 : un nouveau membre dans la famille - CanadaMotorJobs.com<\/title>\n<meta name=\"description\" content=\"Porsche 911 Carrera S 2025 : un nouveau membre dans la famille - Benoit Charette - Annuel automobile - CanadaMotorJobs.com.\" \/>\n<meta name=\"robots\" content=\"index, follow, max-snippet:-1, max-image-preview:large, max-video-preview:-1\" \/>\n<meta property=\"og:locale\" content=\"fr_CA\" \/>\n<meta property=\"og:type\" content=\"article\" \/>\n<meta property=\"og:title\" content=\"Porsche 911 Carrera S 2025 : un nouveau membre dans la famille - CanadaMotorJobs.com\" \/>\n<meta property=\"og:description\" content=\"Porsche 911 Carrera S 2025 : un nouveau membre dans la famille - Benoit Charette - Annuel automobile - CanadaMotorJobs.com.\" \/>\n<meta property=\"og:url\" content=\"https:\/\/news.canadamotorjobs.com\/fr\/porsche-911-carrera-s-2025-un-nouveau-membre-dans-la-famille\/\" \/>\n<meta property=\"og:site_name\" content=\"CanadaMotorJobs.com\" \/>\n<meta property=\"article:publisher\" content=\"https:\/\/www.facebook.com\/canadamotorjobs\/\" \/>\n<meta property=\"article:published_time\" content=\"2025-01-09T07:24:46+00:00\" \/>\n<meta property=\"article:modified_time\" content=\"2025-01-09T07:30:06+00:00\" \/>\n<meta property=\"og:image\" content=\"https:\/\/news.canadamotorjobs.com\/wp-content\/uploads\/2025\/01\/cz26w03ox0003_rgb_high.jpg\" \/>\n\t<meta property=\"og:image:width\" content=\"1200\" \/>\n\t<meta property=\"og:image:height\" content=\"800\" \/>\n\t<meta property=\"og:image:type\" content=\"image\/jpeg\" \/>\n<meta name=\"author\" content=\"Benoit Charette\" \/>\n<meta name=\"twitter:card\" content=\"summary_large_image\" \/>\n<meta name=\"twitter:creator\" content=\"@canadamotorjobs\" \/>\n<meta name=\"twitter:site\" content=\"@canadamotorjobs\" \/>\n<meta name=\"twitter:label1\" content=\"\u00c9crit par\" \/>\n\t<meta name=\"twitter:data1\" content=\"Benoit Charette\" \/>\n\t<meta name=\"twitter:label2\" content=\"Estimation du temps de lecture\" \/>\n\t<meta name=\"twitter:data2\" content=\"3 minutes\" \/>\n<!-- \/ Yoast SEO plugin. -->","yoast_head_json":{"title":"Porsche 911 Carrera S 2025 : un nouveau membre dans la famille - CanadaMotorJobs.com","description":"Porsche 911 Carrera S 2025 : un nouveau membre dans la famille - Benoit Charette - Annuel automobile - CanadaMotorJobs.com.","robots":{"index":"index","follow":"follow","max-snippet":"max-snippet:-1","max-image-preview":"max-image-preview:large","max-video-preview":"max-video-preview:-1"},"og_locale":"fr_CA","og_type":"article","og_title":"Porsche 911 Carrera S 2025 : un nouveau membre dans la famille - CanadaMotorJobs.com","og_description":"Porsche 911 Carrera S 2025 : un nouveau membre dans la famille - Benoit Charette - Annuel automobile - CanadaMotorJobs.com.","og_url":"https:\/\/news.canadamotorjobs.com\/fr\/porsche-911-carrera-s-2025-un-nouveau-membre-dans-la-famille\/","og_site_name":"CanadaMotorJobs.com","article_publisher":"https:\/\/www.facebook.com\/canadamotorjobs\/","article_published_time":"2025-01-09T07:24:46+00:00","article_modified_time":"2025-01-09T07:30:06+00:00","og_image":[{"width":1200,"height":800,"url":"https:\/\/news.canadamotorjobs.com\/wp-content\/uploads\/2025\/01\/cz26w03ox0003_rgb_high.jpg","type":"image\/jpeg"}],"author":"Benoit Charette","twitter_card":"summary_large_image","twitter_creator":"@canadamotorjobs","twitter_site":"@canadamotorjobs","twitter_misc":{"\u00c9crit par":"Benoit Charette","Estimation du temps de lecture":"3 minutes"},"schema":{"@context":"https:\/\/schema.org","@graph":[{"@type":"Article","@id":"https:\/\/news.canadamotorjobs.com\/fr\/porsche-911-carrera-s-2025-un-nouveau-membre-dans-la-famille\/#article","isPartOf":{"@id":"https:\/\/news.canadamotorjobs.com\/fr\/porsche-911-carrera-s-2025-un-nouveau-membre-dans-la-famille\/"},"author":{"name":"Benoit Charette","@id":"https:\/\/news.canadamotorjobs.com\/#\/schema\/person\/51793d1f87d44011d7bcc2ed99269a90"},"headline":"Porsche 911 Carrera S 2025 : un nouveau membre dans la famille","datePublished":"2025-01-09T07:24:46+00:00","dateModified":"2025-01-09T07:30:06+00:00","mainEntityOfPage":{"@id":"https:\/\/news.canadamotorjobs.com\/fr\/porsche-911-carrera-s-2025-un-nouveau-membre-dans-la-famille\/"},"wordCount":520,"publisher":{"@id":"https:\/\/news.canadamotorjobs.com\/#organization"},"image":{"@id":"https:\/\/news.canadamotorjobs.com\/fr\/porsche-911-carrera-s-2025-un-nouveau-membre-dans-la-famille\/#primaryimage"},"thumbnailUrl":"https:\/\/news.canadamotorjobs.com\/wp-content\/uploads\/2025\/01\/cz26w03ox0003_rgb_high.jpg","articleSection":["Annuel automobile"],"inLanguage":"fr-CA"},{"@type":"WebPage","@id":"https:\/\/news.canadamotorjobs.com\/fr\/porsche-911-carrera-s-2025-un-nouveau-membre-dans-la-famille\/","url":"https:\/\/news.canadamotorjobs.com\/fr\/porsche-911-carrera-s-2025-un-nouveau-membre-dans-la-famille\/","name":"Porsche 911 Carrera S 2025 : un nouveau membre dans la famille - CanadaMotorJobs.com","isPartOf":{"@id":"https:\/\/news.canadamotorjobs.com\/#website"},"primaryImageOfPage":{"@id":"https:\/\/news.canadamotorjobs.com\/fr\/porsche-911-carrera-s-2025-un-nouveau-membre-dans-la-famille\/#primaryimage"},"image":{"@id":"https:\/\/news.canadamotorjobs.com\/fr\/porsche-911-carrera-s-2025-un-nouveau-membre-dans-la-famille\/#primaryimage"},"thumbnailUrl":"https:\/\/news.canadamotorjobs.com\/wp-content\/uploads\/2025\/01\/cz26w03ox0003_rgb_high.jpg","datePublished":"2025-01-09T07:24:46+00:00","dateModified":"2025-01-09T07:30:06+00:00","description":"Porsche 911 Carrera S 2025 : un nouveau membre dans la famille - Benoit Charette - Annuel automobile - CanadaMotorJobs.com.","breadcrumb":{"@id":"https:\/\/news.canadamotorjobs.com\/fr\/porsche-911-carrera-s-2025-un-nouveau-membre-dans-la-famille\/#breadcrumb"},"inLanguage":"fr-CA","potentialAction":[{"@type":"ReadAction","target":["https:\/\/news.canadamotorjobs.com\/fr\/porsche-911-carrera-s-2025-un-nouveau-membre-dans-la-famille\/"]}]},{"@type":"ImageObject","inLanguage":"fr-CA","@id":"https:\/\/news.canadamotorjobs.com\/fr\/porsche-911-carrera-s-2025-un-nouveau-membre-dans-la-famille\/#primaryimage","url":"https:\/\/news.canadamotorjobs.com\/wp-content\/uploads\/2025\/01\/cz26w03ox0003_rgb_high.jpg","contentUrl":"https:\/\/news.canadamotorjobs.com\/wp-content\/uploads\/2025\/01\/cz26w03ox0003_rgb_high.jpg","width":1200,"height":800},{"@type":"BreadcrumbList","@id":"https:\/\/news.canadamotorjobs.com\/fr\/porsche-911-carrera-s-2025-un-nouveau-membre-dans-la-famille\/#breadcrumb","itemListElement":[{"@type":"ListItem","position":1,"name":"Home","item":"https:\/\/news.canadamotorjobs.com\/fr\/blog\/"},{"@type":"ListItem","position":2,"name":"Porsche 911 Carrera S 2025 : un nouveau membre dans la famille"}]},{"@type":"WebSite","@id":"https:\/\/news.canadamotorjobs.com\/#website","url":"https:\/\/news.canadamotorjobs.com\/","name":"CanadaMotorJobs.com","description":"Automotive Jobs","publisher":{"@id":"https:\/\/news.canadamotorjobs.com\/#organization"},"potentialAction":[{"@type":"SearchAction","target":{"@type":"EntryPoint","urlTemplate":"https:\/\/news.canadamotorjobs.com\/?s={search_term_string}"},"query-input":"required name=search_term_string"}],"inLanguage":"fr-CA"},{"@type":"Organization","@id":"https:\/\/news.canadamotorjobs.com\/#organization","name":"Canada Motor Jobs","url":"https:\/\/news.canadamotorjobs.com\/","logo":{"@type":"ImageObject","inLanguage":"fr-CA","@id":"https:\/\/news.canadamotorjobs.com\/#\/schema\/logo\/image\/","url":"https:\/\/news.canadamotorjobs.com\/wp-content\/uploads\/2022\/10\/logo-canada-motor-jobs-1.png","contentUrl":"https:\/\/news.canadamotorjobs.com\/wp-content\/uploads\/2022\/10\/logo-canada-motor-jobs-1.png","width":800,"height":400,"caption":"Canada Motor Jobs"},"image":{"@id":"https:\/\/news.canadamotorjobs.com\/#\/schema\/logo\/image\/"},"sameAs":["https:\/\/www.facebook.com\/canadamotorjobs\/","https:\/\/x.com\/canadamotorjobs","https:\/\/www.instagram.com\/canadamotorjobs\/","https:\/\/www.linkedin.com\/company\/canadamotorjobs"]},{"@type":"Person","@id":"https:\/\/news.canadamotorjobs.com\/#\/schema\/person\/51793d1f87d44011d7bcc2ed99269a90","name":"Benoit Charette","image":{"@type":"ImageObject","inLanguage":"fr-CA","@id":"https:\/\/news.canadamotorjobs.com\/#\/schema\/person\/image\/","url":"https:\/\/secure.gravatar.com\/avatar\/45f3d2eebcccd909668d7ce7ea7267b6?s=96&d=mm&r=g","contentUrl":"https:\/\/secure.gravatar.com\/avatar\/45f3d2eebcccd909668d7ce7ea7267b6?s=96&d=mm&r=g","caption":"Benoit Charette"},"description":"Benoit Charette \/ Propri\u00e9taire et r\u00e9dacteur en chef Benoit Charette pratique le journalisme automobile depuis bient\u00f4t 30 ans. Il a fait ses classes au c\u00f4t\u00e9 de Daniel H\u00e9raud et au Carnet de route de 1992 \u00e0 2001. Il est fondateur, copropri\u00e9taire et r\u00e9dacteur en chef de L\u2019Annuel de l\u2019automobile, qu\u2019il publie depuis 2001. Il a anim\u00e9 les \u00e9missions RPM et RPM+ sur V et les L\u00e9gendes de la route sur Historia. \u00c0 la radio depuis 1986, il reprend l\u2019antenne cette ann\u00e9e sur les ondes de Cogeco et participe pour la deuxi\u00e8me ann\u00e9e \u00e0 l\u2019\u00e9mission Passion Auto sur RDS en plus de mettre en ligne le site Web officiel de L\u2019Annuel de l\u2019automobile sur annuelauto.ca.","sameAs":["https:\/\/annuelauto.ca\/"],"url":"https:\/\/news.canadamotorjobs.com\/fr\/author\/benoit-charette\/"}]}},"_links":{"self":[{"href":"https:\/\/news.canadamotorjobs.com\/fr\/wp-json\/wp\/v2\/posts\/188064"}],"collection":[{"href":"https:\/\/news.canadamotorjobs.com\/fr\/wp-json\/wp\/v2\/posts"}],"about":[{"href":"https:\/\/news.canadamotorjobs.com\/fr\/wp-json\/wp\/v2\/types\/post"}],"author":[{"embeddable":true,"href":"https:\/\/news.canadamotorjobs.com\/fr\/wp-json\/wp\/v2\/users\/8"}],"replies":[{"embeddable":true,"href":"https:\/\/news.canadamotorjobs.com\/fr\/wp-json\/wp\/v2\/comments?post=188064"}],"version-history":[{"count":3,"href":"https:\/\/news.canadamotorjobs.com\/fr\/wp-json\/wp\/v2\/posts\/188064\/revisions"}],"predecessor-version":[{"id":188115,"href":"https:\/\/news.canadamotorjobs.com\/fr\/wp-json\/wp\/v2\/posts\/188064\/revisions\/188115"}],"wp:featuredmedia":[{"embeddable":true,"href":"https:\/\/news.canadamotorjobs.com\/fr\/wp-json\/wp\/v2\/media\/188066"}],"wp:attachment":[{"href":"https:\/\/news.canadamotorjobs.com\/fr\/wp-json\/wp\/v2\/media?parent=188064"}],"wp:term":[{"taxonomy":"category","embeddable":true,"href":"https:\/\/news.canadamotorjobs.com\/fr\/wp-json\/wp\/v2\/categories?post=188064"},{"taxonomy":"post_tag","embeddable":true,"href":"https:\/\/news.canadamotorjobs.com\/fr\/wp-json\/wp\/v2\/tags?post=188064"}],"curies":[{"name":"wp","href":"https:\/\/api.w.org\/{rel}","templated":true}]}}