{"id":188036,"date":"2025-01-09T02:24:46","date_gmt":"2025-01-09T07:24:46","guid":{"rendered":"https:\/\/news.canadamotorjobs.com\/?p=188036"},"modified":"2025-01-09T02:29:42","modified_gmt":"2025-01-09T07:29:42","slug":"la-prochaine-bmw-serie-4-sera-exclusivement-electrique","status":"publish","type":"post","link":"https:\/\/news.canadamotorjobs.com\/fr\/la-prochaine-bmw-serie-4-sera-exclusivement-electrique\/","title":{"rendered":"La prochaine BMW S\u00e9rie 4 sera exclusivement \u00e9lectrique"},"content":{"rendered":"<\/p>\n<p>BMW abandonne le moteur thermique avec sa prochaine g\u00e9n\u00e9ration de S\u00e9rie 4. Selon une nouvelle publi\u00e9e par le site BMW Blog, la S\u00e9rie 4 sera uniquement \u00e9lectrique, incluant sa variante sportive M4. Cette transition s\u2019inscrit dans l\u2019engagement de BMW envers l\u2019\u00e9lectrification, bas\u00e9e sur sa nouvelle plateforme Neue Klasse.<\/p>\n<p>Contrairement \u00e0 la S\u00e9rie 4, la prochaine S\u00e9rie 3 offrira des options \u00e0 essence et \u00e9lectriques. Les versions thermiques utiliseront la plateforme actuelle CLAR, tandis que les variantes \u00e9lectriques adopteront la structure Neue Klasse, qui sera inaugur\u00e9e cette ann\u00e9e avec le lancement d\u2019un X3 \u00e9lectrique, probablement nomm\u00e9 iX3.<\/p>\n<p><strong>La plateforme Neue Klasse : un saut technologique<\/strong><\/p>\n<p>La plateforme Neue Klasse repr\u00e9sente une avanc\u00e9e majeure pour BMW. Elle introduira une conception enti\u00e8rement consacr\u00e9e aux v\u00e9hicules \u00e9lectriques, am\u00e9liorant l\u2019efficacit\u00e9 et les performances. La S\u00e9rie 4 \u00e9lectrique, attendue en 2028, remplacera la gamme actuelle de l\u2019i4, qui repose sur une version modifi\u00e9e de la plateforme CLAR.<\/p>\n<p><\/p>\n<figure><img decoding=\"async\" src=\"https:\/\/news.canadamotorjobs.com\/wp-content\/uploads\/2025\/01\/P90364647_highRes-5.jpg\" alt=\"Le Concept 4 de BMW\" \/><figcaption>Le Concept 4 de BMW | Auto123.com<\/figcaption><\/figure>\n<p><strong>Une M4 \u00e9lectrique avec pr\u00e8s de 700 chevaux<\/strong><\/p>\n<p>La M4 \u00e9lectrique promet des performances impressionnantes. Selon les premi\u00e8res informations, la version de base pourrait d\u00e9velopper environ 670 chevaux, gr\u00e2ce \u00e0 un groupe motopropulseur avanc\u00e9 \u00e0 quatre moteurs, permettant un contr\u00f4le individuel des roues. Ce syst\u00e8me, d\u00e9velopp\u00e9 par BMW M depuis 2018, optimise la r\u00e9partition du couple en fonction des conditions de conduite, offrant une adh\u00e9rence accrue et une stabilit\u00e9 am\u00e9lior\u00e9e.<\/p>\n<p><strong>Des technologies in\u00e9dites pour un contr\u00f4le optimal<\/strong><\/p>\n<p>Avec une puissance potentielle d\u00e9passant 1300 chevaux avec les d\u00e9clinaisons haut de gamme, ce syst\u00e8me sera contr\u00f4l\u00e9 par un nouvel ordinateur central. Il analysera en temps r\u00e9el les donn\u00e9es des capteurs, les angles de braquage et les commandes du conducteur pour ajuster le couple. Les M3 et M4 \u00e9lectriques b\u00e9n\u00e9ficieront de cette innovation, bien que leur puissance maximale restera plus modeste que les mod\u00e8les encore plus performants planifi\u00e9s par la division M.<\/p>\n<p><strong>L\u2019avenir de la gamme BMW M<\/strong><\/p>\n<p>La BMW M3 \u00e9lectrique, dont un prototype a d\u00e9j\u00e0 \u00e9t\u00e9 pr\u00e9sent\u00e9, coexistera avec une version thermique. Cependant, aucune variante thermique n\u2019est pr\u00e9vue pour la M4. L\u2019\u00e9lectrification de cette gamme refl\u00e8te la volont\u00e9 de BMW d\u2019allier performances sportives et durabilit\u00e9, tout en s\u2019adaptant aux r\u00e9glementations environnementales de plus en plus strictes.<\/p>\n<p>Avec la plateforme Neue Klasse et des mod\u00e8les comme la S\u00e9rie 4 et la M4 \u00e9lectriques, BMW va red\u00e9finir l\u2019avenir de la voiture sportive. Reste \u00e0 voir comment ces innovations seront accueillies par les amateurs de sensations fortes et les puristes de la marque.<\/p>\n<p><\/p>\n<p style=\"padding-top: 15px\">Contenu original de <a href=\"https:\/\/www.auto123.com\/fr\/actualites\/bmw-serie-4-electrique-seulement\/72250\/\">auto123<\/a>.<\/p>\n<p>Le texte <a rel=\"nofollow\" href=\"https:\/\/annuelauto.ca\/la-prochaine-bmw-serie-4-sera-exclusivement-electrique\/\">La prochaine BMW S\u00e9rie 4 sera exclusivement \u00e9lectrique<\/a> provient de <a rel=\"nofollow\" href=\"https:\/\/annuelauto.ca\">L&#8217;annuel de l&#8217;automobile &#8211; Actualit\u00e9 automobile<\/a><\/p>\n<p><\/p>\n","protected":false},"excerpt":{"rendered":"<p>BMW abandonne le moteur thermique avec sa prochaine g\u00e9n\u00e9ration de S\u00e9rie 4. Selon une nouvelle publi\u00e9e par le site BMW Blog, la S\u00e9rie 4 sera uniquement \u00e9lectrique, incluant sa variante sportive M4. Cette transition s\u2019inscrit dans l\u2019engagement de BMW envers l\u2019\u00e9lectrification, bas\u00e9e sur sa nouvelle plateforme Neue Klasse. Contrairement \u00e0 la S\u00e9rie 4, la prochaine [&hellip;]<\/p>\n","protected":false},"author":8,"featured_media":188038,"comment_status":"close","ping_status":"closed","sticky":false,"template":"","format":"standard","meta":{"_monsterinsights_skip_tracking":false,"_monsterinsights_sitenote_active":false,"_monsterinsights_sitenote_note":"","_monsterinsights_sitenote_category":0,"footnotes":""},"categories":[101],"tags":[],"yoast_head":"<!-- This site is optimized with the Yoast SEO plugin v23.2 - https:\/\/yoast.com\/wordpress\/plugins\/seo\/ -->\n<title>La prochaine BMW S\u00e9rie 4 sera exclusivement \u00e9lectrique - CanadaMotorJobs.com<\/title>\n<meta name=\"description\" content=\"La prochaine BMW S\u00e9rie 4 sera exclusivement \u00e9lectrique - Benoit Charette - Annuel automobile - CanadaMotorJobs.com.\" \/>\n<meta name=\"robots\" content=\"index, follow, max-snippet:-1, max-image-preview:large, max-video-preview:-1\" \/>\n<meta property=\"og:locale\" content=\"fr_CA\" \/>\n<meta property=\"og:type\" content=\"article\" \/>\n<meta property=\"og:title\" content=\"La prochaine BMW S\u00e9rie 4 sera exclusivement \u00e9lectrique - CanadaMotorJobs.com\" \/>\n<meta property=\"og:description\" content=\"La prochaine BMW S\u00e9rie 4 sera exclusivement \u00e9lectrique - Benoit Charette - Annuel automobile - CanadaMotorJobs.com.\" \/>\n<meta property=\"og:url\" content=\"https:\/\/news.canadamotorjobs.com\/fr\/la-prochaine-bmw-serie-4-sera-exclusivement-electrique\/\" \/>\n<meta property=\"og:site_name\" content=\"CanadaMotorJobs.com\" \/>\n<meta property=\"article:publisher\" content=\"https:\/\/www.facebook.com\/canadamotorjobs\/\" \/>\n<meta property=\"article:published_time\" content=\"2025-01-09T07:24:46+00:00\" \/>\n<meta property=\"article:modified_time\" content=\"2025-01-09T07:29:42+00:00\" \/>\n<meta property=\"og:image\" content=\"https:\/\/news.canadamotorjobs.com\/wp-content\/uploads\/2025\/01\/P90364647_highRes.jpg\" \/>\n\t<meta property=\"og:image:width\" content=\"1200\" \/>\n\t<meta property=\"og:image:height\" content=\"900\" \/>\n\t<meta property=\"og:image:type\" content=\"image\/jpeg\" \/>\n<meta name=\"author\" content=\"Benoit Charette\" \/>\n<meta name=\"twitter:card\" content=\"summary_large_image\" \/>\n<meta name=\"twitter:creator\" content=\"@canadamotorjobs\" \/>\n<meta name=\"twitter:site\" content=\"@canadamotorjobs\" \/>\n<meta name=\"twitter:label1\" content=\"\u00c9crit par\" \/>\n\t<meta name=\"twitter:data1\" content=\"Benoit Charette\" \/>\n\t<meta name=\"twitter:label2\" content=\"Estimation du temps de lecture\" \/>\n\t<meta name=\"twitter:data2\" content=\"2 minutes\" \/>\n<!-- \/ Yoast SEO plugin. -->","yoast_head_json":{"title":"La prochaine BMW S\u00e9rie 4 sera exclusivement \u00e9lectrique - CanadaMotorJobs.com","description":"La prochaine BMW S\u00e9rie 4 sera exclusivement \u00e9lectrique - Benoit Charette - Annuel automobile - CanadaMotorJobs.com.","robots":{"index":"index","follow":"follow","max-snippet":"max-snippet:-1","max-image-preview":"max-image-preview:large","max-video-preview":"max-video-preview:-1"},"og_locale":"fr_CA","og_type":"article","og_title":"La prochaine BMW S\u00e9rie 4 sera exclusivement \u00e9lectrique - CanadaMotorJobs.com","og_description":"La prochaine BMW S\u00e9rie 4 sera exclusivement \u00e9lectrique - Benoit Charette - Annuel automobile - CanadaMotorJobs.com.","og_url":"https:\/\/news.canadamotorjobs.com\/fr\/la-prochaine-bmw-serie-4-sera-exclusivement-electrique\/","og_site_name":"CanadaMotorJobs.com","article_publisher":"https:\/\/www.facebook.com\/canadamotorjobs\/","article_published_time":"2025-01-09T07:24:46+00:00","article_modified_time":"2025-01-09T07:29:42+00:00","og_image":[{"width":1200,"height":900,"url":"https:\/\/news.canadamotorjobs.com\/wp-content\/uploads\/2025\/01\/P90364647_highRes.jpg","type":"image\/jpeg"}],"author":"Benoit Charette","twitter_card":"summary_large_image","twitter_creator":"@canadamotorjobs","twitter_site":"@canadamotorjobs","twitter_misc":{"\u00c9crit par":"Benoit Charette","Estimation du temps de lecture":"2 minutes"},"schema":{"@context":"https:\/\/schema.org","@graph":[{"@type":"Article","@id":"https:\/\/news.canadamotorjobs.com\/fr\/la-prochaine-bmw-serie-4-sera-exclusivement-electrique\/#article","isPartOf":{"@id":"https:\/\/news.canadamotorjobs.com\/fr\/la-prochaine-bmw-serie-4-sera-exclusivement-electrique\/"},"author":{"name":"Benoit Charette","@id":"https:\/\/news.canadamotorjobs.com\/#\/schema\/person\/51793d1f87d44011d7bcc2ed99269a90"},"headline":"La prochaine BMW S\u00e9rie 4 sera exclusivement \u00e9lectrique","datePublished":"2025-01-09T07:24:46+00:00","dateModified":"2025-01-09T07:29:42+00:00","mainEntityOfPage":{"@id":"https:\/\/news.canadamotorjobs.com\/fr\/la-prochaine-bmw-serie-4-sera-exclusivement-electrique\/"},"wordCount":482,"publisher":{"@id":"https:\/\/news.canadamotorjobs.com\/#organization"},"image":{"@id":"https:\/\/news.canadamotorjobs.com\/fr\/la-prochaine-bmw-serie-4-sera-exclusivement-electrique\/#primaryimage"},"thumbnailUrl":"https:\/\/news.canadamotorjobs.com\/wp-content\/uploads\/2025\/01\/P90364647_highRes.jpg","articleSection":["Annuel automobile"],"inLanguage":"fr-CA"},{"@type":"WebPage","@id":"https:\/\/news.canadamotorjobs.com\/fr\/la-prochaine-bmw-serie-4-sera-exclusivement-electrique\/","url":"https:\/\/news.canadamotorjobs.com\/fr\/la-prochaine-bmw-serie-4-sera-exclusivement-electrique\/","name":"La prochaine BMW S\u00e9rie 4 sera exclusivement \u00e9lectrique - CanadaMotorJobs.com","isPartOf":{"@id":"https:\/\/news.canadamotorjobs.com\/#website"},"primaryImageOfPage":{"@id":"https:\/\/news.canadamotorjobs.com\/fr\/la-prochaine-bmw-serie-4-sera-exclusivement-electrique\/#primaryimage"},"image":{"@id":"https:\/\/news.canadamotorjobs.com\/fr\/la-prochaine-bmw-serie-4-sera-exclusivement-electrique\/#primaryimage"},"thumbnailUrl":"https:\/\/news.canadamotorjobs.com\/wp-content\/uploads\/2025\/01\/P90364647_highRes.jpg","datePublished":"2025-01-09T07:24:46+00:00","dateModified":"2025-01-09T07:29:42+00:00","description":"La prochaine BMW S\u00e9rie 4 sera exclusivement \u00e9lectrique - Benoit Charette - Annuel automobile - CanadaMotorJobs.com.","breadcrumb":{"@id":"https:\/\/news.canadamotorjobs.com\/fr\/la-prochaine-bmw-serie-4-sera-exclusivement-electrique\/#breadcrumb"},"inLanguage":"fr-CA","potentialAction":[{"@type":"ReadAction","target":["https:\/\/news.canadamotorjobs.com\/fr\/la-prochaine-bmw-serie-4-sera-exclusivement-electrique\/"]}]},{"@type":"ImageObject","inLanguage":"fr-CA","@id":"https:\/\/news.canadamotorjobs.com\/fr\/la-prochaine-bmw-serie-4-sera-exclusivement-electrique\/#primaryimage","url":"https:\/\/news.canadamotorjobs.com\/wp-content\/uploads\/2025\/01\/P90364647_highRes.jpg","contentUrl":"https:\/\/news.canadamotorjobs.com\/wp-content\/uploads\/2025\/01\/P90364647_highRes.jpg","width":1200,"height":900},{"@type":"BreadcrumbList","@id":"https:\/\/news.canadamotorjobs.com\/fr\/la-prochaine-bmw-serie-4-sera-exclusivement-electrique\/#breadcrumb","itemListElement":[{"@type":"ListItem","position":1,"name":"Home","item":"https:\/\/news.canadamotorjobs.com\/fr\/blog\/"},{"@type":"ListItem","position":2,"name":"La prochaine BMW S\u00e9rie 4 sera exclusivement \u00e9lectrique"}]},{"@type":"WebSite","@id":"https:\/\/news.canadamotorjobs.com\/#website","url":"https:\/\/news.canadamotorjobs.com\/","name":"CanadaMotorJobs.com","description":"Automotive Jobs","publisher":{"@id":"https:\/\/news.canadamotorjobs.com\/#organization"},"potentialAction":[{"@type":"SearchAction","target":{"@type":"EntryPoint","urlTemplate":"https:\/\/news.canadamotorjobs.com\/?s={search_term_string}"},"query-input":"required name=search_term_string"}],"inLanguage":"fr-CA"},{"@type":"Organization","@id":"https:\/\/news.canadamotorjobs.com\/#organization","name":"Canada Motor Jobs","url":"https:\/\/news.canadamotorjobs.com\/","logo":{"@type":"ImageObject","inLanguage":"fr-CA","@id":"https:\/\/news.canadamotorjobs.com\/#\/schema\/logo\/image\/","url":"https:\/\/news.canadamotorjobs.com\/wp-content\/uploads\/2022\/10\/logo-canada-motor-jobs-1.png","contentUrl":"https:\/\/news.canadamotorjobs.com\/wp-content\/uploads\/2022\/10\/logo-canada-motor-jobs-1.png","width":800,"height":400,"caption":"Canada Motor Jobs"},"image":{"@id":"https:\/\/news.canadamotorjobs.com\/#\/schema\/logo\/image\/"},"sameAs":["https:\/\/www.facebook.com\/canadamotorjobs\/","https:\/\/x.com\/canadamotorjobs","https:\/\/www.instagram.com\/canadamotorjobs\/","https:\/\/www.linkedin.com\/company\/canadamotorjobs"]},{"@type":"Person","@id":"https:\/\/news.canadamotorjobs.com\/#\/schema\/person\/51793d1f87d44011d7bcc2ed99269a90","name":"Benoit Charette","image":{"@type":"ImageObject","inLanguage":"fr-CA","@id":"https:\/\/news.canadamotorjobs.com\/#\/schema\/person\/image\/","url":"https:\/\/secure.gravatar.com\/avatar\/45f3d2eebcccd909668d7ce7ea7267b6?s=96&d=mm&r=g","contentUrl":"https:\/\/secure.gravatar.com\/avatar\/45f3d2eebcccd909668d7ce7ea7267b6?s=96&d=mm&r=g","caption":"Benoit Charette"},"description":"Benoit Charette \/ Propri\u00e9taire et r\u00e9dacteur en chef Benoit Charette pratique le journalisme automobile depuis bient\u00f4t 30 ans. Il a fait ses classes au c\u00f4t\u00e9 de Daniel H\u00e9raud et au Carnet de route de 1992 \u00e0 2001. Il est fondateur, copropri\u00e9taire et r\u00e9dacteur en chef de L\u2019Annuel de l\u2019automobile, qu\u2019il publie depuis 2001. Il a anim\u00e9 les \u00e9missions RPM et RPM+ sur V et les L\u00e9gendes de la route sur Historia. \u00c0 la radio depuis 1986, il reprend l\u2019antenne cette ann\u00e9e sur les ondes de Cogeco et participe pour la deuxi\u00e8me ann\u00e9e \u00e0 l\u2019\u00e9mission Passion Auto sur RDS en plus de mettre en ligne le site Web officiel de L\u2019Annuel de l\u2019automobile sur annuelauto.ca.","sameAs":["https:\/\/annuelauto.ca\/"],"url":"https:\/\/news.canadamotorjobs.com\/fr\/author\/benoit-charette\/"}]}},"_links":{"self":[{"href":"https:\/\/news.canadamotorjobs.com\/fr\/wp-json\/wp\/v2\/posts\/188036"}],"collection":[{"href":"https:\/\/news.canadamotorjobs.com\/fr\/wp-json\/wp\/v2\/posts"}],"about":[{"href":"https:\/\/news.canadamotorjobs.com\/fr\/wp-json\/wp\/v2\/types\/post"}],"author":[{"embeddable":true,"href":"https:\/\/news.canadamotorjobs.com\/fr\/wp-json\/wp\/v2\/users\/8"}],"replies":[{"embeddable":true,"href":"https:\/\/news.canadamotorjobs.com\/fr\/wp-json\/wp\/v2\/comments?post=188036"}],"version-history":[{"count":3,"href":"https:\/\/news.canadamotorjobs.com\/fr\/wp-json\/wp\/v2\/posts\/188036\/revisions"}],"predecessor-version":[{"id":188063,"href":"https:\/\/news.canadamotorjobs.com\/fr\/wp-json\/wp\/v2\/posts\/188036\/revisions\/188063"}],"wp:featuredmedia":[{"embeddable":true,"href":"https:\/\/news.canadamotorjobs.com\/fr\/wp-json\/wp\/v2\/media\/188038"}],"wp:attachment":[{"href":"https:\/\/news.canadamotorjobs.com\/fr\/wp-json\/wp\/v2\/media?parent=188036"}],"wp:term":[{"taxonomy":"category","embeddable":true,"href":"https:\/\/news.canadamotorjobs.com\/fr\/wp-json\/wp\/v2\/categories?post=188036"},{"taxonomy":"post_tag","embeddable":true,"href":"https:\/\/news.canadamotorjobs.com\/fr\/wp-json\/wp\/v2\/tags?post=188036"}],"curies":[{"name":"wp","href":"https:\/\/api.w.org\/{rel}","templated":true}]}}