{"id":187954,"date":"2025-01-08T02:24:26","date_gmt":"2025-01-08T07:24:26","guid":{"rendered":"https:\/\/news.canadamotorjobs.com\/?p=187954"},"modified":"2025-01-08T02:29:56","modified_gmt":"2025-01-08T07:29:56","slug":"les-ventes-de-vehicules-electriques-seffondrent-en-allemagne-une-baisse-de-274-en-2024","status":"publish","type":"post","link":"https:\/\/news.canadamotorjobs.com\/fr\/les-ventes-de-vehicules-electriques-seffondrent-en-allemagne-une-baisse-de-274-en-2024\/","title":{"rendered":"Les ventes de v\u00e9hicules \u00e9lectriques s\u2019effondrent en Allemagne : une baisse de 27,4 % en 2024"},"content":{"rendered":"<\/p>\n<p>En 2024, les ventes de v\u00e9hicules \u00e9lectriques ont plong\u00e9 de 27,4 % en Allemagne, marquant une ann\u00e9e qualifi\u00e9e par un analyste comme \u00ab perdue pour l\u2019\u00e9lectromobilit\u00e9 \u00bb. Cette baisse survient apr\u00e8s la suppression des subventions gouvernementales en d\u00e9cembre 2023, une mesure controvers\u00e9e qui a profond\u00e9ment affect\u00e9 le march\u00e9.<\/p>\n<p><strong>Fin des subventions : un coup dur pour les v\u00e9hicules \u00e9lectriques<\/strong><\/p>\n<p>Jusqu\u2019\u00e0 la fin de 2023, les acheteurs de mod\u00e8les \u00e9lectriques en Allemagne b\u00e9n\u00e9ficiaient de subventions allant jusqu\u2019\u00e0 6600 $ CA (4500 \u20ac). Les constructeurs recevaient \u00e9galement une aide \u00e9quivalente \u00e0 3300 $ CA (2250 \u20ac). Cependant, le ministre des Transports, Volker Wissing, a d\u00e9cid\u00e9 que le march\u00e9 des v\u00e9hicules \u00e9lectriques devait d\u00e9sormais se stabiliser sans soutien public.<\/p>\n<p>R\u00e9sultat : seulement 380 609 nouveaux mod\u00e8les ont \u00e9t\u00e9 immatricul\u00e9s en 2024, contre 523 000 l\u2019ann\u00e9e pr\u00e9c\u00e9dente, repr\u00e9sentant une part de march\u00e9 r\u00e9duite \u00e0 13,5 %.<\/p>\n<p><\/p>\n<figure><img decoding=\"async\" src=\"https:\/\/news.canadamotorjobs.com\/wp-content\/uploads\/2025\/01\/bmw_i7_m70_xdrive_36-5.jpeg\" alt=\"La BMW i7\" \/><figcaption>La BMW i7 | Auto123.com<\/figcaption><\/figure>\n<p><strong>Les hybrides et hybrides rechargeables en plein essor<\/strong><\/p>\n<p>Pendant que les mod\u00e8les \u00e9lectriques peinaient, les voitures hybrides ont connu une croissance impressionnante de 12,7 %, voyant leurs ventes atteindre 947 398 unit\u00e9s (33,6 % de parts de march\u00e9). Les v\u00e9hicules hybrides rechargeables (PHEV) ont \u00e9galement progress\u00e9, avec une augmentation de 9,2 % pour atteindre 191 905 unit\u00e9s (6,8 % du march\u00e9).<\/p>\n<p>Les mod\u00e8les \u00e0 essence ont conserv\u00e9 leur position dominante, repr\u00e9sentant 35,2 % des ventes avec pr\u00e8s d&#8217;un million d\u2019unit\u00e9s vendues (+1,4 %). Les ventes de v\u00e9hicules \u00e0 moteur diesel ont quant \u00e0 elles diminu\u00e9 de 0,7 %, totalisant 483 261 unit\u00e9s, soit 17,2 % du march\u00e9.<\/p>\n<p><\/p>\n<figure><img decoding=\"async\" src=\"https:\/\/news.canadamotorjobs.com\/wp-content\/uploads\/2025\/01\/2023-volkswagen-id4_3-1.jpg\" alt=\"Le Volkswagen ID.7\" \/><figcaption>Le Volkswagen ID.7 | Auto123.com<\/figcaption><\/figure>\n<p><strong>Une lueur d\u2019espoir pour l\u2019avenir des v\u00e9hicules \u00e9lectriques<\/strong><\/p>\n<p>Les acheteurs allemands pourraient bient\u00f4t b\u00e9n\u00e9ficier de nouvelles aides. Les \u00e9lections pr\u00e9vues en f\u00e9vrier 2025 pourraient changer la donne. Le chancelier Olaf Scholz a \u00e9voqu\u00e9 la possibilit\u00e9 d\u2019un programme de soutien \u00e0 l\u2019\u00e9chelle europ\u00e9enne, tandis que d\u2019autres politiciens appellent \u00e0 un soutien accru pour l\u2019industrie automobile.<\/p>\n<p><strong>Perspectives du march\u00e9 automobile allemand<\/strong><\/p>\n<p>La suppression des subventions a clairement ralenti le d\u00e9veloppement du march\u00e9 des v\u00e9hicules \u00e9lectriques en Allemagne. Toutefois, avec les \u00e9lections \u00e0 l\u2019horizon et des d\u00e9bats qui font rage sur la transition \u00e9nerg\u00e9tique, l\u2019ann\u00e9e 2025 pourrait marquer un tournant pour l\u2019\u00e9lectromobilit\u00e9 dans le pays.<\/p>\n<p><\/p>\n<p style=\"padding-top: 15px\">Contenu original de <a href=\"https:\/\/www.auto123.com\/fr\/actualites\/chute-ventes-ve-allemagne-2024\/72249\/\">auto123<\/a>.<\/p>\n<p>Le texte <a rel=\"nofollow\" href=\"https:\/\/annuelauto.ca\/les-ventes-de-vehicules-electriques-seffondrent-en-allemagne-une-baisse-de-274-en-2024\/\">Les ventes de v\u00e9hicules \u00e9lectriques s\u2019effondrent en Allemagne : une baisse de 27,4 % en 2024<\/a> provient de <a rel=\"nofollow\" href=\"https:\/\/annuelauto.ca\">L&#8217;annuel de l&#8217;automobile &#8211; Actualit\u00e9 automobile<\/a><\/p>\n<p><\/p>\n","protected":false},"excerpt":{"rendered":"<p>En 2024, les ventes de v\u00e9hicules \u00e9lectriques ont plong\u00e9 de 27,4 % en Allemagne, marquant une ann\u00e9e qualifi\u00e9e par un analyste comme \u00ab perdue pour l\u2019\u00e9lectromobilit\u00e9 \u00bb. Cette baisse survient apr\u00e8s la suppression des subventions gouvernementales en d\u00e9cembre 2023, une mesure controvers\u00e9e qui a profond\u00e9ment affect\u00e9 le march\u00e9. Fin des subventions : un coup dur [&hellip;]<\/p>\n","protected":false},"author":8,"featured_media":187956,"comment_status":"close","ping_status":"closed","sticky":false,"template":"","format":"standard","meta":{"_monsterinsights_skip_tracking":false,"_monsterinsights_sitenote_active":false,"_monsterinsights_sitenote_note":"","_monsterinsights_sitenote_category":0,"footnotes":""},"categories":[101],"tags":[],"yoast_head":"<!-- This site is optimized with the Yoast SEO plugin v23.2 - https:\/\/yoast.com\/wordpress\/plugins\/seo\/ -->\n<title>Les ventes de v\u00e9hicules \u00e9lectriques s\u2019effondrent en Allemagne : une baisse de 27,4 % en 2024 - CanadaMotorJobs.com<\/title>\n<meta name=\"description\" content=\"Les ventes de v\u00e9hicules \u00e9lectriques s\u2019effondrent en Allemagne : une baisse de 27,4 % en 2024 - Benoit Charette - Annuel automobile - CanadaMotorJobs.com.\" \/>\n<meta name=\"robots\" content=\"index, follow, max-snippet:-1, max-image-preview:large, max-video-preview:-1\" \/>\n<meta property=\"og:locale\" content=\"fr_CA\" \/>\n<meta property=\"og:type\" content=\"article\" \/>\n<meta property=\"og:title\" content=\"Les ventes de v\u00e9hicules \u00e9lectriques s\u2019effondrent en Allemagne : une baisse de 27,4 % en 2024 - CanadaMotorJobs.com\" \/>\n<meta property=\"og:description\" content=\"Les ventes de v\u00e9hicules \u00e9lectriques s\u2019effondrent en Allemagne : une baisse de 27,4 % en 2024 - Benoit Charette - Annuel automobile - CanadaMotorJobs.com.\" \/>\n<meta property=\"og:url\" content=\"https:\/\/news.canadamotorjobs.com\/fr\/les-ventes-de-vehicules-electriques-seffondrent-en-allemagne-une-baisse-de-274-en-2024\/\" \/>\n<meta property=\"og:site_name\" content=\"CanadaMotorJobs.com\" \/>\n<meta property=\"article:publisher\" content=\"https:\/\/www.facebook.com\/canadamotorjobs\/\" \/>\n<meta property=\"article:published_time\" content=\"2025-01-08T07:24:26+00:00\" \/>\n<meta property=\"article:modified_time\" content=\"2025-01-08T07:29:56+00:00\" \/>\n<meta property=\"og:image\" content=\"https:\/\/news.canadamotorjobs.com\/wp-content\/uploads\/2025\/01\/bmw_i7_m70_xdrive_36.jpeg\" \/>\n\t<meta property=\"og:image:width\" content=\"1200\" \/>\n\t<meta property=\"og:image:height\" content=\"801\" \/>\n\t<meta property=\"og:image:type\" content=\"image\/jpeg\" \/>\n<meta name=\"author\" content=\"Benoit Charette\" \/>\n<meta name=\"twitter:card\" content=\"summary_large_image\" \/>\n<meta name=\"twitter:creator\" content=\"@canadamotorjobs\" \/>\n<meta name=\"twitter:site\" content=\"@canadamotorjobs\" \/>\n<meta name=\"twitter:label1\" content=\"\u00c9crit par\" \/>\n\t<meta name=\"twitter:data1\" content=\"Benoit Charette\" \/>\n\t<meta name=\"twitter:label2\" content=\"Estimation du temps de lecture\" \/>\n\t<meta name=\"twitter:data2\" content=\"2 minutes\" \/>\n<!-- \/ Yoast SEO plugin. -->","yoast_head_json":{"title":"Les ventes de v\u00e9hicules \u00e9lectriques s\u2019effondrent en Allemagne : une baisse de 27,4 % en 2024 - CanadaMotorJobs.com","description":"Les ventes de v\u00e9hicules \u00e9lectriques s\u2019effondrent en Allemagne : une baisse de 27,4 % en 2024 - Benoit Charette - Annuel automobile - CanadaMotorJobs.com.","robots":{"index":"index","follow":"follow","max-snippet":"max-snippet:-1","max-image-preview":"max-image-preview:large","max-video-preview":"max-video-preview:-1"},"og_locale":"fr_CA","og_type":"article","og_title":"Les ventes de v\u00e9hicules \u00e9lectriques s\u2019effondrent en Allemagne : une baisse de 27,4 % en 2024 - CanadaMotorJobs.com","og_description":"Les ventes de v\u00e9hicules \u00e9lectriques s\u2019effondrent en Allemagne : une baisse de 27,4 % en 2024 - Benoit Charette - Annuel automobile - CanadaMotorJobs.com.","og_url":"https:\/\/news.canadamotorjobs.com\/fr\/les-ventes-de-vehicules-electriques-seffondrent-en-allemagne-une-baisse-de-274-en-2024\/","og_site_name":"CanadaMotorJobs.com","article_publisher":"https:\/\/www.facebook.com\/canadamotorjobs\/","article_published_time":"2025-01-08T07:24:26+00:00","article_modified_time":"2025-01-08T07:29:56+00:00","og_image":[{"width":1200,"height":801,"url":"https:\/\/news.canadamotorjobs.com\/wp-content\/uploads\/2025\/01\/bmw_i7_m70_xdrive_36.jpeg","type":"image\/jpeg"}],"author":"Benoit Charette","twitter_card":"summary_large_image","twitter_creator":"@canadamotorjobs","twitter_site":"@canadamotorjobs","twitter_misc":{"\u00c9crit par":"Benoit Charette","Estimation du temps de lecture":"2 minutes"},"schema":{"@context":"https:\/\/schema.org","@graph":[{"@type":"Article","@id":"https:\/\/news.canadamotorjobs.com\/fr\/les-ventes-de-vehicules-electriques-seffondrent-en-allemagne-une-baisse-de-274-en-2024\/#article","isPartOf":{"@id":"https:\/\/news.canadamotorjobs.com\/fr\/les-ventes-de-vehicules-electriques-seffondrent-en-allemagne-une-baisse-de-274-en-2024\/"},"author":{"name":"Benoit Charette","@id":"https:\/\/news.canadamotorjobs.com\/#\/schema\/person\/51793d1f87d44011d7bcc2ed99269a90"},"headline":"Les ventes de v\u00e9hicules \u00e9lectriques s\u2019effondrent en Allemagne : une baisse de 27,4 % en 2024","datePublished":"2025-01-08T07:24:26+00:00","dateModified":"2025-01-08T07:29:56+00:00","mainEntityOfPage":{"@id":"https:\/\/news.canadamotorjobs.com\/fr\/les-ventes-de-vehicules-electriques-seffondrent-en-allemagne-une-baisse-de-274-en-2024\/"},"wordCount":406,"publisher":{"@id":"https:\/\/news.canadamotorjobs.com\/#organization"},"image":{"@id":"https:\/\/news.canadamotorjobs.com\/fr\/les-ventes-de-vehicules-electriques-seffondrent-en-allemagne-une-baisse-de-274-en-2024\/#primaryimage"},"thumbnailUrl":"https:\/\/news.canadamotorjobs.com\/wp-content\/uploads\/2025\/01\/bmw_i7_m70_xdrive_36.jpeg","articleSection":["Annuel automobile"],"inLanguage":"fr-CA"},{"@type":"WebPage","@id":"https:\/\/news.canadamotorjobs.com\/fr\/les-ventes-de-vehicules-electriques-seffondrent-en-allemagne-une-baisse-de-274-en-2024\/","url":"https:\/\/news.canadamotorjobs.com\/fr\/les-ventes-de-vehicules-electriques-seffondrent-en-allemagne-une-baisse-de-274-en-2024\/","name":"Les ventes de v\u00e9hicules \u00e9lectriques s\u2019effondrent en Allemagne : une baisse de 27,4 % en 2024 - CanadaMotorJobs.com","isPartOf":{"@id":"https:\/\/news.canadamotorjobs.com\/#website"},"primaryImageOfPage":{"@id":"https:\/\/news.canadamotorjobs.com\/fr\/les-ventes-de-vehicules-electriques-seffondrent-en-allemagne-une-baisse-de-274-en-2024\/#primaryimage"},"image":{"@id":"https:\/\/news.canadamotorjobs.com\/fr\/les-ventes-de-vehicules-electriques-seffondrent-en-allemagne-une-baisse-de-274-en-2024\/#primaryimage"},"thumbnailUrl":"https:\/\/news.canadamotorjobs.com\/wp-content\/uploads\/2025\/01\/bmw_i7_m70_xdrive_36.jpeg","datePublished":"2025-01-08T07:24:26+00:00","dateModified":"2025-01-08T07:29:56+00:00","description":"Les ventes de v\u00e9hicules \u00e9lectriques s\u2019effondrent en Allemagne : une baisse de 27,4 % en 2024 - Benoit Charette - Annuel automobile - CanadaMotorJobs.com.","breadcrumb":{"@id":"https:\/\/news.canadamotorjobs.com\/fr\/les-ventes-de-vehicules-electriques-seffondrent-en-allemagne-une-baisse-de-274-en-2024\/#breadcrumb"},"inLanguage":"fr-CA","potentialAction":[{"@type":"ReadAction","target":["https:\/\/news.canadamotorjobs.com\/fr\/les-ventes-de-vehicules-electriques-seffondrent-en-allemagne-une-baisse-de-274-en-2024\/"]}]},{"@type":"ImageObject","inLanguage":"fr-CA","@id":"https:\/\/news.canadamotorjobs.com\/fr\/les-ventes-de-vehicules-electriques-seffondrent-en-allemagne-une-baisse-de-274-en-2024\/#primaryimage","url":"https:\/\/news.canadamotorjobs.com\/wp-content\/uploads\/2025\/01\/bmw_i7_m70_xdrive_36.jpeg","contentUrl":"https:\/\/news.canadamotorjobs.com\/wp-content\/uploads\/2025\/01\/bmw_i7_m70_xdrive_36.jpeg","width":1200,"height":801},{"@type":"BreadcrumbList","@id":"https:\/\/news.canadamotorjobs.com\/fr\/les-ventes-de-vehicules-electriques-seffondrent-en-allemagne-une-baisse-de-274-en-2024\/#breadcrumb","itemListElement":[{"@type":"ListItem","position":1,"name":"Home","item":"https:\/\/news.canadamotorjobs.com\/fr\/blog\/"},{"@type":"ListItem","position":2,"name":"Les ventes de v\u00e9hicules \u00e9lectriques s\u2019effondrent en Allemagne : une baisse de 27,4 % en 2024"}]},{"@type":"WebSite","@id":"https:\/\/news.canadamotorjobs.com\/#website","url":"https:\/\/news.canadamotorjobs.com\/","name":"CanadaMotorJobs.com","description":"Automotive Jobs","publisher":{"@id":"https:\/\/news.canadamotorjobs.com\/#organization"},"potentialAction":[{"@type":"SearchAction","target":{"@type":"EntryPoint","urlTemplate":"https:\/\/news.canadamotorjobs.com\/?s={search_term_string}"},"query-input":"required name=search_term_string"}],"inLanguage":"fr-CA"},{"@type":"Organization","@id":"https:\/\/news.canadamotorjobs.com\/#organization","name":"Canada Motor Jobs","url":"https:\/\/news.canadamotorjobs.com\/","logo":{"@type":"ImageObject","inLanguage":"fr-CA","@id":"https:\/\/news.canadamotorjobs.com\/#\/schema\/logo\/image\/","url":"https:\/\/news.canadamotorjobs.com\/wp-content\/uploads\/2022\/10\/logo-canada-motor-jobs-1.png","contentUrl":"https:\/\/news.canadamotorjobs.com\/wp-content\/uploads\/2022\/10\/logo-canada-motor-jobs-1.png","width":800,"height":400,"caption":"Canada Motor Jobs"},"image":{"@id":"https:\/\/news.canadamotorjobs.com\/#\/schema\/logo\/image\/"},"sameAs":["https:\/\/www.facebook.com\/canadamotorjobs\/","https:\/\/x.com\/canadamotorjobs","https:\/\/www.instagram.com\/canadamotorjobs\/","https:\/\/www.linkedin.com\/company\/canadamotorjobs"]},{"@type":"Person","@id":"https:\/\/news.canadamotorjobs.com\/#\/schema\/person\/51793d1f87d44011d7bcc2ed99269a90","name":"Benoit Charette","image":{"@type":"ImageObject","inLanguage":"fr-CA","@id":"https:\/\/news.canadamotorjobs.com\/#\/schema\/person\/image\/","url":"https:\/\/secure.gravatar.com\/avatar\/45f3d2eebcccd909668d7ce7ea7267b6?s=96&d=mm&r=g","contentUrl":"https:\/\/secure.gravatar.com\/avatar\/45f3d2eebcccd909668d7ce7ea7267b6?s=96&d=mm&r=g","caption":"Benoit Charette"},"description":"Benoit Charette \/ Propri\u00e9taire et r\u00e9dacteur en chef Benoit Charette pratique le journalisme automobile depuis bient\u00f4t 30 ans. Il a fait ses classes au c\u00f4t\u00e9 de Daniel H\u00e9raud et au Carnet de route de 1992 \u00e0 2001. Il est fondateur, copropri\u00e9taire et r\u00e9dacteur en chef de L\u2019Annuel de l\u2019automobile, qu\u2019il publie depuis 2001. Il a anim\u00e9 les \u00e9missions RPM et RPM+ sur V et les L\u00e9gendes de la route sur Historia. \u00c0 la radio depuis 1986, il reprend l\u2019antenne cette ann\u00e9e sur les ondes de Cogeco et participe pour la deuxi\u00e8me ann\u00e9e \u00e0 l\u2019\u00e9mission Passion Auto sur RDS en plus de mettre en ligne le site Web officiel de L\u2019Annuel de l\u2019automobile sur annuelauto.ca.","sameAs":["https:\/\/annuelauto.ca\/"],"url":"https:\/\/news.canadamotorjobs.com\/fr\/author\/benoit-charette\/"}]}},"_links":{"self":[{"href":"https:\/\/news.canadamotorjobs.com\/fr\/wp-json\/wp\/v2\/posts\/187954"}],"collection":[{"href":"https:\/\/news.canadamotorjobs.com\/fr\/wp-json\/wp\/v2\/posts"}],"about":[{"href":"https:\/\/news.canadamotorjobs.com\/fr\/wp-json\/wp\/v2\/types\/post"}],"author":[{"embeddable":true,"href":"https:\/\/news.canadamotorjobs.com\/fr\/wp-json\/wp\/v2\/users\/8"}],"replies":[{"embeddable":true,"href":"https:\/\/news.canadamotorjobs.com\/fr\/wp-json\/wp\/v2\/comments?post=187954"}],"version-history":[{"count":3,"href":"https:\/\/news.canadamotorjobs.com\/fr\/wp-json\/wp\/v2\/posts\/187954\/revisions"}],"predecessor-version":[{"id":187985,"href":"https:\/\/news.canadamotorjobs.com\/fr\/wp-json\/wp\/v2\/posts\/187954\/revisions\/187985"}],"wp:featuredmedia":[{"embeddable":true,"href":"https:\/\/news.canadamotorjobs.com\/fr\/wp-json\/wp\/v2\/media\/187956"}],"wp:attachment":[{"href":"https:\/\/news.canadamotorjobs.com\/fr\/wp-json\/wp\/v2\/media?parent=187954"}],"wp:term":[{"taxonomy":"category","embeddable":true,"href":"https:\/\/news.canadamotorjobs.com\/fr\/wp-json\/wp\/v2\/categories?post=187954"},{"taxonomy":"post_tag","embeddable":true,"href":"https:\/\/news.canadamotorjobs.com\/fr\/wp-json\/wp\/v2\/tags?post=187954"}],"curies":[{"name":"wp","href":"https:\/\/api.w.org\/{rel}","templated":true}]}}