{"id":187914,"date":"2025-01-08T02:24:27","date_gmt":"2025-01-08T07:24:27","guid":{"rendered":"https:\/\/news.canadamotorjobs.com\/?p=187914"},"modified":"2025-01-08T02:29:41","modified_gmt":"2025-01-08T07:29:41","slug":"un-rafraichissement-esthetique-pour-le-genesis-gv60-2026","status":"publish","type":"post","link":"https:\/\/news.canadamotorjobs.com\/fr\/un-rafraichissement-esthetique-pour-le-genesis-gv60-2026\/","title":{"rendered":"Un rafra\u00eechissement esth\u00e9tique pour le Genesis GV60 2026"},"content":{"rendered":"<\/p>\n<p>Genesis a d\u00e9voil\u00e9 lundi une version mise \u00e0 jour de son VUS \u00e9lectrique GV60. L\u2019\u00e9v\u00e9nement a eu lieu en Cor\u00e9e du Sud, l\u00e0 o\u00f9 le mod\u00e8le sera d\u2019abord propos\u00e9 en ce d\u00e9but d\u2019ann\u00e9e 2025.<\/p>\n<p>Les versions destin\u00e9es \u00e0 l\u2019Am\u00e9rique du Nord suivront, assur\u00e9ment comme mill\u00e9simes 2026, m\u00eame si aucune confirmation concernant le moment pr\u00e9cis n\u2019a \u00e9t\u00e9 faite \u00e0 ce propos.<\/p>\n<h2>Genesis GV60 2026 \u2013 quoi de neuf ?<\/h2>\n<p>On parle surtout de changements stylistiques subtils pour ce qui est le seul mod\u00e8le uniquement \u00e9lectrique de la marque. Genesis propose aussi un GV70 \u00e9lectrique, ainsi que la berline G80 \u00e9lectrique, mais ces deux produits sont aussi vendus avec un moteur \u00e0 essence.<\/p>\n<p>Le plus gros changement concerne la taille de la batterie, qui passe de 77,4 kWh \u00e0 84,0 kWh.<\/p>\n<p><\/p>\n<figure><img decoding=\"async\" src=\"https:\/\/news.canadamotorjobs.com\/wp-content\/uploads\/2025\/01\/genesis_gv60_199-5.jpeg\" alt=\"Le Genesis GV60 2026, de profil\" \/><figcaption>Le Genesis GV60 2026, de profil | Auto123.com<\/figcaption><\/figure>\n<h2>Design du Genesis GV60 2026<\/h2>\n<p>Pour ce qui est des changements avec le GV60, il faut prendre le temps de bien analyser le mod\u00e8le pour les discerner. \u00c0 l\u2019avant, le bouclier a \u00e9t\u00e9 l\u00e9g\u00e8rement modifi\u00e9. Les phares h\u00e9ritent de nouveaux \u00e9l\u00e9ments \u00e0 DEL qui sont plus petits. De nouvelles jantes de 21 pouces seront aussi livrables.<\/p>\n<p>Le VUS profite aussi de nouveaux accents ext\u00e9rieurs, entre autres le rev\u00eatement que l\u2019on retrouve aux passages de roue, ainsi que celui qui est greff\u00e9 \u00e0 la partie inf\u00e9rieure du bouclier arri\u00e8re. Ces accents empruntent d\u00e9sormais la couleur de la carrosserie.<\/p>\n<p><\/p>\n<figure><img decoding=\"async\" src=\"https:\/\/news.canadamotorjobs.com\/wp-content\/uploads\/2025\/01\/genesis_gv60_3903-1.jpeg\" alt=\"Le Genesis GV60 2026, int\u00e9rieur\" \/><figcaption>Le Genesis GV60 2026, int\u00e9rieur | Auto123.com<\/figcaption><\/figure>\n<p><strong>\u00c0 l\u2019int\u00e9rieur<\/strong><\/p>\n<p>\u00c0 bord, l\u2019\u00e9cran que l\u2019on retrouve au tableau de bord conserve sa dimension de 27 pouces, mais il n\u2019y a plus de s\u00e9paration entre les images montr\u00e9es au bloc d\u2019instruments et celles du syst\u00e8me multim\u00e9dia ; l\u2019affichage est uni.<\/p>\n<p><strong>Une plus grosse batterie<\/strong><\/p>\n<p>Sinon, comme mentionn\u00e9, le plus gros changement apport\u00e9 au mod\u00e8le est invisible. Il concerne la taille de la batterie qui passe de 77,0 kWh \u00e0 84,0 kWh. Si cette modification vous semble famili\u00e8re, c\u2019est parce que c\u2019est la m\u00eame qui a touch\u00e9 les mod\u00e8les EV6 chez Kia et Ioniq 5 chez Hyundai.<\/p>\n<p>Genesis mentionne que \u00e7a fait grimper l\u2019autonomie avec les mod\u00e8les \u00e0 propulsion, mais les deux versions offertes au Canada sont \u00e0 traction int\u00e9grale. Il faudra voir ce qui en sera avec nos variantes, lorsqu\u2019elles nous parviendront.<\/p>\n<p><\/p>\n<figure><img decoding=\"async\" src=\"https:\/\/news.canadamotorjobs.com\/wp-content\/uploads\/2025\/01\/genesis-gv60-magma-concept_7-1.jpg\" alt=\"Le Genesis GV60 Magma, en forme concept au Salon de New York 2024\" \/><figcaption>Le Genesis GV60 Magma, en forme concept au Salon de New York 2024 | Auto123.com<\/figcaption><\/figure>\n<p><strong>Le GV60 Magma<\/strong><\/p>\n<p>L\u2019autre grande nouvelle, dont les d\u00e9tails sont attendus, c\u2019est l\u2019arriv\u00e9e de la version Magma, qui sera ax\u00e9e sur la haute performance. On s\u2019attend \u00e0 quelque chose de similaire \u00e0 ce que propose l\u2019Ioniq 5 N. Le GV60 Magma a d\u00e9j\u00e0 \u00e9t\u00e9 montr\u00e9 dans les salons automobiles sous forme de concept (pr\u00e8s de la production) et son arriv\u00e9e sur le march\u00e9 n\u2019est qu\u2019une question de temps.<\/p>\n<p>La b\u00eate devrait faire ses d\u00e9buts sur le march\u00e9 asiatique dans la deuxi\u00e8me moiti\u00e9 de cette ann\u00e9e. On peut deviner qu\u2019elle suivra la version r\u00e9guli\u00e8re chez nous \u00e9galement, ce qui signifierait une arriv\u00e9e au d\u00e9but de 2026.<\/p>\n<p><\/p>\n<figure><img decoding=\"async\" src=\"https:\/\/news.canadamotorjobs.com\/wp-content\/uploads\/2025\/01\/genesis_gv60_48-1.jpeg\" alt=\"Le Genesis GV60 2026, trois quarts arri\u00e8re\" \/><figcaption>Le Genesis GV60 2026, trois quarts arri\u00e8re | Auto123.com<\/figcaption><\/figure>\n<p style=\"padding-top: 15px\">Contenu original de <a href=\"https:\/\/www.auto123.com\/fr\/actualites\/genesis-gv60-2026-devoile-esthetique-batterie\/72248\/\">auto123<\/a>.<\/p>\n<p>Le texte <a rel=\"nofollow\" href=\"https:\/\/annuelauto.ca\/un-rafraichissement-esthetique-pour-le-genesis-gv60-2026\/\">Un rafra\u00eechissement esth\u00e9tique pour le Genesis GV60 2026<\/a> provient de <a rel=\"nofollow\" href=\"https:\/\/annuelauto.ca\">L&#8217;annuel de l&#8217;automobile &#8211; Actualit\u00e9 automobile<\/a><\/p>\n<p><\/p>\n","protected":false},"excerpt":{"rendered":"<p>Genesis a d\u00e9voil\u00e9 lundi une version mise \u00e0 jour de son VUS \u00e9lectrique GV60. L\u2019\u00e9v\u00e9nement a eu lieu en Cor\u00e9e du Sud, l\u00e0 o\u00f9 le mod\u00e8le sera d\u2019abord propos\u00e9 en ce d\u00e9but d\u2019ann\u00e9e 2025. Les versions destin\u00e9es \u00e0 l\u2019Am\u00e9rique du Nord suivront, assur\u00e9ment comme mill\u00e9simes 2026, m\u00eame si aucune confirmation concernant le moment pr\u00e9cis n\u2019a [&hellip;]<\/p>\n","protected":false},"author":8,"featured_media":187916,"comment_status":"close","ping_status":"closed","sticky":false,"template":"","format":"standard","meta":{"_monsterinsights_skip_tracking":false,"_monsterinsights_sitenote_active":false,"_monsterinsights_sitenote_note":"","_monsterinsights_sitenote_category":0,"footnotes":""},"categories":[101],"tags":[],"yoast_head":"<!-- This site is optimized with the Yoast SEO plugin v23.2 - https:\/\/yoast.com\/wordpress\/plugins\/seo\/ -->\n<title>Un rafra\u00eechissement esth\u00e9tique pour le Genesis GV60 2026 - CanadaMotorJobs.com<\/title>\n<meta name=\"description\" content=\"Un rafra\u00eechissement esth\u00e9tique pour le Genesis GV60 2026 - Benoit Charette - Annuel automobile - CanadaMotorJobs.com.\" \/>\n<meta name=\"robots\" content=\"index, follow, max-snippet:-1, max-image-preview:large, max-video-preview:-1\" \/>\n<meta property=\"og:locale\" content=\"fr_CA\" \/>\n<meta property=\"og:type\" content=\"article\" \/>\n<meta property=\"og:title\" content=\"Un rafra\u00eechissement esth\u00e9tique pour le Genesis GV60 2026 - CanadaMotorJobs.com\" \/>\n<meta property=\"og:description\" content=\"Un rafra\u00eechissement esth\u00e9tique pour le Genesis GV60 2026 - Benoit Charette - Annuel automobile - CanadaMotorJobs.com.\" \/>\n<meta property=\"og:url\" content=\"https:\/\/news.canadamotorjobs.com\/fr\/un-rafraichissement-esthetique-pour-le-genesis-gv60-2026\/\" \/>\n<meta property=\"og:site_name\" content=\"CanadaMotorJobs.com\" \/>\n<meta property=\"article:publisher\" content=\"https:\/\/www.facebook.com\/canadamotorjobs\/\" \/>\n<meta property=\"article:published_time\" content=\"2025-01-08T07:24:27+00:00\" \/>\n<meta property=\"article:modified_time\" content=\"2025-01-08T07:29:41+00:00\" \/>\n<meta property=\"og:image\" content=\"https:\/\/news.canadamotorjobs.com\/wp-content\/uploads\/2025\/01\/genesis_gv60_199.jpeg\" \/>\n\t<meta property=\"og:image:width\" content=\"1200\" \/>\n\t<meta property=\"og:image:height\" content=\"801\" \/>\n\t<meta property=\"og:image:type\" content=\"image\/jpeg\" \/>\n<meta name=\"author\" content=\"Benoit Charette\" \/>\n<meta name=\"twitter:card\" content=\"summary_large_image\" \/>\n<meta name=\"twitter:creator\" content=\"@canadamotorjobs\" \/>\n<meta name=\"twitter:site\" content=\"@canadamotorjobs\" \/>\n<meta name=\"twitter:label1\" content=\"\u00c9crit par\" \/>\n\t<meta name=\"twitter:data1\" content=\"Benoit Charette\" \/>\n\t<meta name=\"twitter:label2\" content=\"Estimation du temps de lecture\" \/>\n\t<meta name=\"twitter:data2\" content=\"3 minutes\" \/>\n<!-- \/ Yoast SEO plugin. -->","yoast_head_json":{"title":"Un rafra\u00eechissement esth\u00e9tique pour le Genesis GV60 2026 - CanadaMotorJobs.com","description":"Un rafra\u00eechissement esth\u00e9tique pour le Genesis GV60 2026 - Benoit Charette - Annuel automobile - CanadaMotorJobs.com.","robots":{"index":"index","follow":"follow","max-snippet":"max-snippet:-1","max-image-preview":"max-image-preview:large","max-video-preview":"max-video-preview:-1"},"og_locale":"fr_CA","og_type":"article","og_title":"Un rafra\u00eechissement esth\u00e9tique pour le Genesis GV60 2026 - CanadaMotorJobs.com","og_description":"Un rafra\u00eechissement esth\u00e9tique pour le Genesis GV60 2026 - Benoit Charette - Annuel automobile - CanadaMotorJobs.com.","og_url":"https:\/\/news.canadamotorjobs.com\/fr\/un-rafraichissement-esthetique-pour-le-genesis-gv60-2026\/","og_site_name":"CanadaMotorJobs.com","article_publisher":"https:\/\/www.facebook.com\/canadamotorjobs\/","article_published_time":"2025-01-08T07:24:27+00:00","article_modified_time":"2025-01-08T07:29:41+00:00","og_image":[{"width":1200,"height":801,"url":"https:\/\/news.canadamotorjobs.com\/wp-content\/uploads\/2025\/01\/genesis_gv60_199.jpeg","type":"image\/jpeg"}],"author":"Benoit Charette","twitter_card":"summary_large_image","twitter_creator":"@canadamotorjobs","twitter_site":"@canadamotorjobs","twitter_misc":{"\u00c9crit par":"Benoit Charette","Estimation du temps de lecture":"3 minutes"},"schema":{"@context":"https:\/\/schema.org","@graph":[{"@type":"Article","@id":"https:\/\/news.canadamotorjobs.com\/fr\/un-rafraichissement-esthetique-pour-le-genesis-gv60-2026\/#article","isPartOf":{"@id":"https:\/\/news.canadamotorjobs.com\/fr\/un-rafraichissement-esthetique-pour-le-genesis-gv60-2026\/"},"author":{"name":"Benoit Charette","@id":"https:\/\/news.canadamotorjobs.com\/#\/schema\/person\/51793d1f87d44011d7bcc2ed99269a90"},"headline":"Un rafra\u00eechissement esth\u00e9tique pour le Genesis GV60 2026","datePublished":"2025-01-08T07:24:27+00:00","dateModified":"2025-01-08T07:29:41+00:00","mainEntityOfPage":{"@id":"https:\/\/news.canadamotorjobs.com\/fr\/un-rafraichissement-esthetique-pour-le-genesis-gv60-2026\/"},"wordCount":577,"publisher":{"@id":"https:\/\/news.canadamotorjobs.com\/#organization"},"image":{"@id":"https:\/\/news.canadamotorjobs.com\/fr\/un-rafraichissement-esthetique-pour-le-genesis-gv60-2026\/#primaryimage"},"thumbnailUrl":"https:\/\/news.canadamotorjobs.com\/wp-content\/uploads\/2025\/01\/genesis_gv60_199.jpeg","articleSection":["Annuel automobile"],"inLanguage":"fr-CA"},{"@type":"WebPage","@id":"https:\/\/news.canadamotorjobs.com\/fr\/un-rafraichissement-esthetique-pour-le-genesis-gv60-2026\/","url":"https:\/\/news.canadamotorjobs.com\/fr\/un-rafraichissement-esthetique-pour-le-genesis-gv60-2026\/","name":"Un rafra\u00eechissement esth\u00e9tique pour le Genesis GV60 2026 - CanadaMotorJobs.com","isPartOf":{"@id":"https:\/\/news.canadamotorjobs.com\/#website"},"primaryImageOfPage":{"@id":"https:\/\/news.canadamotorjobs.com\/fr\/un-rafraichissement-esthetique-pour-le-genesis-gv60-2026\/#primaryimage"},"image":{"@id":"https:\/\/news.canadamotorjobs.com\/fr\/un-rafraichissement-esthetique-pour-le-genesis-gv60-2026\/#primaryimage"},"thumbnailUrl":"https:\/\/news.canadamotorjobs.com\/wp-content\/uploads\/2025\/01\/genesis_gv60_199.jpeg","datePublished":"2025-01-08T07:24:27+00:00","dateModified":"2025-01-08T07:29:41+00:00","description":"Un rafra\u00eechissement esth\u00e9tique pour le Genesis GV60 2026 - Benoit Charette - Annuel automobile - CanadaMotorJobs.com.","breadcrumb":{"@id":"https:\/\/news.canadamotorjobs.com\/fr\/un-rafraichissement-esthetique-pour-le-genesis-gv60-2026\/#breadcrumb"},"inLanguage":"fr-CA","potentialAction":[{"@type":"ReadAction","target":["https:\/\/news.canadamotorjobs.com\/fr\/un-rafraichissement-esthetique-pour-le-genesis-gv60-2026\/"]}]},{"@type":"ImageObject","inLanguage":"fr-CA","@id":"https:\/\/news.canadamotorjobs.com\/fr\/un-rafraichissement-esthetique-pour-le-genesis-gv60-2026\/#primaryimage","url":"https:\/\/news.canadamotorjobs.com\/wp-content\/uploads\/2025\/01\/genesis_gv60_199.jpeg","contentUrl":"https:\/\/news.canadamotorjobs.com\/wp-content\/uploads\/2025\/01\/genesis_gv60_199.jpeg","width":1200,"height":801},{"@type":"BreadcrumbList","@id":"https:\/\/news.canadamotorjobs.com\/fr\/un-rafraichissement-esthetique-pour-le-genesis-gv60-2026\/#breadcrumb","itemListElement":[{"@type":"ListItem","position":1,"name":"Home","item":"https:\/\/news.canadamotorjobs.com\/fr\/blog\/"},{"@type":"ListItem","position":2,"name":"Un rafra\u00eechissement esth\u00e9tique pour le Genesis GV60 2026"}]},{"@type":"WebSite","@id":"https:\/\/news.canadamotorjobs.com\/#website","url":"https:\/\/news.canadamotorjobs.com\/","name":"CanadaMotorJobs.com","description":"Automotive Jobs","publisher":{"@id":"https:\/\/news.canadamotorjobs.com\/#organization"},"potentialAction":[{"@type":"SearchAction","target":{"@type":"EntryPoint","urlTemplate":"https:\/\/news.canadamotorjobs.com\/?s={search_term_string}"},"query-input":"required name=search_term_string"}],"inLanguage":"fr-CA"},{"@type":"Organization","@id":"https:\/\/news.canadamotorjobs.com\/#organization","name":"Canada Motor Jobs","url":"https:\/\/news.canadamotorjobs.com\/","logo":{"@type":"ImageObject","inLanguage":"fr-CA","@id":"https:\/\/news.canadamotorjobs.com\/#\/schema\/logo\/image\/","url":"https:\/\/news.canadamotorjobs.com\/wp-content\/uploads\/2022\/10\/logo-canada-motor-jobs-1.png","contentUrl":"https:\/\/news.canadamotorjobs.com\/wp-content\/uploads\/2022\/10\/logo-canada-motor-jobs-1.png","width":800,"height":400,"caption":"Canada Motor Jobs"},"image":{"@id":"https:\/\/news.canadamotorjobs.com\/#\/schema\/logo\/image\/"},"sameAs":["https:\/\/www.facebook.com\/canadamotorjobs\/","https:\/\/x.com\/canadamotorjobs","https:\/\/www.instagram.com\/canadamotorjobs\/","https:\/\/www.linkedin.com\/company\/canadamotorjobs"]},{"@type":"Person","@id":"https:\/\/news.canadamotorjobs.com\/#\/schema\/person\/51793d1f87d44011d7bcc2ed99269a90","name":"Benoit Charette","image":{"@type":"ImageObject","inLanguage":"fr-CA","@id":"https:\/\/news.canadamotorjobs.com\/#\/schema\/person\/image\/","url":"https:\/\/secure.gravatar.com\/avatar\/45f3d2eebcccd909668d7ce7ea7267b6?s=96&d=mm&r=g","contentUrl":"https:\/\/secure.gravatar.com\/avatar\/45f3d2eebcccd909668d7ce7ea7267b6?s=96&d=mm&r=g","caption":"Benoit Charette"},"description":"Benoit Charette \/ Propri\u00e9taire et r\u00e9dacteur en chef Benoit Charette pratique le journalisme automobile depuis bient\u00f4t 30 ans. Il a fait ses classes au c\u00f4t\u00e9 de Daniel H\u00e9raud et au Carnet de route de 1992 \u00e0 2001. Il est fondateur, copropri\u00e9taire et r\u00e9dacteur en chef de L\u2019Annuel de l\u2019automobile, qu\u2019il publie depuis 2001. Il a anim\u00e9 les \u00e9missions RPM et RPM+ sur V et les L\u00e9gendes de la route sur Historia. \u00c0 la radio depuis 1986, il reprend l\u2019antenne cette ann\u00e9e sur les ondes de Cogeco et participe pour la deuxi\u00e8me ann\u00e9e \u00e0 l\u2019\u00e9mission Passion Auto sur RDS en plus de mettre en ligne le site Web officiel de L\u2019Annuel de l\u2019automobile sur annuelauto.ca.","sameAs":["https:\/\/annuelauto.ca\/"],"url":"https:\/\/news.canadamotorjobs.com\/fr\/author\/benoit-charette\/"}]}},"_links":{"self":[{"href":"https:\/\/news.canadamotorjobs.com\/fr\/wp-json\/wp\/v2\/posts\/187914"}],"collection":[{"href":"https:\/\/news.canadamotorjobs.com\/fr\/wp-json\/wp\/v2\/posts"}],"about":[{"href":"https:\/\/news.canadamotorjobs.com\/fr\/wp-json\/wp\/v2\/types\/post"}],"author":[{"embeddable":true,"href":"https:\/\/news.canadamotorjobs.com\/fr\/wp-json\/wp\/v2\/users\/8"}],"replies":[{"embeddable":true,"href":"https:\/\/news.canadamotorjobs.com\/fr\/wp-json\/wp\/v2\/comments?post=187914"}],"version-history":[{"count":3,"href":"https:\/\/news.canadamotorjobs.com\/fr\/wp-json\/wp\/v2\/posts\/187914\/revisions"}],"predecessor-version":[{"id":187953,"href":"https:\/\/news.canadamotorjobs.com\/fr\/wp-json\/wp\/v2\/posts\/187914\/revisions\/187953"}],"wp:featuredmedia":[{"embeddable":true,"href":"https:\/\/news.canadamotorjobs.com\/fr\/wp-json\/wp\/v2\/media\/187916"}],"wp:attachment":[{"href":"https:\/\/news.canadamotorjobs.com\/fr\/wp-json\/wp\/v2\/media?parent=187914"}],"wp:term":[{"taxonomy":"category","embeddable":true,"href":"https:\/\/news.canadamotorjobs.com\/fr\/wp-json\/wp\/v2\/categories?post=187914"},{"taxonomy":"post_tag","embeddable":true,"href":"https:\/\/news.canadamotorjobs.com\/fr\/wp-json\/wp\/v2\/tags?post=187914"}],"curies":[{"name":"wp","href":"https:\/\/api.w.org\/{rel}","templated":true}]}}