{"id":187822,"date":"2025-01-08T02:24:27","date_gmt":"2025-01-08T07:24:27","guid":{"rendered":"https:\/\/news.canadamotorjobs.com\/?p=187822"},"modified":"2025-01-08T02:28:55","modified_gmt":"2025-01-08T07:28:55","slug":"reprise-imminente-des-ventes-du-volkswagen-id-4","status":"publish","type":"post","link":"https:\/\/news.canadamotorjobs.com\/fr\/reprise-imminente-des-ventes-du-volkswagen-id-4\/","title":{"rendered":"Reprise imminente des ventes du Volkswagen ID.4"},"content":{"rendered":"<\/p>\n<p>La division am\u00e9ricaine de Volkswagen a annonc\u00e9 qu\u2019elle avait commenc\u00e9 \u00e0 exp\u00e9dier des pi\u00e8ces de rechange \u00e0 ses concessionnaires, afin que ces derniers puissent r\u00e9parer les poign\u00e9es de porte d\u00e9fectueuses du mod\u00e8le ID.4.<\/p>\n<p>On se souviendra que l\u2019an dernier, en septembre plus pr\u00e9cis\u00e9ment, la compagnie se voyait forc\u00e9e de cesser les ventes et la production de son VUS \u00e9lectrique en raison d\u2019un probl\u00e8me avec les poign\u00e9es de portes, qui pouvaient s\u2019ouvrir par inadvertance en raison d\u2019une possible infiltration d\u2019eau qui endommageait les circuits \u00e9lectroniques.<\/p>\n<p>On a rapidement identifi\u00e9 le probl\u00e8me chez Volkswagen. L\u2019ennui, c\u2019est qu\u2019on n\u2019avait pas les pi\u00e8ces de rechange n\u00e9cessaires pour proc\u00e9der aux r\u00e9parations.<\/p>\n<p>Concr\u00e8tement, une proc\u00e9dure a \u00e9t\u00e9 mise \u00e0 la disposition des concessionnaires le 19 d\u00e9cembre dernier, selon ce que nous apprend la NHTSA (National Highway Traffic Safety Administration) am\u00e9ricaine, l\u2019\u00e9quivalent de Transports Canada.<\/p>\n<p>Via un communiqu\u00e9 publi\u00e9 vendredi dernier, le 3 janvier, Volkswagen annon\u00e7ait que la production de son mod\u00e8le allait reprendre \u00e0 son usine am\u00e9ricaine de Chattanooga, au Tennessee.<\/p>\n<p><\/p>\n<figure><img decoding=\"async\" src=\"https:\/\/news.canadamotorjobs.com\/wp-content\/uploads\/2025\/01\/Large-16002-2023ID.4-5.jpg\" alt=\"Volkswagen ID.4\" \/><figcaption>Volkswagen ID.4 | Auto123.com<\/figcaption><\/figure>\n<p>De leur c\u00f4t\u00e9, les concessionnaires pourront inspecter les poign\u00e9es de porte des 98 896 v\u00e9hicules rappel\u00e9s pour proc\u00e9der aux r\u00e9parations. Une mise \u00e0 jour logicielle pourrait \u00eatre n\u00e9cessaire dans certains cas.<\/p>\n<p>La r\u00e9paration devrait prendre quatre heures, toujours selon ce que nous apprend la NHTSA.<\/p>\n<p>Comme le pr\u00e9cise le site Automotive News, qui rapporte \u00e9galement cette nouvelle, le fabricant de la poign\u00e9e de porte \u00e9tait l\u2019entreprise U-Shin, situ\u00e9e au Mexique. Le rappel concernait les mod\u00e8les ID.4 des ann\u00e9es 2021 \u00e0 2024 et touchait toutes les poign\u00e9es de porte.<\/p>\n<p>L\u2019ordre d\u2019arr\u00eat des ventes s\u2019appliquait aux ID.4 neufs et invendus, ainsi qu\u2019aux v\u00e9hicules d\u2019occasion. L\u2019impact sur les ventes a \u00e9videmment \u00e9t\u00e9 tr\u00e8s fort et la compagnie esp\u00e8re un retour \u00e0 la normale au cours des prochaines semaines et des prochains mois.<\/p>\n<p>Du c\u00f4t\u00e9 am\u00e9ricain, Volkswagen promet des offres int\u00e9ressantes \u00e0 la location. Il faudra voir si une d\u00e9cision similaire sera prise du c\u00f4t\u00e9 canadien.<\/p>\n<p><\/p>\n<p style=\"padding-top: 15px\">Contenu original de <a href=\"https:\/\/www.auto123.com\/fr\/actualites\/reprise-ventes-volkswagen-id4-2025\/72243\/\">auto123<\/a>.<\/p>\n<p>Le texte <a rel=\"nofollow\" href=\"https:\/\/annuelauto.ca\/reprise-imminente-des-ventes-du-volkswagen-id-4\/\">Reprise imminente des ventes du Volkswagen ID.4<\/a> provient de <a rel=\"nofollow\" href=\"https:\/\/annuelauto.ca\">L&#8217;annuel de l&#8217;automobile &#8211; Actualit\u00e9 automobile<\/a><\/p>\n<p><\/p>\n","protected":false},"excerpt":{"rendered":"<p>La division am\u00e9ricaine de Volkswagen a annonc\u00e9 qu\u2019elle avait commenc\u00e9 \u00e0 exp\u00e9dier des pi\u00e8ces de rechange \u00e0 ses concessionnaires, afin que ces derniers puissent r\u00e9parer les poign\u00e9es de porte d\u00e9fectueuses du mod\u00e8le ID.4. On se souviendra que l\u2019an dernier, en septembre plus pr\u00e9cis\u00e9ment, la compagnie se voyait forc\u00e9e de cesser les ventes et la production [&hellip;]<\/p>\n","protected":false},"author":8,"featured_media":187824,"comment_status":"close","ping_status":"closed","sticky":false,"template":"","format":"standard","meta":{"_monsterinsights_skip_tracking":false,"_monsterinsights_sitenote_active":false,"_monsterinsights_sitenote_note":"","_monsterinsights_sitenote_category":0,"footnotes":""},"categories":[101],"tags":[],"yoast_head":"<!-- This site is optimized with the Yoast SEO plugin v23.2 - https:\/\/yoast.com\/wordpress\/plugins\/seo\/ -->\n<title>Reprise imminente des ventes du Volkswagen ID.4 - CanadaMotorJobs.com<\/title>\n<meta name=\"description\" content=\"Reprise imminente des ventes du Volkswagen ID.4 - Benoit Charette - Annuel automobile - CanadaMotorJobs.com.\" \/>\n<meta name=\"robots\" content=\"index, follow, max-snippet:-1, max-image-preview:large, max-video-preview:-1\" \/>\n<meta property=\"og:locale\" content=\"fr_CA\" \/>\n<meta property=\"og:type\" content=\"article\" \/>\n<meta property=\"og:title\" content=\"Reprise imminente des ventes du Volkswagen ID.4 - CanadaMotorJobs.com\" \/>\n<meta property=\"og:description\" content=\"Reprise imminente des ventes du Volkswagen ID.4 - Benoit Charette - Annuel automobile - CanadaMotorJobs.com.\" \/>\n<meta property=\"og:url\" content=\"https:\/\/news.canadamotorjobs.com\/fr\/reprise-imminente-des-ventes-du-volkswagen-id-4\/\" \/>\n<meta property=\"og:site_name\" content=\"CanadaMotorJobs.com\" \/>\n<meta property=\"article:publisher\" content=\"https:\/\/www.facebook.com\/canadamotorjobs\/\" \/>\n<meta property=\"article:published_time\" content=\"2025-01-08T07:24:27+00:00\" \/>\n<meta property=\"article:modified_time\" content=\"2025-01-08T07:28:55+00:00\" \/>\n<meta property=\"og:image\" content=\"https:\/\/news.canadamotorjobs.com\/wp-content\/uploads\/2025\/01\/Large-16002-2023ID.4.jpg\" \/>\n\t<meta property=\"og:image:width\" content=\"1200\" \/>\n\t<meta property=\"og:image:height\" content=\"800\" \/>\n\t<meta property=\"og:image:type\" content=\"image\/jpeg\" \/>\n<meta name=\"author\" content=\"Benoit Charette\" \/>\n<meta name=\"twitter:card\" content=\"summary_large_image\" \/>\n<meta name=\"twitter:creator\" content=\"@canadamotorjobs\" \/>\n<meta name=\"twitter:site\" content=\"@canadamotorjobs\" \/>\n<meta name=\"twitter:label1\" content=\"\u00c9crit par\" \/>\n\t<meta name=\"twitter:data1\" content=\"Benoit Charette\" \/>\n\t<meta name=\"twitter:label2\" content=\"Estimation du temps de lecture\" \/>\n\t<meta name=\"twitter:data2\" content=\"2 minutes\" \/>\n<!-- \/ Yoast SEO plugin. -->","yoast_head_json":{"title":"Reprise imminente des ventes du Volkswagen ID.4 - CanadaMotorJobs.com","description":"Reprise imminente des ventes du Volkswagen ID.4 - Benoit Charette - Annuel automobile - CanadaMotorJobs.com.","robots":{"index":"index","follow":"follow","max-snippet":"max-snippet:-1","max-image-preview":"max-image-preview:large","max-video-preview":"max-video-preview:-1"},"og_locale":"fr_CA","og_type":"article","og_title":"Reprise imminente des ventes du Volkswagen ID.4 - CanadaMotorJobs.com","og_description":"Reprise imminente des ventes du Volkswagen ID.4 - Benoit Charette - Annuel automobile - CanadaMotorJobs.com.","og_url":"https:\/\/news.canadamotorjobs.com\/fr\/reprise-imminente-des-ventes-du-volkswagen-id-4\/","og_site_name":"CanadaMotorJobs.com","article_publisher":"https:\/\/www.facebook.com\/canadamotorjobs\/","article_published_time":"2025-01-08T07:24:27+00:00","article_modified_time":"2025-01-08T07:28:55+00:00","og_image":[{"width":1200,"height":800,"url":"https:\/\/news.canadamotorjobs.com\/wp-content\/uploads\/2025\/01\/Large-16002-2023ID.4.jpg","type":"image\/jpeg"}],"author":"Benoit Charette","twitter_card":"summary_large_image","twitter_creator":"@canadamotorjobs","twitter_site":"@canadamotorjobs","twitter_misc":{"\u00c9crit par":"Benoit Charette","Estimation du temps de lecture":"2 minutes"},"schema":{"@context":"https:\/\/schema.org","@graph":[{"@type":"Article","@id":"https:\/\/news.canadamotorjobs.com\/fr\/reprise-imminente-des-ventes-du-volkswagen-id-4\/#article","isPartOf":{"@id":"https:\/\/news.canadamotorjobs.com\/fr\/reprise-imminente-des-ventes-du-volkswagen-id-4\/"},"author":{"name":"Benoit Charette","@id":"https:\/\/news.canadamotorjobs.com\/#\/schema\/person\/51793d1f87d44011d7bcc2ed99269a90"},"headline":"Reprise imminente des ventes du Volkswagen ID.4","datePublished":"2025-01-08T07:24:27+00:00","dateModified":"2025-01-08T07:28:55+00:00","mainEntityOfPage":{"@id":"https:\/\/news.canadamotorjobs.com\/fr\/reprise-imminente-des-ventes-du-volkswagen-id-4\/"},"wordCount":402,"publisher":{"@id":"https:\/\/news.canadamotorjobs.com\/#organization"},"image":{"@id":"https:\/\/news.canadamotorjobs.com\/fr\/reprise-imminente-des-ventes-du-volkswagen-id-4\/#primaryimage"},"thumbnailUrl":"https:\/\/news.canadamotorjobs.com\/wp-content\/uploads\/2025\/01\/Large-16002-2023ID.4.jpg","articleSection":["Annuel automobile"],"inLanguage":"fr-CA"},{"@type":"WebPage","@id":"https:\/\/news.canadamotorjobs.com\/fr\/reprise-imminente-des-ventes-du-volkswagen-id-4\/","url":"https:\/\/news.canadamotorjobs.com\/fr\/reprise-imminente-des-ventes-du-volkswagen-id-4\/","name":"Reprise imminente des ventes du Volkswagen ID.4 - CanadaMotorJobs.com","isPartOf":{"@id":"https:\/\/news.canadamotorjobs.com\/#website"},"primaryImageOfPage":{"@id":"https:\/\/news.canadamotorjobs.com\/fr\/reprise-imminente-des-ventes-du-volkswagen-id-4\/#primaryimage"},"image":{"@id":"https:\/\/news.canadamotorjobs.com\/fr\/reprise-imminente-des-ventes-du-volkswagen-id-4\/#primaryimage"},"thumbnailUrl":"https:\/\/news.canadamotorjobs.com\/wp-content\/uploads\/2025\/01\/Large-16002-2023ID.4.jpg","datePublished":"2025-01-08T07:24:27+00:00","dateModified":"2025-01-08T07:28:55+00:00","description":"Reprise imminente des ventes du Volkswagen ID.4 - Benoit Charette - Annuel automobile - CanadaMotorJobs.com.","breadcrumb":{"@id":"https:\/\/news.canadamotorjobs.com\/fr\/reprise-imminente-des-ventes-du-volkswagen-id-4\/#breadcrumb"},"inLanguage":"fr-CA","potentialAction":[{"@type":"ReadAction","target":["https:\/\/news.canadamotorjobs.com\/fr\/reprise-imminente-des-ventes-du-volkswagen-id-4\/"]}]},{"@type":"ImageObject","inLanguage":"fr-CA","@id":"https:\/\/news.canadamotorjobs.com\/fr\/reprise-imminente-des-ventes-du-volkswagen-id-4\/#primaryimage","url":"https:\/\/news.canadamotorjobs.com\/wp-content\/uploads\/2025\/01\/Large-16002-2023ID.4.jpg","contentUrl":"https:\/\/news.canadamotorjobs.com\/wp-content\/uploads\/2025\/01\/Large-16002-2023ID.4.jpg","width":1200,"height":800},{"@type":"BreadcrumbList","@id":"https:\/\/news.canadamotorjobs.com\/fr\/reprise-imminente-des-ventes-du-volkswagen-id-4\/#breadcrumb","itemListElement":[{"@type":"ListItem","position":1,"name":"Home","item":"https:\/\/news.canadamotorjobs.com\/fr\/blog\/"},{"@type":"ListItem","position":2,"name":"Reprise imminente des ventes du Volkswagen ID.4"}]},{"@type":"WebSite","@id":"https:\/\/news.canadamotorjobs.com\/#website","url":"https:\/\/news.canadamotorjobs.com\/","name":"CanadaMotorJobs.com","description":"Automotive Jobs","publisher":{"@id":"https:\/\/news.canadamotorjobs.com\/#organization"},"potentialAction":[{"@type":"SearchAction","target":{"@type":"EntryPoint","urlTemplate":"https:\/\/news.canadamotorjobs.com\/?s={search_term_string}"},"query-input":"required name=search_term_string"}],"inLanguage":"fr-CA"},{"@type":"Organization","@id":"https:\/\/news.canadamotorjobs.com\/#organization","name":"Canada Motor Jobs","url":"https:\/\/news.canadamotorjobs.com\/","logo":{"@type":"ImageObject","inLanguage":"fr-CA","@id":"https:\/\/news.canadamotorjobs.com\/#\/schema\/logo\/image\/","url":"https:\/\/news.canadamotorjobs.com\/wp-content\/uploads\/2022\/10\/logo-canada-motor-jobs-1.png","contentUrl":"https:\/\/news.canadamotorjobs.com\/wp-content\/uploads\/2022\/10\/logo-canada-motor-jobs-1.png","width":800,"height":400,"caption":"Canada Motor Jobs"},"image":{"@id":"https:\/\/news.canadamotorjobs.com\/#\/schema\/logo\/image\/"},"sameAs":["https:\/\/www.facebook.com\/canadamotorjobs\/","https:\/\/x.com\/canadamotorjobs","https:\/\/www.instagram.com\/canadamotorjobs\/","https:\/\/www.linkedin.com\/company\/canadamotorjobs"]},{"@type":"Person","@id":"https:\/\/news.canadamotorjobs.com\/#\/schema\/person\/51793d1f87d44011d7bcc2ed99269a90","name":"Benoit Charette","image":{"@type":"ImageObject","inLanguage":"fr-CA","@id":"https:\/\/news.canadamotorjobs.com\/#\/schema\/person\/image\/","url":"https:\/\/secure.gravatar.com\/avatar\/45f3d2eebcccd909668d7ce7ea7267b6?s=96&d=mm&r=g","contentUrl":"https:\/\/secure.gravatar.com\/avatar\/45f3d2eebcccd909668d7ce7ea7267b6?s=96&d=mm&r=g","caption":"Benoit Charette"},"description":"Benoit Charette \/ Propri\u00e9taire et r\u00e9dacteur en chef Benoit Charette pratique le journalisme automobile depuis bient\u00f4t 30 ans. Il a fait ses classes au c\u00f4t\u00e9 de Daniel H\u00e9raud et au Carnet de route de 1992 \u00e0 2001. Il est fondateur, copropri\u00e9taire et r\u00e9dacteur en chef de L\u2019Annuel de l\u2019automobile, qu\u2019il publie depuis 2001. Il a anim\u00e9 les \u00e9missions RPM et RPM+ sur V et les L\u00e9gendes de la route sur Historia. \u00c0 la radio depuis 1986, il reprend l\u2019antenne cette ann\u00e9e sur les ondes de Cogeco et participe pour la deuxi\u00e8me ann\u00e9e \u00e0 l\u2019\u00e9mission Passion Auto sur RDS en plus de mettre en ligne le site Web officiel de L\u2019Annuel de l\u2019automobile sur annuelauto.ca.","sameAs":["https:\/\/annuelauto.ca\/"],"url":"https:\/\/news.canadamotorjobs.com\/fr\/author\/benoit-charette\/"}]}},"_links":{"self":[{"href":"https:\/\/news.canadamotorjobs.com\/fr\/wp-json\/wp\/v2\/posts\/187822"}],"collection":[{"href":"https:\/\/news.canadamotorjobs.com\/fr\/wp-json\/wp\/v2\/posts"}],"about":[{"href":"https:\/\/news.canadamotorjobs.com\/fr\/wp-json\/wp\/v2\/types\/post"}],"author":[{"embeddable":true,"href":"https:\/\/news.canadamotorjobs.com\/fr\/wp-json\/wp\/v2\/users\/8"}],"replies":[{"embeddable":true,"href":"https:\/\/news.canadamotorjobs.com\/fr\/wp-json\/wp\/v2\/comments?post=187822"}],"version-history":[{"count":3,"href":"https:\/\/news.canadamotorjobs.com\/fr\/wp-json\/wp\/v2\/posts\/187822\/revisions"}],"predecessor-version":[{"id":187849,"href":"https:\/\/news.canadamotorjobs.com\/fr\/wp-json\/wp\/v2\/posts\/187822\/revisions\/187849"}],"wp:featuredmedia":[{"embeddable":true,"href":"https:\/\/news.canadamotorjobs.com\/fr\/wp-json\/wp\/v2\/media\/187824"}],"wp:attachment":[{"href":"https:\/\/news.canadamotorjobs.com\/fr\/wp-json\/wp\/v2\/media?parent=187822"}],"wp:term":[{"taxonomy":"category","embeddable":true,"href":"https:\/\/news.canadamotorjobs.com\/fr\/wp-json\/wp\/v2\/categories?post=187822"},{"taxonomy":"post_tag","embeddable":true,"href":"https:\/\/news.canadamotorjobs.com\/fr\/wp-json\/wp\/v2\/tags?post=187822"}],"curies":[{"name":"wp","href":"https:\/\/api.w.org\/{rel}","templated":true}]}}