{"id":187772,"date":"2025-01-07T14:50:28","date_gmt":"2025-01-07T19:50:28","guid":{"rendered":"https:\/\/news.canadamotorjobs.com\/?p=187772"},"modified":"2025-01-07T14:58:54","modified_gmt":"2025-01-07T19:58:54","slug":"bmw-presente-la-nouvelle-generation-de-son-systeme-multimedia-idrive","status":"publish","type":"post","link":"https:\/\/news.canadamotorjobs.com\/fr\/bmw-presente-la-nouvelle-generation-de-son-systeme-multimedia-idrive\/","title":{"rendered":"BMW pr\u00e9sente la nouvelle g\u00e9n\u00e9ration de son syst\u00e8me multim\u00e9dia iDrive"},"content":{"rendered":"<\/p>\n<p>Spartanburg, Caroline du Sud \u2013 En octobre dernier, lors de notre passage au centre d\u2019essais de BMW qui est situ\u00e9 \u00e0 Spartanburg, en Caroline du Sud, nous avons eu l\u2019occasion d\u2019essayer une foule de mod\u00e8les, mais aussi d\u2019assister \u00e0 diff\u00e9rents ateliers o\u00f9 quantit\u00e9 de nouvelles technologies et innovations (y compris certains v\u00e9hicules en d\u00e9veloppement) nous ont \u00e9t\u00e9 pr\u00e9sent\u00e9es.<\/p>\n<p>Des embargos frappent plusieurs \u00e9l\u00e9ments, si bien que nous n\u2019avons pas encore eu l\u2019occasion de vous d\u00e9voiler quoi que ce soit\u2026 jusqu\u2019\u00e0 aujourd\u2019hui o\u00f9 nous avons enfin la permission de vous entretenir \u00e0 propos de la nouvelle g\u00e9n\u00e9ration du syst\u00e8me multim\u00e9dia iDrive de BMW.<\/p>\n<p>Il est bien difficile de le faire de fa\u00e7on hyper pr\u00e9cise, consid\u00e9rant que nous n\u2019avons pas eu l\u2019occasion de le tester nous-m\u00eames lors de conditions r\u00e9elles. On va donc s\u2019en tenir \u00e0 des informations th\u00e9oriques et techniques et nous aurons la chance d\u2019y aller avec plus de d\u00e9tails lorsque nous aurons utilis\u00e9 le syst\u00e8me.<\/p>\n<h3><strong>Neue Klasse<\/strong><\/h3>\n<p>\nLa premi\u00e8re chose qu\u2019il importe de savoir, c\u2019est que le nouveau syst\u00e8me sera offert avec tous les mod\u00e8les Neue Klasse chez BMW. Neue Klasse, c\u2019est le nom donn\u00e9 \u00e0 la nouvelle structure des produits de nouvelles g\u00e9n\u00e9rations (\u00e9lectrique) qui seront introduits par la marque. C\u2019est simple, les fa\u00e7ons de faire et de concevoir ont \u00e9t\u00e9 repens\u00e9es, y compris tout ce qui concerne l\u2019approche multim\u00e9dia.<\/p>\n<p>Et ce syst\u00e8me multim\u00e9dia, on y fait r\u00e9f\u00e9rence sous l\u2019appellation BMW Operating System X. Il se veut la suite du syst\u00e8me iDrive\u00a09 qui se trouve en ce moment avec les mod\u00e8les de la marque. Il est bas\u00e9 sur Android et va permettre l\u2019int\u00e9gration de quantit\u00e9 d\u2019applications souhait\u00e9es par les utilisateurs, le tout s\u2019inscrivant dans la philosophie de BMW qui est d\u2019offrir un syst\u00e8me qui est toujours orient\u00e9 vers le conducteur et ses besoins.<\/p>\n<p>Plus d\u2019analyses et d\u2019essais lors de conditions r\u00e9elles seront n\u00e9cessaires pour que l\u2019on puisse se faire une id\u00e9e de tout cela.<\/p>\n<p>Ce qu\u2019il faut savoir pour le moment, c\u2019est que le nouveau syst\u00e8me iDrive est b\u00e2ti autour de quatre \u00e9l\u00e9ments centraux. Examinons-les bri\u00e8vement.<\/p>\n<h3><strong>Vision panoramique de BMW (BMW Panoramic Vision)<\/strong><\/h3>\n<p>\nIci, il est question des derni\u00e8res avanc\u00e9es en mati\u00e8re de technologie d\u2019affichage. En gros, ce que le syst\u00e8me va permettre, c\u2019est la projection d\u2019informations sur la largeur du parebrise, dans la section du bas. Ainsi, la quantit\u00e9 d\u2019informations partag\u00e9es pourra \u00eatre plus grande, mais surtout, elle pourra \u00eatre vue par tous les occupants du v\u00e9hicule.<\/p>\n<p>Et le tout est hautement personnalisable, ce qui fait que les utilisateurs pourront choisir l\u2019information qui sera affich\u00e9e.<\/p>\n<h3><strong>Nouvel \u00e9cran central<\/strong><\/h3>\n<p>\nLe deuxi\u00e8me \u00e9l\u00e9ment est ce nouvel \u00e9cran central qui va dominer la pr\u00e9sentation au tableau de bord. Ce dernier sera dot\u00e9 d\u2019une technologie de r\u00e9tro\u00e9clairage matriciel, pour une clart\u00e9 et une facilit\u00e9 de lecture accrues. Il est encore plus \u00e0 proximit\u00e9 du volant, ce qui rend plus facile l\u2019acc\u00e8s \u00e0 ses fonctions tactiles.<\/p>\n<p>Une plus grande personnalisation sera l\u00e0 aussi possible.<\/p>\n<h3><strong>Nouveau volant multifonction<\/strong><\/h3>\n<p>\nCe qui sera aussi tr\u00e8s visible avec les v\u00e9hicules Neue Klasse, c\u2019est le volant multifonction. Les contr\u00f4les ont \u00e9t\u00e9 compl\u00e8tement redessin\u00e9s et repens\u00e9s. On parle de touches tactiles, mais \u00e0 retour haptique, ce qui repr\u00e9sente une solution de compromis entre la touche tactile pure et le bon vieux bouton.<\/p>\n<p>\u00c0 notre humble avis, rien ne peut remplacer le bouton qui est plus facile \u00e0 rep\u00e9rer. On a bien h\u00e2te de voir \u00e0 l\u2019usage ici.<\/p>\n<h3><strong>Nouvel affichage t\u00eate-haute<\/strong><\/h3>\n<p>\nEnfin, le quatri\u00e8me \u00e9l\u00e9ment d\u2019importance du nouveau syst\u00e8me, c\u2019est la prochaine g\u00e9n\u00e9ration de technologie d\u2019affichage t\u00eate-haute. Cette derni\u00e8re int\u00e8gre la 3D pour la premi\u00e8re fois avec des graphiques pour la navigation et la conduite automatis\u00e9e, apparaissant directement dans le champ de vision du conducteur. Une courte pr\u00e9sentation nous a permis de voir un niveau d\u2019animation plus \u00e9lev\u00e9 lors d\u2019une course en voiture, o\u00f9 l\u2019on voit les indications concernant les directions \u00e0 prendre \u00eatre plus anim\u00e9es.<\/p>\n<p>Le tout est plus immersif pour le conducteur et capte davantage son attention.<\/p>\n<p>Voil\u00e0, en gros, ce qui nous attend avec le nouveau syst\u00e8me multim\u00e9dia de BMW, qui devient plus que jamais le c\u0153ur et l\u2019ordinateur central de tous les v\u00e9hicules de la marque.<\/p>\n<p>On s\u2019en reparle lors de l\u2019essai d\u2019un premier mod\u00e8le qui en sera \u00e9quip\u00e9.<\/p>\n<p>\u00a0<\/p>\n<p>\u00a0<\/p>\n<p>\u00a0<\/p>\n<p>\u00a0<\/p>\n<p>\u00a0<\/p>\n<p>\u00a0<\/p>\n<p>\u00a0<\/p>\n<p>\u00a0<\/p>\n<p>\u00a0<\/p>\n<p>\u00a0<\/p>\n<p>\u00a0<\/p>\n<p>\u00a0<\/p>\n<p>\u00a0<\/p>\n<p>\u00a0<\/p>\n<p>\u00a0<\/p>\n<p>\u00a0<\/p>\n<p>\u00a0<\/p>\n<p>\u00a0<\/p>\n<p>\u00a0<\/p>\n<p>\u00a0<\/p>\n<p>\u00a0<\/p>\n<p>\u00a0<\/p>\n<p>Le texte <a rel=\"nofollow\" href=\"https:\/\/annuelauto.ca\/bmw-presente-la-nouvelle-generation-de-son-systeme-multimedia-idrive\/\">BMW pr\u00e9sente la nouvelle g\u00e9n\u00e9ration de son syst\u00e8me multim\u00e9dia iDrive<\/a> provient de <a rel=\"nofollow\" href=\"https:\/\/annuelauto.ca\">L&#8217;annuel de l&#8217;automobile &#8211; Actualit\u00e9 automobile<\/a><\/p>\n<p><\/p>\n","protected":false},"excerpt":{"rendered":"<p>Spartanburg, Caroline du Sud \u2013 En octobre dernier, lors de notre passage au centre d\u2019essais de BMW qui est situ\u00e9 \u00e0 Spartanburg, en Caroline du Sud, nous avons eu l\u2019occasion d\u2019essayer une foule de mod\u00e8les, mais aussi d\u2019assister \u00e0 diff\u00e9rents ateliers o\u00f9 quantit\u00e9 de nouvelles technologies et innovations (y compris certains v\u00e9hicules en d\u00e9veloppement) nous [&hellip;]<\/p>\n","protected":false},"author":8,"featured_media":187774,"comment_status":"close","ping_status":"closed","sticky":false,"template":"","format":"standard","meta":{"_monsterinsights_skip_tracking":false,"_monsterinsights_sitenote_active":false,"_monsterinsights_sitenote_note":"","_monsterinsights_sitenote_category":0,"footnotes":""},"categories":[101],"tags":[],"yoast_head":"<!-- This site is optimized with the Yoast SEO plugin v23.2 - https:\/\/yoast.com\/wordpress\/plugins\/seo\/ -->\n<title>BMW pr\u00e9sente la nouvelle g\u00e9n\u00e9ration de son syst\u00e8me multim\u00e9dia iDrive - CanadaMotorJobs.com<\/title>\n<meta name=\"description\" content=\"BMW pr\u00e9sente la nouvelle g\u00e9n\u00e9ration de son syst\u00e8me multim\u00e9dia iDrive - Benoit Charette - Annuel automobile - CanadaMotorJobs.com.\" \/>\n<meta name=\"robots\" content=\"index, follow, max-snippet:-1, max-image-preview:large, max-video-preview:-1\" \/>\n<meta property=\"og:locale\" content=\"fr_CA\" \/>\n<meta property=\"og:type\" content=\"article\" \/>\n<meta property=\"og:title\" content=\"BMW pr\u00e9sente la nouvelle g\u00e9n\u00e9ration de son syst\u00e8me multim\u00e9dia iDrive - CanadaMotorJobs.com\" \/>\n<meta property=\"og:description\" content=\"BMW pr\u00e9sente la nouvelle g\u00e9n\u00e9ration de son syst\u00e8me multim\u00e9dia iDrive - Benoit Charette - Annuel automobile - CanadaMotorJobs.com.\" \/>\n<meta property=\"og:url\" content=\"https:\/\/news.canadamotorjobs.com\/fr\/bmw-presente-la-nouvelle-generation-de-son-systeme-multimedia-idrive\/\" \/>\n<meta property=\"og:site_name\" content=\"CanadaMotorJobs.com\" \/>\n<meta property=\"article:publisher\" content=\"https:\/\/www.facebook.com\/canadamotorjobs\/\" \/>\n<meta property=\"article:published_time\" content=\"2025-01-07T19:50:28+00:00\" \/>\n<meta property=\"article:modified_time\" content=\"2025-01-07T19:58:54+00:00\" \/>\n<meta property=\"og:image\" content=\"https:\/\/news.canadamotorjobs.com\/wp-content\/uploads\/2025\/01\/P90584082_lowRes_adrian-van-hooydonk-.jpg\" \/>\n\t<meta property=\"og:image:width\" content=\"2250\" \/>\n\t<meta property=\"og:image:height\" content=\"1500\" \/>\n\t<meta property=\"og:image:type\" content=\"image\/jpeg\" \/>\n<meta name=\"author\" content=\"Benoit Charette\" \/>\n<meta name=\"twitter:card\" content=\"summary_large_image\" \/>\n<meta name=\"twitter:creator\" content=\"@canadamotorjobs\" \/>\n<meta name=\"twitter:site\" content=\"@canadamotorjobs\" \/>\n<meta name=\"twitter:label1\" content=\"\u00c9crit par\" \/>\n\t<meta name=\"twitter:data1\" content=\"Benoit Charette\" \/>\n\t<meta name=\"twitter:label2\" content=\"Estimation du temps de lecture\" \/>\n\t<meta name=\"twitter:data2\" content=\"4 minutes\" \/>\n<!-- \/ Yoast SEO plugin. -->","yoast_head_json":{"title":"BMW pr\u00e9sente la nouvelle g\u00e9n\u00e9ration de son syst\u00e8me multim\u00e9dia iDrive - CanadaMotorJobs.com","description":"BMW pr\u00e9sente la nouvelle g\u00e9n\u00e9ration de son syst\u00e8me multim\u00e9dia iDrive - Benoit Charette - Annuel automobile - CanadaMotorJobs.com.","robots":{"index":"index","follow":"follow","max-snippet":"max-snippet:-1","max-image-preview":"max-image-preview:large","max-video-preview":"max-video-preview:-1"},"og_locale":"fr_CA","og_type":"article","og_title":"BMW pr\u00e9sente la nouvelle g\u00e9n\u00e9ration de son syst\u00e8me multim\u00e9dia iDrive - CanadaMotorJobs.com","og_description":"BMW pr\u00e9sente la nouvelle g\u00e9n\u00e9ration de son syst\u00e8me multim\u00e9dia iDrive - Benoit Charette - Annuel automobile - CanadaMotorJobs.com.","og_url":"https:\/\/news.canadamotorjobs.com\/fr\/bmw-presente-la-nouvelle-generation-de-son-systeme-multimedia-idrive\/","og_site_name":"CanadaMotorJobs.com","article_publisher":"https:\/\/www.facebook.com\/canadamotorjobs\/","article_published_time":"2025-01-07T19:50:28+00:00","article_modified_time":"2025-01-07T19:58:54+00:00","og_image":[{"width":2250,"height":1500,"url":"https:\/\/news.canadamotorjobs.com\/wp-content\/uploads\/2025\/01\/P90584082_lowRes_adrian-van-hooydonk-.jpg","type":"image\/jpeg"}],"author":"Benoit Charette","twitter_card":"summary_large_image","twitter_creator":"@canadamotorjobs","twitter_site":"@canadamotorjobs","twitter_misc":{"\u00c9crit par":"Benoit Charette","Estimation du temps de lecture":"4 minutes"},"schema":{"@context":"https:\/\/schema.org","@graph":[{"@type":"Article","@id":"https:\/\/news.canadamotorjobs.com\/fr\/bmw-presente-la-nouvelle-generation-de-son-systeme-multimedia-idrive\/#article","isPartOf":{"@id":"https:\/\/news.canadamotorjobs.com\/fr\/bmw-presente-la-nouvelle-generation-de-son-systeme-multimedia-idrive\/"},"author":{"name":"Benoit Charette","@id":"https:\/\/news.canadamotorjobs.com\/#\/schema\/person\/51793d1f87d44011d7bcc2ed99269a90"},"headline":"BMW pr\u00e9sente la nouvelle g\u00e9n\u00e9ration de son syst\u00e8me multim\u00e9dia iDrive","datePublished":"2025-01-07T19:50:28+00:00","dateModified":"2025-01-07T19:58:54+00:00","mainEntityOfPage":{"@id":"https:\/\/news.canadamotorjobs.com\/fr\/bmw-presente-la-nouvelle-generation-de-son-systeme-multimedia-idrive\/"},"wordCount":852,"publisher":{"@id":"https:\/\/news.canadamotorjobs.com\/#organization"},"image":{"@id":"https:\/\/news.canadamotorjobs.com\/fr\/bmw-presente-la-nouvelle-generation-de-son-systeme-multimedia-idrive\/#primaryimage"},"thumbnailUrl":"https:\/\/news.canadamotorjobs.com\/wp-content\/uploads\/2025\/01\/P90584082_lowRes_adrian-van-hooydonk-.jpg","articleSection":["Annuel automobile"],"inLanguage":"fr-CA"},{"@type":"WebPage","@id":"https:\/\/news.canadamotorjobs.com\/fr\/bmw-presente-la-nouvelle-generation-de-son-systeme-multimedia-idrive\/","url":"https:\/\/news.canadamotorjobs.com\/fr\/bmw-presente-la-nouvelle-generation-de-son-systeme-multimedia-idrive\/","name":"BMW pr\u00e9sente la nouvelle g\u00e9n\u00e9ration de son syst\u00e8me multim\u00e9dia iDrive - CanadaMotorJobs.com","isPartOf":{"@id":"https:\/\/news.canadamotorjobs.com\/#website"},"primaryImageOfPage":{"@id":"https:\/\/news.canadamotorjobs.com\/fr\/bmw-presente-la-nouvelle-generation-de-son-systeme-multimedia-idrive\/#primaryimage"},"image":{"@id":"https:\/\/news.canadamotorjobs.com\/fr\/bmw-presente-la-nouvelle-generation-de-son-systeme-multimedia-idrive\/#primaryimage"},"thumbnailUrl":"https:\/\/news.canadamotorjobs.com\/wp-content\/uploads\/2025\/01\/P90584082_lowRes_adrian-van-hooydonk-.jpg","datePublished":"2025-01-07T19:50:28+00:00","dateModified":"2025-01-07T19:58:54+00:00","description":"BMW pr\u00e9sente la nouvelle g\u00e9n\u00e9ration de son syst\u00e8me multim\u00e9dia iDrive - Benoit Charette - Annuel automobile - CanadaMotorJobs.com.","breadcrumb":{"@id":"https:\/\/news.canadamotorjobs.com\/fr\/bmw-presente-la-nouvelle-generation-de-son-systeme-multimedia-idrive\/#breadcrumb"},"inLanguage":"fr-CA","potentialAction":[{"@type":"ReadAction","target":["https:\/\/news.canadamotorjobs.com\/fr\/bmw-presente-la-nouvelle-generation-de-son-systeme-multimedia-idrive\/"]}]},{"@type":"ImageObject","inLanguage":"fr-CA","@id":"https:\/\/news.canadamotorjobs.com\/fr\/bmw-presente-la-nouvelle-generation-de-son-systeme-multimedia-idrive\/#primaryimage","url":"https:\/\/news.canadamotorjobs.com\/wp-content\/uploads\/2025\/01\/P90584082_lowRes_adrian-van-hooydonk-.jpg","contentUrl":"https:\/\/news.canadamotorjobs.com\/wp-content\/uploads\/2025\/01\/P90584082_lowRes_adrian-van-hooydonk-.jpg","width":2250,"height":1500},{"@type":"BreadcrumbList","@id":"https:\/\/news.canadamotorjobs.com\/fr\/bmw-presente-la-nouvelle-generation-de-son-systeme-multimedia-idrive\/#breadcrumb","itemListElement":[{"@type":"ListItem","position":1,"name":"Home","item":"https:\/\/news.canadamotorjobs.com\/fr\/blog\/"},{"@type":"ListItem","position":2,"name":"BMW pr\u00e9sente la nouvelle g\u00e9n\u00e9ration de son syst\u00e8me multim\u00e9dia iDrive"}]},{"@type":"WebSite","@id":"https:\/\/news.canadamotorjobs.com\/#website","url":"https:\/\/news.canadamotorjobs.com\/","name":"CanadaMotorJobs.com","description":"Automotive Jobs","publisher":{"@id":"https:\/\/news.canadamotorjobs.com\/#organization"},"potentialAction":[{"@type":"SearchAction","target":{"@type":"EntryPoint","urlTemplate":"https:\/\/news.canadamotorjobs.com\/?s={search_term_string}"},"query-input":"required name=search_term_string"}],"inLanguage":"fr-CA"},{"@type":"Organization","@id":"https:\/\/news.canadamotorjobs.com\/#organization","name":"Canada Motor Jobs","url":"https:\/\/news.canadamotorjobs.com\/","logo":{"@type":"ImageObject","inLanguage":"fr-CA","@id":"https:\/\/news.canadamotorjobs.com\/#\/schema\/logo\/image\/","url":"https:\/\/news.canadamotorjobs.com\/wp-content\/uploads\/2022\/10\/logo-canada-motor-jobs-1.png","contentUrl":"https:\/\/news.canadamotorjobs.com\/wp-content\/uploads\/2022\/10\/logo-canada-motor-jobs-1.png","width":800,"height":400,"caption":"Canada Motor Jobs"},"image":{"@id":"https:\/\/news.canadamotorjobs.com\/#\/schema\/logo\/image\/"},"sameAs":["https:\/\/www.facebook.com\/canadamotorjobs\/","https:\/\/x.com\/canadamotorjobs","https:\/\/www.instagram.com\/canadamotorjobs\/","https:\/\/www.linkedin.com\/company\/canadamotorjobs"]},{"@type":"Person","@id":"https:\/\/news.canadamotorjobs.com\/#\/schema\/person\/51793d1f87d44011d7bcc2ed99269a90","name":"Benoit Charette","image":{"@type":"ImageObject","inLanguage":"fr-CA","@id":"https:\/\/news.canadamotorjobs.com\/#\/schema\/person\/image\/","url":"https:\/\/secure.gravatar.com\/avatar\/45f3d2eebcccd909668d7ce7ea7267b6?s=96&d=mm&r=g","contentUrl":"https:\/\/secure.gravatar.com\/avatar\/45f3d2eebcccd909668d7ce7ea7267b6?s=96&d=mm&r=g","caption":"Benoit Charette"},"description":"Benoit Charette \/ Propri\u00e9taire et r\u00e9dacteur en chef Benoit Charette pratique le journalisme automobile depuis bient\u00f4t 30 ans. Il a fait ses classes au c\u00f4t\u00e9 de Daniel H\u00e9raud et au Carnet de route de 1992 \u00e0 2001. Il est fondateur, copropri\u00e9taire et r\u00e9dacteur en chef de L\u2019Annuel de l\u2019automobile, qu\u2019il publie depuis 2001. Il a anim\u00e9 les \u00e9missions RPM et RPM+ sur V et les L\u00e9gendes de la route sur Historia. \u00c0 la radio depuis 1986, il reprend l\u2019antenne cette ann\u00e9e sur les ondes de Cogeco et participe pour la deuxi\u00e8me ann\u00e9e \u00e0 l\u2019\u00e9mission Passion Auto sur RDS en plus de mettre en ligne le site Web officiel de L\u2019Annuel de l\u2019automobile sur annuelauto.ca.","sameAs":["https:\/\/annuelauto.ca\/"],"url":"https:\/\/news.canadamotorjobs.com\/fr\/author\/benoit-charette\/"}]}},"_links":{"self":[{"href":"https:\/\/news.canadamotorjobs.com\/fr\/wp-json\/wp\/v2\/posts\/187772"}],"collection":[{"href":"https:\/\/news.canadamotorjobs.com\/fr\/wp-json\/wp\/v2\/posts"}],"about":[{"href":"https:\/\/news.canadamotorjobs.com\/fr\/wp-json\/wp\/v2\/types\/post"}],"author":[{"embeddable":true,"href":"https:\/\/news.canadamotorjobs.com\/fr\/wp-json\/wp\/v2\/users\/8"}],"replies":[{"embeddable":true,"href":"https:\/\/news.canadamotorjobs.com\/fr\/wp-json\/wp\/v2\/comments?post=187772"}],"version-history":[{"count":2,"href":"https:\/\/news.canadamotorjobs.com\/fr\/wp-json\/wp\/v2\/posts\/187772\/revisions"}],"predecessor-version":[{"id":187776,"href":"https:\/\/news.canadamotorjobs.com\/fr\/wp-json\/wp\/v2\/posts\/187772\/revisions\/187776"}],"wp:featuredmedia":[{"embeddable":true,"href":"https:\/\/news.canadamotorjobs.com\/fr\/wp-json\/wp\/v2\/media\/187774"}],"wp:attachment":[{"href":"https:\/\/news.canadamotorjobs.com\/fr\/wp-json\/wp\/v2\/media?parent=187772"}],"wp:term":[{"taxonomy":"category","embeddable":true,"href":"https:\/\/news.canadamotorjobs.com\/fr\/wp-json\/wp\/v2\/categories?post=187772"},{"taxonomy":"post_tag","embeddable":true,"href":"https:\/\/news.canadamotorjobs.com\/fr\/wp-json\/wp\/v2\/tags?post=187772"}],"curies":[{"name":"wp","href":"https:\/\/api.w.org\/{rel}","templated":true}]}}