{"id":187753,"date":"2025-01-07T13:15:21","date_gmt":"2025-01-07T18:15:21","guid":{"rendered":"https:\/\/news.canadamotorjobs.com\/?p=187753"},"modified":"2025-01-07T13:29:42","modified_gmt":"2025-01-07T18:29:42","slug":"la-berline-afeela-1-de-sony-honda-est-offerte-a-partir-de-89-900-4-us-dabord-aux-californiens","status":"publish","type":"post","link":"https:\/\/news.canadamotorjobs.com\/fr\/la-berline-afeela-1-de-sony-honda-est-offerte-a-partir-de-89-900-4-us-dabord-aux-californiens\/","title":{"rendered":"La berline Afeela\u00a01 de Sony-Honda est offerte \u00e0 partir de 89\u00a0900\u00a04\u00a0US\u2026 d\u2019abord aux Californiens"},"content":{"rendered":"<\/p>\n<p>La berline \u00e9lectrique de Sony-Honda a maintenant un nom\u00a0: <a href=\"https:\/\/annuelauto.ca\/lafeela-lauto-concue-pour-les-amateurs-karaoke-et-les-cinephiles\/\" target=\"_blank\" rel=\"noopener noreferrer\">Afeela<\/a>\u00a01. Il a \u00e9t\u00e9 annonc\u00e9 hier par Yasuhide Mizuno, pr\u00e9sident et directeur g\u00e9n\u00e9ral de Sony Honda Mobility (SHM), lors d\u2019une conf\u00e9rence de presse pr\u00e9sent\u00e9e au <a href=\"https:\/\/annuelauto.ca\/ces-2025-premiere-presence-de-lauto-solaire-aptera\/\" target=\"_blank\" rel=\"noopener noreferrer\">salon CES 2025, \u00e0 Las Vegas<\/a>, en fin de journ\u00e9e. Il a \u00e9galement annonc\u00e9 que les Californiens, et eux seuls peuvent d\u00e8s maintenant en commander une \u00e0 partir de 89\u00a0900\u00a0$\u00a0US.<\/p>\n<p>Fruit du <a href=\"https:\/\/annuelauto.ca\/trois-projets-de-vehicules-electriques-entre-sony-et-honda\/\" target=\"_blank\" rel=\"noopener noreferrer\">savoir-faire de Sony et de Honda<\/a>, cette nouveaut\u00e9 sera assembl\u00e9e dans une usine de l\u2019American Honda Motor Company en Ohio. Cette usine qui n\u2019a pas encore \u00e9t\u00e9 identifi\u00e9e doit n\u00e9anmoins amorcer cette production plus tard cette ann\u00e9e.<\/p>\n<p>Les premi\u00e8res voitures devraient \u00eatre livr\u00e9es aux \u00c9tats-Unis autour de juin\u00a02026. Le Japon recevra \u00e9galement ses premiers exemplaires en 2026, \u00e0 un moment encore ind\u00e9termin\u00e9. Par la suite, les autres march\u00e9s cibl\u00e9s, notamment le Canada, recevront les leurs.<\/p>\n<h3><strong>Audible, Spotify et une ambiance sonore \u00e0 la \u00ab\u00a0Gran Turismo\u00a07\u00a0\u00bb<\/strong><\/h3>\n<p>\nLa dotation de cette berline comprendra, entre autres, un syst\u00e8me de conduite semi-autonome. De plus, son habitacle qui a \u00e9t\u00e9 con\u00e7u selon le concept d\u2019une \u00ab\u00a0mobilit\u00e9 \u00e0 bord d\u2019un espace de divertissement cr\u00e9atif\u00a0\u00bb offrira une vari\u00e9t\u00e9 d&#8217;applications et de contenus provenant de partenaires de divertissement. Les occupants pourront en profiter gr\u00e2ce \u00e0 une multitude d\u2019\u00e9crans et le syst\u00e8me 360\u00a0Spatial\u00a0Sound de Sony et ses haut-parleurs au son immersif.<\/p>\n<p>Une technologie de suppression du bruit d\u00e9velopp\u00e9e par SHM devrait accentuer cette atmosph\u00e8re de salle de concert avec une \u00ab\u00a0sensation de silence \u00e9crasante\u00a0\u00bb, pr\u00e9cise le constructeur.<\/p>\n<p>Au <a href=\"https:\/\/annuelauto.ca\/fx-la-nouvelle-marque-qui-fera-ses-debuts-au-ces-2025\/\" target=\"_blank\" rel=\"noopener noreferrer\">CES 2025<\/a>, SHM a \u00e9galement annonc\u00e9 divers partenariats qui permettront aux occupants de l\u2019Afeela de b\u00e9n\u00e9ficier des services de divertissement embarqu\u00e9s de Spotify et d\u2019Audible d\u2019Amazon Music. Un autre partenariat \u00e9tabli avec Polyphony Digital, les cr\u00e9ateurs du jeu <em>Gran\u00a0Turismo\u00a07<\/em>, procurera une ambiance sonore de conduite. \u00ab\u00a0SHM estime que le son du moteur \u00e9lectrique, qui renforce le sentiment d\u2019unit\u00e9 du conducteur avec la voiture pendant l\u2019acc\u00e9l\u00e9ration, la d\u00e9c\u00e9l\u00e9ration et les virages, est un \u00e9l\u00e9ment auditif essentiel\u00a0\u00bb, explique le constructeur dans un communiqu\u00e9.<\/p>\n<h3><strong>Gamme initiale simplifi\u00e9e<\/strong><\/h3>\n<p>\nPour l\u2019instant, SHM n\u2019offre que deux versions de sa berline. L\u2019Afeela\u00a01 Origin, la version d\u2019entr\u00e9e de gamme, est offerte \u00e0 partir de 89\u00a0900\u00a0$\u00a0US, alors que l\u2019Afeela\u00a01 Signature, plus cossue qui sera d\u2019ailleurs la premi\u00e8re version \u00e0 entrer en production, est offerte \u00e0 partir de 102\u00a0900\u00a0$\u00a0US,<\/p>\n<p>Ces prix d\u00e9montrent que l\u2019Afeela cible la client\u00e8le de la Tesla Mod\u00e8le\u00a0S Plaid (88\u00a0490\u00a0$\u00a0US), une berline de m\u00eames dimensions qui a cependant une autonomie sup\u00e9rieure (560\u00a0km contre 480). Ils donnent aussi une id\u00e9e des prix qui seront exig\u00e9s pour cette nouvelle venue lorsqu\u2019elle sera en vente au Canada.<\/p>\n<p>On reconna\u00eetra une Afeela\u00a01 Signature (la voiture qu\u2019on voit sur les photos de cette nouvelle) \u00e0 ses roues en alliage de 21\u00a0pouces qui se substituent \u00e0 celles de 19\u00a0po de l\u2019Origin, mais aussi \u00e0 son syst\u00e8me de divertissement \u00e0 deux \u00e9crans pour les passagers arri\u00e8re. Elle est \u00e9galement la seule offerte avec un choix de trois teintes pour la carrosserie (noir, blanc et gris) et deux teintes pour l\u2019int\u00e9rieur (noir et gris). Pour sa part, pour l\u2019instant, l\u2019acheteur d\u2019une Afeela\u00a01 Origin doit se contenter du noir dedans comme dehors, comme ont d\u00fb le faire les premiers acheteurs de Ford Mod\u00e8le\u00a0T\u00a0!<\/p>\n<h3><strong>Quatre roues motrices et une autonomie satisfaisante<\/strong><\/h3>\n<p>\nCon\u00e7ue pour accueillir cinq personnes, l\u2019Afeela a un coffre volumineux (765\u00a0L) auquel on acc\u00e8de en soulevant un hayon, une configuration qui rappelle l\u2019adorable Kia Stinger aujourd\u2019hui disparue.<\/p>\n<p>Sa motorisation est compos\u00e9e de deux moteurs de 180\u00a0kW, un pour chaque train de roues, aliment\u00e9s par une batterie au lithium-ion de 91\u00a0kWh. Selon le constructeur, cette derni\u00e8re permettrait donc de parcourir un peu plus de 480\u00a0kilom\u00e8tres, selon la m\u00e9thode de calcul de l\u2019EPA.<\/p>\n<p>Enfin, sa recharge pourra s\u2019effectuer \u00e0 l\u2019aide d\u2019un connecteur NACS (<em>North American Charging Standard<\/em>) compatible avec la plupart des grands r\u00e9seaux de bornes de recharge et celui des Superchargeurs de Tesla, de m\u00eame qu\u2019avec un connecteur CCS (<em>Combined Charging System<\/em>) en utilisant un adaptateur.<\/p>\n<p><em>Photos : Afeela<\/em><\/p>\n<p>Le texte <a rel=\"nofollow\" href=\"https:\/\/annuelauto.ca\/la-berline-afeela-1-de-sony-honda-est-offerte-a-partir-de-89-900-4-us-dabord-aux-californiens\/\">La berline Afeela\u00a01 de Sony-Honda est offerte \u00e0 partir de 89\u00a0900\u00a04\u00a0US\u2026 d\u2019abord aux Californiens<\/a> provient de <a rel=\"nofollow\" href=\"https:\/\/annuelauto.ca\">L&#8217;annuel de l&#8217;automobile &#8211; Actualit\u00e9 automobile<\/a><\/p>\n<p><\/p>\n","protected":false},"excerpt":{"rendered":"<p>La berline \u00e9lectrique de Sony-Honda a maintenant un nom\u00a0: Afeela\u00a01. Il a \u00e9t\u00e9 annonc\u00e9 hier par Yasuhide Mizuno, pr\u00e9sident et directeur g\u00e9n\u00e9ral de Sony Honda Mobility (SHM), lors d\u2019une conf\u00e9rence de presse pr\u00e9sent\u00e9e au salon CES 2025, \u00e0 Las Vegas, en fin de journ\u00e9e. Il a \u00e9galement annonc\u00e9 que les Californiens, et eux seuls peuvent [&hellip;]<\/p>\n","protected":false},"author":8,"featured_media":187755,"comment_status":"close","ping_status":"closed","sticky":false,"template":"","format":"standard","meta":{"_monsterinsights_skip_tracking":false,"_monsterinsights_sitenote_active":false,"_monsterinsights_sitenote_note":"","_monsterinsights_sitenote_category":0,"footnotes":""},"categories":[101],"tags":[],"yoast_head":"<!-- This site is optimized with the Yoast SEO plugin v23.2 - https:\/\/yoast.com\/wordpress\/plugins\/seo\/ -->\n<title>La berline Afeela\u00a01 de Sony-Honda est offerte \u00e0 partir de 89\u00a0900\u00a04\u00a0US\u2026 d\u2019abord aux Californiens - CanadaMotorJobs.com<\/title>\n<meta name=\"description\" content=\"La berline Afeela\u00a01 de Sony-Honda est offerte \u00e0 partir de 89\u00a0900\u00a04\u00a0US\u2026 d\u2019abord aux Californiens - Benoit Charette - Annuel automobile - CanadaMotorJobs.com.\" \/>\n<meta name=\"robots\" content=\"index, follow, max-snippet:-1, max-image-preview:large, max-video-preview:-1\" \/>\n<meta property=\"og:locale\" content=\"fr_CA\" \/>\n<meta property=\"og:type\" content=\"article\" \/>\n<meta property=\"og:title\" content=\"La berline Afeela\u00a01 de Sony-Honda est offerte \u00e0 partir de 89\u00a0900\u00a04\u00a0US\u2026 d\u2019abord aux Californiens - CanadaMotorJobs.com\" \/>\n<meta property=\"og:description\" content=\"La berline Afeela\u00a01 de Sony-Honda est offerte \u00e0 partir de 89\u00a0900\u00a04\u00a0US\u2026 d\u2019abord aux Californiens - Benoit Charette - Annuel automobile - CanadaMotorJobs.com.\" \/>\n<meta property=\"og:url\" content=\"https:\/\/news.canadamotorjobs.com\/fr\/la-berline-afeela-1-de-sony-honda-est-offerte-a-partir-de-89-900-4-us-dabord-aux-californiens\/\" \/>\n<meta property=\"og:site_name\" content=\"CanadaMotorJobs.com\" \/>\n<meta property=\"article:publisher\" content=\"https:\/\/www.facebook.com\/canadamotorjobs\/\" \/>\n<meta property=\"article:published_time\" content=\"2025-01-07T18:15:21+00:00\" \/>\n<meta property=\"article:modified_time\" content=\"2025-01-07T18:29:42+00:00\" \/>\n<meta property=\"og:image\" content=\"https:\/\/news.canadamotorjobs.com\/wp-content\/uploads\/2025\/01\/Afeela-1-CES-2025-3.jpg\" \/>\n\t<meta property=\"og:image:width\" content=\"1024\" \/>\n\t<meta property=\"og:image:height\" content=\"683\" \/>\n\t<meta property=\"og:image:type\" content=\"image\/jpeg\" \/>\n<meta name=\"author\" content=\"Benoit Charette\" \/>\n<meta name=\"twitter:card\" content=\"summary_large_image\" \/>\n<meta name=\"twitter:creator\" content=\"@canadamotorjobs\" \/>\n<meta name=\"twitter:site\" content=\"@canadamotorjobs\" \/>\n<meta name=\"twitter:label1\" content=\"\u00c9crit par\" \/>\n\t<meta name=\"twitter:data1\" content=\"Benoit Charette\" \/>\n\t<meta name=\"twitter:label2\" content=\"Estimation du temps de lecture\" \/>\n\t<meta name=\"twitter:data2\" content=\"4 minutes\" \/>\n<!-- \/ Yoast SEO plugin. -->","yoast_head_json":{"title":"La berline Afeela\u00a01 de Sony-Honda est offerte \u00e0 partir de 89\u00a0900\u00a04\u00a0US\u2026 d\u2019abord aux Californiens - CanadaMotorJobs.com","description":"La berline Afeela\u00a01 de Sony-Honda est offerte \u00e0 partir de 89\u00a0900\u00a04\u00a0US\u2026 d\u2019abord aux Californiens - Benoit Charette - Annuel automobile - CanadaMotorJobs.com.","robots":{"index":"index","follow":"follow","max-snippet":"max-snippet:-1","max-image-preview":"max-image-preview:large","max-video-preview":"max-video-preview:-1"},"og_locale":"fr_CA","og_type":"article","og_title":"La berline Afeela\u00a01 de Sony-Honda est offerte \u00e0 partir de 89\u00a0900\u00a04\u00a0US\u2026 d\u2019abord aux Californiens - CanadaMotorJobs.com","og_description":"La berline Afeela\u00a01 de Sony-Honda est offerte \u00e0 partir de 89\u00a0900\u00a04\u00a0US\u2026 d\u2019abord aux Californiens - Benoit Charette - Annuel automobile - CanadaMotorJobs.com.","og_url":"https:\/\/news.canadamotorjobs.com\/fr\/la-berline-afeela-1-de-sony-honda-est-offerte-a-partir-de-89-900-4-us-dabord-aux-californiens\/","og_site_name":"CanadaMotorJobs.com","article_publisher":"https:\/\/www.facebook.com\/canadamotorjobs\/","article_published_time":"2025-01-07T18:15:21+00:00","article_modified_time":"2025-01-07T18:29:42+00:00","og_image":[{"width":1024,"height":683,"url":"https:\/\/news.canadamotorjobs.com\/wp-content\/uploads\/2025\/01\/Afeela-1-CES-2025-3.jpg","type":"image\/jpeg"}],"author":"Benoit Charette","twitter_card":"summary_large_image","twitter_creator":"@canadamotorjobs","twitter_site":"@canadamotorjobs","twitter_misc":{"\u00c9crit par":"Benoit Charette","Estimation du temps de lecture":"4 minutes"},"schema":{"@context":"https:\/\/schema.org","@graph":[{"@type":"Article","@id":"https:\/\/news.canadamotorjobs.com\/fr\/la-berline-afeela-1-de-sony-honda-est-offerte-a-partir-de-89-900-4-us-dabord-aux-californiens\/#article","isPartOf":{"@id":"https:\/\/news.canadamotorjobs.com\/fr\/la-berline-afeela-1-de-sony-honda-est-offerte-a-partir-de-89-900-4-us-dabord-aux-californiens\/"},"author":{"name":"Benoit Charette","@id":"https:\/\/news.canadamotorjobs.com\/#\/schema\/person\/51793d1f87d44011d7bcc2ed99269a90"},"headline":"La berline Afeela\u00a01 de Sony-Honda est offerte \u00e0 partir de 89\u00a0900\u00a04\u00a0US\u2026 d\u2019abord aux Californiens","datePublished":"2025-01-07T18:15:21+00:00","dateModified":"2025-01-07T18:29:42+00:00","mainEntityOfPage":{"@id":"https:\/\/news.canadamotorjobs.com\/fr\/la-berline-afeela-1-de-sony-honda-est-offerte-a-partir-de-89-900-4-us-dabord-aux-californiens\/"},"wordCount":767,"publisher":{"@id":"https:\/\/news.canadamotorjobs.com\/#organization"},"image":{"@id":"https:\/\/news.canadamotorjobs.com\/fr\/la-berline-afeela-1-de-sony-honda-est-offerte-a-partir-de-89-900-4-us-dabord-aux-californiens\/#primaryimage"},"thumbnailUrl":"https:\/\/news.canadamotorjobs.com\/wp-content\/uploads\/2025\/01\/Afeela-1-CES-2025-3.jpg","articleSection":["Annuel automobile"],"inLanguage":"fr-CA"},{"@type":"WebPage","@id":"https:\/\/news.canadamotorjobs.com\/fr\/la-berline-afeela-1-de-sony-honda-est-offerte-a-partir-de-89-900-4-us-dabord-aux-californiens\/","url":"https:\/\/news.canadamotorjobs.com\/fr\/la-berline-afeela-1-de-sony-honda-est-offerte-a-partir-de-89-900-4-us-dabord-aux-californiens\/","name":"La berline Afeela\u00a01 de Sony-Honda est offerte \u00e0 partir de 89\u00a0900\u00a04\u00a0US\u2026 d\u2019abord aux Californiens - CanadaMotorJobs.com","isPartOf":{"@id":"https:\/\/news.canadamotorjobs.com\/#website"},"primaryImageOfPage":{"@id":"https:\/\/news.canadamotorjobs.com\/fr\/la-berline-afeela-1-de-sony-honda-est-offerte-a-partir-de-89-900-4-us-dabord-aux-californiens\/#primaryimage"},"image":{"@id":"https:\/\/news.canadamotorjobs.com\/fr\/la-berline-afeela-1-de-sony-honda-est-offerte-a-partir-de-89-900-4-us-dabord-aux-californiens\/#primaryimage"},"thumbnailUrl":"https:\/\/news.canadamotorjobs.com\/wp-content\/uploads\/2025\/01\/Afeela-1-CES-2025-3.jpg","datePublished":"2025-01-07T18:15:21+00:00","dateModified":"2025-01-07T18:29:42+00:00","description":"La berline Afeela\u00a01 de Sony-Honda est offerte \u00e0 partir de 89\u00a0900\u00a04\u00a0US\u2026 d\u2019abord aux Californiens - Benoit Charette - Annuel automobile - CanadaMotorJobs.com.","breadcrumb":{"@id":"https:\/\/news.canadamotorjobs.com\/fr\/la-berline-afeela-1-de-sony-honda-est-offerte-a-partir-de-89-900-4-us-dabord-aux-californiens\/#breadcrumb"},"inLanguage":"fr-CA","potentialAction":[{"@type":"ReadAction","target":["https:\/\/news.canadamotorjobs.com\/fr\/la-berline-afeela-1-de-sony-honda-est-offerte-a-partir-de-89-900-4-us-dabord-aux-californiens\/"]}]},{"@type":"ImageObject","inLanguage":"fr-CA","@id":"https:\/\/news.canadamotorjobs.com\/fr\/la-berline-afeela-1-de-sony-honda-est-offerte-a-partir-de-89-900-4-us-dabord-aux-californiens\/#primaryimage","url":"https:\/\/news.canadamotorjobs.com\/wp-content\/uploads\/2025\/01\/Afeela-1-CES-2025-3.jpg","contentUrl":"https:\/\/news.canadamotorjobs.com\/wp-content\/uploads\/2025\/01\/Afeela-1-CES-2025-3.jpg","width":1024,"height":683},{"@type":"BreadcrumbList","@id":"https:\/\/news.canadamotorjobs.com\/fr\/la-berline-afeela-1-de-sony-honda-est-offerte-a-partir-de-89-900-4-us-dabord-aux-californiens\/#breadcrumb","itemListElement":[{"@type":"ListItem","position":1,"name":"Home","item":"https:\/\/news.canadamotorjobs.com\/fr\/blog\/"},{"@type":"ListItem","position":2,"name":"La berline Afeela\u00a01 de Sony-Honda est offerte \u00e0 partir de 89\u00a0900\u00a04\u00a0US\u2026 d\u2019abord aux Californiens"}]},{"@type":"WebSite","@id":"https:\/\/news.canadamotorjobs.com\/#website","url":"https:\/\/news.canadamotorjobs.com\/","name":"CanadaMotorJobs.com","description":"Automotive Jobs","publisher":{"@id":"https:\/\/news.canadamotorjobs.com\/#organization"},"potentialAction":[{"@type":"SearchAction","target":{"@type":"EntryPoint","urlTemplate":"https:\/\/news.canadamotorjobs.com\/?s={search_term_string}"},"query-input":"required name=search_term_string"}],"inLanguage":"fr-CA"},{"@type":"Organization","@id":"https:\/\/news.canadamotorjobs.com\/#organization","name":"Canada Motor Jobs","url":"https:\/\/news.canadamotorjobs.com\/","logo":{"@type":"ImageObject","inLanguage":"fr-CA","@id":"https:\/\/news.canadamotorjobs.com\/#\/schema\/logo\/image\/","url":"https:\/\/news.canadamotorjobs.com\/wp-content\/uploads\/2022\/10\/logo-canada-motor-jobs-1.png","contentUrl":"https:\/\/news.canadamotorjobs.com\/wp-content\/uploads\/2022\/10\/logo-canada-motor-jobs-1.png","width":800,"height":400,"caption":"Canada Motor Jobs"},"image":{"@id":"https:\/\/news.canadamotorjobs.com\/#\/schema\/logo\/image\/"},"sameAs":["https:\/\/www.facebook.com\/canadamotorjobs\/","https:\/\/x.com\/canadamotorjobs","https:\/\/www.instagram.com\/canadamotorjobs\/","https:\/\/www.linkedin.com\/company\/canadamotorjobs"]},{"@type":"Person","@id":"https:\/\/news.canadamotorjobs.com\/#\/schema\/person\/51793d1f87d44011d7bcc2ed99269a90","name":"Benoit Charette","image":{"@type":"ImageObject","inLanguage":"fr-CA","@id":"https:\/\/news.canadamotorjobs.com\/#\/schema\/person\/image\/","url":"https:\/\/secure.gravatar.com\/avatar\/45f3d2eebcccd909668d7ce7ea7267b6?s=96&d=mm&r=g","contentUrl":"https:\/\/secure.gravatar.com\/avatar\/45f3d2eebcccd909668d7ce7ea7267b6?s=96&d=mm&r=g","caption":"Benoit Charette"},"description":"Benoit Charette \/ Propri\u00e9taire et r\u00e9dacteur en chef Benoit Charette pratique le journalisme automobile depuis bient\u00f4t 30 ans. Il a fait ses classes au c\u00f4t\u00e9 de Daniel H\u00e9raud et au Carnet de route de 1992 \u00e0 2001. Il est fondateur, copropri\u00e9taire et r\u00e9dacteur en chef de L\u2019Annuel de l\u2019automobile, qu\u2019il publie depuis 2001. Il a anim\u00e9 les \u00e9missions RPM et RPM+ sur V et les L\u00e9gendes de la route sur Historia. \u00c0 la radio depuis 1986, il reprend l\u2019antenne cette ann\u00e9e sur les ondes de Cogeco et participe pour la deuxi\u00e8me ann\u00e9e \u00e0 l\u2019\u00e9mission Passion Auto sur RDS en plus de mettre en ligne le site Web officiel de L\u2019Annuel de l\u2019automobile sur annuelauto.ca.","sameAs":["https:\/\/annuelauto.ca\/"],"url":"https:\/\/news.canadamotorjobs.com\/fr\/author\/benoit-charette\/"}]}},"_links":{"self":[{"href":"https:\/\/news.canadamotorjobs.com\/fr\/wp-json\/wp\/v2\/posts\/187753"}],"collection":[{"href":"https:\/\/news.canadamotorjobs.com\/fr\/wp-json\/wp\/v2\/posts"}],"about":[{"href":"https:\/\/news.canadamotorjobs.com\/fr\/wp-json\/wp\/v2\/types\/post"}],"author":[{"embeddable":true,"href":"https:\/\/news.canadamotorjobs.com\/fr\/wp-json\/wp\/v2\/users\/8"}],"replies":[{"embeddable":true,"href":"https:\/\/news.canadamotorjobs.com\/fr\/wp-json\/wp\/v2\/comments?post=187753"}],"version-history":[{"count":2,"href":"https:\/\/news.canadamotorjobs.com\/fr\/wp-json\/wp\/v2\/posts\/187753\/revisions"}],"predecessor-version":[{"id":187757,"href":"https:\/\/news.canadamotorjobs.com\/fr\/wp-json\/wp\/v2\/posts\/187753\/revisions\/187757"}],"wp:featuredmedia":[{"embeddable":true,"href":"https:\/\/news.canadamotorjobs.com\/fr\/wp-json\/wp\/v2\/media\/187755"}],"wp:attachment":[{"href":"https:\/\/news.canadamotorjobs.com\/fr\/wp-json\/wp\/v2\/media?parent=187753"}],"wp:term":[{"taxonomy":"category","embeddable":true,"href":"https:\/\/news.canadamotorjobs.com\/fr\/wp-json\/wp\/v2\/categories?post=187753"},{"taxonomy":"post_tag","embeddable":true,"href":"https:\/\/news.canadamotorjobs.com\/fr\/wp-json\/wp\/v2\/tags?post=187753"}],"curies":[{"name":"wp","href":"https:\/\/api.w.org\/{rel}","templated":true}]}}