{"id":187728,"date":"2025-01-07T10:46:49","date_gmt":"2025-01-07T15:46:49","guid":{"rendered":"https:\/\/news.canadamotorjobs.com\/?p=187728"},"modified":"2025-01-07T10:59:42","modified_gmt":"2025-01-07T15:59:42","slug":"combien-consomme-la-toyota-camry-2025","status":"publish","type":"post","link":"https:\/\/news.canadamotorjobs.com\/fr\/combien-consomme-la-toyota-camry-2025\/","title":{"rendered":"Combien consomme la Toyota Camry\u00a02025\u2009?"},"content":{"rendered":"<\/p>\n<p>Au cours du cong\u00e9 des f\u00eates, j\u2019ai eu l\u2019occasion de prendre le volant de la Toyota Camry\u00a02025, le mod\u00e8le de nouvelle g\u00e9n\u00e9ration qui a \u00e9t\u00e9 lanc\u00e9 au printemps dernier. Avec cette nouvelle mouture, la recette est simple \u00e0 travers toute la gamme, alors qu\u2019on a droit \u00e0 une seule motorisation hybride.<\/p>\n<p>La m\u00e9canique en question est un 4-cylindres de 2,5\u00a0litres, auquel est greff\u00e9e la cinqui\u00e8me g\u00e9n\u00e9ration du syst\u00e8me hybride de Toyota. On retrouve celui-ci avec la g\u00e9n\u00e9ration actuelle de la Prius, ainsi qu\u2019avec le VUS Corolla Cross.<\/p>\n<p>Les cotes de consommation annonc\u00e9es sont int\u00e9ressantes. Sachez qu\u2019elles varient selon les versions propos\u00e9es.<\/p>\n<p>Avec une variante \u00e0 traction, Toyota annonce 4,9\u00a0litres aux 100\u00a0kilom\u00e8tres, que ce soit pour la ville, l\u2019autoroute ou le combin\u00e9.<\/p>\n<p>Pour un mod\u00e8le SE ou XLE \u00e0 rouage int\u00e9gral, c\u2019est 5,1\u00a0litres tous azimuts.<\/p>\n<p>Seule la variante XSE boit un peu plus\u2009; 5,3\u00a0litres en ville, 5,5\u00a0litres sur l\u2019autoroute, pour 5,3\u00a0litres au combin\u00e9.<\/p>\n<h3>Pourquoi ces diff\u00e9rences\u2009?<\/h3>\n<p>\nElles sont attribuables aux poids des mod\u00e8les\u2009; 1585\u00a0kg, 1645\u00a0kg\/1655\u00a0kg (SE et XLE) et 1670\u00a0kg.<\/p>\n<p>Lors de notre court essai du mod\u00e8le lors du lancement, nous avions enregistr\u00e9 une cote de 5,2\u00a0litres. Les conditions \u00e9taient id\u00e9ales, alors que nous \u00e9tions du c\u00f4t\u00e9 de San Diego, en Californie.<\/p>\n<p>Cette fois, avec des conditions plus glaciales, il allait \u00eatre int\u00e9ressant d\u2019analyser de quelle fa\u00e7on allait se comporter le mod\u00e8le.<\/p>\n<p>La moyenne enregistr\u00e9e du 23\u00a0d\u00e9cembre au 6\u00a0janvier (800\u00a0km)\u00a0: 6,6\u00a0litres<\/p>\n<p>Honn\u00eatement, on s\u2019attendait \u00e0 un peu mieux, car avec une Corolla hybride, nous avons d\u00e9j\u00e0 enregistr\u00e9 les m\u00eames cotes, hiver comme \u00e9t\u00e9.<\/p>\n<p>Cependant, il faut tenir compte de diff\u00e9rents facteurs, dont la longueur des trajets emprunt\u00e9s, ainsi que des conditions m\u00e9t\u00e9o. Sans surprise, plus c\u2019est froid, plus le mod\u00e8le peine \u00e0 nous offrir la cote annonc\u00e9e.<\/p>\n<p>Tout au long de nos deux semaines derri\u00e8re le volant d\u2019une version XLE, nous avons enregistr\u00e9 nos cotes \u00e0 chacune de nos sorties, afin de pouvoir tirer quelques conclusions. Voici quatre exemples bien concrets\u00a0:<\/p>\n<h3>1 \u2014 Deux longs trajets<\/h3>\n<p>\nQuoi de mieux qu\u2019un long trajet pour avoir une id\u00e9e de ce qu\u2019un mod\u00e8le peut nous donner\u2009? Je suis all\u00e9 visiter une amie qui demeure \u00e0 200\u00a0km de mon domicile. Les r\u00e9sultats ont \u00e9t\u00e9 quasi identiques\u2009; 6,2\u00a0litres aux 100\u00a0km pour 201,4\u00a0km pour l\u2019aller, 6,1\u00a0litres pour 199,7\u00a0km lors du retour. Dans les deux cas, 18\u00a0% de la route a \u00e9t\u00e9 effectu\u00e9e en mode EV, c\u2019est-\u00e0-dire \u00e0 des moments o\u00f9 le moteur coupe tout simplement et laisse les organes \u00e9lectriques faire le travail.<\/p>\n<p>Temp\u00e9rature\u00a0: moins 11 Celsius pour l\u2019aller\u2009; moins 6\u00a0au retour<\/p>\n<h3>2 \u2014 Deux parcours moyens<\/h3>\n<p>\nLors d\u2019un deuxi\u00e8me test, un aller-retour chez un membre de ma famille qui habite \u00e0 73\u00a0km de chez moi. \u00c0 l\u2019aller, une cote de 6,5\u00a0litres aux 100\u00a0km pour un trajet de 73,5\u00a0km. Au retour, une moyenne de 7,5\u00a0litres pour une distance de 72,6\u00a0km. Le fonctionnement tout \u00e9lectrique a \u00e9t\u00e9 de 11\u00a0% \u00e0 l\u2019aller, de 10\u00a0% au retour.<\/p>\n<p>Comment expliquer la diff\u00e9rence\u2009? Au retour, un vent \u00e0 \u00e9corner les b\u0153ufs s\u2019\u00e9tait lev\u00e9, au point o\u00f9 la Camry dansait par moment sur la route.<\/p>\n<p>Temp\u00e9rature\u00a0: entre moins 11 et moins 13 Celsius.<\/p>\n<h3>3 \u2014 Moteur chaud vs moteur froid<\/h3>\n<p>\nVous vous en doutez, la consommation est plus importante lorsque le moteur est froid. Plus les organes se r\u00e9chauffent, plus le moteur coupe souvent pour laisser la batterie s\u2019occuper de la progression du v\u00e9hicule. Les chiffres suivants sont r\u00e9v\u00e9lateurs.<\/p>\n<p>Lors d\u2019une sortie sous une temp\u00e9rature de moins 10\u00a0degr\u00e9s, j\u2019ai coup\u00e9 le moteur du v\u00e9hicule tous les 5\u00a0kilom\u00e8tres pour v\u00e9rifier les cotes et la progression de la performance du v\u00e9hicule en mati\u00e8re de consommation.<\/p>\n<p>1<sup>er<\/sup>\u00a0segment\u00a0: 11,9\u00a0litres aux 100\u00a0km.<\/p>\n<p>2<sup>e<\/sup>\u00a0segment\u00a0:\u00a0\u00a0\u00a0 7,5\u00a0litres aux 100\u00a0km.<\/p>\n<p>3<sup>e<\/sup>\u00a0segment\u00a0: \u00a0 6,5\u00a0litres aux 100\u00a0km.<\/p>\n<p>4<sup>e<\/sup>\u00a0segment\u00a0:\u00a0\u00a0 5,4\u00a0litres aux 100\u00a0km.<\/p>\n<h3>4 \u2014 Un trajet moyen, coup\u00e9 en deux<\/h3>\n<p>\nLors du retour du v\u00e9hicule \u00e0 une temp\u00e9rature de moins 15\u00a0Celsius, j\u2019ai not\u00e9 la consommation lors des 45\u00a0premiers kilom\u00e8tres, soit 6,6\u00a0litres aux 100\u00a0km. Les 15\u00a0derniers ont pu se faire avec une consommation moyenne de 5,5\u00a0litres aux 100\u00a0km.<\/p>\n<p>Les chiffres le prouvent. Lorsque le mod\u00e8le est chaud, on s\u2019approche grandement des moyennes que le constructeur promet. On peut anticiper qu\u2019au c\u0153ur de l\u2019\u00e9t\u00e9, il n\u2019aura pas de difficult\u00e9s \u00e0 respecter les cotes annonc\u00e9es.<\/p>\n<p>L\u2019hiver, selon le type de trajets que vous allez emprunter au quotidien, vos r\u00e9sultats vont varier. Plus vos d\u00e9placements sont longs, plus vous allez vous approcher des promesses du constructeur. Si vos d\u00e9placements sont g\u00e9n\u00e9ralement tr\u00e8s courts, vous allez \u00eatre d\u00e9\u00e7us avec une cote au-dessus de 7,0\u00a0litres aux 100\u00a0km.<\/p>\n<p>Du reste, la Camry ne d\u00e9\u00e7oit pas, elle. Cette voiture est fid\u00e8le \u00e0 elle-m\u00eame, offrant un niveau de confort parfait, une douceur de roulement fort appr\u00e9ciable. Et sa conduite est plus sentie que jamais.<\/p>\n<p>Si vous aimez garder vos mod\u00e8les longtemps, n\u2019h\u00e9sitez pas un seul instant.<\/p>\n<p>\u00a0<\/p>\n<p>\u00a0<\/p>\n<p>\u00a0<\/p>\n<p>\u00a0<\/p>\n<p>\u00a0<\/p>\n<p>\u00a0<\/p>\n<p>\u00a0<\/p>\n<p>\u00a0<\/p>\n<p>\u00a0<\/p>\n<p>\u00a0<\/p>\n<p>\u00a0<\/p>\n<p>\u00a0<\/p>\n<p>Le texte <a rel=\"nofollow\" href=\"https:\/\/annuelauto.ca\/combien-consomme-la-toyota-camry-2025%e2%80%89\/\">Combien consomme la Toyota Camry\u00a02025\u2009?<\/a> provient de <a rel=\"nofollow\" href=\"https:\/\/annuelauto.ca\">L&#8217;annuel de l&#8217;automobile &#8211; Actualit\u00e9 automobile<\/a><\/p>\n<p><\/p>\n","protected":false},"excerpt":{"rendered":"<p>Au cours du cong\u00e9 des f\u00eates, j\u2019ai eu l\u2019occasion de prendre le volant de la Toyota Camry\u00a02025, le mod\u00e8le de nouvelle g\u00e9n\u00e9ration qui a \u00e9t\u00e9 lanc\u00e9 au printemps dernier. Avec cette nouvelle mouture, la recette est simple \u00e0 travers toute la gamme, alors qu\u2019on a droit \u00e0 une seule motorisation hybride. La m\u00e9canique en question [&hellip;]<\/p>\n","protected":false},"author":8,"featured_media":187730,"comment_status":"close","ping_status":"closed","sticky":false,"template":"","format":"standard","meta":{"_monsterinsights_skip_tracking":false,"_monsterinsights_sitenote_active":false,"_monsterinsights_sitenote_note":"","_monsterinsights_sitenote_category":0,"footnotes":""},"categories":[101],"tags":[],"yoast_head":"<!-- This site is optimized with the Yoast SEO plugin v23.2 - https:\/\/yoast.com\/wordpress\/plugins\/seo\/ -->\n<title>Combien consomme la Toyota Camry\u00a02025\u2009? - CanadaMotorJobs.com<\/title>\n<meta name=\"description\" content=\"Combien consomme la Toyota Camry\u00a02025\u2009? - Benoit Charette - Annuel automobile - CanadaMotorJobs.com.\" \/>\n<meta name=\"robots\" content=\"index, follow, max-snippet:-1, max-image-preview:large, max-video-preview:-1\" \/>\n<meta property=\"og:locale\" content=\"fr_CA\" \/>\n<meta property=\"og:type\" content=\"article\" \/>\n<meta property=\"og:title\" content=\"Combien consomme la Toyota Camry\u00a02025\u2009? - CanadaMotorJobs.com\" \/>\n<meta property=\"og:description\" content=\"Combien consomme la Toyota Camry\u00a02025\u2009? - Benoit Charette - Annuel automobile - CanadaMotorJobs.com.\" \/>\n<meta property=\"og:url\" content=\"https:\/\/news.canadamotorjobs.com\/fr\/combien-consomme-la-toyota-camry-2025\/\" \/>\n<meta property=\"og:site_name\" content=\"CanadaMotorJobs.com\" \/>\n<meta property=\"article:publisher\" content=\"https:\/\/www.facebook.com\/canadamotorjobs\/\" \/>\n<meta property=\"article:published_time\" content=\"2025-01-07T15:46:49+00:00\" \/>\n<meta property=\"article:modified_time\" content=\"2025-01-07T15:59:42+00:00\" \/>\n<meta property=\"og:image\" content=\"https:\/\/news.canadamotorjobs.com\/wp-content\/uploads\/2025\/01\/Toyota-Camry-2025-02.jpg\" \/>\n\t<meta property=\"og:image:width\" content=\"1200\" \/>\n\t<meta property=\"og:image:height\" content=\"800\" \/>\n\t<meta property=\"og:image:type\" content=\"image\/jpeg\" \/>\n<meta name=\"author\" content=\"Benoit Charette\" \/>\n<meta name=\"twitter:card\" content=\"summary_large_image\" \/>\n<meta name=\"twitter:creator\" content=\"@canadamotorjobs\" \/>\n<meta name=\"twitter:site\" content=\"@canadamotorjobs\" \/>\n<meta name=\"twitter:label1\" content=\"\u00c9crit par\" \/>\n\t<meta name=\"twitter:data1\" content=\"Benoit Charette\" \/>\n\t<meta name=\"twitter:label2\" content=\"Estimation du temps de lecture\" \/>\n\t<meta name=\"twitter:data2\" content=\"4 minutes\" \/>\n<!-- \/ Yoast SEO plugin. -->","yoast_head_json":{"title":"Combien consomme la Toyota Camry\u00a02025\u2009? - CanadaMotorJobs.com","description":"Combien consomme la Toyota Camry\u00a02025\u2009? - Benoit Charette - Annuel automobile - CanadaMotorJobs.com.","robots":{"index":"index","follow":"follow","max-snippet":"max-snippet:-1","max-image-preview":"max-image-preview:large","max-video-preview":"max-video-preview:-1"},"og_locale":"fr_CA","og_type":"article","og_title":"Combien consomme la Toyota Camry\u00a02025\u2009? - CanadaMotorJobs.com","og_description":"Combien consomme la Toyota Camry\u00a02025\u2009? - Benoit Charette - Annuel automobile - CanadaMotorJobs.com.","og_url":"https:\/\/news.canadamotorjobs.com\/fr\/combien-consomme-la-toyota-camry-2025\/","og_site_name":"CanadaMotorJobs.com","article_publisher":"https:\/\/www.facebook.com\/canadamotorjobs\/","article_published_time":"2025-01-07T15:46:49+00:00","article_modified_time":"2025-01-07T15:59:42+00:00","og_image":[{"width":1200,"height":800,"url":"https:\/\/news.canadamotorjobs.com\/wp-content\/uploads\/2025\/01\/Toyota-Camry-2025-02.jpg","type":"image\/jpeg"}],"author":"Benoit Charette","twitter_card":"summary_large_image","twitter_creator":"@canadamotorjobs","twitter_site":"@canadamotorjobs","twitter_misc":{"\u00c9crit par":"Benoit Charette","Estimation du temps de lecture":"4 minutes"},"schema":{"@context":"https:\/\/schema.org","@graph":[{"@type":"Article","@id":"https:\/\/news.canadamotorjobs.com\/fr\/combien-consomme-la-toyota-camry-2025\/#article","isPartOf":{"@id":"https:\/\/news.canadamotorjobs.com\/fr\/combien-consomme-la-toyota-camry-2025\/"},"author":{"name":"Benoit Charette","@id":"https:\/\/news.canadamotorjobs.com\/#\/schema\/person\/51793d1f87d44011d7bcc2ed99269a90"},"headline":"Combien consomme la Toyota Camry\u00a02025\u2009?","datePublished":"2025-01-07T15:46:49+00:00","dateModified":"2025-01-07T15:59:42+00:00","mainEntityOfPage":{"@id":"https:\/\/news.canadamotorjobs.com\/fr\/combien-consomme-la-toyota-camry-2025\/"},"wordCount":888,"publisher":{"@id":"https:\/\/news.canadamotorjobs.com\/#organization"},"image":{"@id":"https:\/\/news.canadamotorjobs.com\/fr\/combien-consomme-la-toyota-camry-2025\/#primaryimage"},"thumbnailUrl":"https:\/\/news.canadamotorjobs.com\/wp-content\/uploads\/2025\/01\/Toyota-Camry-2025-02.jpg","articleSection":["Annuel automobile"],"inLanguage":"fr-CA"},{"@type":"WebPage","@id":"https:\/\/news.canadamotorjobs.com\/fr\/combien-consomme-la-toyota-camry-2025\/","url":"https:\/\/news.canadamotorjobs.com\/fr\/combien-consomme-la-toyota-camry-2025\/","name":"Combien consomme la Toyota Camry\u00a02025\u2009? - CanadaMotorJobs.com","isPartOf":{"@id":"https:\/\/news.canadamotorjobs.com\/#website"},"primaryImageOfPage":{"@id":"https:\/\/news.canadamotorjobs.com\/fr\/combien-consomme-la-toyota-camry-2025\/#primaryimage"},"image":{"@id":"https:\/\/news.canadamotorjobs.com\/fr\/combien-consomme-la-toyota-camry-2025\/#primaryimage"},"thumbnailUrl":"https:\/\/news.canadamotorjobs.com\/wp-content\/uploads\/2025\/01\/Toyota-Camry-2025-02.jpg","datePublished":"2025-01-07T15:46:49+00:00","dateModified":"2025-01-07T15:59:42+00:00","description":"Combien consomme la Toyota Camry\u00a02025\u2009? - Benoit Charette - Annuel automobile - CanadaMotorJobs.com.","breadcrumb":{"@id":"https:\/\/news.canadamotorjobs.com\/fr\/combien-consomme-la-toyota-camry-2025\/#breadcrumb"},"inLanguage":"fr-CA","potentialAction":[{"@type":"ReadAction","target":["https:\/\/news.canadamotorjobs.com\/fr\/combien-consomme-la-toyota-camry-2025\/"]}]},{"@type":"ImageObject","inLanguage":"fr-CA","@id":"https:\/\/news.canadamotorjobs.com\/fr\/combien-consomme-la-toyota-camry-2025\/#primaryimage","url":"https:\/\/news.canadamotorjobs.com\/wp-content\/uploads\/2025\/01\/Toyota-Camry-2025-02.jpg","contentUrl":"https:\/\/news.canadamotorjobs.com\/wp-content\/uploads\/2025\/01\/Toyota-Camry-2025-02.jpg","width":1200,"height":800},{"@type":"BreadcrumbList","@id":"https:\/\/news.canadamotorjobs.com\/fr\/combien-consomme-la-toyota-camry-2025\/#breadcrumb","itemListElement":[{"@type":"ListItem","position":1,"name":"Home","item":"https:\/\/news.canadamotorjobs.com\/fr\/blog\/"},{"@type":"ListItem","position":2,"name":"Combien consomme la Toyota Camry\u00a02025\u2009?"}]},{"@type":"WebSite","@id":"https:\/\/news.canadamotorjobs.com\/#website","url":"https:\/\/news.canadamotorjobs.com\/","name":"CanadaMotorJobs.com","description":"Automotive Jobs","publisher":{"@id":"https:\/\/news.canadamotorjobs.com\/#organization"},"potentialAction":[{"@type":"SearchAction","target":{"@type":"EntryPoint","urlTemplate":"https:\/\/news.canadamotorjobs.com\/?s={search_term_string}"},"query-input":"required name=search_term_string"}],"inLanguage":"fr-CA"},{"@type":"Organization","@id":"https:\/\/news.canadamotorjobs.com\/#organization","name":"Canada Motor Jobs","url":"https:\/\/news.canadamotorjobs.com\/","logo":{"@type":"ImageObject","inLanguage":"fr-CA","@id":"https:\/\/news.canadamotorjobs.com\/#\/schema\/logo\/image\/","url":"https:\/\/news.canadamotorjobs.com\/wp-content\/uploads\/2022\/10\/logo-canada-motor-jobs-1.png","contentUrl":"https:\/\/news.canadamotorjobs.com\/wp-content\/uploads\/2022\/10\/logo-canada-motor-jobs-1.png","width":800,"height":400,"caption":"Canada Motor Jobs"},"image":{"@id":"https:\/\/news.canadamotorjobs.com\/#\/schema\/logo\/image\/"},"sameAs":["https:\/\/www.facebook.com\/canadamotorjobs\/","https:\/\/x.com\/canadamotorjobs","https:\/\/www.instagram.com\/canadamotorjobs\/","https:\/\/www.linkedin.com\/company\/canadamotorjobs"]},{"@type":"Person","@id":"https:\/\/news.canadamotorjobs.com\/#\/schema\/person\/51793d1f87d44011d7bcc2ed99269a90","name":"Benoit Charette","image":{"@type":"ImageObject","inLanguage":"fr-CA","@id":"https:\/\/news.canadamotorjobs.com\/#\/schema\/person\/image\/","url":"https:\/\/secure.gravatar.com\/avatar\/45f3d2eebcccd909668d7ce7ea7267b6?s=96&d=mm&r=g","contentUrl":"https:\/\/secure.gravatar.com\/avatar\/45f3d2eebcccd909668d7ce7ea7267b6?s=96&d=mm&r=g","caption":"Benoit Charette"},"description":"Benoit Charette \/ Propri\u00e9taire et r\u00e9dacteur en chef Benoit Charette pratique le journalisme automobile depuis bient\u00f4t 30 ans. Il a fait ses classes au c\u00f4t\u00e9 de Daniel H\u00e9raud et au Carnet de route de 1992 \u00e0 2001. Il est fondateur, copropri\u00e9taire et r\u00e9dacteur en chef de L\u2019Annuel de l\u2019automobile, qu\u2019il publie depuis 2001. Il a anim\u00e9 les \u00e9missions RPM et RPM+ sur V et les L\u00e9gendes de la route sur Historia. \u00c0 la radio depuis 1986, il reprend l\u2019antenne cette ann\u00e9e sur les ondes de Cogeco et participe pour la deuxi\u00e8me ann\u00e9e \u00e0 l\u2019\u00e9mission Passion Auto sur RDS en plus de mettre en ligne le site Web officiel de L\u2019Annuel de l\u2019automobile sur annuelauto.ca.","sameAs":["https:\/\/annuelauto.ca\/"],"url":"https:\/\/news.canadamotorjobs.com\/fr\/author\/benoit-charette\/"}]}},"_links":{"self":[{"href":"https:\/\/news.canadamotorjobs.com\/fr\/wp-json\/wp\/v2\/posts\/187728"}],"collection":[{"href":"https:\/\/news.canadamotorjobs.com\/fr\/wp-json\/wp\/v2\/posts"}],"about":[{"href":"https:\/\/news.canadamotorjobs.com\/fr\/wp-json\/wp\/v2\/types\/post"}],"author":[{"embeddable":true,"href":"https:\/\/news.canadamotorjobs.com\/fr\/wp-json\/wp\/v2\/users\/8"}],"replies":[{"embeddable":true,"href":"https:\/\/news.canadamotorjobs.com\/fr\/wp-json\/wp\/v2\/comments?post=187728"}],"version-history":[{"count":2,"href":"https:\/\/news.canadamotorjobs.com\/fr\/wp-json\/wp\/v2\/posts\/187728\/revisions"}],"predecessor-version":[{"id":187732,"href":"https:\/\/news.canadamotorjobs.com\/fr\/wp-json\/wp\/v2\/posts\/187728\/revisions\/187732"}],"wp:featuredmedia":[{"embeddable":true,"href":"https:\/\/news.canadamotorjobs.com\/fr\/wp-json\/wp\/v2\/media\/187730"}],"wp:attachment":[{"href":"https:\/\/news.canadamotorjobs.com\/fr\/wp-json\/wp\/v2\/media?parent=187728"}],"wp:term":[{"taxonomy":"category","embeddable":true,"href":"https:\/\/news.canadamotorjobs.com\/fr\/wp-json\/wp\/v2\/categories?post=187728"},{"taxonomy":"post_tag","embeddable":true,"href":"https:\/\/news.canadamotorjobs.com\/fr\/wp-json\/wp\/v2\/tags?post=187728"}],"curies":[{"name":"wp","href":"https:\/\/api.w.org\/{rel}","templated":true}]}}