{"id":187701,"date":"2025-01-07T09:26:51","date_gmt":"2025-01-07T14:26:51","guid":{"rendered":"https:\/\/news.canadamotorjobs.com\/?p=187701"},"modified":"2025-01-07T09:29:30","modified_gmt":"2025-01-07T14:29:30","slug":"un-ram-hd-2025-plus-puissant-et-technologique","status":"publish","type":"post","link":"https:\/\/news.canadamotorjobs.com\/fr\/un-ram-hd-2025-plus-puissant-et-technologique\/","title":{"rendered":"Un Ram HD 2025 plus puissant et technologique"},"content":{"rendered":"<\/p>\n<p>Ram modernise sa gamme Heavy Duty pour 2025 avec des changements qui vont ravir les amateurs de puissance et de polyvalence. Ces mises \u00e0 jour incluent la rationalisation des motorisations, des am\u00e9liorations esth\u00e9tiques et technologiques, ainsi que des capacit\u00e9s de remorquage impressionnantes.<\/p>\n<h3>Une motorisation ax\u00e9e sur l&#8217;essentiel<\/h3>\n<p>\nPour 2025, Ram simplifie son offre en supprimant le moteur diesel \u00e0 sortie standard de 6,7 litres. D\u00e9sormais, les mod\u00e8les 2500 et 3500 ne proposeront qu\u2019un seul moteur diesel : le Cummins \u00e0 haute performance de 6,7 litres, qui d\u00e9veloppe 430 chevaux et un couple ph\u00e9nom\u00e9nal de 1 075 lb-pi. Le moteur \u00e0 essence standard reste le Hemi V8 de 6,4 litres, offrant 405 chevaux et 429 lb-pi de couple, associ\u00e9 \u00e0 une transmission automatique ZF \u00e0 huit rapports.<\/p>\n<h3>Des capacit\u00e9s de remorquage hors normes<\/h3>\n<p>\nCes motorisations permettent au Ram 3500 de remorquer jusqu\u2019\u00e0 36 610 livres avec une attache col-de-cygne et jusqu\u2019\u00e0 23 000 livres avec une attache conventionnelle. M\u00eame le Ram 2500 gagne en performance, passant de 0 \u00e0 100 km\/h en seulement 6,9 secondes gr\u00e2ce \u00e0 l\u2019augmentation du couple et de la puissance.<\/p>\n<h3>Design moderne et technologies embarqu\u00e9es<\/h3>\n<p>\nLes Ram 2500 et 3500 2025 arborent une nouvelle calandre, des phares \u00e0 DEL de s\u00e9rie et des options de projecteurs bi-fonctionnels. \u00c0 l\u2019arri\u00e8re, les mod\u00e8les standard sont \u00e9quip\u00e9s de feux \u00e0 incandescence, avec des versions DEL disponibles en option. \u00c0 l\u2019int\u00e9rieur, Ram met l\u2019accent sur la technologie. De s\u00e9rie, vous trouverez un \u00e9cran tactile de 12 pouces accompagn\u00e9 d\u2019un tableau de bord num\u00e9rique de 12,3 pouces. Une mise \u00e0 niveau est possible avec un \u00e9cran tactile de 14,5 pouces et un \u00e9cran passager de 10,25 pouces. Ces \u00e9crans fonctionnent avec le syst\u00e8me Uconnect 5, d\u00e9j\u00e0 \u00e9prouv\u00e9 dans les v\u00e9hicules Stellantis.<\/p>\n<h3>S\u00e9curit\u00e9 et confort am\u00e9lior\u00e9s<\/h3>\n<p>\nLes mod\u00e8les 2025 introduisent plusieurs fonctionnalit\u00e9s de s\u00e9curit\u00e9 de s\u00e9rie, notamment le r\u00e9gulateur de vitesse adaptatif, un syst\u00e8me d\u2019avertissement de collision frontale et l\u2019assistance au stationnement ParkSense sur les versions Big Horn. Des options comme la d\u00e9tection de somnolence, la gestion active de voie et la reconnaissance des panneaux de signalisation sont \u00e9galement disponibles.<\/p>\n<h3>Prix et disponibilit\u00e9<\/h3>\n<p>\nLes prix canadien n&#8217;ont pas encore \u00e9t\u00e9 annonc\u00e9, mais les Les Ram 2500 et 3500 2025 voient leurs prix l\u00e9g\u00e8rement augmenter aux \u00c9tats-unis. Le Ram 2500 d\u00e9bute \u00e0 47 560 $, tandis que le Ram 3500 commence \u00e0 48 565 $. Ces mod\u00e8les seront produits \u00e0 l\u2019usine de Ram \u00e0 Saltillo, au Mexique, et arriveront chez les concessionnaires au premier trimestre 2025.<\/p>\n<p><strong>Avec des renseignements d&#8217;Autoweek<br \/>\n<\/strong><\/p>\n<p>\u00a0<\/p>\n<p>Le texte <a rel=\"nofollow\" href=\"https:\/\/annuelauto.ca\/ram-heavy-duty-2025-nouveautes\/\">Un Ram HD 2025 plus puissant et technologique<\/a> provient de <a rel=\"nofollow\" href=\"https:\/\/annuelauto.ca\">L&#8217;annuel de l&#8217;automobile &#8211; Actualit\u00e9 automobile<\/a><\/p>\n<p><\/p>\n","protected":false},"excerpt":{"rendered":"<p>Ram modernise sa gamme Heavy Duty pour 2025 avec des changements qui vont ravir les amateurs de puissance et de polyvalence. Ces mises \u00e0 jour incluent la rationalisation des motorisations, des am\u00e9liorations esth\u00e9tiques et technologiques, ainsi que des capacit\u00e9s de remorquage impressionnantes. Une motorisation ax\u00e9e sur l&#8217;essentiel Pour 2025, Ram simplifie son offre en supprimant [&hellip;]<\/p>\n","protected":false},"author":8,"featured_media":187703,"comment_status":"close","ping_status":"closed","sticky":false,"template":"","format":"standard","meta":{"_monsterinsights_skip_tracking":false,"_monsterinsights_sitenote_active":false,"_monsterinsights_sitenote_note":"","_monsterinsights_sitenote_category":0,"footnotes":""},"categories":[101],"tags":[],"yoast_head":"<!-- This site is optimized with the Yoast SEO plugin v23.2 - https:\/\/yoast.com\/wordpress\/plugins\/seo\/ -->\n<title>Un Ram HD 2025 plus puissant et technologique - CanadaMotorJobs.com<\/title>\n<meta name=\"description\" content=\"Un Ram HD 2025 plus puissant et technologique - Benoit Charette - Annuel automobile - CanadaMotorJobs.com.\" \/>\n<meta name=\"robots\" content=\"index, follow, max-snippet:-1, max-image-preview:large, max-video-preview:-1\" \/>\n<meta property=\"og:locale\" content=\"fr_CA\" \/>\n<meta property=\"og:type\" content=\"article\" \/>\n<meta property=\"og:title\" content=\"Un Ram HD 2025 plus puissant et technologique - CanadaMotorJobs.com\" \/>\n<meta property=\"og:description\" content=\"Un Ram HD 2025 plus puissant et technologique - Benoit Charette - Annuel automobile - CanadaMotorJobs.com.\" \/>\n<meta property=\"og:url\" content=\"https:\/\/news.canadamotorjobs.com\/fr\/un-ram-hd-2025-plus-puissant-et-technologique\/\" \/>\n<meta property=\"og:site_name\" content=\"CanadaMotorJobs.com\" \/>\n<meta property=\"article:publisher\" content=\"https:\/\/www.facebook.com\/canadamotorjobs\/\" \/>\n<meta property=\"article:published_time\" content=\"2025-01-07T14:26:51+00:00\" \/>\n<meta property=\"article:modified_time\" content=\"2025-01-07T14:29:30+00:00\" \/>\n<meta property=\"og:image\" content=\"https:\/\/news.canadamotorjobs.com\/wp-content\/uploads\/2025\/01\/ram-2500_100953807.jpg\" \/>\n\t<meta property=\"og:image:width\" content=\"1920\" \/>\n\t<meta property=\"og:image:height\" content=\"1080\" \/>\n\t<meta property=\"og:image:type\" content=\"image\/jpeg\" \/>\n<meta name=\"author\" content=\"Benoit Charette\" \/>\n<meta name=\"twitter:card\" content=\"summary_large_image\" \/>\n<meta name=\"twitter:creator\" content=\"@canadamotorjobs\" \/>\n<meta name=\"twitter:site\" content=\"@canadamotorjobs\" \/>\n<meta name=\"twitter:label1\" content=\"\u00c9crit par\" \/>\n\t<meta name=\"twitter:data1\" content=\"Benoit Charette\" \/>\n\t<meta name=\"twitter:label2\" content=\"Estimation du temps de lecture\" \/>\n\t<meta name=\"twitter:data2\" content=\"2 minutes\" \/>\n<!-- \/ Yoast SEO plugin. -->","yoast_head_json":{"title":"Un Ram HD 2025 plus puissant et technologique - CanadaMotorJobs.com","description":"Un Ram HD 2025 plus puissant et technologique - Benoit Charette - Annuel automobile - CanadaMotorJobs.com.","robots":{"index":"index","follow":"follow","max-snippet":"max-snippet:-1","max-image-preview":"max-image-preview:large","max-video-preview":"max-video-preview:-1"},"og_locale":"fr_CA","og_type":"article","og_title":"Un Ram HD 2025 plus puissant et technologique - CanadaMotorJobs.com","og_description":"Un Ram HD 2025 plus puissant et technologique - Benoit Charette - Annuel automobile - CanadaMotorJobs.com.","og_url":"https:\/\/news.canadamotorjobs.com\/fr\/un-ram-hd-2025-plus-puissant-et-technologique\/","og_site_name":"CanadaMotorJobs.com","article_publisher":"https:\/\/www.facebook.com\/canadamotorjobs\/","article_published_time":"2025-01-07T14:26:51+00:00","article_modified_time":"2025-01-07T14:29:30+00:00","og_image":[{"width":1920,"height":1080,"url":"https:\/\/news.canadamotorjobs.com\/wp-content\/uploads\/2025\/01\/ram-2500_100953807.jpg","type":"image\/jpeg"}],"author":"Benoit Charette","twitter_card":"summary_large_image","twitter_creator":"@canadamotorjobs","twitter_site":"@canadamotorjobs","twitter_misc":{"\u00c9crit par":"Benoit Charette","Estimation du temps de lecture":"2 minutes"},"schema":{"@context":"https:\/\/schema.org","@graph":[{"@type":"Article","@id":"https:\/\/news.canadamotorjobs.com\/fr\/un-ram-hd-2025-plus-puissant-et-technologique\/#article","isPartOf":{"@id":"https:\/\/news.canadamotorjobs.com\/fr\/un-ram-hd-2025-plus-puissant-et-technologique\/"},"author":{"name":"Benoit Charette","@id":"https:\/\/news.canadamotorjobs.com\/#\/schema\/person\/51793d1f87d44011d7bcc2ed99269a90"},"headline":"Un Ram HD 2025 plus puissant et technologique","datePublished":"2025-01-07T14:26:51+00:00","dateModified":"2025-01-07T14:29:30+00:00","mainEntityOfPage":{"@id":"https:\/\/news.canadamotorjobs.com\/fr\/un-ram-hd-2025-plus-puissant-et-technologique\/"},"wordCount":432,"publisher":{"@id":"https:\/\/news.canadamotorjobs.com\/#organization"},"image":{"@id":"https:\/\/news.canadamotorjobs.com\/fr\/un-ram-hd-2025-plus-puissant-et-technologique\/#primaryimage"},"thumbnailUrl":"https:\/\/news.canadamotorjobs.com\/wp-content\/uploads\/2025\/01\/ram-2500_100953807.jpg","articleSection":["Annuel automobile"],"inLanguage":"fr-CA"},{"@type":"WebPage","@id":"https:\/\/news.canadamotorjobs.com\/fr\/un-ram-hd-2025-plus-puissant-et-technologique\/","url":"https:\/\/news.canadamotorjobs.com\/fr\/un-ram-hd-2025-plus-puissant-et-technologique\/","name":"Un Ram HD 2025 plus puissant et technologique - CanadaMotorJobs.com","isPartOf":{"@id":"https:\/\/news.canadamotorjobs.com\/#website"},"primaryImageOfPage":{"@id":"https:\/\/news.canadamotorjobs.com\/fr\/un-ram-hd-2025-plus-puissant-et-technologique\/#primaryimage"},"image":{"@id":"https:\/\/news.canadamotorjobs.com\/fr\/un-ram-hd-2025-plus-puissant-et-technologique\/#primaryimage"},"thumbnailUrl":"https:\/\/news.canadamotorjobs.com\/wp-content\/uploads\/2025\/01\/ram-2500_100953807.jpg","datePublished":"2025-01-07T14:26:51+00:00","dateModified":"2025-01-07T14:29:30+00:00","description":"Un Ram HD 2025 plus puissant et technologique - Benoit Charette - Annuel automobile - CanadaMotorJobs.com.","breadcrumb":{"@id":"https:\/\/news.canadamotorjobs.com\/fr\/un-ram-hd-2025-plus-puissant-et-technologique\/#breadcrumb"},"inLanguage":"fr-CA","potentialAction":[{"@type":"ReadAction","target":["https:\/\/news.canadamotorjobs.com\/fr\/un-ram-hd-2025-plus-puissant-et-technologique\/"]}]},{"@type":"ImageObject","inLanguage":"fr-CA","@id":"https:\/\/news.canadamotorjobs.com\/fr\/un-ram-hd-2025-plus-puissant-et-technologique\/#primaryimage","url":"https:\/\/news.canadamotorjobs.com\/wp-content\/uploads\/2025\/01\/ram-2500_100953807.jpg","contentUrl":"https:\/\/news.canadamotorjobs.com\/wp-content\/uploads\/2025\/01\/ram-2500_100953807.jpg","width":1920,"height":1080},{"@type":"BreadcrumbList","@id":"https:\/\/news.canadamotorjobs.com\/fr\/un-ram-hd-2025-plus-puissant-et-technologique\/#breadcrumb","itemListElement":[{"@type":"ListItem","position":1,"name":"Home","item":"https:\/\/news.canadamotorjobs.com\/fr\/blog\/"},{"@type":"ListItem","position":2,"name":"Un Ram HD 2025 plus puissant et technologique"}]},{"@type":"WebSite","@id":"https:\/\/news.canadamotorjobs.com\/#website","url":"https:\/\/news.canadamotorjobs.com\/","name":"CanadaMotorJobs.com","description":"Automotive Jobs","publisher":{"@id":"https:\/\/news.canadamotorjobs.com\/#organization"},"potentialAction":[{"@type":"SearchAction","target":{"@type":"EntryPoint","urlTemplate":"https:\/\/news.canadamotorjobs.com\/?s={search_term_string}"},"query-input":"required name=search_term_string"}],"inLanguage":"fr-CA"},{"@type":"Organization","@id":"https:\/\/news.canadamotorjobs.com\/#organization","name":"Canada Motor Jobs","url":"https:\/\/news.canadamotorjobs.com\/","logo":{"@type":"ImageObject","inLanguage":"fr-CA","@id":"https:\/\/news.canadamotorjobs.com\/#\/schema\/logo\/image\/","url":"https:\/\/news.canadamotorjobs.com\/wp-content\/uploads\/2022\/10\/logo-canada-motor-jobs-1.png","contentUrl":"https:\/\/news.canadamotorjobs.com\/wp-content\/uploads\/2022\/10\/logo-canada-motor-jobs-1.png","width":800,"height":400,"caption":"Canada Motor Jobs"},"image":{"@id":"https:\/\/news.canadamotorjobs.com\/#\/schema\/logo\/image\/"},"sameAs":["https:\/\/www.facebook.com\/canadamotorjobs\/","https:\/\/x.com\/canadamotorjobs","https:\/\/www.instagram.com\/canadamotorjobs\/","https:\/\/www.linkedin.com\/company\/canadamotorjobs"]},{"@type":"Person","@id":"https:\/\/news.canadamotorjobs.com\/#\/schema\/person\/51793d1f87d44011d7bcc2ed99269a90","name":"Benoit Charette","image":{"@type":"ImageObject","inLanguage":"fr-CA","@id":"https:\/\/news.canadamotorjobs.com\/#\/schema\/person\/image\/","url":"https:\/\/secure.gravatar.com\/avatar\/45f3d2eebcccd909668d7ce7ea7267b6?s=96&d=mm&r=g","contentUrl":"https:\/\/secure.gravatar.com\/avatar\/45f3d2eebcccd909668d7ce7ea7267b6?s=96&d=mm&r=g","caption":"Benoit Charette"},"description":"Benoit Charette \/ Propri\u00e9taire et r\u00e9dacteur en chef Benoit Charette pratique le journalisme automobile depuis bient\u00f4t 30 ans. Il a fait ses classes au c\u00f4t\u00e9 de Daniel H\u00e9raud et au Carnet de route de 1992 \u00e0 2001. Il est fondateur, copropri\u00e9taire et r\u00e9dacteur en chef de L\u2019Annuel de l\u2019automobile, qu\u2019il publie depuis 2001. Il a anim\u00e9 les \u00e9missions RPM et RPM+ sur V et les L\u00e9gendes de la route sur Historia. \u00c0 la radio depuis 1986, il reprend l\u2019antenne cette ann\u00e9e sur les ondes de Cogeco et participe pour la deuxi\u00e8me ann\u00e9e \u00e0 l\u2019\u00e9mission Passion Auto sur RDS en plus de mettre en ligne le site Web officiel de L\u2019Annuel de l\u2019automobile sur annuelauto.ca.","sameAs":["https:\/\/annuelauto.ca\/"],"url":"https:\/\/news.canadamotorjobs.com\/fr\/author\/benoit-charette\/"}]}},"_links":{"self":[{"href":"https:\/\/news.canadamotorjobs.com\/fr\/wp-json\/wp\/v2\/posts\/187701"}],"collection":[{"href":"https:\/\/news.canadamotorjobs.com\/fr\/wp-json\/wp\/v2\/posts"}],"about":[{"href":"https:\/\/news.canadamotorjobs.com\/fr\/wp-json\/wp\/v2\/types\/post"}],"author":[{"embeddable":true,"href":"https:\/\/news.canadamotorjobs.com\/fr\/wp-json\/wp\/v2\/users\/8"}],"replies":[{"embeddable":true,"href":"https:\/\/news.canadamotorjobs.com\/fr\/wp-json\/wp\/v2\/comments?post=187701"}],"version-history":[{"count":2,"href":"https:\/\/news.canadamotorjobs.com\/fr\/wp-json\/wp\/v2\/posts\/187701\/revisions"}],"predecessor-version":[{"id":187705,"href":"https:\/\/news.canadamotorjobs.com\/fr\/wp-json\/wp\/v2\/posts\/187701\/revisions\/187705"}],"wp:featuredmedia":[{"embeddable":true,"href":"https:\/\/news.canadamotorjobs.com\/fr\/wp-json\/wp\/v2\/media\/187703"}],"wp:attachment":[{"href":"https:\/\/news.canadamotorjobs.com\/fr\/wp-json\/wp\/v2\/media?parent=187701"}],"wp:term":[{"taxonomy":"category","embeddable":true,"href":"https:\/\/news.canadamotorjobs.com\/fr\/wp-json\/wp\/v2\/categories?post=187701"},{"taxonomy":"post_tag","embeddable":true,"href":"https:\/\/news.canadamotorjobs.com\/fr\/wp-json\/wp\/v2\/tags?post=187701"}],"curies":[{"name":"wp","href":"https:\/\/api.w.org\/{rel}","templated":true}]}}