{"id":187682,"date":"2025-01-07T08:46:09","date_gmt":"2025-01-07T13:46:09","guid":{"rendered":"https:\/\/news.canadamotorjobs.com\/?p=187682"},"modified":"2025-01-07T08:59:05","modified_gmt":"2025-01-07T13:59:05","slug":"volkswagen-aura-acces-au-reseau-nacs-de-tesla-en-juin","status":"publish","type":"post","link":"https:\/\/news.canadamotorjobs.com\/fr\/volkswagen-aura-acces-au-reseau-nacs-de-tesla-en-juin\/","title":{"rendered":"Volkswagen aura acc\u00e8s au r\u00e9seau NACS de Tesla en juin"},"content":{"rendered":"<\/p>\n<p>Volkswagen a officiellement confirm\u00e9 que ses v\u00e9hicules \u00e9lectriques auront acc\u00e8s au r\u00e9seau Tesla Supercharger d\u00e8s juin 2025. Cette annonce a \u00e9t\u00e9 faite par Mark Gillies, directeur des relations publiques de VW, lors du CES 2025. Les mod\u00e8les concern\u00e9s incluent le populaire multisegment ID.4 et le minibus ID. Buzz r\u00e9cemment lanc\u00e9. Avec l\u2019arriv\u00e9e d\u2019un adaptateur officiel, les propri\u00e9taires de VW pourront enfin profiter du r\u00e9seau de recharge rapide le plus vaste et performant des \u00c9tats-Unis.<\/p>\n<h3>Mieux vaut tard que jamais<\/h3>\n<p>\nVolkswagen a pris son temps pour adopter la norme de connecteur NACS (North American Charging Standard) de Tesla. Alors que Ford, GM, et d\u2019autres grands constructeurs avaient d\u00e9j\u00e0 annonc\u00e9 leur transition en 2023, VW a attendu d\u00e9cembre 2023 pour s\u2019engager, pr\u00e9f\u00e9rant attendre la certification officielle de la norme par la SAE. Cette adoption tardive pourrait cependant permettre \u00e0 VW de b\u00e9n\u00e9ficier d\u2019une technologie mature et de retours d\u2019exp\u00e9rience d\u2019autres fabricants, \u00e9vitant ainsi les erreurs de d\u00e9ploiement rencontr\u00e9es par certains concurrents.<\/p>\n<h3>Implications pour les propri\u00e9taires de VW<\/h3>\n<p>\nLes propri\u00e9taires de l\u2019ID.4 et de l\u2019ID. Buzz pourront bient\u00f4t recharger leurs v\u00e9hicules sur les bornes Tesla, \u00e0 condition d\u2019utiliser un adaptateur officiel. Ce dernier, pr\u00e9vu pour juin 2025, permettra une compatibilit\u00e9 totale avec les bornes Supercharger.<\/p>\n<p>Cependant, aucune confirmation n\u2019a \u00e9t\u00e9 donn\u00e9e concernant les sous-marques Audi et Porsche, bien qu\u2019il soit probable qu\u2019elles suivent le m\u00eame calendrier, \u00e9tant donn\u00e9 leur engagement commun avec VW envers la norme NACS.<\/p>\n<h3>Un tournant pour l\u2019industrie<\/h3>\n<p>\nL\u2019acc\u00e8s de VW au r\u00e9seau Tesla marque une \u00e9tape cl\u00e9 dans l\u2019int\u00e9gration des diff\u00e9rents constructeurs automobiles au sein d\u2019un \u00e9cosyst\u00e8me de recharge standardis\u00e9. Cette annonce contribue \u00e0 renforcer la position de Tesla comme leader dans les infrastructures de recharge tout en facilitant l\u2019adoption des v\u00e9hicules \u00e9lectriques par un plus grand nombre de conducteurs.<\/p>\n<h3>Prudence sur les d\u00e9lais<\/h3>\n<p>\nBien que l\u2019annonce de VW soit encourageante, certains retards pourraient survenir, notamment dans la fabrication et la distribution des adaptateurs. Ford a, par exemple, rencontr\u00e9 des probl\u00e8mes similaires lors du d\u00e9ploiement de ses propres adaptateurs.<\/p>\n<h3>Conclusion<\/h3>\n<p>\nAvec de plus en plus de constructeurs rejoignant le r\u00e9seau Tesla, les bornes Supercharger pourraient bient\u00f4t devenir un v\u00e9ritable carrefour pour les conducteurs de diff\u00e9rentes marques. Attendez-vous \u00e0 voir une diversit\u00e9 accrue de v\u00e9hicules aux bornes, rendant l\u2019exp\u00e9rience de recharge plus dynamique et int\u00e9ressante.<\/p>\n<p>Avec des renseignements d&#8217;Electrek<\/p>\n<p>Le texte <a rel=\"nofollow\" href=\"https:\/\/annuelauto.ca\/volkswagen-aura-acees-nacs-de-tesla-en-juin\/\">Volkswagen aura acc\u00e8s au r\u00e9seau NACS de Tesla en juin<\/a> provient de <a rel=\"nofollow\" href=\"https:\/\/annuelauto.ca\">L&#8217;annuel de l&#8217;automobile &#8211; Actualit\u00e9 automobile<\/a><\/p>\n<p><\/p>\n","protected":false},"excerpt":{"rendered":"<p>Volkswagen a officiellement confirm\u00e9 que ses v\u00e9hicules \u00e9lectriques auront acc\u00e8s au r\u00e9seau Tesla Supercharger d\u00e8s juin 2025. Cette annonce a \u00e9t\u00e9 faite par Mark Gillies, directeur des relations publiques de VW, lors du CES 2025. Les mod\u00e8les concern\u00e9s incluent le populaire multisegment ID.4 et le minibus ID. Buzz r\u00e9cemment lanc\u00e9. Avec l\u2019arriv\u00e9e d\u2019un adaptateur officiel, [&hellip;]<\/p>\n","protected":false},"author":8,"featured_media":187684,"comment_status":"close","ping_status":"closed","sticky":false,"template":"","format":"standard","meta":{"_monsterinsights_skip_tracking":false,"_monsterinsights_sitenote_active":false,"_monsterinsights_sitenote_note":"","_monsterinsights_sitenote_category":0,"footnotes":""},"categories":[101],"tags":[],"yoast_head":"<!-- This site is optimized with the Yoast SEO plugin v23.2 - https:\/\/yoast.com\/wordpress\/plugins\/seo\/ -->\n<title>Volkswagen aura acc\u00e8s au r\u00e9seau NACS de Tesla en juin - CanadaMotorJobs.com<\/title>\n<meta name=\"description\" content=\"Volkswagen aura acc\u00e8s au r\u00e9seau NACS de Tesla en juin - Benoit Charette - Annuel automobile - CanadaMotorJobs.com.\" \/>\n<meta name=\"robots\" content=\"index, follow, max-snippet:-1, max-image-preview:large, max-video-preview:-1\" \/>\n<meta property=\"og:locale\" content=\"fr_CA\" \/>\n<meta property=\"og:type\" content=\"article\" \/>\n<meta property=\"og:title\" content=\"Volkswagen aura acc\u00e8s au r\u00e9seau NACS de Tesla en juin - CanadaMotorJobs.com\" \/>\n<meta property=\"og:description\" content=\"Volkswagen aura acc\u00e8s au r\u00e9seau NACS de Tesla en juin - Benoit Charette - Annuel automobile - CanadaMotorJobs.com.\" \/>\n<meta property=\"og:url\" content=\"https:\/\/news.canadamotorjobs.com\/fr\/volkswagen-aura-acces-au-reseau-nacs-de-tesla-en-juin\/\" \/>\n<meta property=\"og:site_name\" content=\"CanadaMotorJobs.com\" \/>\n<meta property=\"article:publisher\" content=\"https:\/\/www.facebook.com\/canadamotorjobs\/\" \/>\n<meta property=\"article:published_time\" content=\"2025-01-07T13:46:09+00:00\" \/>\n<meta property=\"article:modified_time\" content=\"2025-01-07T13:59:05+00:00\" \/>\n<meta property=\"og:image\" content=\"https:\/\/news.canadamotorjobs.com\/wp-content\/uploads\/2025\/01\/DB2020AU01871_medium-1024x683-1.jpg\" \/>\n\t<meta property=\"og:image:width\" content=\"1024\" \/>\n\t<meta property=\"og:image:height\" content=\"683\" \/>\n\t<meta property=\"og:image:type\" content=\"image\/jpeg\" \/>\n<meta name=\"author\" content=\"Benoit Charette\" \/>\n<meta name=\"twitter:card\" content=\"summary_large_image\" \/>\n<meta name=\"twitter:creator\" content=\"@canadamotorjobs\" \/>\n<meta name=\"twitter:site\" content=\"@canadamotorjobs\" \/>\n<meta name=\"twitter:label1\" content=\"\u00c9crit par\" \/>\n\t<meta name=\"twitter:data1\" content=\"Benoit Charette\" \/>\n\t<meta name=\"twitter:label2\" content=\"Estimation du temps de lecture\" \/>\n\t<meta name=\"twitter:data2\" content=\"2 minutes\" \/>\n<!-- \/ Yoast SEO plugin. -->","yoast_head_json":{"title":"Volkswagen aura acc\u00e8s au r\u00e9seau NACS de Tesla en juin - CanadaMotorJobs.com","description":"Volkswagen aura acc\u00e8s au r\u00e9seau NACS de Tesla en juin - Benoit Charette - Annuel automobile - CanadaMotorJobs.com.","robots":{"index":"index","follow":"follow","max-snippet":"max-snippet:-1","max-image-preview":"max-image-preview:large","max-video-preview":"max-video-preview:-1"},"og_locale":"fr_CA","og_type":"article","og_title":"Volkswagen aura acc\u00e8s au r\u00e9seau NACS de Tesla en juin - CanadaMotorJobs.com","og_description":"Volkswagen aura acc\u00e8s au r\u00e9seau NACS de Tesla en juin - Benoit Charette - Annuel automobile - CanadaMotorJobs.com.","og_url":"https:\/\/news.canadamotorjobs.com\/fr\/volkswagen-aura-acces-au-reseau-nacs-de-tesla-en-juin\/","og_site_name":"CanadaMotorJobs.com","article_publisher":"https:\/\/www.facebook.com\/canadamotorjobs\/","article_published_time":"2025-01-07T13:46:09+00:00","article_modified_time":"2025-01-07T13:59:05+00:00","og_image":[{"width":1024,"height":683,"url":"https:\/\/news.canadamotorjobs.com\/wp-content\/uploads\/2025\/01\/DB2020AU01871_medium-1024x683-1.jpg","type":"image\/jpeg"}],"author":"Benoit Charette","twitter_card":"summary_large_image","twitter_creator":"@canadamotorjobs","twitter_site":"@canadamotorjobs","twitter_misc":{"\u00c9crit par":"Benoit Charette","Estimation du temps de lecture":"2 minutes"},"schema":{"@context":"https:\/\/schema.org","@graph":[{"@type":"Article","@id":"https:\/\/news.canadamotorjobs.com\/fr\/volkswagen-aura-acces-au-reseau-nacs-de-tesla-en-juin\/#article","isPartOf":{"@id":"https:\/\/news.canadamotorjobs.com\/fr\/volkswagen-aura-acces-au-reseau-nacs-de-tesla-en-juin\/"},"author":{"name":"Benoit Charette","@id":"https:\/\/news.canadamotorjobs.com\/#\/schema\/person\/51793d1f87d44011d7bcc2ed99269a90"},"headline":"Volkswagen aura acc\u00e8s au r\u00e9seau NACS de Tesla en juin","datePublished":"2025-01-07T13:46:09+00:00","dateModified":"2025-01-07T13:59:05+00:00","mainEntityOfPage":{"@id":"https:\/\/news.canadamotorjobs.com\/fr\/volkswagen-aura-acces-au-reseau-nacs-de-tesla-en-juin\/"},"wordCount":468,"publisher":{"@id":"https:\/\/news.canadamotorjobs.com\/#organization"},"image":{"@id":"https:\/\/news.canadamotorjobs.com\/fr\/volkswagen-aura-acces-au-reseau-nacs-de-tesla-en-juin\/#primaryimage"},"thumbnailUrl":"https:\/\/news.canadamotorjobs.com\/wp-content\/uploads\/2025\/01\/DB2020AU01871_medium-1024x683-1.jpg","articleSection":["Annuel automobile"],"inLanguage":"fr-CA"},{"@type":"WebPage","@id":"https:\/\/news.canadamotorjobs.com\/fr\/volkswagen-aura-acces-au-reseau-nacs-de-tesla-en-juin\/","url":"https:\/\/news.canadamotorjobs.com\/fr\/volkswagen-aura-acces-au-reseau-nacs-de-tesla-en-juin\/","name":"Volkswagen aura acc\u00e8s au r\u00e9seau NACS de Tesla en juin - CanadaMotorJobs.com","isPartOf":{"@id":"https:\/\/news.canadamotorjobs.com\/#website"},"primaryImageOfPage":{"@id":"https:\/\/news.canadamotorjobs.com\/fr\/volkswagen-aura-acces-au-reseau-nacs-de-tesla-en-juin\/#primaryimage"},"image":{"@id":"https:\/\/news.canadamotorjobs.com\/fr\/volkswagen-aura-acces-au-reseau-nacs-de-tesla-en-juin\/#primaryimage"},"thumbnailUrl":"https:\/\/news.canadamotorjobs.com\/wp-content\/uploads\/2025\/01\/DB2020AU01871_medium-1024x683-1.jpg","datePublished":"2025-01-07T13:46:09+00:00","dateModified":"2025-01-07T13:59:05+00:00","description":"Volkswagen aura acc\u00e8s au r\u00e9seau NACS de Tesla en juin - Benoit Charette - Annuel automobile - CanadaMotorJobs.com.","breadcrumb":{"@id":"https:\/\/news.canadamotorjobs.com\/fr\/volkswagen-aura-acces-au-reseau-nacs-de-tesla-en-juin\/#breadcrumb"},"inLanguage":"fr-CA","potentialAction":[{"@type":"ReadAction","target":["https:\/\/news.canadamotorjobs.com\/fr\/volkswagen-aura-acces-au-reseau-nacs-de-tesla-en-juin\/"]}]},{"@type":"ImageObject","inLanguage":"fr-CA","@id":"https:\/\/news.canadamotorjobs.com\/fr\/volkswagen-aura-acces-au-reseau-nacs-de-tesla-en-juin\/#primaryimage","url":"https:\/\/news.canadamotorjobs.com\/wp-content\/uploads\/2025\/01\/DB2020AU01871_medium-1024x683-1.jpg","contentUrl":"https:\/\/news.canadamotorjobs.com\/wp-content\/uploads\/2025\/01\/DB2020AU01871_medium-1024x683-1.jpg","width":1024,"height":683},{"@type":"BreadcrumbList","@id":"https:\/\/news.canadamotorjobs.com\/fr\/volkswagen-aura-acces-au-reseau-nacs-de-tesla-en-juin\/#breadcrumb","itemListElement":[{"@type":"ListItem","position":1,"name":"Home","item":"https:\/\/news.canadamotorjobs.com\/fr\/blog\/"},{"@type":"ListItem","position":2,"name":"Volkswagen aura acc\u00e8s au r\u00e9seau NACS de Tesla en juin"}]},{"@type":"WebSite","@id":"https:\/\/news.canadamotorjobs.com\/#website","url":"https:\/\/news.canadamotorjobs.com\/","name":"CanadaMotorJobs.com","description":"Automotive Jobs","publisher":{"@id":"https:\/\/news.canadamotorjobs.com\/#organization"},"potentialAction":[{"@type":"SearchAction","target":{"@type":"EntryPoint","urlTemplate":"https:\/\/news.canadamotorjobs.com\/?s={search_term_string}"},"query-input":"required name=search_term_string"}],"inLanguage":"fr-CA"},{"@type":"Organization","@id":"https:\/\/news.canadamotorjobs.com\/#organization","name":"Canada Motor Jobs","url":"https:\/\/news.canadamotorjobs.com\/","logo":{"@type":"ImageObject","inLanguage":"fr-CA","@id":"https:\/\/news.canadamotorjobs.com\/#\/schema\/logo\/image\/","url":"https:\/\/news.canadamotorjobs.com\/wp-content\/uploads\/2022\/10\/logo-canada-motor-jobs-1.png","contentUrl":"https:\/\/news.canadamotorjobs.com\/wp-content\/uploads\/2022\/10\/logo-canada-motor-jobs-1.png","width":800,"height":400,"caption":"Canada Motor Jobs"},"image":{"@id":"https:\/\/news.canadamotorjobs.com\/#\/schema\/logo\/image\/"},"sameAs":["https:\/\/www.facebook.com\/canadamotorjobs\/","https:\/\/x.com\/canadamotorjobs","https:\/\/www.instagram.com\/canadamotorjobs\/","https:\/\/www.linkedin.com\/company\/canadamotorjobs"]},{"@type":"Person","@id":"https:\/\/news.canadamotorjobs.com\/#\/schema\/person\/51793d1f87d44011d7bcc2ed99269a90","name":"Benoit Charette","image":{"@type":"ImageObject","inLanguage":"fr-CA","@id":"https:\/\/news.canadamotorjobs.com\/#\/schema\/person\/image\/","url":"https:\/\/secure.gravatar.com\/avatar\/45f3d2eebcccd909668d7ce7ea7267b6?s=96&d=mm&r=g","contentUrl":"https:\/\/secure.gravatar.com\/avatar\/45f3d2eebcccd909668d7ce7ea7267b6?s=96&d=mm&r=g","caption":"Benoit Charette"},"description":"Benoit Charette \/ Propri\u00e9taire et r\u00e9dacteur en chef Benoit Charette pratique le journalisme automobile depuis bient\u00f4t 30 ans. Il a fait ses classes au c\u00f4t\u00e9 de Daniel H\u00e9raud et au Carnet de route de 1992 \u00e0 2001. Il est fondateur, copropri\u00e9taire et r\u00e9dacteur en chef de L\u2019Annuel de l\u2019automobile, qu\u2019il publie depuis 2001. Il a anim\u00e9 les \u00e9missions RPM et RPM+ sur V et les L\u00e9gendes de la route sur Historia. \u00c0 la radio depuis 1986, il reprend l\u2019antenne cette ann\u00e9e sur les ondes de Cogeco et participe pour la deuxi\u00e8me ann\u00e9e \u00e0 l\u2019\u00e9mission Passion Auto sur RDS en plus de mettre en ligne le site Web officiel de L\u2019Annuel de l\u2019automobile sur annuelauto.ca.","sameAs":["https:\/\/annuelauto.ca\/"],"url":"https:\/\/news.canadamotorjobs.com\/fr\/author\/benoit-charette\/"}]}},"_links":{"self":[{"href":"https:\/\/news.canadamotorjobs.com\/fr\/wp-json\/wp\/v2\/posts\/187682"}],"collection":[{"href":"https:\/\/news.canadamotorjobs.com\/fr\/wp-json\/wp\/v2\/posts"}],"about":[{"href":"https:\/\/news.canadamotorjobs.com\/fr\/wp-json\/wp\/v2\/types\/post"}],"author":[{"embeddable":true,"href":"https:\/\/news.canadamotorjobs.com\/fr\/wp-json\/wp\/v2\/users\/8"}],"replies":[{"embeddable":true,"href":"https:\/\/news.canadamotorjobs.com\/fr\/wp-json\/wp\/v2\/comments?post=187682"}],"version-history":[{"count":2,"href":"https:\/\/news.canadamotorjobs.com\/fr\/wp-json\/wp\/v2\/posts\/187682\/revisions"}],"predecessor-version":[{"id":187686,"href":"https:\/\/news.canadamotorjobs.com\/fr\/wp-json\/wp\/v2\/posts\/187682\/revisions\/187686"}],"wp:featuredmedia":[{"embeddable":true,"href":"https:\/\/news.canadamotorjobs.com\/fr\/wp-json\/wp\/v2\/media\/187684"}],"wp:attachment":[{"href":"https:\/\/news.canadamotorjobs.com\/fr\/wp-json\/wp\/v2\/media?parent=187682"}],"wp:term":[{"taxonomy":"category","embeddable":true,"href":"https:\/\/news.canadamotorjobs.com\/fr\/wp-json\/wp\/v2\/categories?post=187682"},{"taxonomy":"post_tag","embeddable":true,"href":"https:\/\/news.canadamotorjobs.com\/fr\/wp-json\/wp\/v2\/tags?post=187682"}],"curies":[{"name":"wp","href":"https:\/\/api.w.org\/{rel}","templated":true}]}}