{"id":187614,"date":"2025-01-07T02:24:45","date_gmt":"2025-01-07T07:24:45","guid":{"rendered":"https:\/\/news.canadamotorjobs.com\/?p=187614"},"modified":"2025-01-07T02:29:39","modified_gmt":"2025-01-07T07:29:39","slug":"la-ford-mustang-connait-la-pire-annee-de-son-histoire","status":"publish","type":"post","link":"https:\/\/news.canadamotorjobs.com\/fr\/la-ford-mustang-connait-la-pire-annee-de-son-histoire\/","title":{"rendered":"La Ford Mustang conna\u00eet la pire ann\u00e9e de son histoire"},"content":{"rendered":"<\/p>\n<p><strong>\u2022\u00a0\u00a0\u00a0 La Ford Mustang a connu la pire ann\u00e9e de ventes de son histoire en 2024.<\/strong><\/p>\n<p>\u00c0 chaque d\u00e9but d\u2019ann\u00e9e, nous avons droit aux r\u00e9sultats annuels des constructeurs en ce qui a trait aux ventes de l\u2019ann\u00e9e qui vient de se terminer. Pendant tout le mois, ces derniers vont nous inonder de communiqu\u00e9s annon\u00e7ant leurs \u00ab excellents \u00bb r\u00e9sultats.<\/p>\n<p>Il est vrai que l\u2019ann\u00e9e a \u00e9t\u00e9 bonne dans l\u2019ensemble, ce qui va se traduire par plusieurs annonces de ventes \u00e0 la hausse pour certains mod\u00e8les. Lorsqu\u2019un produit fait moins bien, les fabricants sont bien s\u00fbr moins vocaux. C\u2019est alors qu\u2019il faut creuser un peu pour analyser les chiffres de ventes que l\u2019on a sous la main, afin de d\u00e9goter certaines tendances.<\/p>\n<p>Chez Ford, une chose a saut\u00e9 aux yeux de tout le monde ; les chiffres de ventes de la Mustang. Le mod\u00e8le iconique de la marque, qui est produit sans interruption depuis 1964, vient de conna\u00eetre la pire ann\u00e9e de son histoire.<\/p>\n<p>Concr\u00e8tement, ce sont 44 003 acheteurs qui ont r\u00e9clam\u00e9 un exemplaire en 2024. Ce n\u2019est pas catastrophique en soi, mais ce chiffre est le plus faible des 60 ans d\u2019histoire du c\u00e9l\u00e8bre pony car.<\/p>\n<p>Jusqu\u2019ici, la pire ann\u00e9e \u00e9tait 2022, avec 47 566 unit\u00e9s. Le mod\u00e8le avait rebondi en 2023 avec quelque 59 000 exemplaires \u00e9coul\u00e9s. Pour 2024, on a eu droit \u00e0 une nouvelle g\u00e9n\u00e9ration. Serait-ce \u00e0 dire que les acheteurs n\u2019ont pas aim\u00e9, ou que leurs go\u00fbts changent ?<\/p>\n<p><\/p>\n<figure><img decoding=\"async\" src=\"https:\/\/news.canadamotorjobs.com\/wp-content\/uploads\/2025\/01\/Ford-Mustang-2024-16-5.jpg\" alt=\"Ford Mustang 2024, arri\u00e8re\" \/><figcaption>Ford Mustang 2024, arri\u00e8re | Auto123.com<\/figcaption><\/figure>\n<p>C\u2019est peut-\u00eatre un m\u00e9lange de facteurs. Plusieurs n\u2019ont pas appr\u00e9ci\u00e9 le passage \u00e0 des \u00e9crans \u00e0 l\u2019int\u00e9rieur de la nouvelle mouture. Parall\u00e8lement, le prix du mod\u00e8le n\u2019a fait que cro\u00eetre au fil des ann\u00e9es, ce qui n\u2019aide assur\u00e9ment pas \u00e0 en faire un succ\u00e8s au chapitre des ventes. La Ford Mustang a toujours \u00e9t\u00e9 reconnue comme la voiture de performance abordable. Ce n\u2019est plus vraiment le cas.<\/p>\n<p>L\u2019ironie, c\u2019est que Ford a vendu environ 7000 unit\u00e9s de plus de la variante \u00e9lectrique Mach-E que de la Mustang r\u00e9guli\u00e8re en 2024.<\/p>\n<p>Ce qui est peut-\u00eatre plus inqui\u00e9tant pour la sportive, c\u2019est le d\u00e9clin au quatri\u00e8me trimestre de cette ann\u00e9e. En effet, par rapport \u00e0 2023, le recul a \u00e9t\u00e9 de 43,4 %, avec seulement 7518 ventes. Si l\u2019on extrapole \u00e7a sur une ann\u00e9e, \u00e7a nous am\u00e8ne \u00e0 environ 30 000 mod\u00e8les. Bon, il se vend plus de Mustang l\u2019\u00e9t\u00e9 que l\u2019hiver, mais quand m\u00eame, ces chiffres annoncent peut-\u00eatre un autre recul pour 2025 ; ce sera \u00e0 surveiller.<\/p>\n<p>Ce qui est un peu triste l\u00e0-dedans, c\u2019est qu\u2019on a en ce moment droit \u00e0 la meilleure Ford Mustang de l\u2019histoire, \u00e0 celle qui s\u2019adresse au plus grand public en raison de son caract\u00e8re devenu tr\u00e8s civilis\u00e9, lorsque d\u00e9sir\u00e9. Elle demeure une b\u00eate pour celui ou celle qui le souhaite, mais avec les r\u00e9glages \u00e9lectroniques, il est possible de profiter d\u2019une Mustang douce comme un agneau aujourd\u2019hui.<\/p>\n<p>Il sera int\u00e9ressant de voir de quelle fa\u00e7on Ford va r\u00e9agir.<\/p>\n<p><\/p>\n<figure><img decoding=\"async\" src=\"https:\/\/news.canadamotorjobs.com\/wp-content\/uploads\/2025\/01\/ford-mustang-gt-2024_31-1.jpg\" alt=\"Le Ford Mustang GT 2024\" \/><figcaption>Le Ford Mustang GT 2024 | Auto123.com<\/figcaption><\/figure>\n<p style=\"padding-top: 15px\">Contenu original de <a href=\"https:\/\/www.auto123.com\/fr\/actualites\/ford-mustang-pire-ventes-histoire-2024\/72242\/\">auto123<\/a>.<\/p>\n<p>Le texte <a rel=\"nofollow\" href=\"https:\/\/annuelauto.ca\/la-ford-mustang-connait-la-pire-annee-de-son-histoire\/\">La Ford Mustang conna\u00eet la pire ann\u00e9e de son histoire<\/a> provient de <a rel=\"nofollow\" href=\"https:\/\/annuelauto.ca\">L&#8217;annuel de l&#8217;automobile &#8211; Actualit\u00e9 automobile<\/a><\/p>\n<p><\/p>\n","protected":false},"excerpt":{"rendered":"<p>\u2022\u00a0\u00a0\u00a0 La Ford Mustang a connu la pire ann\u00e9e de ventes de son histoire en 2024. \u00c0 chaque d\u00e9but d\u2019ann\u00e9e, nous avons droit aux r\u00e9sultats annuels des constructeurs en ce qui a trait aux ventes de l\u2019ann\u00e9e qui vient de se terminer. Pendant tout le mois, ces derniers vont nous inonder de communiqu\u00e9s annon\u00e7ant leurs [&hellip;]<\/p>\n","protected":false},"author":8,"featured_media":187616,"comment_status":"close","ping_status":"closed","sticky":false,"template":"","format":"standard","meta":{"_monsterinsights_skip_tracking":false,"_monsterinsights_sitenote_active":false,"_monsterinsights_sitenote_note":"","_monsterinsights_sitenote_category":0,"footnotes":""},"categories":[101],"tags":[],"yoast_head":"<!-- This site is optimized with the Yoast SEO plugin v23.2 - https:\/\/yoast.com\/wordpress\/plugins\/seo\/ -->\n<title>La Ford Mustang conna\u00eet la pire ann\u00e9e de son histoire - CanadaMotorJobs.com<\/title>\n<meta name=\"description\" content=\"La Ford Mustang conna\u00eet la pire ann\u00e9e de son histoire - Benoit Charette - Annuel automobile - CanadaMotorJobs.com.\" \/>\n<meta name=\"robots\" content=\"index, follow, max-snippet:-1, max-image-preview:large, max-video-preview:-1\" \/>\n<meta property=\"og:locale\" content=\"fr_CA\" \/>\n<meta property=\"og:type\" content=\"article\" \/>\n<meta property=\"og:title\" content=\"La Ford Mustang conna\u00eet la pire ann\u00e9e de son histoire - CanadaMotorJobs.com\" \/>\n<meta property=\"og:description\" content=\"La Ford Mustang conna\u00eet la pire ann\u00e9e de son histoire - Benoit Charette - Annuel automobile - CanadaMotorJobs.com.\" \/>\n<meta property=\"og:url\" content=\"https:\/\/news.canadamotorjobs.com\/fr\/la-ford-mustang-connait-la-pire-annee-de-son-histoire\/\" \/>\n<meta property=\"og:site_name\" content=\"CanadaMotorJobs.com\" \/>\n<meta property=\"article:publisher\" content=\"https:\/\/www.facebook.com\/canadamotorjobs\/\" \/>\n<meta property=\"article:published_time\" content=\"2025-01-07T07:24:45+00:00\" \/>\n<meta property=\"article:modified_time\" content=\"2025-01-07T07:29:39+00:00\" \/>\n<meta property=\"og:image\" content=\"https:\/\/news.canadamotorjobs.com\/wp-content\/uploads\/2025\/01\/Ford-Mustang-2024-16.jpg\" \/>\n\t<meta property=\"og:image:width\" content=\"1200\" \/>\n\t<meta property=\"og:image:height\" content=\"800\" \/>\n\t<meta property=\"og:image:type\" content=\"image\/jpeg\" \/>\n<meta name=\"author\" content=\"Benoit Charette\" \/>\n<meta name=\"twitter:card\" content=\"summary_large_image\" \/>\n<meta name=\"twitter:creator\" content=\"@canadamotorjobs\" \/>\n<meta name=\"twitter:site\" content=\"@canadamotorjobs\" \/>\n<meta name=\"twitter:label1\" content=\"\u00c9crit par\" \/>\n\t<meta name=\"twitter:data1\" content=\"Benoit Charette\" \/>\n\t<meta name=\"twitter:label2\" content=\"Estimation du temps de lecture\" \/>\n\t<meta name=\"twitter:data2\" content=\"3 minutes\" \/>\n<!-- \/ Yoast SEO plugin. -->","yoast_head_json":{"title":"La Ford Mustang conna\u00eet la pire ann\u00e9e de son histoire - CanadaMotorJobs.com","description":"La Ford Mustang conna\u00eet la pire ann\u00e9e de son histoire - Benoit Charette - Annuel automobile - CanadaMotorJobs.com.","robots":{"index":"index","follow":"follow","max-snippet":"max-snippet:-1","max-image-preview":"max-image-preview:large","max-video-preview":"max-video-preview:-1"},"og_locale":"fr_CA","og_type":"article","og_title":"La Ford Mustang conna\u00eet la pire ann\u00e9e de son histoire - CanadaMotorJobs.com","og_description":"La Ford Mustang conna\u00eet la pire ann\u00e9e de son histoire - Benoit Charette - Annuel automobile - CanadaMotorJobs.com.","og_url":"https:\/\/news.canadamotorjobs.com\/fr\/la-ford-mustang-connait-la-pire-annee-de-son-histoire\/","og_site_name":"CanadaMotorJobs.com","article_publisher":"https:\/\/www.facebook.com\/canadamotorjobs\/","article_published_time":"2025-01-07T07:24:45+00:00","article_modified_time":"2025-01-07T07:29:39+00:00","og_image":[{"width":1200,"height":800,"url":"https:\/\/news.canadamotorjobs.com\/wp-content\/uploads\/2025\/01\/Ford-Mustang-2024-16.jpg","type":"image\/jpeg"}],"author":"Benoit Charette","twitter_card":"summary_large_image","twitter_creator":"@canadamotorjobs","twitter_site":"@canadamotorjobs","twitter_misc":{"\u00c9crit par":"Benoit Charette","Estimation du temps de lecture":"3 minutes"},"schema":{"@context":"https:\/\/schema.org","@graph":[{"@type":"Article","@id":"https:\/\/news.canadamotorjobs.com\/fr\/la-ford-mustang-connait-la-pire-annee-de-son-histoire\/#article","isPartOf":{"@id":"https:\/\/news.canadamotorjobs.com\/fr\/la-ford-mustang-connait-la-pire-annee-de-son-histoire\/"},"author":{"name":"Benoit Charette","@id":"https:\/\/news.canadamotorjobs.com\/#\/schema\/person\/51793d1f87d44011d7bcc2ed99269a90"},"headline":"La Ford Mustang conna\u00eet la pire ann\u00e9e de son histoire","datePublished":"2025-01-07T07:24:45+00:00","dateModified":"2025-01-07T07:29:39+00:00","mainEntityOfPage":{"@id":"https:\/\/news.canadamotorjobs.com\/fr\/la-ford-mustang-connait-la-pire-annee-de-son-histoire\/"},"wordCount":589,"publisher":{"@id":"https:\/\/news.canadamotorjobs.com\/#organization"},"image":{"@id":"https:\/\/news.canadamotorjobs.com\/fr\/la-ford-mustang-connait-la-pire-annee-de-son-histoire\/#primaryimage"},"thumbnailUrl":"https:\/\/news.canadamotorjobs.com\/wp-content\/uploads\/2025\/01\/Ford-Mustang-2024-16.jpg","articleSection":["Annuel automobile"],"inLanguage":"fr-CA"},{"@type":"WebPage","@id":"https:\/\/news.canadamotorjobs.com\/fr\/la-ford-mustang-connait-la-pire-annee-de-son-histoire\/","url":"https:\/\/news.canadamotorjobs.com\/fr\/la-ford-mustang-connait-la-pire-annee-de-son-histoire\/","name":"La Ford Mustang conna\u00eet la pire ann\u00e9e de son histoire - CanadaMotorJobs.com","isPartOf":{"@id":"https:\/\/news.canadamotorjobs.com\/#website"},"primaryImageOfPage":{"@id":"https:\/\/news.canadamotorjobs.com\/fr\/la-ford-mustang-connait-la-pire-annee-de-son-histoire\/#primaryimage"},"image":{"@id":"https:\/\/news.canadamotorjobs.com\/fr\/la-ford-mustang-connait-la-pire-annee-de-son-histoire\/#primaryimage"},"thumbnailUrl":"https:\/\/news.canadamotorjobs.com\/wp-content\/uploads\/2025\/01\/Ford-Mustang-2024-16.jpg","datePublished":"2025-01-07T07:24:45+00:00","dateModified":"2025-01-07T07:29:39+00:00","description":"La Ford Mustang conna\u00eet la pire ann\u00e9e de son histoire - Benoit Charette - Annuel automobile - CanadaMotorJobs.com.","breadcrumb":{"@id":"https:\/\/news.canadamotorjobs.com\/fr\/la-ford-mustang-connait-la-pire-annee-de-son-histoire\/#breadcrumb"},"inLanguage":"fr-CA","potentialAction":[{"@type":"ReadAction","target":["https:\/\/news.canadamotorjobs.com\/fr\/la-ford-mustang-connait-la-pire-annee-de-son-histoire\/"]}]},{"@type":"ImageObject","inLanguage":"fr-CA","@id":"https:\/\/news.canadamotorjobs.com\/fr\/la-ford-mustang-connait-la-pire-annee-de-son-histoire\/#primaryimage","url":"https:\/\/news.canadamotorjobs.com\/wp-content\/uploads\/2025\/01\/Ford-Mustang-2024-16.jpg","contentUrl":"https:\/\/news.canadamotorjobs.com\/wp-content\/uploads\/2025\/01\/Ford-Mustang-2024-16.jpg","width":1200,"height":800},{"@type":"BreadcrumbList","@id":"https:\/\/news.canadamotorjobs.com\/fr\/la-ford-mustang-connait-la-pire-annee-de-son-histoire\/#breadcrumb","itemListElement":[{"@type":"ListItem","position":1,"name":"Home","item":"https:\/\/news.canadamotorjobs.com\/fr\/blog\/"},{"@type":"ListItem","position":2,"name":"La Ford Mustang conna\u00eet la pire ann\u00e9e de son histoire"}]},{"@type":"WebSite","@id":"https:\/\/news.canadamotorjobs.com\/#website","url":"https:\/\/news.canadamotorjobs.com\/","name":"CanadaMotorJobs.com","description":"Automotive Jobs","publisher":{"@id":"https:\/\/news.canadamotorjobs.com\/#organization"},"potentialAction":[{"@type":"SearchAction","target":{"@type":"EntryPoint","urlTemplate":"https:\/\/news.canadamotorjobs.com\/?s={search_term_string}"},"query-input":"required name=search_term_string"}],"inLanguage":"fr-CA"},{"@type":"Organization","@id":"https:\/\/news.canadamotorjobs.com\/#organization","name":"Canada Motor Jobs","url":"https:\/\/news.canadamotorjobs.com\/","logo":{"@type":"ImageObject","inLanguage":"fr-CA","@id":"https:\/\/news.canadamotorjobs.com\/#\/schema\/logo\/image\/","url":"https:\/\/news.canadamotorjobs.com\/wp-content\/uploads\/2022\/10\/logo-canada-motor-jobs-1.png","contentUrl":"https:\/\/news.canadamotorjobs.com\/wp-content\/uploads\/2022\/10\/logo-canada-motor-jobs-1.png","width":800,"height":400,"caption":"Canada Motor Jobs"},"image":{"@id":"https:\/\/news.canadamotorjobs.com\/#\/schema\/logo\/image\/"},"sameAs":["https:\/\/www.facebook.com\/canadamotorjobs\/","https:\/\/x.com\/canadamotorjobs","https:\/\/www.instagram.com\/canadamotorjobs\/","https:\/\/www.linkedin.com\/company\/canadamotorjobs"]},{"@type":"Person","@id":"https:\/\/news.canadamotorjobs.com\/#\/schema\/person\/51793d1f87d44011d7bcc2ed99269a90","name":"Benoit Charette","image":{"@type":"ImageObject","inLanguage":"fr-CA","@id":"https:\/\/news.canadamotorjobs.com\/#\/schema\/person\/image\/","url":"https:\/\/secure.gravatar.com\/avatar\/45f3d2eebcccd909668d7ce7ea7267b6?s=96&d=mm&r=g","contentUrl":"https:\/\/secure.gravatar.com\/avatar\/45f3d2eebcccd909668d7ce7ea7267b6?s=96&d=mm&r=g","caption":"Benoit Charette"},"description":"Benoit Charette \/ Propri\u00e9taire et r\u00e9dacteur en chef Benoit Charette pratique le journalisme automobile depuis bient\u00f4t 30 ans. Il a fait ses classes au c\u00f4t\u00e9 de Daniel H\u00e9raud et au Carnet de route de 1992 \u00e0 2001. Il est fondateur, copropri\u00e9taire et r\u00e9dacteur en chef de L\u2019Annuel de l\u2019automobile, qu\u2019il publie depuis 2001. Il a anim\u00e9 les \u00e9missions RPM et RPM+ sur V et les L\u00e9gendes de la route sur Historia. \u00c0 la radio depuis 1986, il reprend l\u2019antenne cette ann\u00e9e sur les ondes de Cogeco et participe pour la deuxi\u00e8me ann\u00e9e \u00e0 l\u2019\u00e9mission Passion Auto sur RDS en plus de mettre en ligne le site Web officiel de L\u2019Annuel de l\u2019automobile sur annuelauto.ca.","sameAs":["https:\/\/annuelauto.ca\/"],"url":"https:\/\/news.canadamotorjobs.com\/fr\/author\/benoit-charette\/"}]}},"_links":{"self":[{"href":"https:\/\/news.canadamotorjobs.com\/fr\/wp-json\/wp\/v2\/posts\/187614"}],"collection":[{"href":"https:\/\/news.canadamotorjobs.com\/fr\/wp-json\/wp\/v2\/posts"}],"about":[{"href":"https:\/\/news.canadamotorjobs.com\/fr\/wp-json\/wp\/v2\/types\/post"}],"author":[{"embeddable":true,"href":"https:\/\/news.canadamotorjobs.com\/fr\/wp-json\/wp\/v2\/users\/8"}],"replies":[{"embeddable":true,"href":"https:\/\/news.canadamotorjobs.com\/fr\/wp-json\/wp\/v2\/comments?post=187614"}],"version-history":[{"count":3,"href":"https:\/\/news.canadamotorjobs.com\/fr\/wp-json\/wp\/v2\/posts\/187614\/revisions"}],"predecessor-version":[{"id":187645,"href":"https:\/\/news.canadamotorjobs.com\/fr\/wp-json\/wp\/v2\/posts\/187614\/revisions\/187645"}],"wp:featuredmedia":[{"embeddable":true,"href":"https:\/\/news.canadamotorjobs.com\/fr\/wp-json\/wp\/v2\/media\/187616"}],"wp:attachment":[{"href":"https:\/\/news.canadamotorjobs.com\/fr\/wp-json\/wp\/v2\/media?parent=187614"}],"wp:term":[{"taxonomy":"category","embeddable":true,"href":"https:\/\/news.canadamotorjobs.com\/fr\/wp-json\/wp\/v2\/categories?post=187614"},{"taxonomy":"post_tag","embeddable":true,"href":"https:\/\/news.canadamotorjobs.com\/fr\/wp-json\/wp\/v2\/tags?post=187614"}],"curies":[{"name":"wp","href":"https:\/\/api.w.org\/{rel}","templated":true}]}}