{"id":187595,"date":"2025-01-06T21:41:28","date_gmt":"2025-01-07T02:41:28","guid":{"rendered":"https:\/\/news.canadamotorjobs.com\/?p=187595"},"modified":"2025-01-06T21:59:49","modified_gmt":"2025-01-07T02:59:49","slug":"ces-2025-premiere-presence-de-lauto-solaire-aptera","status":"publish","type":"post","link":"https:\/\/news.canadamotorjobs.com\/fr\/ces-2025-premiere-presence-de-lauto-solaire-aptera\/","title":{"rendered":"CES\u00a02025\u00a0: Premi\u00e8re pr\u00e9sence de l\u2019auto \u00ab\u00a0solaire\u00a0\u00bb Aptera"},"content":{"rendered":"<\/p>\n<p>Le constructeur californien Aptera Motors pr\u00e9sente sa voiture \u00e9lectrique au <a href=\"https:\/\/annuelauto.ca\/fx-la-nouvelle-marque-qui-fera-ses-debuts-au-ces-2025\/\" target=\"_blank\" rel=\"noopener noreferrer\">CES\u00a02025 \u00e0 Las Vegas<\/a>, cette semaine. Pour la premi\u00e8re fois, le grand public pourra voir de visu une version destin\u00e9e \u00e0 la production de cette curieuse biplace dont la batterie peut \u00eatre recharg\u00e9e partiellement par le soleil.<\/p>\n<p>Dans un communiqu\u00e9 publi\u00e9 aujourd\u2019hui, <a href=\"https:\/\/annuelauto.ca\/paolo-pininfarina-grand-patron-de-pininfarina-s-p-a-meurt-a-65-ans\/\" target=\"_blank\" rel=\"noopener noreferrer\">Pininfarina<\/a> salue le travail des sp\u00e9cialistes de son studio de design qui ont contribu\u00e9 \u00e0 affiner la silhouette de ce prototype d\u2019avant-s\u00e9rie.<\/p>\n<p>Des photos de ce prototype prises dans <a href=\"https:\/\/annuelauto.ca\/la-soufflerie-de-pininfarina-celebre-ses-50-ans\/\" target=\"_blank\" rel=\"noopener noreferrer\">la soufflerie de Pininfarina \u00e0 Turin, en Italie<\/a>, rappellent d\u2019ailleurs que sa carrosserie a un des coefficients a\u00e9rodynamiques (Cx) les plus bas de l\u2019industrie, soit\u00a00,13. \u00c0 titre de comparaison, le Cx d\u2019une <a href=\"https:\/\/annuelauto.ca\/la-tesla-3-est-le-vehicule-electrique-le-plus-vendu-au-canada-en-2022\/\" target=\"_blank\" rel=\"noopener noreferrer\">Tesla Mod\u00e8le\u00a03<\/a> est 0,23, alors que celui d\u2019une <a href=\"https:\/\/annuelauto.ca\/la-toyota-corolla-est-la-nouvelle-voiture-la-plus-vendue-au-canada\/\" target=\"_blank\" rel=\"noopener noreferrer\">Toyota Corolla<\/a> est 0,29.<\/p>\n<h3><strong>Grosse comme une Prius<\/strong><\/h3>\n<p>\nAussi longue qu\u2019une Toyota Prius, l\u2019Aptera a une carrosserie fabriqu\u00e9e en mati\u00e8res composites. Son habitacle ne peut cependant accueillir que deux personnes, qui y acc\u00e8dent gr\u00e2ce \u00e0 des portes se d\u00e9ployant \u00e0 la verticale en ciseau. Par ailleurs, son coffre de 920\u00a0L a un volume utile comparable \u00e0 celui d\u2019un Hyundai Venue dont les dossiers de la banquette auraient \u00e9t\u00e9 repli\u00e9s.<\/p>\n<p>M\u00eame si elle doit entrer en production en 2027 seulement, les prix des diff\u00e9rentes versions de l\u2019Aptera et de ses \u00e9quipements optionnels sont d\u00e9j\u00e0 affich\u00e9s sur le site de la marque.<\/p>\n<p>Au moment d\u2019\u00e9crire ces lignes, la version d\u2019entr\u00e9e de gamme est offerte pour 25\u00a0900\u00a0$\u00a0US. Elle a deux roues motrices avant (des roues-moteurs), mais l\u2019acheteur peut aussi opter pour une troisi\u00e8me roue motrice \u00e0 l\u2019arri\u00e8re, contre un suppl\u00e9ment de 2\u00a0500\u00a0$\u00a0US.<\/p>\n<p>Avec deux roues motrices, cette voiture doit franchir les 100\u00a0km\/h en un peu plus de six\u00a0secondes, \u00e9crit le constructeur. Avec trois roues motrices, quatre secondes suffiront.<\/p>\n<p>Les automobilistes peuvent r\u00e9server d\u00e8s maintenant l\u2019Aptera de leur choix, moyennant un acompte de 100\u00a0$\u00a0US. Le constructeur affirme d\u2019ailleurs fi\u00e8rement avoir re\u00e7u jusqu\u2019ici pr\u00e8s de 50\u00a0000 r\u00e9servations\u00a0!<\/p>\n<h3><strong>Une auto \u00ab\u00a0\u00e0 la carte\u00a0\u00bb<\/strong><\/h3>\n<p>\nLes options ne manquent pas, \u00e0 commencer par les batteries. Le constructeur en offre quatre de capacit\u00e9s diff\u00e9rentes. La version d\u2019entr\u00e9e de gamme a une batterie de 25\u00a0kWh devant lui permettre de parcourir environ 400\u00a0km. L\u2019acheteur peut cependant y substituer une batterie de 42\u00a0kWh (+3\u00a0900\u00a0$\u00a0US), de 60\u00a0kWh (+8\u00a0700\u00a0$\u00a0US) ou 100\u00a0kWh (+19\u00a0000\u00a0$\u00a0US). Ces trois batteries de plus grande capacit\u00e9 haussent l\u2019autonomie respectivement \u00e0 environ 640, 965 et 1\u00a0600\u00a0kilom\u00e8tres.<\/p>\n<p>Des capteurs solaires sont \u00e9galement offerts \u00ab\u00a0\u00e0 la carte\u00a0\u00bb. Ainsi, l\u2019acheteur peut se contenter des capteurs de s\u00e9rie qui recouvrent le pavillon et la planche de bord. Le constructeur affirme qu\u2019ils captent assez d\u2019\u00e9nergie pour produire quotidiennement l\u2019\u00e9lectricit\u00e9 n\u00e9cessaire permettant de parcourir environ 25\u00a0kilom\u00e8tres.<\/p>\n<p>L\u2019acheteur peut toutefois ajouter des capteurs sur le capot avant (+300\u00a0$\u00a0US) ou des capteurs de plus grande surface sur le hayon (+600\u00a0$\u00a0US). Dans le premier cas, le gain quotidien en \u00e9lectricit\u00e9 donnerait environ 35\u00a0kilom\u00e8tres d\u2019autonomie et, dans le second, environ 55\u00a0kilom\u00e8tres.<\/p>\n<p>Mais encore, pourquoi ne pas simplement s\u2019offrir tous ces capteurs\u00a0? Pour cela, l\u2019acheteur doit d\u00e9bourser 900\u00a0$\u00a0US additionnels. Il aura alors 700\u00a0watts de cellules solaires int\u00e9gr\u00e9es permettant de produire l\u2019\u00e9lectricit\u00e9 n\u00e9cessaire pour parcourir environ 65\u00a0kilom\u00e8tres. Tous ces beaux sc\u00e9narios, naturellement, misent sur un facteur incontournable\u00a0: une \u00ab\u00a0collaboration\u00a0\u00bb du soleil\u00a0!<\/p>\n<h3><strong>Le CES, la grand-messe de l\u2019\u00e9lectronique<\/strong><\/h3>\n<p>\nL\u2019Aptera sera une des nombreuses nouveaut\u00e9s automobiles pr\u00e9sent\u00e9es au CES cette ann\u00e9e. Cette grand-messe de l\u2019\u00e9lectronique, qui est pr\u00e9sent\u00e9e au Centre des congr\u00e8s de Las\u00a0Vegas, au Nevada, a ouvert ses portes aux m\u00e9dias le 5\u00a0janvier et elle accueillera des visiteurs jusqu\u2019au vendredi 10\u00a0janvier.<\/p>\n<p>L\u2019ann\u00e9e derni\u00e8re, le CES avait accueilli 138\u00a0739\u00a0visiteurs venus d\u00e9couvrir les nouveaut\u00e9s pr\u00e9sent\u00e9es par 4\u00a0312 exposants.<\/p>\n<p><em>Photos : Pininfarina et Aptera<br \/>\n<\/em><\/p>\n<p>Le texte <a rel=\"nofollow\" href=\"https:\/\/annuelauto.ca\/ces-2025-premiere-presence-de-lauto-solaire-aptera\/\">CES\u00a02025\u00a0: Premi\u00e8re pr\u00e9sence de l\u2019auto \u00ab\u00a0solaire\u00a0\u00bb Aptera<\/a> provient de <a rel=\"nofollow\" href=\"https:\/\/annuelauto.ca\">L&#8217;annuel de l&#8217;automobile &#8211; Actualit\u00e9 automobile<\/a><\/p>\n<p><\/p>\n","protected":false},"excerpt":{"rendered":"<p>Le constructeur californien Aptera Motors pr\u00e9sente sa voiture \u00e9lectrique au CES\u00a02025 \u00e0 Las Vegas, cette semaine. Pour la premi\u00e8re fois, le grand public pourra voir de visu une version destin\u00e9e \u00e0 la production de cette curieuse biplace dont la batterie peut \u00eatre recharg\u00e9e partiellement par le soleil. Dans un communiqu\u00e9 publi\u00e9 aujourd\u2019hui, Pininfarina salue le [&hellip;]<\/p>\n","protected":false},"author":8,"featured_media":187597,"comment_status":"close","ping_status":"closed","sticky":false,"template":"","format":"standard","meta":{"_monsterinsights_skip_tracking":false,"_monsterinsights_sitenote_active":false,"_monsterinsights_sitenote_note":"","_monsterinsights_sitenote_category":0,"footnotes":""},"categories":[101],"tags":[],"yoast_head":"<!-- This site is optimized with the Yoast SEO plugin v23.2 - https:\/\/yoast.com\/wordpress\/plugins\/seo\/ -->\n<title>CES\u00a02025\u00a0: Premi\u00e8re pr\u00e9sence de l\u2019auto \u00ab\u00a0solaire\u00a0\u00bb Aptera - CanadaMotorJobs.com<\/title>\n<meta name=\"description\" content=\"CES\u00a02025\u00a0: Premi\u00e8re pr\u00e9sence de l\u2019auto \u00ab\u00a0solaire\u00a0\u00bb Aptera - Benoit Charette - Annuel automobile - CanadaMotorJobs.com.\" \/>\n<meta name=\"robots\" content=\"index, follow, max-snippet:-1, max-image-preview:large, max-video-preview:-1\" \/>\n<meta property=\"og:locale\" content=\"fr_CA\" \/>\n<meta property=\"og:type\" content=\"article\" \/>\n<meta property=\"og:title\" content=\"CES\u00a02025\u00a0: Premi\u00e8re pr\u00e9sence de l\u2019auto \u00ab\u00a0solaire\u00a0\u00bb Aptera - CanadaMotorJobs.com\" \/>\n<meta property=\"og:description\" content=\"CES\u00a02025\u00a0: Premi\u00e8re pr\u00e9sence de l\u2019auto \u00ab\u00a0solaire\u00a0\u00bb Aptera - Benoit Charette - Annuel automobile - CanadaMotorJobs.com.\" \/>\n<meta property=\"og:url\" content=\"https:\/\/news.canadamotorjobs.com\/fr\/ces-2025-premiere-presence-de-lauto-solaire-aptera\/\" \/>\n<meta property=\"og:site_name\" content=\"CanadaMotorJobs.com\" \/>\n<meta property=\"article:publisher\" content=\"https:\/\/www.facebook.com\/canadamotorjobs\/\" \/>\n<meta property=\"article:published_time\" content=\"2025-01-07T02:41:28+00:00\" \/>\n<meta property=\"article:modified_time\" content=\"2025-01-07T02:59:49+00:00\" \/>\n<meta property=\"og:image\" content=\"https:\/\/news.canadamotorjobs.com\/wp-content\/uploads\/2025\/01\/Aptera-CES-2025-1.jpg\" \/>\n\t<meta property=\"og:image:width\" content=\"1024\" \/>\n\t<meta property=\"og:image:height\" content=\"683\" \/>\n\t<meta property=\"og:image:type\" content=\"image\/jpeg\" \/>\n<meta name=\"author\" content=\"Benoit Charette\" \/>\n<meta name=\"twitter:card\" content=\"summary_large_image\" \/>\n<meta name=\"twitter:creator\" content=\"@canadamotorjobs\" \/>\n<meta name=\"twitter:site\" content=\"@canadamotorjobs\" \/>\n<meta name=\"twitter:label1\" content=\"\u00c9crit par\" \/>\n\t<meta name=\"twitter:data1\" content=\"Benoit Charette\" \/>\n\t<meta name=\"twitter:label2\" content=\"Estimation du temps de lecture\" \/>\n\t<meta name=\"twitter:data2\" content=\"3 minutes\" \/>\n<!-- \/ Yoast SEO plugin. -->","yoast_head_json":{"title":"CES\u00a02025\u00a0: Premi\u00e8re pr\u00e9sence de l\u2019auto \u00ab\u00a0solaire\u00a0\u00bb Aptera - CanadaMotorJobs.com","description":"CES\u00a02025\u00a0: Premi\u00e8re pr\u00e9sence de l\u2019auto \u00ab\u00a0solaire\u00a0\u00bb Aptera - Benoit Charette - Annuel automobile - CanadaMotorJobs.com.","robots":{"index":"index","follow":"follow","max-snippet":"max-snippet:-1","max-image-preview":"max-image-preview:large","max-video-preview":"max-video-preview:-1"},"og_locale":"fr_CA","og_type":"article","og_title":"CES\u00a02025\u00a0: Premi\u00e8re pr\u00e9sence de l\u2019auto \u00ab\u00a0solaire\u00a0\u00bb Aptera - CanadaMotorJobs.com","og_description":"CES\u00a02025\u00a0: Premi\u00e8re pr\u00e9sence de l\u2019auto \u00ab\u00a0solaire\u00a0\u00bb Aptera - Benoit Charette - Annuel automobile - CanadaMotorJobs.com.","og_url":"https:\/\/news.canadamotorjobs.com\/fr\/ces-2025-premiere-presence-de-lauto-solaire-aptera\/","og_site_name":"CanadaMotorJobs.com","article_publisher":"https:\/\/www.facebook.com\/canadamotorjobs\/","article_published_time":"2025-01-07T02:41:28+00:00","article_modified_time":"2025-01-07T02:59:49+00:00","og_image":[{"width":1024,"height":683,"url":"https:\/\/news.canadamotorjobs.com\/wp-content\/uploads\/2025\/01\/Aptera-CES-2025-1.jpg","type":"image\/jpeg"}],"author":"Benoit Charette","twitter_card":"summary_large_image","twitter_creator":"@canadamotorjobs","twitter_site":"@canadamotorjobs","twitter_misc":{"\u00c9crit par":"Benoit Charette","Estimation du temps de lecture":"3 minutes"},"schema":{"@context":"https:\/\/schema.org","@graph":[{"@type":"Article","@id":"https:\/\/news.canadamotorjobs.com\/fr\/ces-2025-premiere-presence-de-lauto-solaire-aptera\/#article","isPartOf":{"@id":"https:\/\/news.canadamotorjobs.com\/fr\/ces-2025-premiere-presence-de-lauto-solaire-aptera\/"},"author":{"name":"Benoit Charette","@id":"https:\/\/news.canadamotorjobs.com\/#\/schema\/person\/51793d1f87d44011d7bcc2ed99269a90"},"headline":"CES\u00a02025\u00a0: Premi\u00e8re pr\u00e9sence de l\u2019auto \u00ab\u00a0solaire\u00a0\u00bb Aptera","datePublished":"2025-01-07T02:41:28+00:00","dateModified":"2025-01-07T02:59:49+00:00","mainEntityOfPage":{"@id":"https:\/\/news.canadamotorjobs.com\/fr\/ces-2025-premiere-presence-de-lauto-solaire-aptera\/"},"wordCount":692,"publisher":{"@id":"https:\/\/news.canadamotorjobs.com\/#organization"},"image":{"@id":"https:\/\/news.canadamotorjobs.com\/fr\/ces-2025-premiere-presence-de-lauto-solaire-aptera\/#primaryimage"},"thumbnailUrl":"https:\/\/news.canadamotorjobs.com\/wp-content\/uploads\/2025\/01\/Aptera-CES-2025-1.jpg","articleSection":["Annuel automobile"],"inLanguage":"fr-CA"},{"@type":"WebPage","@id":"https:\/\/news.canadamotorjobs.com\/fr\/ces-2025-premiere-presence-de-lauto-solaire-aptera\/","url":"https:\/\/news.canadamotorjobs.com\/fr\/ces-2025-premiere-presence-de-lauto-solaire-aptera\/","name":"CES\u00a02025\u00a0: Premi\u00e8re pr\u00e9sence de l\u2019auto \u00ab\u00a0solaire\u00a0\u00bb Aptera - CanadaMotorJobs.com","isPartOf":{"@id":"https:\/\/news.canadamotorjobs.com\/#website"},"primaryImageOfPage":{"@id":"https:\/\/news.canadamotorjobs.com\/fr\/ces-2025-premiere-presence-de-lauto-solaire-aptera\/#primaryimage"},"image":{"@id":"https:\/\/news.canadamotorjobs.com\/fr\/ces-2025-premiere-presence-de-lauto-solaire-aptera\/#primaryimage"},"thumbnailUrl":"https:\/\/news.canadamotorjobs.com\/wp-content\/uploads\/2025\/01\/Aptera-CES-2025-1.jpg","datePublished":"2025-01-07T02:41:28+00:00","dateModified":"2025-01-07T02:59:49+00:00","description":"CES\u00a02025\u00a0: Premi\u00e8re pr\u00e9sence de l\u2019auto \u00ab\u00a0solaire\u00a0\u00bb Aptera - Benoit Charette - Annuel automobile - CanadaMotorJobs.com.","breadcrumb":{"@id":"https:\/\/news.canadamotorjobs.com\/fr\/ces-2025-premiere-presence-de-lauto-solaire-aptera\/#breadcrumb"},"inLanguage":"fr-CA","potentialAction":[{"@type":"ReadAction","target":["https:\/\/news.canadamotorjobs.com\/fr\/ces-2025-premiere-presence-de-lauto-solaire-aptera\/"]}]},{"@type":"ImageObject","inLanguage":"fr-CA","@id":"https:\/\/news.canadamotorjobs.com\/fr\/ces-2025-premiere-presence-de-lauto-solaire-aptera\/#primaryimage","url":"https:\/\/news.canadamotorjobs.com\/wp-content\/uploads\/2025\/01\/Aptera-CES-2025-1.jpg","contentUrl":"https:\/\/news.canadamotorjobs.com\/wp-content\/uploads\/2025\/01\/Aptera-CES-2025-1.jpg","width":1024,"height":683},{"@type":"BreadcrumbList","@id":"https:\/\/news.canadamotorjobs.com\/fr\/ces-2025-premiere-presence-de-lauto-solaire-aptera\/#breadcrumb","itemListElement":[{"@type":"ListItem","position":1,"name":"Home","item":"https:\/\/news.canadamotorjobs.com\/fr\/blog\/"},{"@type":"ListItem","position":2,"name":"CES\u00a02025\u00a0: Premi\u00e8re pr\u00e9sence de l\u2019auto \u00ab\u00a0solaire\u00a0\u00bb Aptera"}]},{"@type":"WebSite","@id":"https:\/\/news.canadamotorjobs.com\/#website","url":"https:\/\/news.canadamotorjobs.com\/","name":"CanadaMotorJobs.com","description":"Automotive Jobs","publisher":{"@id":"https:\/\/news.canadamotorjobs.com\/#organization"},"potentialAction":[{"@type":"SearchAction","target":{"@type":"EntryPoint","urlTemplate":"https:\/\/news.canadamotorjobs.com\/?s={search_term_string}"},"query-input":"required name=search_term_string"}],"inLanguage":"fr-CA"},{"@type":"Organization","@id":"https:\/\/news.canadamotorjobs.com\/#organization","name":"Canada Motor Jobs","url":"https:\/\/news.canadamotorjobs.com\/","logo":{"@type":"ImageObject","inLanguage":"fr-CA","@id":"https:\/\/news.canadamotorjobs.com\/#\/schema\/logo\/image\/","url":"https:\/\/news.canadamotorjobs.com\/wp-content\/uploads\/2022\/10\/logo-canada-motor-jobs-1.png","contentUrl":"https:\/\/news.canadamotorjobs.com\/wp-content\/uploads\/2022\/10\/logo-canada-motor-jobs-1.png","width":800,"height":400,"caption":"Canada Motor Jobs"},"image":{"@id":"https:\/\/news.canadamotorjobs.com\/#\/schema\/logo\/image\/"},"sameAs":["https:\/\/www.facebook.com\/canadamotorjobs\/","https:\/\/x.com\/canadamotorjobs","https:\/\/www.instagram.com\/canadamotorjobs\/","https:\/\/www.linkedin.com\/company\/canadamotorjobs"]},{"@type":"Person","@id":"https:\/\/news.canadamotorjobs.com\/#\/schema\/person\/51793d1f87d44011d7bcc2ed99269a90","name":"Benoit Charette","image":{"@type":"ImageObject","inLanguage":"fr-CA","@id":"https:\/\/news.canadamotorjobs.com\/#\/schema\/person\/image\/","url":"https:\/\/secure.gravatar.com\/avatar\/45f3d2eebcccd909668d7ce7ea7267b6?s=96&d=mm&r=g","contentUrl":"https:\/\/secure.gravatar.com\/avatar\/45f3d2eebcccd909668d7ce7ea7267b6?s=96&d=mm&r=g","caption":"Benoit Charette"},"description":"Benoit Charette \/ Propri\u00e9taire et r\u00e9dacteur en chef Benoit Charette pratique le journalisme automobile depuis bient\u00f4t 30 ans. Il a fait ses classes au c\u00f4t\u00e9 de Daniel H\u00e9raud et au Carnet de route de 1992 \u00e0 2001. Il est fondateur, copropri\u00e9taire et r\u00e9dacteur en chef de L\u2019Annuel de l\u2019automobile, qu\u2019il publie depuis 2001. Il a anim\u00e9 les \u00e9missions RPM et RPM+ sur V et les L\u00e9gendes de la route sur Historia. \u00c0 la radio depuis 1986, il reprend l\u2019antenne cette ann\u00e9e sur les ondes de Cogeco et participe pour la deuxi\u00e8me ann\u00e9e \u00e0 l\u2019\u00e9mission Passion Auto sur RDS en plus de mettre en ligne le site Web officiel de L\u2019Annuel de l\u2019automobile sur annuelauto.ca.","sameAs":["https:\/\/annuelauto.ca\/"],"url":"https:\/\/news.canadamotorjobs.com\/fr\/author\/benoit-charette\/"}]}},"_links":{"self":[{"href":"https:\/\/news.canadamotorjobs.com\/fr\/wp-json\/wp\/v2\/posts\/187595"}],"collection":[{"href":"https:\/\/news.canadamotorjobs.com\/fr\/wp-json\/wp\/v2\/posts"}],"about":[{"href":"https:\/\/news.canadamotorjobs.com\/fr\/wp-json\/wp\/v2\/types\/post"}],"author":[{"embeddable":true,"href":"https:\/\/news.canadamotorjobs.com\/fr\/wp-json\/wp\/v2\/users\/8"}],"replies":[{"embeddable":true,"href":"https:\/\/news.canadamotorjobs.com\/fr\/wp-json\/wp\/v2\/comments?post=187595"}],"version-history":[{"count":2,"href":"https:\/\/news.canadamotorjobs.com\/fr\/wp-json\/wp\/v2\/posts\/187595\/revisions"}],"predecessor-version":[{"id":187599,"href":"https:\/\/news.canadamotorjobs.com\/fr\/wp-json\/wp\/v2\/posts\/187595\/revisions\/187599"}],"wp:featuredmedia":[{"embeddable":true,"href":"https:\/\/news.canadamotorjobs.com\/fr\/wp-json\/wp\/v2\/media\/187597"}],"wp:attachment":[{"href":"https:\/\/news.canadamotorjobs.com\/fr\/wp-json\/wp\/v2\/media?parent=187595"}],"wp:term":[{"taxonomy":"category","embeddable":true,"href":"https:\/\/news.canadamotorjobs.com\/fr\/wp-json\/wp\/v2\/categories?post=187595"},{"taxonomy":"post_tag","embeddable":true,"href":"https:\/\/news.canadamotorjobs.com\/fr\/wp-json\/wp\/v2\/tags?post=187595"}],"curies":[{"name":"wp","href":"https:\/\/api.w.org\/{rel}","templated":true}]}}