{"id":187553,"date":"2025-01-06T07:03:00","date_gmt":"2025-01-06T12:03:00","guid":{"rendered":"https:\/\/news.canadamotorjobs.com\/?p=187553"},"modified":"2025-01-06T07:14:13","modified_gmt":"2025-01-06T12:14:13","slug":"une-batterie-pour-vehicule-electrique-a-lepreuve-du-feu","status":"publish","type":"post","link":"https:\/\/news.canadamotorjobs.com\/fr\/une-batterie-pour-vehicule-electrique-a-lepreuve-du-feu\/","title":{"rendered":"Une batterie pour v\u00e9hicule \u00e9lectrique \u00e0 l\u2019\u00e9preuve du feu"},"content":{"rendered":"<\/p>\n<p>Les chercheurs du Daegu Gyeongbuk Institute of Science and Technology (DGIST) en Cor\u00e9e du Sud ont mis au point une batterie lithium-ion r\u00e9volutionnaire dot\u00e9e d\u2019un \u00e9lectrolyte solide \u00e0 triple couche. Cette innovation offre une combinaison unique de s\u00e9curit\u00e9, de durabilit\u00e9 et de polyvalence, red\u00e9finissant les standards des batteries actuelles.<\/p>\n<h3>Une conception qui \u00e9teint ses propres incendies<\/h3>\n<p>\nLes batteries traditionnelles avec \u00e9lectrolyte solide font face \u00e0 un probl\u00e8me de s\u00e9curit\u00e9 majeur : la formation de dendrites, des structures en forme d\u2019arbres qui peuvent provoquer des courts-circuits et des incendies. Pour r\u00e9soudre ce probl\u00e8me, l\u2019\u00e9quipe cor\u00e9enne a con\u00e7u une structure innovante en trois couches.<\/p>\n<ul><\/p>\n<li><strong>Couches ext\u00e9rieures souples<\/strong> : Assurent un contact optimal avec les \u00e9lectrodes.<\/li>\n<p><\/p>\n<li><strong>Couche centrale solide<\/strong> : Renforce l\u2019int\u00e9grit\u00e9 structurelle de la batterie.<\/li>\n<p><\/p>\n<li><strong>Additifs sp\u00e9ciaux<\/strong> : Incluent un ignifuge (d\u00e9cabromodiph\u00e9nyl\u00e9thane), un sel de lithium concentr\u00e9 et du z\u00e9olite pour une r\u00e9sistance accrue.<\/li>\n<p>\n<\/ul>\n<p>\nCette conception permet \u00e0 la batterie de s\u2019\u00e9teindre automatiquement en cas d\u2019incendie, une avanc\u00e9e majeure pour la s\u00e9curit\u00e9 des utilisateurs.<\/p>\n<h3>Une durabilit\u00e9 exceptionnelle apr\u00e8s 1 000 cycles<\/h3>\n<p>\nOutre la s\u00e9curit\u00e9, cette batterie affiche une long\u00e9vit\u00e9 impressionnante. Apr\u00e8s 1 000 cycles de charge et de d\u00e9charge, elle conserve 87,9 % de ses performances. Pour mettre cela en perspective, un v\u00e9hicule \u00e9lectrique dot\u00e9 de cette technologie et offrant une autonomie initiale de 480 km pourrait encore parcourir plus de 420 km apr\u00e8s avoir roul\u00e9 480 000 km.<\/p>\n<p>Dr. Kim Jae-Hyun, chercheur principal, a d\u00e9clar\u00e9 : <em>\u00ab Cette recherche pourrait acc\u00e9l\u00e9rer la commercialisation des batteries au lithium m\u00e9tal tout en am\u00e9liorant leur stabilit\u00e9 et leur efficacit\u00e9 pour diverses applications. \u00bb<\/em><\/p>\n<h3>Pas seulement pour les v\u00e9hicules \u00e9lectriques<\/h3>\n<p>\nLes applications de cette batterie vont bien au-del\u00e0 des v\u00e9hicules \u00e9lectriques. Elle pourrait \u00e9galement \u00e9quiper :<\/p>\n<ul><\/p>\n<li><strong>Les smartphones<\/strong> : pour une autonomie prolong\u00e9e et une s\u00e9curit\u00e9 accrue.<\/li>\n<p><\/p>\n<li><strong>Les montres connect\u00e9es<\/strong> : pour des performances optimales sur la dur\u00e9e.<\/li>\n<p><\/p>\n<li><strong>Les syst\u00e8mes de stockage d\u2019\u00e9nergie \u00e0 grande \u00e9chelle<\/strong> : pour stabiliser les r\u00e9seaux \u00e9lectriques.<\/li>\n<p>\n<\/ul>\n<p>\nCette innovation promet de transformer non seulement l\u2019industrie automobile, mais aussi notre quotidien technologique.<\/p>\n<h3>Conclusion<\/h3>\n<p>\nAvec sa capacit\u00e9 \u00e0 pr\u00e9venir les incendies et \u00e0 durer dans le temps, cette batterie lithium-ion \u00e0 triple couche pourrait bien \u00eatre la prochaine grande r\u00e9volution dans le domaine des \u00e9nergies renouvelables. Reste \u00e0 voir combien de temps il faudra avant que cette technologie ne devienne accessible au grand public.<\/p>\n<p>Avec des renseignements de carscoops<\/p>\n<p>Le texte <a rel=\"nofollow\" href=\"https:\/\/annuelauto.ca\/batterie-lithium-triple-couche-sure-durable\/\">Une batterie pour v\u00e9hicule \u00e9lectrique \u00e0 l\u2019\u00e9preuve du feu<\/a> provient de <a rel=\"nofollow\" href=\"https:\/\/annuelauto.ca\">L&#8217;annuel de l&#8217;automobile &#8211; Actualit\u00e9 automobile<\/a><\/p>\n<p><\/p>\n","protected":false},"excerpt":{"rendered":"<p>Les chercheurs du Daegu Gyeongbuk Institute of Science and Technology (DGIST) en Cor\u00e9e du Sud ont mis au point une batterie lithium-ion r\u00e9volutionnaire dot\u00e9e d\u2019un \u00e9lectrolyte solide \u00e0 triple couche. Cette innovation offre une combinaison unique de s\u00e9curit\u00e9, de durabilit\u00e9 et de polyvalence, red\u00e9finissant les standards des batteries actuelles. Une conception qui \u00e9teint ses propres [&hellip;]<\/p>\n","protected":false},"author":8,"featured_media":187555,"comment_status":"close","ping_status":"closed","sticky":false,"template":"","format":"standard","meta":{"_monsterinsights_skip_tracking":false,"_monsterinsights_sitenote_active":false,"_monsterinsights_sitenote_note":"","_monsterinsights_sitenote_category":0,"footnotes":""},"categories":[101],"tags":[],"yoast_head":"<!-- This site is optimized with the Yoast SEO plugin v23.2 - https:\/\/yoast.com\/wordpress\/plugins\/seo\/ -->\n<title>Une batterie pour v\u00e9hicule \u00e9lectrique \u00e0 l\u2019\u00e9preuve du feu - CanadaMotorJobs.com<\/title>\n<meta name=\"description\" content=\"Une batterie pour v\u00e9hicule \u00e9lectrique \u00e0 l\u2019\u00e9preuve du feu - Benoit Charette - Annuel automobile - CanadaMotorJobs.com.\" \/>\n<meta name=\"robots\" content=\"index, follow, max-snippet:-1, max-image-preview:large, max-video-preview:-1\" \/>\n<meta property=\"og:locale\" content=\"fr_CA\" \/>\n<meta property=\"og:type\" content=\"article\" \/>\n<meta property=\"og:title\" content=\"Une batterie pour v\u00e9hicule \u00e9lectrique \u00e0 l\u2019\u00e9preuve du feu - CanadaMotorJobs.com\" \/>\n<meta property=\"og:description\" content=\"Une batterie pour v\u00e9hicule \u00e9lectrique \u00e0 l\u2019\u00e9preuve du feu - Benoit Charette - Annuel automobile - CanadaMotorJobs.com.\" \/>\n<meta property=\"og:url\" content=\"https:\/\/news.canadamotorjobs.com\/fr\/une-batterie-pour-vehicule-electrique-a-lepreuve-du-feu\/\" \/>\n<meta property=\"og:site_name\" content=\"CanadaMotorJobs.com\" \/>\n<meta property=\"article:publisher\" content=\"https:\/\/www.facebook.com\/canadamotorjobs\/\" \/>\n<meta property=\"article:published_time\" content=\"2025-01-06T12:03:00+00:00\" \/>\n<meta property=\"article:modified_time\" content=\"2025-01-06T12:14:13+00:00\" \/>\n<meta property=\"og:image\" content=\"https:\/\/news.canadamotorjobs.com\/wp-content\/uploads\/2025\/01\/CATL-Hybrid-Battery-1024-1-1024x576-1.jpg\" \/>\n\t<meta property=\"og:image:width\" content=\"1024\" \/>\n\t<meta property=\"og:image:height\" content=\"576\" \/>\n\t<meta property=\"og:image:type\" content=\"image\/jpeg\" \/>\n<meta name=\"author\" content=\"Benoit Charette\" \/>\n<meta name=\"twitter:card\" content=\"summary_large_image\" \/>\n<meta name=\"twitter:creator\" content=\"@canadamotorjobs\" \/>\n<meta name=\"twitter:site\" content=\"@canadamotorjobs\" \/>\n<meta name=\"twitter:label1\" content=\"\u00c9crit par\" \/>\n\t<meta name=\"twitter:data1\" content=\"Benoit Charette\" \/>\n\t<meta name=\"twitter:label2\" content=\"Estimation du temps de lecture\" \/>\n\t<meta name=\"twitter:data2\" content=\"2 minutes\" \/>\n<!-- \/ Yoast SEO plugin. -->","yoast_head_json":{"title":"Une batterie pour v\u00e9hicule \u00e9lectrique \u00e0 l\u2019\u00e9preuve du feu - CanadaMotorJobs.com","description":"Une batterie pour v\u00e9hicule \u00e9lectrique \u00e0 l\u2019\u00e9preuve du feu - Benoit Charette - Annuel automobile - CanadaMotorJobs.com.","robots":{"index":"index","follow":"follow","max-snippet":"max-snippet:-1","max-image-preview":"max-image-preview:large","max-video-preview":"max-video-preview:-1"},"og_locale":"fr_CA","og_type":"article","og_title":"Une batterie pour v\u00e9hicule \u00e9lectrique \u00e0 l\u2019\u00e9preuve du feu - CanadaMotorJobs.com","og_description":"Une batterie pour v\u00e9hicule \u00e9lectrique \u00e0 l\u2019\u00e9preuve du feu - Benoit Charette - Annuel automobile - CanadaMotorJobs.com.","og_url":"https:\/\/news.canadamotorjobs.com\/fr\/une-batterie-pour-vehicule-electrique-a-lepreuve-du-feu\/","og_site_name":"CanadaMotorJobs.com","article_publisher":"https:\/\/www.facebook.com\/canadamotorjobs\/","article_published_time":"2025-01-06T12:03:00+00:00","article_modified_time":"2025-01-06T12:14:13+00:00","og_image":[{"width":1024,"height":576,"url":"https:\/\/news.canadamotorjobs.com\/wp-content\/uploads\/2025\/01\/CATL-Hybrid-Battery-1024-1-1024x576-1.jpg","type":"image\/jpeg"}],"author":"Benoit Charette","twitter_card":"summary_large_image","twitter_creator":"@canadamotorjobs","twitter_site":"@canadamotorjobs","twitter_misc":{"\u00c9crit par":"Benoit Charette","Estimation du temps de lecture":"2 minutes"},"schema":{"@context":"https:\/\/schema.org","@graph":[{"@type":"Article","@id":"https:\/\/news.canadamotorjobs.com\/fr\/une-batterie-pour-vehicule-electrique-a-lepreuve-du-feu\/#article","isPartOf":{"@id":"https:\/\/news.canadamotorjobs.com\/fr\/une-batterie-pour-vehicule-electrique-a-lepreuve-du-feu\/"},"author":{"name":"Benoit Charette","@id":"https:\/\/news.canadamotorjobs.com\/#\/schema\/person\/51793d1f87d44011d7bcc2ed99269a90"},"headline":"Une batterie pour v\u00e9hicule \u00e9lectrique \u00e0 l\u2019\u00e9preuve du feu","datePublished":"2025-01-06T12:03:00+00:00","dateModified":"2025-01-06T12:14:13+00:00","mainEntityOfPage":{"@id":"https:\/\/news.canadamotorjobs.com\/fr\/une-batterie-pour-vehicule-electrique-a-lepreuve-du-feu\/"},"wordCount":440,"publisher":{"@id":"https:\/\/news.canadamotorjobs.com\/#organization"},"image":{"@id":"https:\/\/news.canadamotorjobs.com\/fr\/une-batterie-pour-vehicule-electrique-a-lepreuve-du-feu\/#primaryimage"},"thumbnailUrl":"https:\/\/news.canadamotorjobs.com\/wp-content\/uploads\/2025\/01\/CATL-Hybrid-Battery-1024-1-1024x576-1.jpg","articleSection":["Annuel automobile"],"inLanguage":"fr-CA"},{"@type":"WebPage","@id":"https:\/\/news.canadamotorjobs.com\/fr\/une-batterie-pour-vehicule-electrique-a-lepreuve-du-feu\/","url":"https:\/\/news.canadamotorjobs.com\/fr\/une-batterie-pour-vehicule-electrique-a-lepreuve-du-feu\/","name":"Une batterie pour v\u00e9hicule \u00e9lectrique \u00e0 l\u2019\u00e9preuve du feu - CanadaMotorJobs.com","isPartOf":{"@id":"https:\/\/news.canadamotorjobs.com\/#website"},"primaryImageOfPage":{"@id":"https:\/\/news.canadamotorjobs.com\/fr\/une-batterie-pour-vehicule-electrique-a-lepreuve-du-feu\/#primaryimage"},"image":{"@id":"https:\/\/news.canadamotorjobs.com\/fr\/une-batterie-pour-vehicule-electrique-a-lepreuve-du-feu\/#primaryimage"},"thumbnailUrl":"https:\/\/news.canadamotorjobs.com\/wp-content\/uploads\/2025\/01\/CATL-Hybrid-Battery-1024-1-1024x576-1.jpg","datePublished":"2025-01-06T12:03:00+00:00","dateModified":"2025-01-06T12:14:13+00:00","description":"Une batterie pour v\u00e9hicule \u00e9lectrique \u00e0 l\u2019\u00e9preuve du feu - Benoit Charette - Annuel automobile - CanadaMotorJobs.com.","breadcrumb":{"@id":"https:\/\/news.canadamotorjobs.com\/fr\/une-batterie-pour-vehicule-electrique-a-lepreuve-du-feu\/#breadcrumb"},"inLanguage":"fr-CA","potentialAction":[{"@type":"ReadAction","target":["https:\/\/news.canadamotorjobs.com\/fr\/une-batterie-pour-vehicule-electrique-a-lepreuve-du-feu\/"]}]},{"@type":"ImageObject","inLanguage":"fr-CA","@id":"https:\/\/news.canadamotorjobs.com\/fr\/une-batterie-pour-vehicule-electrique-a-lepreuve-du-feu\/#primaryimage","url":"https:\/\/news.canadamotorjobs.com\/wp-content\/uploads\/2025\/01\/CATL-Hybrid-Battery-1024-1-1024x576-1.jpg","contentUrl":"https:\/\/news.canadamotorjobs.com\/wp-content\/uploads\/2025\/01\/CATL-Hybrid-Battery-1024-1-1024x576-1.jpg","width":1024,"height":576},{"@type":"BreadcrumbList","@id":"https:\/\/news.canadamotorjobs.com\/fr\/une-batterie-pour-vehicule-electrique-a-lepreuve-du-feu\/#breadcrumb","itemListElement":[{"@type":"ListItem","position":1,"name":"Home","item":"https:\/\/news.canadamotorjobs.com\/fr\/blog\/"},{"@type":"ListItem","position":2,"name":"Une batterie pour v\u00e9hicule \u00e9lectrique \u00e0 l\u2019\u00e9preuve du feu"}]},{"@type":"WebSite","@id":"https:\/\/news.canadamotorjobs.com\/#website","url":"https:\/\/news.canadamotorjobs.com\/","name":"CanadaMotorJobs.com","description":"Automotive Jobs","publisher":{"@id":"https:\/\/news.canadamotorjobs.com\/#organization"},"potentialAction":[{"@type":"SearchAction","target":{"@type":"EntryPoint","urlTemplate":"https:\/\/news.canadamotorjobs.com\/?s={search_term_string}"},"query-input":"required name=search_term_string"}],"inLanguage":"fr-CA"},{"@type":"Organization","@id":"https:\/\/news.canadamotorjobs.com\/#organization","name":"Canada Motor Jobs","url":"https:\/\/news.canadamotorjobs.com\/","logo":{"@type":"ImageObject","inLanguage":"fr-CA","@id":"https:\/\/news.canadamotorjobs.com\/#\/schema\/logo\/image\/","url":"https:\/\/news.canadamotorjobs.com\/wp-content\/uploads\/2022\/10\/logo-canada-motor-jobs-1.png","contentUrl":"https:\/\/news.canadamotorjobs.com\/wp-content\/uploads\/2022\/10\/logo-canada-motor-jobs-1.png","width":800,"height":400,"caption":"Canada Motor Jobs"},"image":{"@id":"https:\/\/news.canadamotorjobs.com\/#\/schema\/logo\/image\/"},"sameAs":["https:\/\/www.facebook.com\/canadamotorjobs\/","https:\/\/x.com\/canadamotorjobs","https:\/\/www.instagram.com\/canadamotorjobs\/","https:\/\/www.linkedin.com\/company\/canadamotorjobs"]},{"@type":"Person","@id":"https:\/\/news.canadamotorjobs.com\/#\/schema\/person\/51793d1f87d44011d7bcc2ed99269a90","name":"Benoit Charette","image":{"@type":"ImageObject","inLanguage":"fr-CA","@id":"https:\/\/news.canadamotorjobs.com\/#\/schema\/person\/image\/","url":"https:\/\/secure.gravatar.com\/avatar\/45f3d2eebcccd909668d7ce7ea7267b6?s=96&d=mm&r=g","contentUrl":"https:\/\/secure.gravatar.com\/avatar\/45f3d2eebcccd909668d7ce7ea7267b6?s=96&d=mm&r=g","caption":"Benoit Charette"},"description":"Benoit Charette \/ Propri\u00e9taire et r\u00e9dacteur en chef Benoit Charette pratique le journalisme automobile depuis bient\u00f4t 30 ans. Il a fait ses classes au c\u00f4t\u00e9 de Daniel H\u00e9raud et au Carnet de route de 1992 \u00e0 2001. Il est fondateur, copropri\u00e9taire et r\u00e9dacteur en chef de L\u2019Annuel de l\u2019automobile, qu\u2019il publie depuis 2001. Il a anim\u00e9 les \u00e9missions RPM et RPM+ sur V et les L\u00e9gendes de la route sur Historia. \u00c0 la radio depuis 1986, il reprend l\u2019antenne cette ann\u00e9e sur les ondes de Cogeco et participe pour la deuxi\u00e8me ann\u00e9e \u00e0 l\u2019\u00e9mission Passion Auto sur RDS en plus de mettre en ligne le site Web officiel de L\u2019Annuel de l\u2019automobile sur annuelauto.ca.","sameAs":["https:\/\/annuelauto.ca\/"],"url":"https:\/\/news.canadamotorjobs.com\/fr\/author\/benoit-charette\/"}]}},"_links":{"self":[{"href":"https:\/\/news.canadamotorjobs.com\/fr\/wp-json\/wp\/v2\/posts\/187553"}],"collection":[{"href":"https:\/\/news.canadamotorjobs.com\/fr\/wp-json\/wp\/v2\/posts"}],"about":[{"href":"https:\/\/news.canadamotorjobs.com\/fr\/wp-json\/wp\/v2\/types\/post"}],"author":[{"embeddable":true,"href":"https:\/\/news.canadamotorjobs.com\/fr\/wp-json\/wp\/v2\/users\/8"}],"replies":[{"embeddable":true,"href":"https:\/\/news.canadamotorjobs.com\/fr\/wp-json\/wp\/v2\/comments?post=187553"}],"version-history":[{"count":2,"href":"https:\/\/news.canadamotorjobs.com\/fr\/wp-json\/wp\/v2\/posts\/187553\/revisions"}],"predecessor-version":[{"id":187557,"href":"https:\/\/news.canadamotorjobs.com\/fr\/wp-json\/wp\/v2\/posts\/187553\/revisions\/187557"}],"wp:featuredmedia":[{"embeddable":true,"href":"https:\/\/news.canadamotorjobs.com\/fr\/wp-json\/wp\/v2\/media\/187555"}],"wp:attachment":[{"href":"https:\/\/news.canadamotorjobs.com\/fr\/wp-json\/wp\/v2\/media?parent=187553"}],"wp:term":[{"taxonomy":"category","embeddable":true,"href":"https:\/\/news.canadamotorjobs.com\/fr\/wp-json\/wp\/v2\/categories?post=187553"},{"taxonomy":"post_tag","embeddable":true,"href":"https:\/\/news.canadamotorjobs.com\/fr\/wp-json\/wp\/v2\/tags?post=187553"}],"curies":[{"name":"wp","href":"https:\/\/api.w.org\/{rel}","templated":true}]}}