{"id":186932,"date":"2025-01-02T02:24:33","date_gmt":"2025-01-02T07:24:33","guid":{"rendered":"https:\/\/news.canadamotorjobs.com\/?p=186932"},"modified":"2025-01-02T02:30:10","modified_gmt":"2025-01-02T07:30:10","slug":"les-60-ans-de-toyota-au-canada-en-photos","status":"publish","type":"post","link":"https:\/\/news.canadamotorjobs.com\/fr\/les-60-ans-de-toyota-au-canada-en-photos\/","title":{"rendered":"Les 60 ans de Toyota au Canada, en photos"},"content":{"rendered":"<\/p>\n<p><strong>Toyota au Canada\u00a0: 60\u00a0ans et 60\u00a0photos d\u2019un oc\u00e9an \u00e0 l\u2019autre (1\u00e8re\u00a0partie)<\/strong><\/p>\n<p>En ao\u00fbt dernier, Toyota entreprenait un voyage compl\u00e8tement fou, soit la travers\u00e9e du Canada, d\u2019un oc\u00e9an \u00e0 l\u2019autre, afin de c\u00e9l\u00e9brer sa 60e\u00a0ann\u00e9e en sol canadien. C\u2019est en effet en 1964 que la compagnie a lanc\u00e9 ses activit\u00e9s chez nous, de fa\u00e7on tr\u00e8s modeste, a-t-on besoin de le rappeler.\u00a0<\/p>\n<p>Voir aussi\u00a0: <a href=\"https:\/\/www.auto123.com\/fr\/actualites\/road-trip-60e-anniversaire-toyota-canada-atlantique\/71746\/\">Toyota Canada f\u00eate ses 60\u00a0ans, d\u2019un oc\u00e9an \u00e0 l\u2019autre<\/a><\/p>\n<p>Ce voyage, il a \u00e9t\u00e9 divis\u00e9 en six vagues importantes. Il s\u2019est amorc\u00e9 \u00e0 Saint-Jean, Terre-Neuve, pour s\u2019arr\u00eater \u00e0 Victoria, en Colombie-Britannique, avec des \u00e9tapes \u00e0 Halifax, Montr\u00e9al, North Bay, Winnipeg et Calgary, en passant par Qu\u00e9bec, Ottawa, Thunder Bay, Saskatoon, Edmonton et Vancouver, entre autres.\u00a0<\/p>\n<p>\u00c0 chacune des six vagues, un groupe de journalistes tri\u00e9s sur le volet venait rejoindre le convoi. Auto123 s\u2019est retrouv\u00e9, en raison d\u2019un concours de circonstances, sur trois des six vagues, ce qui fait que c\u2019est la moiti\u00e9 du pays que nous avons parcouru au volant de v\u00e9hicules Toyota.\u00a0<\/p>\n<p>Votre humble serviteur s\u2019est farci la premi\u00e8re vague (Saint-Jean \u00e0 Halifax), ainsi que les \u00e9tapes\u00a03 et 4, qui nous ont men\u00e9s de Montr\u00e9al \u00e0 Winnipeg.\u00a0<\/p>\n<p>Un voyage m\u00e9morable, avec des arr\u00eats cibl\u00e9s et strat\u00e9giques, que ce soit pour visiter un concessionnaire qui se d\u00e9marque, un endroit qui a \u00e9t\u00e9 important dans l\u2019histoire de Toyota, ou encore un point d\u2019int\u00e9r\u00eat se trouvant sur notre route.\u00a0<\/p>\n<p>Comment vous r\u00e9sumer le tout, sans vous ennuyer, et sans vous garder prisonnier pendant des heures en raison de la quantit\u00e9 de choses qu\u2019il y aurait \u00e0 raconter\u2009? Avec deux galeries photo relatant l\u2019essentiel de cette travers\u00e9e historique du pays. En tout, 60\u00a0clich\u00e9s.\u00a0<\/p>\n<p><strong>Saint-Jean \u00e0 North Bay<\/strong><\/p>\n<p>Allons-y sans plus tarder avec la premi\u00e8re moiti\u00e9 de ce p\u00e9riple, avec 32\u00a0photos qui couvrent les vagues\u00a01 \u00e0 3, qui a men\u00e9 les participants jusqu\u2019\u00e0 North Bay, en Ontario.<\/p>\n<p><strong>kilom\u00e8tre\u00a00<\/strong><\/p>\n<p>C\u2019est une tradition un peu partout \u00e0 travers la plan\u00e8te, et \u00e7a repr\u00e9sente toujours un point d\u2019int\u00e9r\u00eat amusant pour les touristes\u2026 ou les aventuriers. On parle ici du point de d\u00e9part d\u2019une route, d\u2019un parcours, souvent identifi\u00e9 comme le kilom\u00e8tre ou le mile\u00a00. Celui photographi\u00e9 marque le d\u00e9but de l\u2019autoroute Transcanadienne qui, comme son nom l\u2019indique, permet de traverser le pays. Elle a \u00e9t\u00e9 inaugur\u00e9e en 1962.\u00a0<\/p>\n<p><\/p>\n<figure><img decoding=\"async\" src=\"https:\/\/news.canadamotorjobs.com\/wp-content\/uploads\/2025\/01\/1-Toyota-Kanreki-Jour_1_et_2-09a-5.jpg\" alt=\"Kilom\u00e8tre\u00a00, \u00e0 Saint-Jean\" \/><figcaption>Kilom\u00e8tre\u00a00, \u00e0 Saint-Jean | Auto123.com<\/figcaption><\/figure>\n<p><strong>Saint-Jean, Terre-Neuve<\/strong><\/p>\n<p>Plusieurs clich\u00e9s ont \u00e9t\u00e9 pris \u00e0 Saint-Jean, mais celui-ci repr\u00e9sente bien la ville, dont l\u2019une des principales activit\u00e9s commerciales est la p\u00eache. C\u2019est \u00e0 cet endroit pr\u00e9cis que nous avons pris notre premier souper, la veille de notre d\u00e9part.\u00a0<\/p>\n<p><\/p>\n<figure><img decoding=\"async\" src=\"https:\/\/news.canadamotorjobs.com\/wp-content\/uploads\/2025\/01\/2-Toyota-Kanreki-Jour_1_et_2-11-1.jpg\" alt=\"Un port de p\u00eache \u00e0 Saint-Jean, Terre-Neuve\" \/><figcaption>Un port de p\u00eache \u00e0 Saint-Jean, Terre-Neuve | Auto123.com<\/figcaption><\/figure>\n<p><strong>Toyota Crown Signia\u00a02025<\/strong><\/p>\n<p>\u00c0 chacune des vagues du voyage, quatre v\u00e9hicules \u00e9taient mis \u00e0 la disposition des participants, qui y allaient de rotations parfois planifi\u00e9es, parfois al\u00e9atoires, tout au long du parcours. Deux mod\u00e8les ont fait le voyage en entier, soit la Crown Signia, ainsi que le Land Cruiser. La raison\u2009? En 1964, Toyota proposait au Canada la berline Crown, ainsi que l\u2019utilitaire Land Cruiser. Une belle fa\u00e7on de boucler la boucle.\u00a0<\/p>\n<p><\/p>\n<figure><img decoding=\"async\" src=\"https:\/\/news.canadamotorjobs.com\/wp-content\/uploads\/2025\/01\/3-Toyota-Kanreki-Jour_1_et_2-05-1.jpg\" alt=\"Toyota Crown Signia\u00a02025\" \/><figcaption>Toyota Crown Signia\u00a02025 | Auto123.com<\/figcaption><\/figure>\n<p><strong>Toyota Cressida\u00a01979<\/strong><\/p>\n<p>Non, cette Cressida\u00a01979 n\u2019a pas fait le voyage avec nous. Elle nous a \u00e9t\u00e9 pr\u00eat\u00e9e pendant quelques heures lors de notre premi\u00e8re journ\u00e9e, gracieuset\u00e9 du propri\u00e9taire d\u2019une concession situ\u00e9e pr\u00e8s de Saint-Jean. L\u2019auteur de ces lignes ne s\u2019est pas fait prier pour en prendre le volant et ajouter quelque 25\u00a0km \u00e0 son compteur (qui en comptait quelque 86\u2009000 seulement).<\/p>\n<p><\/p>\n<figure><img decoding=\"async\" src=\"https:\/\/news.canadamotorjobs.com\/wp-content\/uploads\/2025\/01\/5-Toyota-Kanreki-Jour_1_et_2-06-1.jpg\" alt=\"La Toyota Cressida\u00a01979\" \/><figcaption>La Toyota Cressida\u00a01979 | Auto123.com<\/figcaption><\/figure>\n<p><strong>Toyota Corolla hybride\u00a02024<\/strong><\/p>\n<p>Cette Corolla hybride faisait partie du parc de v\u00e9hicules de cette premi\u00e8re vague, mais ce qui compte ici, c\u2019est plut\u00f4t l\u2019endroit o\u00f9 est photographi\u00e9e la voiture, soit le site o\u00f9 la premi\u00e8re usine de Toyota a \u00e9t\u00e9 construite au pays, dans la r\u00e9gion du Cap Breton. Le champ est vide aujourd\u2019hui, mais il \u00e9tait particulier de se trouver l\u00e0 o\u00f9 tout a commenc\u00e9 pour la compagnie au pays, et o\u00f9 l\u2019on construisait des Toyota \u00ab\u2009canadiennes\u2009\u00bb en 1968.\u00a0<\/p>\n<p><\/p>\n<figure><img decoding=\"async\" src=\"https:\/\/news.canadamotorjobs.com\/wp-content\/uploads\/2025\/01\/4-Toyota_Kanreki_Jour_3_33a-1.jpg\" alt=\"Toyota Corolla hybride\u00a02024\" \/><figcaption>Toyota Corolla hybride\u00a02024 | Auto123.com<\/figcaption><\/figure>\n<p><strong>Toyota\u00a0GR86 2024<\/strong><\/p>\n<p>Il a fallu tirer \u00e0 la courte paille pour prendre le volant de cette GR86 Trueno, surtout en s\u2019approchant de la c\u00e9l\u00e8bre Piste de Cabot, connue de tous sous le nom de Cabot Trail.\u00a0<\/p>\n<p><\/p>\n<figure><img decoding=\"async\" src=\"https:\/\/news.canadamotorjobs.com\/wp-content\/uploads\/2025\/01\/6-Toyota_Kanreki_Jour_3_34-1.jpg\" alt=\"Toyota\u00a0GR86 2024\" \/><figcaption>Toyota\u00a0GR86 2024 | Auto123.com<\/figcaption><\/figure>\n<p><strong>Arriv\u00e9e au traversier<\/strong><\/p>\n<p>Pour passer de Terre-Neuve \u00e0 la Nouvelle-\u00c9cosse, il faut prendre le traversier op\u00e9r\u00e9 par Marine Atlantique. Un trajet de six \u00e0 sept heures, ou plus, si la mer d\u00e9cide de ne pas coop\u00e9rer. \u00c0 notre arriv\u00e9e, on ne voyait m\u00eame pas le bateau tellement la brume \u00e9tait dense. Cette photo a \u00e9t\u00e9 prise vers 11\u00a0h\u00a030, au moment o\u00f9 nous entrions sur le bateau.\u00a0<\/p>\n<p><\/p>\n<figure><img decoding=\"async\" src=\"https:\/\/news.canadamotorjobs.com\/wp-content\/uploads\/2025\/01\/7-Toyota-Kanreki-Jour_1_et_2-25-1.jpg\" alt=\"Traversier de Terre-Neuve \u00e0 la Nouvelle-\u00c9cosse\" \/><figcaption>Traversier de Terre-Neuve \u00e0 la Nouvelle-\u00c9cosse | Auto123.com<\/figcaption><\/figure>\n<p><strong>Le traversier<\/strong><\/p>\n<p>Le voici, ce traversier. En fait, c\u2019est un mod\u00e8le identique que nous avons crois\u00e9. Pour ceux que \u00e7a int\u00e9resse, Marine Atlantique op\u00e8re quatre navires pour effectuer les travers\u00e9es qu\u2019elle offre.<\/p>\n<p><\/p>\n<figure><img decoding=\"async\" src=\"https:\/\/news.canadamotorjobs.com\/wp-content\/uploads\/2025\/01\/8-Toyota-Kanreki-Jour_1_et_2-26-1.jpg\" alt=\"Durant la travers\u00e9e\" \/><figcaption>Durant la travers\u00e9e | Auto123.com<\/figcaption><\/figure>\n<p><strong>Le Big Fiddle<\/strong><\/p>\n<p>En d\u00e9barquant en Nouvelle-\u00c9cosse, nous avons pass\u00e9 la nuit \u00e0 North Sydney. Le lendemain, avant de prendre la route, nous avons effectu\u00e9 un arr\u00eat \u00e0 l\u2019endroit o\u00f9 se trouve le plus gros violon. L\u2019instrument s\u2019\u00e9l\u00e8ve sur 60\u00a0pieds, p\u00e8se 10\u00a0tonnes, et est fait d\u2019acier. Et pourquoi\u2009? Il repr\u00e9sente la musique traditionnelle locale, tout simplement.\u00a0<\/p>\n<p><\/p>\n<figure><img decoding=\"async\" src=\"https:\/\/news.canadamotorjobs.com\/wp-content\/uploads\/2025\/01\/9-Toyota_Kanreki_jour_3_32a-1.jpg\" alt=\"Big Fiddle\" \/><figcaption>Big Fiddle | Auto123.com<\/figcaption><\/figure>\n<p><strong>La Piste Cabot<\/strong><\/p>\n<p>La fameuse Cabot Trail, un trac\u00e9 d\u2019une longueur de quelque 300\u00a0km. Elle r\u00e9alise une boucle autour de la pointe nord de l\u2019\u00eele, passant par les Hautes Terres du Cap-Breton. Son nom, elle le doit \u00e0 l\u2019explorateur v\u00e9nitien Giovanni Caboto, rebaptis\u00e9 Jean (John) Cabot. Sa construction s\u2019est termin\u00e9e en 1932. \u00c9videmment, elle offre quelques points de vue spectaculaires, tant \u00e0 l\u2019int\u00e9rieur des terres que sur le bord de la mer, comme en t\u00e9moigne la photo suivante.\u00a0<\/p>\n<p><\/p>\n<figure><img decoding=\"async\" src=\"https:\/\/news.canadamotorjobs.com\/wp-content\/uploads\/2025\/01\/10-Toyota_Kanreki_Jour_3_37-1.jpg\" alt=\"\u00c0 l&#039;entr\u00e9e de la Piste Cabot\" \/><figcaption>\u00c0 l&#8217;entr\u00e9e de la Piste Cabot | Auto123.com<\/figcaption><\/figure>\n<p><strong>La Piste Cabot<\/strong><\/p>\n<p>Voici LA photo que vous allez trouver partout sur le Net et dans les d\u00e9pliants de voyages lorsqu\u2019il est question de la Piste Cabot. Les touristes sont nombreux sur cette route, que ce soit \u00e0 moto, en voiture, ou encore en autobus, dans le cadre de voyages organis\u00e9s.\u00a0<\/p>\n<p><\/p>\n<figure><img decoding=\"async\" src=\"https:\/\/news.canadamotorjobs.com\/wp-content\/uploads\/2025\/01\/11-Toyota_Kanreki_Jour_3_43-1.jpg\" alt=\"La Piste Cabot - Vue du ciel\" \/><figcaption>La Piste Cabot &#8211; Vue du ciel | Auto123.com<\/figcaption><\/figure>\n<p><strong>Toyota Land Cruiser\u00a02024<\/strong><\/p>\n<p>Voici l\u2019autre v\u00e9hicule qui faisait partie de cette premi\u00e8re vague, et qui a aussi accompagn\u00e9 tout le monde jusqu\u2019\u00e0 la fin du parcours. J\u2019ai r\u00e9alis\u00e9 cette photo pr\u00e8s d\u2019un petit village, apr\u00e8s avoir travers\u00e9 la Piste Cabot. Fait amusant, ce Land Cuiser est un mod\u00e8le de pr\u00e9production, ce qui fait que ses jours sont compt\u00e9s. Il \u00e9tait donc facile pour Toyota de l\u2019inclure dans cette balade o\u00f9 il allait accumuler des kilom\u00e8tres \u00e0 la tonne sans cons\u00e9quences, puisqu\u2019il ne peut pas \u00eatre revendu au public.\u00a0<\/p>\n<p><\/p>\n<figure><img decoding=\"async\" src=\"https:\/\/news.canadamotorjobs.com\/wp-content\/uploads\/2025\/01\/12-Toyota_Kanreki_Jour_3_31-1.jpg\" alt=\"Toyota Land Cruiser\u00a02024\" \/><figcaption>Toyota Land Cruiser\u00a02024 | Auto123.com<\/figcaption><\/figure>\n<p><strong>Les couleurs de la r\u00e9gion<\/strong><\/p>\n<p>Lorsqu\u2019on voit des immeubles peints de cette fa\u00e7on, soit avec plein de couleurs pour repr\u00e9senter chaque adresse, il faut savoir qu\u2019il s\u2019agit d\u2019une vieille tradition dans les maritimes. Certains nous racontaient qu\u2019on l\u2019exigeait \u00e0 certains endroits, pour la reconnaissance des adresses pr\u00e9cises, mais historiquement, c\u2019\u00e9tait aussi une fa\u00e7on pour les p\u00eacheurs de voir leur maison \u00e0 partir de la mer. Quoiqu\u2019il en soit, c\u2019est devenu une tradition au fil des ann\u00e9es. Aussi, une fa\u00e7on pour les locaux de montrer leur diff\u00e9rence, leur unicit\u00e9.\u00a0<\/p>\n<p><\/p>\n<figure><img decoding=\"async\" src=\"https:\/\/news.canadamotorjobs.com\/wp-content\/uploads\/2025\/01\/13-Toyota_Kanreki_Jour_3_47-1.jpg\" alt=\"Couleurs des maisons\" \/><figcaption>Couleurs des maisons | Auto123.com<\/figcaption><\/figure>\n<p><strong>Les v\u00e9hicules de la vague\u00a02<\/strong><\/p>\n<p>Pour le trajet de Halifax \u00e0 Montr\u00e9al, o\u00f9 je prenais cong\u00e9, deux v\u00e9hicules faisaient de m\u00eame, alors que deux autres rejoignaient l\u2019alignement, soit une GR Supra, ainsi que la berline Crown, comme on peut le voir sur cette photo. Les nouveaux venus sont flanqu\u00e9s du Land Cruiser, ainsi que de la nouvelle familiale Crown Signia.\u00a0<\/p>\n<p><\/p>\n<figure><img decoding=\"async\" src=\"https:\/\/news.canadamotorjobs.com\/wp-content\/uploads\/2025\/01\/14-Toyota_Cross_Canada_Drive_WAVE2-006-1.jpg\" alt=\"Les v\u00e9hicules de la vague\u00a02\" \/><figcaption>Les v\u00e9hicules de la vague\u00a02 | Auto123.com<\/figcaption><\/figure>\n<p><strong>Mus\u00e9e Steele Wheels Motor<\/strong><\/p>\n<p>Avant de quitter la ville d\u2019Halifax, le groupe avait un arr\u00eat pr\u00e9vu au mus\u00e9e Steele Wheels Motors, o\u00f9 les int\u00e9ress\u00e9s ont pu admirer des dizaines de v\u00e9hicules classiques, y compris ce vieux Land Cruiser qui se trouve dans un \u00e9tat magnifique.\u00a0<\/p>\n<p><\/p>\n<figure><img decoding=\"async\" src=\"https:\/\/news.canadamotorjobs.com\/wp-content\/uploads\/2025\/01\/15-Toyota_Cross_Canada_Drive_WAVE2-016-1.jpg\" alt=\"Mus\u00e9e Steele Wheels Motor\" \/><figcaption>Mus\u00e9e Steele Wheels Motor | Auto123.com<\/figcaption><\/figure>\n<p><strong>Peggy\u2019s Cove<\/strong><\/p>\n<p>Comment faire un d\u00e9tour pr\u00e8s d\u2019Halifax sans un arr\u00eat \u00e0 Peggy\u2019s Cove\u2009? L\u2019endroit est pris\u00e9 par les touristes pour son phare et sa beaut\u00e9 naturelle avec ses rochers imposants. La r\u00e9gion est reconnue pour ses sentiers de randonn\u00e9e, ses plans d\u2019eau propices aux excursions en kayak, ses baleines, ses terrains de golf, ainsi que ses plages.\u00a0<\/p>\n<p><\/p>\n<figure><img decoding=\"async\" src=\"https:\/\/news.canadamotorjobs.com\/wp-content\/uploads\/2025\/01\/16-Toyota_Cross_Canada_Drive_WAVE2-031-1.jpg\" alt=\"Peggy\u2019s Cove, en Nouvelle-\u00c9cosse\" \/><figcaption>Peggy\u2019s Cove, en Nouvelle-\u00c9cosse | Auto123.com<\/figcaption><\/figure>\n<p><strong>Toyota Grand Highlander<\/strong><\/p>\n<p>Lors d\u2019un \u00e9v\u00e9nement du genre, il ne faudrait pas oublier de souligner le travail de l\u2019\u00e9quipe qui accompagne les participants, soit celle responsable de la logistique, de notre accueil lorsqu\u2019on arrive \u00e0 un endroit, de la r\u00e9servation des h\u00f4tels et des restaurants. Bref, sans eux, ce genre de voyage est impossible. \u00c9videmment, ces derniers nous accompagnaient au volant de v\u00e9hicules Toyota. Ici, le mod\u00e8le utilis\u00e9 par l\u2019\u00e9quipe photo et vid\u00e9o.<\/p>\n<p><\/p>\n<figure><img decoding=\"async\" src=\"https:\/\/news.canadamotorjobs.com\/wp-content\/uploads\/2025\/01\/17-Toyota_Cross_Canada_Drive_WAVE2-038-1.jpg\" alt=\"Toyota Grand Highlander\" \/><figcaption>Toyota Grand Highlander | Auto123.com<\/figcaption><\/figure>\n<p><strong>Pont de la Conf\u00e9d\u00e9ration<\/strong><\/p>\n<p>Les inscrits \u00e0 la vague\u00a02 de ce voyage ont eu la chance de traverser le pont de la Conf\u00e9d\u00e9ration afin de faire un saut sur l\u2019\u00cele du Prince-\u00c9douard. D\u2019une longueur de 12,9\u00a0km, la structure a \u00e9t\u00e9 construire entre 1993 et 1997. Elle demeure tr\u00e8s impressionnante pr\u00e8s de 30\u00a0ans plus tard.\u00a0<\/p>\n<p><\/p>\n<figure><img decoding=\"async\" src=\"https:\/\/news.canadamotorjobs.com\/wp-content\/uploads\/2025\/01\/18-Toyota_Cross_Canada_Drive_WAVE2-041-1.jpg\" alt=\"Pont de la Conf\u00e9d\u00e9ration\" \/><figcaption>Pont de la Conf\u00e9d\u00e9ration | Auto123.com<\/figcaption><\/figure>\n<p><strong>Nouveau-Brunswick<\/strong><\/p>\n<p>L\u2019\u00e9tape suivante pour le convoi \u00e9tait la province du Nouveau-Brunswick\u2026 et son immense panneau d\u2019accueil, plut\u00f4t immanquable.\u00a0<\/p>\n<p><\/p>\n<figure><img decoding=\"async\" src=\"https:\/\/news.canadamotorjobs.com\/wp-content\/uploads\/2025\/01\/19-Toyota_Cross_Canada_Drive_WAVE2-042-1.jpg\" alt=\"Panneau d\u2019accueil Nouveau-Brunswick\" \/><figcaption>Panneau d\u2019accueil Nouveau-Brunswick | Auto123.com<\/figcaption><\/figure>\n<p><strong>750\u2009000\u00a0km<\/strong><\/p>\n<p>Cette photo parle d\u2019elle-m\u00eame en nous faisant voir l\u2019\u00e9quipe autour d\u2019une Toyota Corolla ayant parcouru 750\u2009000\u00a0km, au service du m\u00eame propri\u00e9taire. Elle est aujourd\u2019hui d\u00e9tenue par Acadia Toyota, situ\u00e9 \u00e0 Moncton, au Nouveau-Brunswick. Les visites de diff\u00e9rents concessionnaires \u00e0 travers le pays ont souvent donn\u00e9 lieu \u00e0 ce genre de d\u00e9couvertes.\u00a0<\/p>\n<p><\/p>\n<figure><img decoding=\"async\" src=\"https:\/\/news.canadamotorjobs.com\/wp-content\/uploads\/2025\/01\/20-Toyota_Cross_Canada_Drive_WAVE2-055-1.jpg\" alt=\"Une Toyota Corolla ayant parcouru 750\u2009000\u00a0km\" \/><figcaption>Une Toyota Corolla ayant parcouru 750\u2009000\u00a0km | Auto123.com<\/figcaption><\/figure>\n<p><strong>Toyota\u00a0700<\/strong><\/p>\n<p>Ce fut \u00e9galement le cas chez Mauricie Toyota, o\u00f9 cette magnifique Toyota\u00a0700, aussi connue sous le nom de Publica, a pu \u00eatre admir\u00e9e de tous. Ce mod\u00e8le a \u00e9t\u00e9 produit de 1961 \u00e0 1966 par ce qui \u00e9tait alors une petite compagnie japonaise.\u00a0<\/p>\n<p><\/p>\n<figure><img decoding=\"async\" src=\"https:\/\/news.canadamotorjobs.com\/wp-content\/uploads\/2025\/01\/21-Toyota_Cross_Canada_Drive_WAVE2-074-1.jpg\" alt=\"Toyota\u00a0700\" \/><figcaption>Toyota\u00a0700 | Auto123.com<\/figcaption><\/figure>\n<p><strong>Toyota GR Corolla<\/strong><\/p>\n<p>Une fois arriv\u00e9 \u00e0 Montr\u00e9al, le temps \u00e9tait venu pour les participants de la vague\u00a02 d\u2019entrer \u00e0 la maison, alors que ceux de la vague\u00a03 se joignaient au convoi. J\u2019ai alors repris du service, cette fois avec une semaine compl\u00e8te de route devant moi, alors que mon parcours devait me mener \u00e0 Winnipeg, \u00e0 la conclusion de la quatri\u00e8me vague de ce voyage. Pour cette troisi\u00e8me \u00e9tape, deux nouveaux v\u00e9hicules se greffaient au groupe, soit une GR Corolla, ainsi qu\u2019une Prius.\u00a0<\/p>\n<p><\/p>\n<figure><img decoding=\"async\" src=\"https:\/\/news.canadamotorjobs.com\/wp-content\/uploads\/2025\/01\/22-Toyota_Kanreki_Jour_7_01-1.jpg\" alt=\"Toyota GR Corolla\" \/><figcaption>Toyota GR Corolla | Auto123.com<\/figcaption><\/figure>\n<p><strong>Toyota Prius<\/strong><\/p>\n<p>La voici, cette Prius. Et \u00e0 l\u2019instar de la GR Corolla, elle est photographi\u00e9e devant le Mus\u00e9e des sciences et de la technologie du Canada, qui est situ\u00e9 \u00e0 Ottawa. Notre arr\u00eat l\u00e0-bas marquait le lancement de la deuxi\u00e8me vague, avec une pr\u00e9sentation d\u2019un mod\u00e8le historique que vous allez trouver \u00e0 la photo suivante.\u00a0<\/p>\n<p><\/p>\n<figure><img decoding=\"async\" src=\"https:\/\/news.canadamotorjobs.com\/wp-content\/uploads\/2025\/01\/23-Toyota_Kanreki_Jour_7_14-1.jpg\" alt=\"Toyota Prius\" \/><figcaption>Toyota Prius | Auto123.com<\/figcaption><\/figure>\n<p><strong>Toyota Prius\u00a01998<\/strong><\/p>\n<p>Toyota Canada poss\u00e8de en fait l\u2019un des premiers exemplaires de la Prius, plus pr\u00e9cis\u00e9ment une version\u00a01998 qui a \u00e9t\u00e9 import\u00e9e du Japon. Car, ne l\u2019oublions pas, le mod\u00e8le a roul\u00e9 quelques ann\u00e9es l\u00e0-bas avant de faire son d\u00e9but au tournant du si\u00e8cle chez nous. Sur la photo, Christina Tessier, directrice g\u00e9n\u00e9rale du mus\u00e9e, ainsi que Stephen Beatty, le vice-pr\u00e9sident et secr\u00e9taire g\u00e9n\u00e9ral de Toyota Canada.<\/p>\n<p><\/p>\n<figure><img decoding=\"async\" src=\"https:\/\/news.canadamotorjobs.com\/wp-content\/uploads\/2025\/01\/24-Toyota_Kanreki_Jour_7_02-1.jpg\" alt=\"Toyota Prius\u00a01998\" \/><figcaption>Toyota Prius\u00a01998 | Auto123.com<\/figcaption><\/figure>\n<p><strong>Centre de distribution des pi\u00e8ces de Toyota<\/strong><\/p>\n<p>Une fois dans la r\u00e9gion de Toronto, quelques visites de lieux importants pour l\u2019entreprise nous attendaient, puisque ses p\u00e9nates sont install\u00e9s tout pr\u00e8s de la ville reine. Lors de la deuxi\u00e8me journ\u00e9e de cette troisi\u00e8me vague, le premier arr\u00eat a eu lieu au centre de distribution des pi\u00e8ces de Toyota pour l\u2019est du Canada. Comme son nom l\u2019indique, c\u2019est l\u00e0 que sont conserv\u00e9es quantit\u00e9 de composantes servant \u00e0 la r\u00e9paration et \u00e0 l\u2019entretien de mod\u00e8les. Chaque matin, ce sont des milliers de pi\u00e8ces qui prennent la direction de diff\u00e9rents ateliers de Toyota. L\u2019organisation est franchement impressionnante.\u00a0<\/p>\n<p><\/p>\n<figure><img decoding=\"async\" src=\"https:\/\/news.canadamotorjobs.com\/wp-content\/uploads\/2025\/01\/25-Toyota_Kanreki-1.jpg\" alt=\"Centre de distribution des pi\u00e8ces de Toyota\" \/><figcaption>Centre de distribution des pi\u00e8ces de Toyota | Auto123.com<\/figcaption><\/figure>\n<p><strong>Si\u00e8ge social de Toyota Canada<\/strong><\/p>\n<p>Notre deuxi\u00e8me arr\u00eat de cette journ\u00e9e \u00e9tait au si\u00e8ge social de l\u2019entreprise, qui est pr\u00e9cis\u00e9ment situ\u00e9 \u00e0 Scarborough, en bordure de l\u2019autoroute\u00a0401. Sur place, plusieurs vieux mod\u00e8les, dont cette magnifique Corolla Sprinter de la fin des ann\u00e9es\u00a060.\u00a0<\/p>\n<p><\/p>\n<figure><img decoding=\"async\" src=\"https:\/\/news.canadamotorjobs.com\/wp-content\/uploads\/2025\/01\/26-Toyota_Kanreki_Jour_8_05-1.jpg\" alt=\"Corolla Sprinter\" \/><figcaption>Corolla Sprinter | Auto123.com<\/figcaption><\/figure>\n<p><strong>Centre de traitement postproduction<\/strong><\/p>\n<p>Qu\u2019arrive-t-il lorsqu\u2019un v\u00e9hicule Toyota arrive au Canada en provenance d\u2019une autre usine et qu\u2019il ne contient pas toutes les sp\u00e9cifications ou options choisies par son acheteur canadien\u2009? Il passe par le centre de traitement postproduction de l\u2019entreprise, situ\u00e9 tout pr\u00e8s du si\u00e8ge social. L\u00e0, on ajoute aux mod\u00e8les ce qui leur manque pour qu\u2019ils soient complets et conformes aux sp\u00e9cificit\u00e9s d\u2019ici. Entre 280 et 400\u00a0v\u00e9hicules transitent par ce centre chaque jour.\u00a0<\/p>\n<p><\/p>\n<figure><img decoding=\"async\" src=\"https:\/\/news.canadamotorjobs.com\/wp-content\/uploads\/2025\/01\/27-Toyota_Kanreki_Jour_8_09-1.jpg\" alt=\"Centre de traitement postproduction\" \/><figcaption>Centre de traitement postproduction | Auto123.com<\/figcaption><\/figure>\n<p><strong>Toyota Corolla\u00a01989<\/strong><\/p>\n<p>Voici la premi\u00e8re voiture fabriqu\u00e9e \u00e0 l\u2019usine ontarienne de Toyota, soit une Corolla\u00a01989, fabriqu\u00e9e \u00e0 la fin de 1988, lors de l\u2019ouverture des installations.\u00a0<\/p>\n<p><\/p>\n<figure><img decoding=\"async\" src=\"https:\/\/news.canadamotorjobs.com\/wp-content\/uploads\/2025\/01\/28-Toyota_Kanreki_Jour_9_01-1.jpg\" alt=\"Toyota Corolla\u00a01989\" \/><figcaption>Toyota Corolla\u00a01989 | Auto123.com<\/figcaption><\/figure>\n<p><strong>Lexus RX\u00a02004<\/strong><\/p>\n<p>Et voici le premier v\u00e9hicule Lexus fabriqu\u00e9 au Canada. En fait, le premier Lexus assembl\u00e9 \u00e0 l\u2019ext\u00e9rieur du Japon. Aujourd\u2019hui, l\u2019usine de Toyota Canada (TMMC pour Toyota Motor Manufacturing Canada) fabrique le Toyota\u00a0RAV4, ainsi que les Lexus NX et RX.\u00a0<\/p>\n<p><\/p>\n<figure><img decoding=\"async\" src=\"https:\/\/news.canadamotorjobs.com\/wp-content\/uploads\/2025\/01\/29-Toyota_Kanreki_Jour_9_02-1.jpg\" alt=\"Lexus RX\u00a02004\" \/><figcaption>Lexus RX\u00a02004 | Auto123.com<\/figcaption><\/figure>\n<p><strong>Onze millioni\u00e8me v\u00e9hicule fabriqu\u00e9 au pays<\/strong><\/p>\n<p>Un petit nouveau s\u2019est joint \u00e0 notre groupe pour cette travers\u00e9e du pays, soit le onze millioni\u00e8me v\u00e9hicule fabriqu\u00e9 par Toyota au Canada, en l\u2019occurrence un RAV4, bien identifi\u00e9 pour l\u2019occasion.\u00a0<\/p>\n<p><\/p>\n<figure><img decoding=\"async\" src=\"https:\/\/news.canadamotorjobs.com\/wp-content\/uploads\/2025\/01\/30-Toyota_Cross_Canada_Drive_WAVE3-082-1.jpg\" alt=\"Onze millioni\u00e8me v\u00e9hicule fabriqu\u00e9 au pays\" \/><figcaption>Onze millioni\u00e8me v\u00e9hicule fabriqu\u00e9 au pays | Auto123.com<\/figcaption><\/figure>\n<p><strong>Sa production<\/strong><\/p>\n<p>Le voici d\u2019ailleurs, ce v\u00e9hicule historique, en cours de fabrication.\u00a0<\/p>\n<p><\/p>\n<figure><img decoding=\"async\" src=\"https:\/\/news.canadamotorjobs.com\/wp-content\/uploads\/2025\/01\/31-Toyota_Kanreki-1.jpg\" alt=\"Le onze millioni\u00e8me RAV4 lors de sa construction\" \/><figcaption>Le onze millioni\u00e8me RAV4 lors de sa construction | Auto123.com<\/figcaption><\/figure>\n<p><strong>Le partenaire Yamaha<\/strong><\/p>\n<p>Lors de cette derni\u00e8re journ\u00e9e de voyage avec la troisi\u00e8me vague, un arr\u00eat \u00e9tait pr\u00e9vu pour des essais hors route de v\u00e9hicules tout-terrain Yamaha. Et quel est le rapport avec Toyota\u2009? En fait, les deux entreprises sont partenaires depuis longtemps, une chose facilit\u00e9e par le fait qu\u2019ils ne sont pas en concurrence, puisque Yamaha ne fabrique pas de voitures. Si l\u2019on recule dans l\u2019histoire, on trouve des moteurs d\u00e9velopp\u00e9s en collaboration avec Yahama sous le capot de mod\u00e8les de la compagnie, dont l\u2019incroyable Lexus LFA qui a \u00e9t\u00e9 commercialis\u00e9e il y a plus de 10\u00a0ans.\u00a0<\/p>\n<p><\/p>\n<figure><img decoding=\"async\" src=\"https:\/\/news.canadamotorjobs.com\/wp-content\/uploads\/2025\/01\/32-Toyota_Kanreki_Jour_9_05-1.jpg\" alt=\"V\u00e9hicules hors-route de marque Yamaha\" \/><figcaption>V\u00e9hicules hors-route de marque Yamaha | Auto123.com<\/figcaption><\/figure>\n<p style=\"padding-top: 15px\">Contenu original de <a href=\"https:\/\/www.auto123.com\/fr\/actualites\/toyota-60-ans-canada-kanreki-partie-1\/72231\/\">auto123<\/a>.<\/p>\n<p>Le texte <a rel=\"nofollow\" href=\"https:\/\/annuelauto.ca\/les-60-ans-de-toyota-au-canada-en-photos\/\">Les 60 ans de Toyota au Canada, en photos<\/a> provient de <a rel=\"nofollow\" href=\"https:\/\/annuelauto.ca\">L&#8217;annuel de l&#8217;automobile &#8211; Actualit\u00e9 automobile<\/a><\/p>\n<p><\/p>\n","protected":false},"excerpt":{"rendered":"<p>Toyota au Canada\u00a0: 60\u00a0ans et 60\u00a0photos d\u2019un oc\u00e9an \u00e0 l\u2019autre (1\u00e8re\u00a0partie) En ao\u00fbt dernier, Toyota entreprenait un voyage compl\u00e8tement fou, soit la travers\u00e9e du Canada, d\u2019un oc\u00e9an \u00e0 l\u2019autre, afin de c\u00e9l\u00e9brer sa 60e\u00a0ann\u00e9e en sol canadien. C\u2019est en effet en 1964 que la compagnie a lanc\u00e9 ses activit\u00e9s chez nous, de fa\u00e7on tr\u00e8s modeste, [&hellip;]<\/p>\n","protected":false},"author":8,"featured_media":186934,"comment_status":"close","ping_status":"closed","sticky":false,"template":"","format":"standard","meta":{"_monsterinsights_skip_tracking":false,"_monsterinsights_sitenote_active":false,"_monsterinsights_sitenote_note":"","_monsterinsights_sitenote_category":0,"footnotes":""},"categories":[101],"tags":[],"yoast_head":"<!-- This site is optimized with the Yoast SEO plugin v23.2 - https:\/\/yoast.com\/wordpress\/plugins\/seo\/ -->\n<title>Les 60 ans de Toyota au Canada, en photos - CanadaMotorJobs.com<\/title>\n<meta name=\"description\" content=\"Les 60 ans de Toyota au Canada, en photos - Benoit Charette - Annuel automobile - CanadaMotorJobs.com.\" \/>\n<meta name=\"robots\" content=\"index, follow, max-snippet:-1, max-image-preview:large, max-video-preview:-1\" \/>\n<meta property=\"og:locale\" content=\"fr_CA\" \/>\n<meta property=\"og:type\" content=\"article\" \/>\n<meta property=\"og:title\" content=\"Les 60 ans de Toyota au Canada, en photos - CanadaMotorJobs.com\" \/>\n<meta property=\"og:description\" content=\"Les 60 ans de Toyota au Canada, en photos - Benoit Charette - Annuel automobile - CanadaMotorJobs.com.\" \/>\n<meta property=\"og:url\" content=\"https:\/\/news.canadamotorjobs.com\/fr\/les-60-ans-de-toyota-au-canada-en-photos\/\" \/>\n<meta property=\"og:site_name\" content=\"CanadaMotorJobs.com\" \/>\n<meta property=\"article:publisher\" content=\"https:\/\/www.facebook.com\/canadamotorjobs\/\" \/>\n<meta property=\"article:published_time\" content=\"2025-01-02T07:24:33+00:00\" \/>\n<meta property=\"article:modified_time\" content=\"2025-01-02T07:30:10+00:00\" \/>\n<meta property=\"og:image\" content=\"https:\/\/news.canadamotorjobs.com\/wp-content\/uploads\/2025\/01\/1-Toyota-Kanreki-Jour_1_et_2-09a.jpg\" \/>\n\t<meta property=\"og:image:width\" content=\"1200\" \/>\n\t<meta property=\"og:image:height\" content=\"800\" \/>\n\t<meta property=\"og:image:type\" content=\"image\/jpeg\" \/>\n<meta name=\"author\" content=\"Benoit Charette\" \/>\n<meta name=\"twitter:card\" content=\"summary_large_image\" \/>\n<meta name=\"twitter:creator\" content=\"@canadamotorjobs\" \/>\n<meta name=\"twitter:site\" content=\"@canadamotorjobs\" \/>\n<meta name=\"twitter:label1\" content=\"\u00c9crit par\" \/>\n\t<meta name=\"twitter:data1\" content=\"Benoit Charette\" \/>\n\t<meta name=\"twitter:label2\" content=\"Estimation du temps de lecture\" \/>\n\t<meta name=\"twitter:data2\" content=\"13 minutes\" \/>\n<!-- \/ Yoast SEO plugin. -->","yoast_head_json":{"title":"Les 60 ans de Toyota au Canada, en photos - CanadaMotorJobs.com","description":"Les 60 ans de Toyota au Canada, en photos - Benoit Charette - Annuel automobile - CanadaMotorJobs.com.","robots":{"index":"index","follow":"follow","max-snippet":"max-snippet:-1","max-image-preview":"max-image-preview:large","max-video-preview":"max-video-preview:-1"},"og_locale":"fr_CA","og_type":"article","og_title":"Les 60 ans de Toyota au Canada, en photos - CanadaMotorJobs.com","og_description":"Les 60 ans de Toyota au Canada, en photos - Benoit Charette - Annuel automobile - CanadaMotorJobs.com.","og_url":"https:\/\/news.canadamotorjobs.com\/fr\/les-60-ans-de-toyota-au-canada-en-photos\/","og_site_name":"CanadaMotorJobs.com","article_publisher":"https:\/\/www.facebook.com\/canadamotorjobs\/","article_published_time":"2025-01-02T07:24:33+00:00","article_modified_time":"2025-01-02T07:30:10+00:00","og_image":[{"width":1200,"height":800,"url":"https:\/\/news.canadamotorjobs.com\/wp-content\/uploads\/2025\/01\/1-Toyota-Kanreki-Jour_1_et_2-09a.jpg","type":"image\/jpeg"}],"author":"Benoit Charette","twitter_card":"summary_large_image","twitter_creator":"@canadamotorjobs","twitter_site":"@canadamotorjobs","twitter_misc":{"\u00c9crit par":"Benoit Charette","Estimation du temps de lecture":"13 minutes"},"schema":{"@context":"https:\/\/schema.org","@graph":[{"@type":"Article","@id":"https:\/\/news.canadamotorjobs.com\/fr\/les-60-ans-de-toyota-au-canada-en-photos\/#article","isPartOf":{"@id":"https:\/\/news.canadamotorjobs.com\/fr\/les-60-ans-de-toyota-au-canada-en-photos\/"},"author":{"name":"Benoit Charette","@id":"https:\/\/news.canadamotorjobs.com\/#\/schema\/person\/51793d1f87d44011d7bcc2ed99269a90"},"headline":"Les 60 ans de Toyota au Canada, en photos","datePublished":"2025-01-02T07:24:33+00:00","dateModified":"2025-01-02T07:30:10+00:00","mainEntityOfPage":{"@id":"https:\/\/news.canadamotorjobs.com\/fr\/les-60-ans-de-toyota-au-canada-en-photos\/"},"wordCount":2687,"publisher":{"@id":"https:\/\/news.canadamotorjobs.com\/#organization"},"image":{"@id":"https:\/\/news.canadamotorjobs.com\/fr\/les-60-ans-de-toyota-au-canada-en-photos\/#primaryimage"},"thumbnailUrl":"https:\/\/news.canadamotorjobs.com\/wp-content\/uploads\/2025\/01\/1-Toyota-Kanreki-Jour_1_et_2-09a.jpg","articleSection":["Annuel automobile"],"inLanguage":"fr-CA"},{"@type":"WebPage","@id":"https:\/\/news.canadamotorjobs.com\/fr\/les-60-ans-de-toyota-au-canada-en-photos\/","url":"https:\/\/news.canadamotorjobs.com\/fr\/les-60-ans-de-toyota-au-canada-en-photos\/","name":"Les 60 ans de Toyota au Canada, en photos - CanadaMotorJobs.com","isPartOf":{"@id":"https:\/\/news.canadamotorjobs.com\/#website"},"primaryImageOfPage":{"@id":"https:\/\/news.canadamotorjobs.com\/fr\/les-60-ans-de-toyota-au-canada-en-photos\/#primaryimage"},"image":{"@id":"https:\/\/news.canadamotorjobs.com\/fr\/les-60-ans-de-toyota-au-canada-en-photos\/#primaryimage"},"thumbnailUrl":"https:\/\/news.canadamotorjobs.com\/wp-content\/uploads\/2025\/01\/1-Toyota-Kanreki-Jour_1_et_2-09a.jpg","datePublished":"2025-01-02T07:24:33+00:00","dateModified":"2025-01-02T07:30:10+00:00","description":"Les 60 ans de Toyota au Canada, en photos - Benoit Charette - Annuel automobile - CanadaMotorJobs.com.","breadcrumb":{"@id":"https:\/\/news.canadamotorjobs.com\/fr\/les-60-ans-de-toyota-au-canada-en-photos\/#breadcrumb"},"inLanguage":"fr-CA","potentialAction":[{"@type":"ReadAction","target":["https:\/\/news.canadamotorjobs.com\/fr\/les-60-ans-de-toyota-au-canada-en-photos\/"]}]},{"@type":"ImageObject","inLanguage":"fr-CA","@id":"https:\/\/news.canadamotorjobs.com\/fr\/les-60-ans-de-toyota-au-canada-en-photos\/#primaryimage","url":"https:\/\/news.canadamotorjobs.com\/wp-content\/uploads\/2025\/01\/1-Toyota-Kanreki-Jour_1_et_2-09a.jpg","contentUrl":"https:\/\/news.canadamotorjobs.com\/wp-content\/uploads\/2025\/01\/1-Toyota-Kanreki-Jour_1_et_2-09a.jpg","width":1200,"height":800},{"@type":"BreadcrumbList","@id":"https:\/\/news.canadamotorjobs.com\/fr\/les-60-ans-de-toyota-au-canada-en-photos\/#breadcrumb","itemListElement":[{"@type":"ListItem","position":1,"name":"Home","item":"https:\/\/news.canadamotorjobs.com\/fr\/blog\/"},{"@type":"ListItem","position":2,"name":"Les 60 ans de Toyota au Canada, en photos"}]},{"@type":"WebSite","@id":"https:\/\/news.canadamotorjobs.com\/#website","url":"https:\/\/news.canadamotorjobs.com\/","name":"CanadaMotorJobs.com","description":"Automotive Jobs","publisher":{"@id":"https:\/\/news.canadamotorjobs.com\/#organization"},"potentialAction":[{"@type":"SearchAction","target":{"@type":"EntryPoint","urlTemplate":"https:\/\/news.canadamotorjobs.com\/?s={search_term_string}"},"query-input":"required name=search_term_string"}],"inLanguage":"fr-CA"},{"@type":"Organization","@id":"https:\/\/news.canadamotorjobs.com\/#organization","name":"Canada Motor Jobs","url":"https:\/\/news.canadamotorjobs.com\/","logo":{"@type":"ImageObject","inLanguage":"fr-CA","@id":"https:\/\/news.canadamotorjobs.com\/#\/schema\/logo\/image\/","url":"https:\/\/news.canadamotorjobs.com\/wp-content\/uploads\/2022\/10\/logo-canada-motor-jobs-1.png","contentUrl":"https:\/\/news.canadamotorjobs.com\/wp-content\/uploads\/2022\/10\/logo-canada-motor-jobs-1.png","width":800,"height":400,"caption":"Canada Motor Jobs"},"image":{"@id":"https:\/\/news.canadamotorjobs.com\/#\/schema\/logo\/image\/"},"sameAs":["https:\/\/www.facebook.com\/canadamotorjobs\/","https:\/\/x.com\/canadamotorjobs","https:\/\/www.instagram.com\/canadamotorjobs\/","https:\/\/www.linkedin.com\/company\/canadamotorjobs"]},{"@type":"Person","@id":"https:\/\/news.canadamotorjobs.com\/#\/schema\/person\/51793d1f87d44011d7bcc2ed99269a90","name":"Benoit Charette","image":{"@type":"ImageObject","inLanguage":"fr-CA","@id":"https:\/\/news.canadamotorjobs.com\/#\/schema\/person\/image\/","url":"https:\/\/secure.gravatar.com\/avatar\/45f3d2eebcccd909668d7ce7ea7267b6?s=96&d=mm&r=g","contentUrl":"https:\/\/secure.gravatar.com\/avatar\/45f3d2eebcccd909668d7ce7ea7267b6?s=96&d=mm&r=g","caption":"Benoit Charette"},"description":"Benoit Charette \/ Propri\u00e9taire et r\u00e9dacteur en chef Benoit Charette pratique le journalisme automobile depuis bient\u00f4t 30 ans. Il a fait ses classes au c\u00f4t\u00e9 de Daniel H\u00e9raud et au Carnet de route de 1992 \u00e0 2001. Il est fondateur, copropri\u00e9taire et r\u00e9dacteur en chef de L\u2019Annuel de l\u2019automobile, qu\u2019il publie depuis 2001. Il a anim\u00e9 les \u00e9missions RPM et RPM+ sur V et les L\u00e9gendes de la route sur Historia. \u00c0 la radio depuis 1986, il reprend l\u2019antenne cette ann\u00e9e sur les ondes de Cogeco et participe pour la deuxi\u00e8me ann\u00e9e \u00e0 l\u2019\u00e9mission Passion Auto sur RDS en plus de mettre en ligne le site Web officiel de L\u2019Annuel de l\u2019automobile sur annuelauto.ca.","sameAs":["https:\/\/annuelauto.ca\/"],"url":"https:\/\/news.canadamotorjobs.com\/fr\/author\/benoit-charette\/"}]}},"_links":{"self":[{"href":"https:\/\/news.canadamotorjobs.com\/fr\/wp-json\/wp\/v2\/posts\/186932"}],"collection":[{"href":"https:\/\/news.canadamotorjobs.com\/fr\/wp-json\/wp\/v2\/posts"}],"about":[{"href":"https:\/\/news.canadamotorjobs.com\/fr\/wp-json\/wp\/v2\/types\/post"}],"author":[{"embeddable":true,"href":"https:\/\/news.canadamotorjobs.com\/fr\/wp-json\/wp\/v2\/users\/8"}],"replies":[{"embeddable":true,"href":"https:\/\/news.canadamotorjobs.com\/fr\/wp-json\/wp\/v2\/comments?post=186932"}],"version-history":[{"count":3,"href":"https:\/\/news.canadamotorjobs.com\/fr\/wp-json\/wp\/v2\/posts\/186932\/revisions"}],"predecessor-version":[{"id":187083,"href":"https:\/\/news.canadamotorjobs.com\/fr\/wp-json\/wp\/v2\/posts\/186932\/revisions\/187083"}],"wp:featuredmedia":[{"embeddable":true,"href":"https:\/\/news.canadamotorjobs.com\/fr\/wp-json\/wp\/v2\/media\/186934"}],"wp:attachment":[{"href":"https:\/\/news.canadamotorjobs.com\/fr\/wp-json\/wp\/v2\/media?parent=186932"}],"wp:term":[{"taxonomy":"category","embeddable":true,"href":"https:\/\/news.canadamotorjobs.com\/fr\/wp-json\/wp\/v2\/categories?post=186932"},{"taxonomy":"post_tag","embeddable":true,"href":"https:\/\/news.canadamotorjobs.com\/fr\/wp-json\/wp\/v2\/tags?post=186932"}],"curies":[{"name":"wp","href":"https:\/\/api.w.org\/{rel}","templated":true}]}}