{"id":186909,"date":"2025-01-01T15:43:19","date_gmt":"2025-01-01T20:43:19","guid":{"rendered":"https:\/\/news.canadamotorjobs.com\/?p=186909"},"modified":"2025-01-01T15:44:15","modified_gmt":"2025-01-01T20:44:15","slug":"la-saaq-va-vous-arracher-un-peu-plus-dargent-a-compter-daujourdhui","status":"publish","type":"post","link":"https:\/\/news.canadamotorjobs.com\/fr\/la-saaq-va-vous-arracher-un-peu-plus-dargent-a-compter-daujourdhui\/","title":{"rendered":"La SAAQ va vous arracher un peu plus d\u2019argent \u00e0 compter d\u2019aujourd\u2019hui"},"content":{"rendered":"<\/p>\n<p>\u00c0 travers toutes les festivit\u00e9s entourant le passage \u00e0 une nouvelle ann\u00e9e, une nouvelle r\u00e8gle du gouvernement, qui sera appliqu\u00e9e par la SAAQ (Soci\u00e9t\u00e9 de l\u2019assurance automobile du Qu\u00e9bec), est entr\u00e9e en vigueur en ce 1er\u00a0janvier 2025.<\/p>\n<h3>Cette r\u00e8gle, il n\u2019y a qu\u2019un seul mot pour la d\u00e9crire\u00a0: vicieuse.<\/h3>\n<p>\nQuelle est-elle\u2009? \u00c0 partir de maintenant, ceux qui font l\u2019acquisition d\u2019un v\u00e9hicule d\u2019occasion \u00e2g\u00e9 de 10 \u00e0 14\u00a0ans devront payer la taxe de vente du Qu\u00e9bec (TVQ) sur la valeur inscrite du v\u00e9hicule. Jusqu\u2019\u00e0 maintenant, il \u00e9tait n\u00e9cessaire de payer la taxe sur tout v\u00e9hicule usag\u00e9 ayant moins de 10\u00a0ans.<\/p>\n<p>Et comme le stipule le texte de loi des autorit\u00e9s, la TVQ sera calcul\u00e9e sur la valeur estimative du v\u00e9hicule si celle-ci est plus \u00e9lev\u00e9e que le prix de vente convenu entre les parties.<\/p>\n<p>Ainsi, vous vous entendez sur un prix de 2000\u00a0$ pour une Honda Civic\u00a02012 de 450\u2009000\u00a0km, si le v\u00e9hicule est \u00e9valu\u00e9 \u00e0 5000\u00a0$, vous allez payer la taxe sur 5000\u00a0$. C\u2019est honteux.<\/p>\n<p>Que cela s\u2019applique \u00e0 des v\u00e9hicules de cinq ou de six ans, pour \u00e9viter les arnaques, d\u2019accord. Mais pas l\u00e0.<\/p>\n<h3><strong>Une vieille pratique admise<\/strong><\/h3>\n<p>\nCe que les gens faisaient \u00e0 l\u2019achat d\u2019un mod\u00e8le de 10\u00a0ans et plus, et \u00e2g\u00e9 de moins de 25\u00a0ans (les v\u00e9hicules anciens doivent \u00eatre \u00e9valu\u00e9s et la taxe est pay\u00e9e sur le montant d\u00e9termin\u00e9), c\u2019est qu\u2019ils d\u00e9claraient le prix qu\u2019ils voulaient bien au comptoir de la SAAQ, souvent 1\u00a0$.<\/p>\n<p>Ce que cela permettait, c\u2019\u00e9tait d\u2019\u00e9viter d\u2019avoir \u00e0 payer quelques centaines de dollars sur un mod\u00e8le que l\u2019on venait d\u2019acheter pour 3000\u00a0$ ou 4000\u00a0$. On s\u2019entend, ce ne sont pas les v\u00e9hicules de 10 \u00e0 14\u00a0ans qui ont le plus de valeur sur le march\u00e9.<\/p>\n<p>La nouvelle loi va maintenant forcer les gens qui font l\u2019acquisition d\u2019un v\u00e9hicule de 10 \u00e0 14\u00a0ans \u00e0 payer cette taxe. L\u00e0 o\u00f9 cette mesure est vicieuse, c\u2019est qu\u2019elle s\u2019attaque aux plus d\u00e9munis. Les gens qui doivent se procurer un mod\u00e8le \u00e2g\u00e9 de plus de 10\u00a0ans le font parce que g\u00e9n\u00e9ralement, ils n\u2019ont pas les moyens de se payer un mod\u00e8le plus r\u00e9cent. Or, on leur impose une taxe additionnelle.<\/p>\n<p>Nous ne sommes pas toujours d\u2019accord avec toutes les taxes qui touchent les produits de luxe, mais elles s\u2019adressent \u00e0 des gens qui ont la capacit\u00e9 de payer. L\u00e0, on s\u2019attaque aux gens moins bien nantis.<\/p>\n<h3>\u00c7a ne passe pas. La col\u00e8re est grande dans les milieux concern\u00e9s.<\/h3>\n<p>\nMais le consommateur devra avaler la pilule et payer, une fois de plus.<\/p>\n<p>Pour ce qui est de la valeur des v\u00e9hicules, voici les pr\u00e9cisions apport\u00e9es par le gouvernement\u00a0:<\/p>\n<p>\u00ab\u2009Pour conna\u00eetre la valeur estimative d\u2019un v\u00e9hicule, r\u00e9f\u00e9rez-vous au <em>Guide d\u2019\u00e9valuation Hebdo\u00a0: automobiles et camions l\u00e9gers<\/em> publi\u00e9 par la soci\u00e9t\u00e9 TRADER. Pr\u00e9sentement, le guide indique le prix de vente moyen en gros des v\u00e9hicules pour les 9\u00a0derni\u00e8res ann\u00e9es. \u00c0 compter du 1<sup>er<\/sup>\u00a0janvier\u00a02025, la version \u00e9lectronique du guide indiquera le prix de vente moyen en gros pour les 14\u00a0derni\u00e8res ann\u00e9es.\u2009\u00bb<\/p>\n<p>\u00a0<\/p>\n<p>\u00a0<\/p>\n<p>\u00a0<\/p>\n<p>\u00a0<\/p>\n<p>\u00a0<\/p>\n<p>\u00a0<\/p>\n<p>\u00a0<\/p>\n<p>Le texte <a rel=\"nofollow\" href=\"https:\/\/annuelauto.ca\/saaq-taxes-tvq-1er-janvier\/\">La SAAQ va vous arracher un peu plus d\u2019argent \u00e0 compter d\u2019aujourd\u2019hui<\/a> provient de <a rel=\"nofollow\" href=\"https:\/\/annuelauto.ca\">L&#8217;annuel de l&#8217;automobile &#8211; Actualit\u00e9 automobile<\/a><\/p>\n<p><\/p>\n","protected":false},"excerpt":{"rendered":"<p>\u00c0 travers toutes les festivit\u00e9s entourant le passage \u00e0 une nouvelle ann\u00e9e, une nouvelle r\u00e8gle du gouvernement, qui sera appliqu\u00e9e par la SAAQ (Soci\u00e9t\u00e9 de l\u2019assurance automobile du Qu\u00e9bec), est entr\u00e9e en vigueur en ce 1er\u00a0janvier 2025. Cette r\u00e8gle, il n\u2019y a qu\u2019un seul mot pour la d\u00e9crire\u00a0: vicieuse. Quelle est-elle\u2009? \u00c0 partir de maintenant, [&hellip;]<\/p>\n","protected":false},"author":8,"featured_media":186911,"comment_status":"close","ping_status":"closed","sticky":false,"template":"","format":"standard","meta":{"_monsterinsights_skip_tracking":false,"_monsterinsights_sitenote_active":false,"_monsterinsights_sitenote_note":"","_monsterinsights_sitenote_category":0,"footnotes":""},"categories":[101],"tags":[],"yoast_head":"<!-- This site is optimized with the Yoast SEO plugin v23.2 - https:\/\/yoast.com\/wordpress\/plugins\/seo\/ -->\n<title>La SAAQ va vous arracher un peu plus d\u2019argent \u00e0 compter d\u2019aujourd\u2019hui - CanadaMotorJobs.com<\/title>\n<meta name=\"description\" content=\"La SAAQ va vous arracher un peu plus d\u2019argent \u00e0 compter d\u2019aujourd\u2019hui - Benoit Charette - Annuel automobile - CanadaMotorJobs.com.\" \/>\n<meta name=\"robots\" content=\"index, follow, max-snippet:-1, max-image-preview:large, max-video-preview:-1\" \/>\n<meta property=\"og:locale\" content=\"fr_CA\" \/>\n<meta property=\"og:type\" content=\"article\" \/>\n<meta property=\"og:title\" content=\"La SAAQ va vous arracher un peu plus d\u2019argent \u00e0 compter d\u2019aujourd\u2019hui - CanadaMotorJobs.com\" \/>\n<meta property=\"og:description\" content=\"La SAAQ va vous arracher un peu plus d\u2019argent \u00e0 compter d\u2019aujourd\u2019hui - Benoit Charette - Annuel automobile - CanadaMotorJobs.com.\" \/>\n<meta property=\"og:url\" content=\"https:\/\/news.canadamotorjobs.com\/fr\/la-saaq-va-vous-arracher-un-peu-plus-dargent-a-compter-daujourdhui\/\" \/>\n<meta property=\"og:site_name\" content=\"CanadaMotorJobs.com\" \/>\n<meta property=\"article:publisher\" content=\"https:\/\/www.facebook.com\/canadamotorjobs\/\" \/>\n<meta property=\"article:published_time\" content=\"2025-01-01T20:43:19+00:00\" \/>\n<meta property=\"article:modified_time\" content=\"2025-01-01T20:44:15+00:00\" \/>\n<meta property=\"og:image\" content=\"https:\/\/news.canadamotorjobs.com\/wp-content\/uploads\/2025\/01\/2013_Civic_Coupe_gallery_ext_01-1280x720-1.jpg\" \/>\n\t<meta property=\"og:image:width\" content=\"1280\" \/>\n\t<meta property=\"og:image:height\" content=\"720\" \/>\n\t<meta property=\"og:image:type\" content=\"image\/jpeg\" \/>\n<meta name=\"author\" content=\"Benoit Charette\" \/>\n<meta name=\"twitter:card\" content=\"summary_large_image\" \/>\n<meta name=\"twitter:creator\" content=\"@canadamotorjobs\" \/>\n<meta name=\"twitter:site\" content=\"@canadamotorjobs\" \/>\n<meta name=\"twitter:label1\" content=\"\u00c9crit par\" \/>\n\t<meta name=\"twitter:data1\" content=\"Benoit Charette\" \/>\n\t<meta name=\"twitter:label2\" content=\"Estimation du temps de lecture\" \/>\n\t<meta name=\"twitter:data2\" content=\"3 minutes\" \/>\n<!-- \/ Yoast SEO plugin. -->","yoast_head_json":{"title":"La SAAQ va vous arracher un peu plus d\u2019argent \u00e0 compter d\u2019aujourd\u2019hui - CanadaMotorJobs.com","description":"La SAAQ va vous arracher un peu plus d\u2019argent \u00e0 compter d\u2019aujourd\u2019hui - Benoit Charette - Annuel automobile - CanadaMotorJobs.com.","robots":{"index":"index","follow":"follow","max-snippet":"max-snippet:-1","max-image-preview":"max-image-preview:large","max-video-preview":"max-video-preview:-1"},"og_locale":"fr_CA","og_type":"article","og_title":"La SAAQ va vous arracher un peu plus d\u2019argent \u00e0 compter d\u2019aujourd\u2019hui - CanadaMotorJobs.com","og_description":"La SAAQ va vous arracher un peu plus d\u2019argent \u00e0 compter d\u2019aujourd\u2019hui - Benoit Charette - Annuel automobile - CanadaMotorJobs.com.","og_url":"https:\/\/news.canadamotorjobs.com\/fr\/la-saaq-va-vous-arracher-un-peu-plus-dargent-a-compter-daujourdhui\/","og_site_name":"CanadaMotorJobs.com","article_publisher":"https:\/\/www.facebook.com\/canadamotorjobs\/","article_published_time":"2025-01-01T20:43:19+00:00","article_modified_time":"2025-01-01T20:44:15+00:00","og_image":[{"width":1280,"height":720,"url":"https:\/\/news.canadamotorjobs.com\/wp-content\/uploads\/2025\/01\/2013_Civic_Coupe_gallery_ext_01-1280x720-1.jpg","type":"image\/jpeg"}],"author":"Benoit Charette","twitter_card":"summary_large_image","twitter_creator":"@canadamotorjobs","twitter_site":"@canadamotorjobs","twitter_misc":{"\u00c9crit par":"Benoit Charette","Estimation du temps de lecture":"3 minutes"},"schema":{"@context":"https:\/\/schema.org","@graph":[{"@type":"Article","@id":"https:\/\/news.canadamotorjobs.com\/fr\/la-saaq-va-vous-arracher-un-peu-plus-dargent-a-compter-daujourdhui\/#article","isPartOf":{"@id":"https:\/\/news.canadamotorjobs.com\/fr\/la-saaq-va-vous-arracher-un-peu-plus-dargent-a-compter-daujourdhui\/"},"author":{"name":"Benoit Charette","@id":"https:\/\/news.canadamotorjobs.com\/#\/schema\/person\/51793d1f87d44011d7bcc2ed99269a90"},"headline":"La SAAQ va vous arracher un peu plus d\u2019argent \u00e0 compter d\u2019aujourd\u2019hui","datePublished":"2025-01-01T20:43:19+00:00","dateModified":"2025-01-01T20:44:15+00:00","mainEntityOfPage":{"@id":"https:\/\/news.canadamotorjobs.com\/fr\/la-saaq-va-vous-arracher-un-peu-plus-dargent-a-compter-daujourdhui\/"},"wordCount":590,"publisher":{"@id":"https:\/\/news.canadamotorjobs.com\/#organization"},"image":{"@id":"https:\/\/news.canadamotorjobs.com\/fr\/la-saaq-va-vous-arracher-un-peu-plus-dargent-a-compter-daujourdhui\/#primaryimage"},"thumbnailUrl":"https:\/\/news.canadamotorjobs.com\/wp-content\/uploads\/2025\/01\/2013_Civic_Coupe_gallery_ext_01-1280x720-1.jpg","articleSection":["Annuel automobile"],"inLanguage":"fr-CA"},{"@type":"WebPage","@id":"https:\/\/news.canadamotorjobs.com\/fr\/la-saaq-va-vous-arracher-un-peu-plus-dargent-a-compter-daujourdhui\/","url":"https:\/\/news.canadamotorjobs.com\/fr\/la-saaq-va-vous-arracher-un-peu-plus-dargent-a-compter-daujourdhui\/","name":"La SAAQ va vous arracher un peu plus d\u2019argent \u00e0 compter d\u2019aujourd\u2019hui - CanadaMotorJobs.com","isPartOf":{"@id":"https:\/\/news.canadamotorjobs.com\/#website"},"primaryImageOfPage":{"@id":"https:\/\/news.canadamotorjobs.com\/fr\/la-saaq-va-vous-arracher-un-peu-plus-dargent-a-compter-daujourdhui\/#primaryimage"},"image":{"@id":"https:\/\/news.canadamotorjobs.com\/fr\/la-saaq-va-vous-arracher-un-peu-plus-dargent-a-compter-daujourdhui\/#primaryimage"},"thumbnailUrl":"https:\/\/news.canadamotorjobs.com\/wp-content\/uploads\/2025\/01\/2013_Civic_Coupe_gallery_ext_01-1280x720-1.jpg","datePublished":"2025-01-01T20:43:19+00:00","dateModified":"2025-01-01T20:44:15+00:00","description":"La SAAQ va vous arracher un peu plus d\u2019argent \u00e0 compter d\u2019aujourd\u2019hui - Benoit Charette - Annuel automobile - CanadaMotorJobs.com.","breadcrumb":{"@id":"https:\/\/news.canadamotorjobs.com\/fr\/la-saaq-va-vous-arracher-un-peu-plus-dargent-a-compter-daujourdhui\/#breadcrumb"},"inLanguage":"fr-CA","potentialAction":[{"@type":"ReadAction","target":["https:\/\/news.canadamotorjobs.com\/fr\/la-saaq-va-vous-arracher-un-peu-plus-dargent-a-compter-daujourdhui\/"]}]},{"@type":"ImageObject","inLanguage":"fr-CA","@id":"https:\/\/news.canadamotorjobs.com\/fr\/la-saaq-va-vous-arracher-un-peu-plus-dargent-a-compter-daujourdhui\/#primaryimage","url":"https:\/\/news.canadamotorjobs.com\/wp-content\/uploads\/2025\/01\/2013_Civic_Coupe_gallery_ext_01-1280x720-1.jpg","contentUrl":"https:\/\/news.canadamotorjobs.com\/wp-content\/uploads\/2025\/01\/2013_Civic_Coupe_gallery_ext_01-1280x720-1.jpg","width":1280,"height":720},{"@type":"BreadcrumbList","@id":"https:\/\/news.canadamotorjobs.com\/fr\/la-saaq-va-vous-arracher-un-peu-plus-dargent-a-compter-daujourdhui\/#breadcrumb","itemListElement":[{"@type":"ListItem","position":1,"name":"Home","item":"https:\/\/news.canadamotorjobs.com\/fr\/blog\/"},{"@type":"ListItem","position":2,"name":"La SAAQ va vous arracher un peu plus d\u2019argent \u00e0 compter d\u2019aujourd\u2019hui"}]},{"@type":"WebSite","@id":"https:\/\/news.canadamotorjobs.com\/#website","url":"https:\/\/news.canadamotorjobs.com\/","name":"CanadaMotorJobs.com","description":"Automotive Jobs","publisher":{"@id":"https:\/\/news.canadamotorjobs.com\/#organization"},"potentialAction":[{"@type":"SearchAction","target":{"@type":"EntryPoint","urlTemplate":"https:\/\/news.canadamotorjobs.com\/?s={search_term_string}"},"query-input":"required name=search_term_string"}],"inLanguage":"fr-CA"},{"@type":"Organization","@id":"https:\/\/news.canadamotorjobs.com\/#organization","name":"Canada Motor Jobs","url":"https:\/\/news.canadamotorjobs.com\/","logo":{"@type":"ImageObject","inLanguage":"fr-CA","@id":"https:\/\/news.canadamotorjobs.com\/#\/schema\/logo\/image\/","url":"https:\/\/news.canadamotorjobs.com\/wp-content\/uploads\/2022\/10\/logo-canada-motor-jobs-1.png","contentUrl":"https:\/\/news.canadamotorjobs.com\/wp-content\/uploads\/2022\/10\/logo-canada-motor-jobs-1.png","width":800,"height":400,"caption":"Canada Motor Jobs"},"image":{"@id":"https:\/\/news.canadamotorjobs.com\/#\/schema\/logo\/image\/"},"sameAs":["https:\/\/www.facebook.com\/canadamotorjobs\/","https:\/\/x.com\/canadamotorjobs","https:\/\/www.instagram.com\/canadamotorjobs\/","https:\/\/www.linkedin.com\/company\/canadamotorjobs"]},{"@type":"Person","@id":"https:\/\/news.canadamotorjobs.com\/#\/schema\/person\/51793d1f87d44011d7bcc2ed99269a90","name":"Benoit Charette","image":{"@type":"ImageObject","inLanguage":"fr-CA","@id":"https:\/\/news.canadamotorjobs.com\/#\/schema\/person\/image\/","url":"https:\/\/secure.gravatar.com\/avatar\/45f3d2eebcccd909668d7ce7ea7267b6?s=96&d=mm&r=g","contentUrl":"https:\/\/secure.gravatar.com\/avatar\/45f3d2eebcccd909668d7ce7ea7267b6?s=96&d=mm&r=g","caption":"Benoit Charette"},"description":"Benoit Charette \/ Propri\u00e9taire et r\u00e9dacteur en chef Benoit Charette pratique le journalisme automobile depuis bient\u00f4t 30 ans. Il a fait ses classes au c\u00f4t\u00e9 de Daniel H\u00e9raud et au Carnet de route de 1992 \u00e0 2001. Il est fondateur, copropri\u00e9taire et r\u00e9dacteur en chef de L\u2019Annuel de l\u2019automobile, qu\u2019il publie depuis 2001. Il a anim\u00e9 les \u00e9missions RPM et RPM+ sur V et les L\u00e9gendes de la route sur Historia. \u00c0 la radio depuis 1986, il reprend l\u2019antenne cette ann\u00e9e sur les ondes de Cogeco et participe pour la deuxi\u00e8me ann\u00e9e \u00e0 l\u2019\u00e9mission Passion Auto sur RDS en plus de mettre en ligne le site Web officiel de L\u2019Annuel de l\u2019automobile sur annuelauto.ca.","sameAs":["https:\/\/annuelauto.ca\/"],"url":"https:\/\/news.canadamotorjobs.com\/fr\/author\/benoit-charette\/"}]}},"_links":{"self":[{"href":"https:\/\/news.canadamotorjobs.com\/fr\/wp-json\/wp\/v2\/posts\/186909"}],"collection":[{"href":"https:\/\/news.canadamotorjobs.com\/fr\/wp-json\/wp\/v2\/posts"}],"about":[{"href":"https:\/\/news.canadamotorjobs.com\/fr\/wp-json\/wp\/v2\/types\/post"}],"author":[{"embeddable":true,"href":"https:\/\/news.canadamotorjobs.com\/fr\/wp-json\/wp\/v2\/users\/8"}],"replies":[{"embeddable":true,"href":"https:\/\/news.canadamotorjobs.com\/fr\/wp-json\/wp\/v2\/comments?post=186909"}],"version-history":[{"count":2,"href":"https:\/\/news.canadamotorjobs.com\/fr\/wp-json\/wp\/v2\/posts\/186909\/revisions"}],"predecessor-version":[{"id":186913,"href":"https:\/\/news.canadamotorjobs.com\/fr\/wp-json\/wp\/v2\/posts\/186909\/revisions\/186913"}],"wp:featuredmedia":[{"embeddable":true,"href":"https:\/\/news.canadamotorjobs.com\/fr\/wp-json\/wp\/v2\/media\/186911"}],"wp:attachment":[{"href":"https:\/\/news.canadamotorjobs.com\/fr\/wp-json\/wp\/v2\/media?parent=186909"}],"wp:term":[{"taxonomy":"category","embeddable":true,"href":"https:\/\/news.canadamotorjobs.com\/fr\/wp-json\/wp\/v2\/categories?post=186909"},{"taxonomy":"post_tag","embeddable":true,"href":"https:\/\/news.canadamotorjobs.com\/fr\/wp-json\/wp\/v2\/tags?post=186909"}],"curies":[{"name":"wp","href":"https:\/\/api.w.org\/{rel}","templated":true}]}}