{"id":186890,"date":"2025-01-01T11:33:05","date_gmt":"2025-01-01T16:33:05","guid":{"rendered":"https:\/\/news.canadamotorjobs.com\/?p=186890"},"modified":"2025-01-01T11:44:16","modified_gmt":"2025-01-01T16:44:16","slug":"des-passionnes-de-partout-sur-la-planete-celebrent-les-110-ans-de-maserati","status":"publish","type":"post","link":"https:\/\/news.canadamotorjobs.com\/fr\/des-passionnes-de-partout-sur-la-planete-celebrent-les-110-ans-de-maserati\/","title":{"rendered":"Des passionn\u00e9s de partout sur la plan\u00e8te c\u00e9l\u00e8brent les 110 ans de Maserati."},"content":{"rendered":"<\/p>\n<p>Le 1er d\u00e9cembre 1914, Alfieri Maserati s&#8217;associe \u00e0 ses fr\u00e8res Ettore et Ernesto pour fonder la Societa Anonima Officine Alfieri Maserati \u00e0 Bologne, en Italie. Ainsi naquit la marque l\u00e9gendaire qui a c\u00e9l\u00e9br\u00e9 110 ans d\u2019histoire au cours du mois dernier.<\/p>\n<p>Parmi les centaines de constructeurs qui ont vu le jour durant les deux premi\u00e8res d\u00e9cennies du 20e si\u00e8cle, quelques-uns seulement ont surv\u00e9cu jusqu\u2019\u00e0 ce jour. Bien peu de constructeurs peuvent se vanter d\u2019avoir fait na\u00eetre une image de marque prestigieuse qui a persist\u00e9 toutes ces ann\u00e9es durant malgr\u00e9 une existence tumultueuse. Apr\u00e8s tout, la marque Maserati a chang\u00e9 de propri\u00e9taires souvent\u00a0: Adolfo Orsi a succ\u00e9d\u00e9 aux fr\u00e8res fondateurs apr\u00e8s quelques ann\u00e9es, puis la marque a \u00e9t\u00e9 reprise par successivement par <a href=\"https:\/\/annuelauto.ca\/la-citroen-traction-a-90-ans\/\" target=\"_blank\" rel=\"noopener noreferrer\">Citro\u00ebn<\/a>, De\u00a0Tomaso, Fiat, <a href=\"https:\/\/annuelauto.ca\/bernie-ecclestone-vend-son-imposante-collection-de-monoplaces-de-gp-et-de-f1\/\" target=\"_blank\" rel=\"noopener noreferrer\">Ferrari<\/a>, FCA et maintenant Stellantis.<\/p>\n<p>Les c\u00e9l\u00e9brations de ce 110e \u00e9taient, par ailleurs, le pr\u00e9texte id\u00e9al pour d\u00e9voiler les plus r\u00e9centes nouveaut\u00e9s de la marque au trident, un symbole cr\u00e9\u00e9 par Mario Maserati, l\u2019artiste peintre de la famille. On pense ici \u00e0 la GT2\u00a0Stradale, un bolide de 640\u00a0ch, et \u00e0 la GranTurismo 110\u00a0Anniversario, une version exclusive du coup\u00e9 qui sera propos\u00e9e en deux couleurs dont chacune sera produite \u00e0 seulement 55\u00a0exemplaires.<\/p>\n<p>De plus, tout au long du mois de d\u00e9cembre, Maserati a invit\u00e9 les passionn\u00e9s de la marque et ses clients \u00e0 comm\u00e9morer ses 110\u00a0ans d\u2019histoire. Des \u00e9v\u00e9nements, pr\u00e9sentations et expositions ont donc eu lieu un peu partout sur la plan\u00e8te pour exposer les produits de la marque au grand public, tout en mettant en valeur son h\u00e9ritage. Un communiqu\u00e9 publi\u00e9 par le constructeur italien le 30\u00a0d\u00e9cembre en donne un petit aper\u00e7u.<\/p>\n<h3><strong>Tokyo, Japon\u00a0: une c\u00e9l\u00e9bration princi\u00e8re<\/strong><\/h3>\n<p>\n\u00c0 Tokyo, Maserati Japon a c\u00e9l\u00e9br\u00e9 le 110e\u00a0anniversaire avec une c\u00e9l\u00e9bration d\u2019envergure organis\u00e9e au luxueux h\u00f4tel Prince, le 1er\u00a0d\u00e9cembre. Ax\u00e9 sur le prestige et le luxe, cet \u00e9v\u00e9nement a \u00e9t\u00e9 mis en valeur par un impressionnant \u00e9ventail de 110\u00a0Maserati r\u00e9unies par des propri\u00e9taires nippons. La nouvelle GT2\u00a0Stradale a eu droit \u00e0 un d\u00e9voilement local anim\u00e9 par Takayuki Kimura, PDG de Maserati Japon, qui a exprim\u00e9 sa fiert\u00e9 de participer \u00e0 cette comm\u00e9moration aux c\u00f4t\u00e9s de nombreux invit\u00e9s de marque.<\/p>\n<p>Les festivit\u00e9s comprenaient un tour panoramique en convoi qui a emmen\u00e9 les participants des rues de Tokyo aux paysages pittoresques de Chiba, cr\u00e9ant pour tous une exp\u00e9rience rien de moins que m\u00e9morable. L&#8217;\u00e9v\u00e9nement s&#8217;est termin\u00e9 par une finale spectaculaire, dont le point culminant a \u00e9t\u00e9 un impressionnant feu d&#8217;artifice.<\/p>\n<h3><strong>Miami, Floride\u00a0: un Gala GT100 sign\u00e9 The\u00a0Collection<\/strong><\/h3>\n<p>\n\u00c0 Miami, le concessionnaire Maserati local, The\u00a0Collection, a organis\u00e9 un gala durant la Semaine du design (<em>Miami Design Week<\/em>) en collaboration avec le Concours\u00a0Club, un complexe de sports motoris\u00e9s et de vill\u00e9giature r\u00e9serv\u00e9 \u00e0 ses membres. Organis\u00e9 le 5 d\u00e9cembre, cet \u00e9v\u00e9nement a r\u00e9uni plus de 100\u00a0clients et membres distingu\u00e9s du Concours\u00a0Club pour une soir\u00e9e teint\u00e9e de luxe, de cr\u00e9ativit\u00e9 et de tradition italienne.<\/p>\n<p>Le communiqu\u00e9 de Maserati rappelle que \u00ab\u00a0les participants ont \u00e9t\u00e9 impressionn\u00e9s par l\u2019exposition des voitures l\u00e9gendaires de Maserati, notamment la 8CTF, la MC20\u00a0Icona, la MC20\u00a0Cielo et la MCXtrema.\u00a0\u00bb Au cours du repas du gala, la GranTurismo 110\u00a0Anniversario \u00e9tait naturellement \u00e0 l\u2019honneur pour rendre hommage \u00e0 l\u2019h\u00e9ritage de la marque.<\/p>\n<h3><strong>S\u00e9oul, Cor\u00e9e du Sud\u00a0: une c\u00e9l\u00e9bration avec l\u2019Ambassadeur d\u2019Italie<\/strong><\/h3>\n<p>\nLe 12 d\u00e9cembre, lors d&#8217;une prestigieuse r\u00e9union organis\u00e9e \u00e0 la R\u00e9sidence de l&#8217;Ambassadeur d&#8217;Italie \u00e0 S\u00e9oul, la capitale cor\u00e9enne, Maserati a accueilli 160\u00a0invit\u00e9s, dont des repr\u00e9sentants des m\u00e9dias et des concessionnaires, pour c\u00e9l\u00e9brer. \u00ab\u00a0L&#8217;\u00e9v\u00e9nement a mis en valeur le riche h\u00e9ritage de Maserati ainsi que son engagement ind\u00e9fectible en faveur de l&#8217;innovation, que le d\u00e9voilement de la GT2 Stradale a renforc\u00e9\u00a0\u00bb, rappelle le constructeur dans son communiqu\u00e9.<\/p>\n<h3><strong>Shanghai et Beijing, Chine\u00a0: on fait les choses en grande<\/strong><\/h3>\n<p>\nEn Chine, deux \u00e9v\u00e9nements organis\u00e9s par Maserati le 8\u00a0d\u00e9cembre, l\u2019un \u00e0 Shanghai et l\u2019autre \u00e0 Beijing, ont permis de r\u00e9unir des membres de l\u2019organisation She\u00a0Power, qui \u0153uvre au d\u00e9veloppement du leadership f\u00e9minin et d\u2019un r\u00e9seautage pour les femmes d\u2019affaires, de m\u00eame que des repr\u00e9sentants de 108\u00a0m\u00e9dias, dont 38\u00a0juges de l\u2019organisation China Car of the Year.<\/p>\n<p>\u00c9tal\u00e9s sur deux jours, ces \u00e9v\u00e9nements comm\u00e9moraient \u00e0 la fois le 110e\u00a0anniversaire de Maserati, mais aussi les 20 ans de pr\u00e9sence de la marque en sol chinois. Un programme \u00e9toff\u00e9 d\u2019activit\u00e9s comprenait notamment un d\u00e9fil\u00e9 de Maserati dans les rues de Shanghai et un spectacle de DEL qui a illumin\u00e9 le ciel de la place Shanghai\u00a0Sinar\u00a0Mas et du port de la ville.<\/p>\n<h3><strong>Mod\u00e8ne, Italie\u00a0: \u00ab\u00a0l\u2019Exp\u00e9rience Trident\u00a0\u00bb<\/strong><\/h3>\n<p>\nToutes ces c\u00e9l\u00e9brations avaient \u00e9t\u00e9 pr\u00e9c\u00e9d\u00e9es par un \u00e9v\u00e9nement de deux jours baptis\u00e9 \u00ab\u00a0L\u2019Exp\u00e9rience Trident\u00a0\u00bb et organis\u00e9 le 30\u00a0novembre \u00e0 Mod\u00e8ne, berceau historique de la marque. On y a accueilli un groupe d&#8217;invit\u00e9s tri\u00e9s sur le volet parmi lesquels se trouvaient, entre autres, des membres du Maserati Italia Club, les petits-enfants d&#8217;Ettore Maserati et la famille Panini, des producteurs de fromage parmesan bien connus qui poss\u00e8de une importante collection de voitures anciennes parmi laquelle on retrouve une vingtaine de Maserati tr\u00e8s pris\u00e9es. L\u2019actrice et chanteuse italienne Matilda De\u00a0Angelis \u00e9tait \u00e9galement pr\u00e9sente.<\/p>\n<p>Le d\u00e9voilement de la GranTurismo 110 Anniversario compte parmi les moments marquants de cet \u00e9v\u00e9nement, tout comme le grand d\u00e9fil\u00e9 qui a mis en vedette 110\u00a0Maserati anciennes et modernes. Le programme comprenait \u00e9galement des visites culturelles enrichissantes et une soir\u00e9e de gala avec d\u00eener princier \u00e0 la c\u00e9l\u00e8bre <a href=\"https:\/\/casamarialuigia.com\/\" target=\"_blank\" rel=\"noopener noreferrer\">Casa Maria Luigia<\/a>, un h\u00f4tel de campagne de Mod\u00e8ne g\u00e9r\u00e9 par le chef prim\u00e9 Massimo Bottura.<\/p>\n<p><em>Photos : Maserati<\/em><\/p>\n<p>Le texte <a rel=\"nofollow\" href=\"https:\/\/annuelauto.ca\/des-passionnes-de-partout-sur-la-planete-celebrent-les-110-ans-de-maserati\/\">Des passionn\u00e9s de partout sur la plan\u00e8te c\u00e9l\u00e8brent les 110 ans de Maserati.<\/a> provient de <a rel=\"nofollow\" href=\"https:\/\/annuelauto.ca\">L&#8217;annuel de l&#8217;automobile &#8211; Actualit\u00e9 automobile<\/a><\/p>\n<p><\/p>\n","protected":false},"excerpt":{"rendered":"<p>Le 1er d\u00e9cembre 1914, Alfieri Maserati s&#8217;associe \u00e0 ses fr\u00e8res Ettore et Ernesto pour fonder la Societa Anonima Officine Alfieri Maserati \u00e0 Bologne, en Italie. Ainsi naquit la marque l\u00e9gendaire qui a c\u00e9l\u00e9br\u00e9 110 ans d\u2019histoire au cours du mois dernier. Parmi les centaines de constructeurs qui ont vu le jour durant les deux premi\u00e8res [&hellip;]<\/p>\n","protected":false},"author":8,"featured_media":186892,"comment_status":"close","ping_status":"closed","sticky":false,"template":"","format":"standard","meta":{"_monsterinsights_skip_tracking":false,"_monsterinsights_sitenote_active":false,"_monsterinsights_sitenote_note":"","_monsterinsights_sitenote_category":0,"footnotes":""},"categories":[101],"tags":[],"yoast_head":"<!-- This site is optimized with the Yoast SEO plugin v23.2 - https:\/\/yoast.com\/wordpress\/plugins\/seo\/ -->\n<title>Des passionn\u00e9s de partout sur la plan\u00e8te c\u00e9l\u00e8brent les 110 ans de Maserati. - CanadaMotorJobs.com<\/title>\n<meta name=\"description\" content=\"Des passionn\u00e9s de partout sur la plan\u00e8te c\u00e9l\u00e8brent les 110 ans de Maserati. - Benoit Charette - Annuel automobile - CanadaMotorJobs.com.\" \/>\n<meta name=\"robots\" content=\"index, follow, max-snippet:-1, max-image-preview:large, max-video-preview:-1\" \/>\n<meta property=\"og:locale\" content=\"fr_CA\" \/>\n<meta property=\"og:type\" content=\"article\" \/>\n<meta property=\"og:title\" content=\"Des passionn\u00e9s de partout sur la plan\u00e8te c\u00e9l\u00e8brent les 110 ans de Maserati. - CanadaMotorJobs.com\" \/>\n<meta property=\"og:description\" content=\"Des passionn\u00e9s de partout sur la plan\u00e8te c\u00e9l\u00e8brent les 110 ans de Maserati. - Benoit Charette - Annuel automobile - CanadaMotorJobs.com.\" \/>\n<meta property=\"og:url\" content=\"https:\/\/news.canadamotorjobs.com\/fr\/des-passionnes-de-partout-sur-la-planete-celebrent-les-110-ans-de-maserati\/\" \/>\n<meta property=\"og:site_name\" content=\"CanadaMotorJobs.com\" \/>\n<meta property=\"article:publisher\" content=\"https:\/\/www.facebook.com\/canadamotorjobs\/\" \/>\n<meta property=\"article:published_time\" content=\"2025-01-01T16:33:05+00:00\" \/>\n<meta property=\"article:modified_time\" content=\"2025-01-01T16:44:16+00:00\" \/>\n<meta property=\"og:image\" content=\"https:\/\/news.canadamotorjobs.com\/wp-content\/uploads\/2025\/01\/Maserati-110e-anniversaire-2.jpg\" \/>\n\t<meta property=\"og:image:width\" content=\"1024\" \/>\n\t<meta property=\"og:image:height\" content=\"683\" \/>\n\t<meta property=\"og:image:type\" content=\"image\/jpeg\" \/>\n<meta name=\"author\" content=\"Benoit Charette\" \/>\n<meta name=\"twitter:card\" content=\"summary_large_image\" \/>\n<meta name=\"twitter:creator\" content=\"@canadamotorjobs\" \/>\n<meta name=\"twitter:site\" content=\"@canadamotorjobs\" \/>\n<meta name=\"twitter:label1\" content=\"\u00c9crit par\" \/>\n\t<meta name=\"twitter:data1\" content=\"Benoit Charette\" \/>\n\t<meta name=\"twitter:label2\" content=\"Estimation du temps de lecture\" \/>\n\t<meta name=\"twitter:data2\" content=\"5 minutes\" \/>\n<!-- \/ Yoast SEO plugin. -->","yoast_head_json":{"title":"Des passionn\u00e9s de partout sur la plan\u00e8te c\u00e9l\u00e8brent les 110 ans de Maserati. - CanadaMotorJobs.com","description":"Des passionn\u00e9s de partout sur la plan\u00e8te c\u00e9l\u00e8brent les 110 ans de Maserati. - Benoit Charette - Annuel automobile - CanadaMotorJobs.com.","robots":{"index":"index","follow":"follow","max-snippet":"max-snippet:-1","max-image-preview":"max-image-preview:large","max-video-preview":"max-video-preview:-1"},"og_locale":"fr_CA","og_type":"article","og_title":"Des passionn\u00e9s de partout sur la plan\u00e8te c\u00e9l\u00e8brent les 110 ans de Maserati. - CanadaMotorJobs.com","og_description":"Des passionn\u00e9s de partout sur la plan\u00e8te c\u00e9l\u00e8brent les 110 ans de Maserati. - Benoit Charette - Annuel automobile - CanadaMotorJobs.com.","og_url":"https:\/\/news.canadamotorjobs.com\/fr\/des-passionnes-de-partout-sur-la-planete-celebrent-les-110-ans-de-maserati\/","og_site_name":"CanadaMotorJobs.com","article_publisher":"https:\/\/www.facebook.com\/canadamotorjobs\/","article_published_time":"2025-01-01T16:33:05+00:00","article_modified_time":"2025-01-01T16:44:16+00:00","og_image":[{"width":1024,"height":683,"url":"https:\/\/news.canadamotorjobs.com\/wp-content\/uploads\/2025\/01\/Maserati-110e-anniversaire-2.jpg","type":"image\/jpeg"}],"author":"Benoit Charette","twitter_card":"summary_large_image","twitter_creator":"@canadamotorjobs","twitter_site":"@canadamotorjobs","twitter_misc":{"\u00c9crit par":"Benoit Charette","Estimation du temps de lecture":"5 minutes"},"schema":{"@context":"https:\/\/schema.org","@graph":[{"@type":"Article","@id":"https:\/\/news.canadamotorjobs.com\/fr\/des-passionnes-de-partout-sur-la-planete-celebrent-les-110-ans-de-maserati\/#article","isPartOf":{"@id":"https:\/\/news.canadamotorjobs.com\/fr\/des-passionnes-de-partout-sur-la-planete-celebrent-les-110-ans-de-maserati\/"},"author":{"name":"Benoit Charette","@id":"https:\/\/news.canadamotorjobs.com\/#\/schema\/person\/51793d1f87d44011d7bcc2ed99269a90"},"headline":"Des passionn\u00e9s de partout sur la plan\u00e8te c\u00e9l\u00e8brent les 110 ans de Maserati.","datePublished":"2025-01-01T16:33:05+00:00","dateModified":"2025-01-01T16:44:16+00:00","mainEntityOfPage":{"@id":"https:\/\/news.canadamotorjobs.com\/fr\/des-passionnes-de-partout-sur-la-planete-celebrent-les-110-ans-de-maserati\/"},"wordCount":1080,"publisher":{"@id":"https:\/\/news.canadamotorjobs.com\/#organization"},"image":{"@id":"https:\/\/news.canadamotorjobs.com\/fr\/des-passionnes-de-partout-sur-la-planete-celebrent-les-110-ans-de-maserati\/#primaryimage"},"thumbnailUrl":"https:\/\/news.canadamotorjobs.com\/wp-content\/uploads\/2025\/01\/Maserati-110e-anniversaire-2.jpg","articleSection":["Annuel automobile"],"inLanguage":"fr-CA"},{"@type":"WebPage","@id":"https:\/\/news.canadamotorjobs.com\/fr\/des-passionnes-de-partout-sur-la-planete-celebrent-les-110-ans-de-maserati\/","url":"https:\/\/news.canadamotorjobs.com\/fr\/des-passionnes-de-partout-sur-la-planete-celebrent-les-110-ans-de-maserati\/","name":"Des passionn\u00e9s de partout sur la plan\u00e8te c\u00e9l\u00e8brent les 110 ans de Maserati. - CanadaMotorJobs.com","isPartOf":{"@id":"https:\/\/news.canadamotorjobs.com\/#website"},"primaryImageOfPage":{"@id":"https:\/\/news.canadamotorjobs.com\/fr\/des-passionnes-de-partout-sur-la-planete-celebrent-les-110-ans-de-maserati\/#primaryimage"},"image":{"@id":"https:\/\/news.canadamotorjobs.com\/fr\/des-passionnes-de-partout-sur-la-planete-celebrent-les-110-ans-de-maserati\/#primaryimage"},"thumbnailUrl":"https:\/\/news.canadamotorjobs.com\/wp-content\/uploads\/2025\/01\/Maserati-110e-anniversaire-2.jpg","datePublished":"2025-01-01T16:33:05+00:00","dateModified":"2025-01-01T16:44:16+00:00","description":"Des passionn\u00e9s de partout sur la plan\u00e8te c\u00e9l\u00e8brent les 110 ans de Maserati. - Benoit Charette - Annuel automobile - CanadaMotorJobs.com.","breadcrumb":{"@id":"https:\/\/news.canadamotorjobs.com\/fr\/des-passionnes-de-partout-sur-la-planete-celebrent-les-110-ans-de-maserati\/#breadcrumb"},"inLanguage":"fr-CA","potentialAction":[{"@type":"ReadAction","target":["https:\/\/news.canadamotorjobs.com\/fr\/des-passionnes-de-partout-sur-la-planete-celebrent-les-110-ans-de-maserati\/"]}]},{"@type":"ImageObject","inLanguage":"fr-CA","@id":"https:\/\/news.canadamotorjobs.com\/fr\/des-passionnes-de-partout-sur-la-planete-celebrent-les-110-ans-de-maserati\/#primaryimage","url":"https:\/\/news.canadamotorjobs.com\/wp-content\/uploads\/2025\/01\/Maserati-110e-anniversaire-2.jpg","contentUrl":"https:\/\/news.canadamotorjobs.com\/wp-content\/uploads\/2025\/01\/Maserati-110e-anniversaire-2.jpg","width":1024,"height":683},{"@type":"BreadcrumbList","@id":"https:\/\/news.canadamotorjobs.com\/fr\/des-passionnes-de-partout-sur-la-planete-celebrent-les-110-ans-de-maserati\/#breadcrumb","itemListElement":[{"@type":"ListItem","position":1,"name":"Home","item":"https:\/\/news.canadamotorjobs.com\/fr\/blog\/"},{"@type":"ListItem","position":2,"name":"Des passionn\u00e9s de partout sur la plan\u00e8te c\u00e9l\u00e8brent les 110 ans de Maserati."}]},{"@type":"WebSite","@id":"https:\/\/news.canadamotorjobs.com\/#website","url":"https:\/\/news.canadamotorjobs.com\/","name":"CanadaMotorJobs.com","description":"Automotive Jobs","publisher":{"@id":"https:\/\/news.canadamotorjobs.com\/#organization"},"potentialAction":[{"@type":"SearchAction","target":{"@type":"EntryPoint","urlTemplate":"https:\/\/news.canadamotorjobs.com\/?s={search_term_string}"},"query-input":"required name=search_term_string"}],"inLanguage":"fr-CA"},{"@type":"Organization","@id":"https:\/\/news.canadamotorjobs.com\/#organization","name":"Canada Motor Jobs","url":"https:\/\/news.canadamotorjobs.com\/","logo":{"@type":"ImageObject","inLanguage":"fr-CA","@id":"https:\/\/news.canadamotorjobs.com\/#\/schema\/logo\/image\/","url":"https:\/\/news.canadamotorjobs.com\/wp-content\/uploads\/2022\/10\/logo-canada-motor-jobs-1.png","contentUrl":"https:\/\/news.canadamotorjobs.com\/wp-content\/uploads\/2022\/10\/logo-canada-motor-jobs-1.png","width":800,"height":400,"caption":"Canada Motor Jobs"},"image":{"@id":"https:\/\/news.canadamotorjobs.com\/#\/schema\/logo\/image\/"},"sameAs":["https:\/\/www.facebook.com\/canadamotorjobs\/","https:\/\/x.com\/canadamotorjobs","https:\/\/www.instagram.com\/canadamotorjobs\/","https:\/\/www.linkedin.com\/company\/canadamotorjobs"]},{"@type":"Person","@id":"https:\/\/news.canadamotorjobs.com\/#\/schema\/person\/51793d1f87d44011d7bcc2ed99269a90","name":"Benoit Charette","image":{"@type":"ImageObject","inLanguage":"fr-CA","@id":"https:\/\/news.canadamotorjobs.com\/#\/schema\/person\/image\/","url":"https:\/\/secure.gravatar.com\/avatar\/45f3d2eebcccd909668d7ce7ea7267b6?s=96&d=mm&r=g","contentUrl":"https:\/\/secure.gravatar.com\/avatar\/45f3d2eebcccd909668d7ce7ea7267b6?s=96&d=mm&r=g","caption":"Benoit Charette"},"description":"Benoit Charette \/ Propri\u00e9taire et r\u00e9dacteur en chef Benoit Charette pratique le journalisme automobile depuis bient\u00f4t 30 ans. Il a fait ses classes au c\u00f4t\u00e9 de Daniel H\u00e9raud et au Carnet de route de 1992 \u00e0 2001. Il est fondateur, copropri\u00e9taire et r\u00e9dacteur en chef de L\u2019Annuel de l\u2019automobile, qu\u2019il publie depuis 2001. Il a anim\u00e9 les \u00e9missions RPM et RPM+ sur V et les L\u00e9gendes de la route sur Historia. \u00c0 la radio depuis 1986, il reprend l\u2019antenne cette ann\u00e9e sur les ondes de Cogeco et participe pour la deuxi\u00e8me ann\u00e9e \u00e0 l\u2019\u00e9mission Passion Auto sur RDS en plus de mettre en ligne le site Web officiel de L\u2019Annuel de l\u2019automobile sur annuelauto.ca.","sameAs":["https:\/\/annuelauto.ca\/"],"url":"https:\/\/news.canadamotorjobs.com\/fr\/author\/benoit-charette\/"}]}},"_links":{"self":[{"href":"https:\/\/news.canadamotorjobs.com\/fr\/wp-json\/wp\/v2\/posts\/186890"}],"collection":[{"href":"https:\/\/news.canadamotorjobs.com\/fr\/wp-json\/wp\/v2\/posts"}],"about":[{"href":"https:\/\/news.canadamotorjobs.com\/fr\/wp-json\/wp\/v2\/types\/post"}],"author":[{"embeddable":true,"href":"https:\/\/news.canadamotorjobs.com\/fr\/wp-json\/wp\/v2\/users\/8"}],"replies":[{"embeddable":true,"href":"https:\/\/news.canadamotorjobs.com\/fr\/wp-json\/wp\/v2\/comments?post=186890"}],"version-history":[{"count":2,"href":"https:\/\/news.canadamotorjobs.com\/fr\/wp-json\/wp\/v2\/posts\/186890\/revisions"}],"predecessor-version":[{"id":186894,"href":"https:\/\/news.canadamotorjobs.com\/fr\/wp-json\/wp\/v2\/posts\/186890\/revisions\/186894"}],"wp:featuredmedia":[{"embeddable":true,"href":"https:\/\/news.canadamotorjobs.com\/fr\/wp-json\/wp\/v2\/media\/186892"}],"wp:attachment":[{"href":"https:\/\/news.canadamotorjobs.com\/fr\/wp-json\/wp\/v2\/media?parent=186890"}],"wp:term":[{"taxonomy":"category","embeddable":true,"href":"https:\/\/news.canadamotorjobs.com\/fr\/wp-json\/wp\/v2\/categories?post=186890"},{"taxonomy":"post_tag","embeddable":true,"href":"https:\/\/news.canadamotorjobs.com\/fr\/wp-json\/wp\/v2\/tags?post=186890"}],"curies":[{"name":"wp","href":"https:\/\/api.w.org\/{rel}","templated":true}]}}