{"id":186863,"date":"2024-12-31T11:58:32","date_gmt":"2024-12-31T16:58:32","guid":{"rendered":"https:\/\/news.canadamotorjobs.com\/?p=186863"},"modified":"2024-12-31T11:58:59","modified_gmt":"2024-12-31T16:58:59","slug":"ford-rappelle-plus-de-20-000-vus-hybrides-pour-un-probleme-de-batterie","status":"publish","type":"post","link":"https:\/\/news.canadamotorjobs.com\/fr\/ford-rappelle-plus-de-20-000-vus-hybrides-pour-un-probleme-de-batterie\/","title":{"rendered":"Ford rappelle plus de 20 000 VUS hybrides pour un probl\u00e8me de batterie"},"content":{"rendered":"<\/p>\n<p>Ford Motor Company a annonc\u00e9 un rappel de <strong>20 484 VUS hybrides<\/strong> en raison de probl\u00e8mes li\u00e9s \u00e0 la batterie haute tension. Ce rappel inclut les <strong>Ford Escape<\/strong> et <strong>Lincoln Corsair<\/strong>, couvrant les mod\u00e8les des ann\u00e9es <strong>2020 \u00e0 2024 aux \u00c9tats-Unis<\/strong>.<\/p>\n<p>Selon l\u2019Administration nationale de la s\u00e9curit\u00e9 routi\u00e8re (NHTSA), un <strong>d\u00e9faut de fabrication<\/strong> dans une ou plusieurs cellules de la batterie haute tension pourrait entra\u00eener un <strong>court-circuit interne<\/strong> et une d\u00e9faillance de la batterie.<\/p>\n<h4><strong>Quels mod\u00e8les sont concern\u00e9s ?<\/strong><\/h4>\n<p>\nLes v\u00e9hicules touch\u00e9s sont :<\/p>\n<ul><\/p>\n<li><strong>Ford Escape hybride<\/strong> (mod\u00e8les 2020-2024)<\/li>\n<p><\/p>\n<li><strong>Lincoln Corsair hybride<\/strong> (mod\u00e8les 2020-2024)<\/li>\n<p>\n<\/ul>\n<p><\/p>\n<h4><strong>Les risques potentiels pour les propri\u00e9taires<\/strong><\/h4>\n<p>\nLe probl\u00e8me pourrait provoquer des interruptions de fonctionnement, augmentant les risques pour la s\u00e9curit\u00e9 des conducteurs et des passagers. Bien que Ford n\u2019ait pas encore signal\u00e9 d\u2019incidents majeurs li\u00e9s \u00e0 ce d\u00e9faut, la prudence reste de mise.<\/p>\n<h4><strong>La solution : une mise \u00e0 jour logicielle et un remplacement si n\u00e9cessaire<\/strong><\/h4>\n<p>\nFord a pris des mesures pour r\u00e9soudre le probl\u00e8me. Les concessionnaires effectueront :<\/p>\n<ol><\/p>\n<li><strong>Une mise \u00e0 jour du logiciel de contr\u00f4le \u00e9nerg\u00e9tique de la batterie<\/strong>.<\/li>\n<p><\/p>\n<li><strong>Un remplacement complet du pack de batteries haute tension<\/strong> si n\u00e9cessaire.<\/li>\n<p>\n<\/ol>\n<p>\nCes r\u00e9parations seront effectu\u00e9es <strong>gratuitement<\/strong> pour les propri\u00e9taires concern\u00e9s. En attendant, surveillez tout <strong>comportement inhabituel<\/strong> de votre v\u00e9hicule, comme des alertes de batterie ou des pertes de puissance.<\/p>\n<h4><strong>Conclusion<\/strong><\/h4>\n<p>\nCe rappel s&#8217;adresse pour le moment \u00e0 des v\u00e9hicules aux \u00c9tats-Unis. Si votre v\u00e9hicule est concern\u00e9, contactez votre concessionnaire d\u00e8s que possible pour prendre rendez-vous. Les rappels au canada devraient suivre bient\u00f4t.<\/p>\n<p>Avec des renseignements de Reuters<\/p>\n<p>Le texte <a rel=\"nofollow\" href=\"https:\/\/annuelauto.ca\/rappel-ford-escape-hybride-lincoln-corsair\/\">Ford rappelle plus de 20 000 VUS hybrides pour un probl\u00e8me de batterie<\/a> provient de <a rel=\"nofollow\" href=\"https:\/\/annuelauto.ca\">L&#8217;annuel de l&#8217;automobile &#8211; Actualit\u00e9 automobile<\/a><\/p>\n<p><\/p>\n","protected":false},"excerpt":{"rendered":"<p>Ford Motor Company a annonc\u00e9 un rappel de 20 484 VUS hybrides en raison de probl\u00e8mes li\u00e9s \u00e0 la batterie haute tension. Ce rappel inclut les Ford Escape et Lincoln Corsair, couvrant les mod\u00e8les des ann\u00e9es 2020 \u00e0 2024 aux \u00c9tats-Unis. Selon l\u2019Administration nationale de la s\u00e9curit\u00e9 routi\u00e8re (NHTSA), un d\u00e9faut de fabrication dans une [&hellip;]<\/p>\n","protected":false},"author":8,"featured_media":186865,"comment_status":"close","ping_status":"closed","sticky":false,"template":"","format":"standard","meta":{"_monsterinsights_skip_tracking":false,"_monsterinsights_sitenote_active":false,"_monsterinsights_sitenote_note":"","_monsterinsights_sitenote_category":0,"footnotes":""},"categories":[101],"tags":[],"yoast_head":"<!-- This site is optimized with the Yoast SEO plugin v23.2 - https:\/\/yoast.com\/wordpress\/plugins\/seo\/ -->\n<title>Ford rappelle plus de 20 000 VUS hybrides pour un probl\u00e8me de batterie - CanadaMotorJobs.com<\/title>\n<meta name=\"description\" content=\"Ford rappelle plus de 20 000 VUS hybrides pour un probl\u00e8me de batterie - Benoit Charette - Annuel automobile - CanadaMotorJobs.com.\" \/>\n<meta name=\"robots\" content=\"index, follow, max-snippet:-1, max-image-preview:large, max-video-preview:-1\" \/>\n<meta property=\"og:locale\" content=\"fr_CA\" \/>\n<meta property=\"og:type\" content=\"article\" \/>\n<meta property=\"og:title\" content=\"Ford rappelle plus de 20 000 VUS hybrides pour un probl\u00e8me de batterie - CanadaMotorJobs.com\" \/>\n<meta property=\"og:description\" content=\"Ford rappelle plus de 20 000 VUS hybrides pour un probl\u00e8me de batterie - Benoit Charette - Annuel automobile - CanadaMotorJobs.com.\" \/>\n<meta property=\"og:url\" content=\"https:\/\/news.canadamotorjobs.com\/fr\/ford-rappelle-plus-de-20-000-vus-hybrides-pour-un-probleme-de-batterie\/\" \/>\n<meta property=\"og:site_name\" content=\"CanadaMotorJobs.com\" \/>\n<meta property=\"article:publisher\" content=\"https:\/\/www.facebook.com\/canadamotorjobs\/\" \/>\n<meta property=\"article:published_time\" content=\"2024-12-31T16:58:32+00:00\" \/>\n<meta property=\"article:modified_time\" content=\"2024-12-31T16:58:59+00:00\" \/>\n<meta property=\"og:image\" content=\"https:\/\/news.canadamotorjobs.com\/wp-content\/uploads\/2024\/12\/Ford-Escape-2024.jpg\" \/>\n\t<meta property=\"og:image:width\" content=\"1920\" \/>\n\t<meta property=\"og:image:height\" content=\"1063\" \/>\n\t<meta property=\"og:image:type\" content=\"image\/jpeg\" \/>\n<meta name=\"author\" content=\"Benoit Charette\" \/>\n<meta name=\"twitter:card\" content=\"summary_large_image\" \/>\n<meta name=\"twitter:creator\" content=\"@canadamotorjobs\" \/>\n<meta name=\"twitter:site\" content=\"@canadamotorjobs\" \/>\n<meta name=\"twitter:label1\" content=\"\u00c9crit par\" \/>\n\t<meta name=\"twitter:data1\" content=\"Benoit Charette\" \/>\n\t<meta name=\"twitter:label2\" content=\"Estimation du temps de lecture\" \/>\n\t<meta name=\"twitter:data2\" content=\"1 minute\" \/>\n<!-- \/ Yoast SEO plugin. -->","yoast_head_json":{"title":"Ford rappelle plus de 20 000 VUS hybrides pour un probl\u00e8me de batterie - CanadaMotorJobs.com","description":"Ford rappelle plus de 20 000 VUS hybrides pour un probl\u00e8me de batterie - Benoit Charette - Annuel automobile - CanadaMotorJobs.com.","robots":{"index":"index","follow":"follow","max-snippet":"max-snippet:-1","max-image-preview":"max-image-preview:large","max-video-preview":"max-video-preview:-1"},"og_locale":"fr_CA","og_type":"article","og_title":"Ford rappelle plus de 20 000 VUS hybrides pour un probl\u00e8me de batterie - CanadaMotorJobs.com","og_description":"Ford rappelle plus de 20 000 VUS hybrides pour un probl\u00e8me de batterie - Benoit Charette - Annuel automobile - CanadaMotorJobs.com.","og_url":"https:\/\/news.canadamotorjobs.com\/fr\/ford-rappelle-plus-de-20-000-vus-hybrides-pour-un-probleme-de-batterie\/","og_site_name":"CanadaMotorJobs.com","article_publisher":"https:\/\/www.facebook.com\/canadamotorjobs\/","article_published_time":"2024-12-31T16:58:32+00:00","article_modified_time":"2024-12-31T16:58:59+00:00","og_image":[{"width":1920,"height":1063,"url":"https:\/\/news.canadamotorjobs.com\/wp-content\/uploads\/2024\/12\/Ford-Escape-2024.jpg","type":"image\/jpeg"}],"author":"Benoit Charette","twitter_card":"summary_large_image","twitter_creator":"@canadamotorjobs","twitter_site":"@canadamotorjobs","twitter_misc":{"\u00c9crit par":"Benoit Charette","Estimation du temps de lecture":"1 minute"},"schema":{"@context":"https:\/\/schema.org","@graph":[{"@type":"Article","@id":"https:\/\/news.canadamotorjobs.com\/fr\/ford-rappelle-plus-de-20-000-vus-hybrides-pour-un-probleme-de-batterie\/#article","isPartOf":{"@id":"https:\/\/news.canadamotorjobs.com\/fr\/ford-rappelle-plus-de-20-000-vus-hybrides-pour-un-probleme-de-batterie\/"},"author":{"name":"Benoit Charette","@id":"https:\/\/news.canadamotorjobs.com\/#\/schema\/person\/51793d1f87d44011d7bcc2ed99269a90"},"headline":"Ford rappelle plus de 20 000 VUS hybrides pour un probl\u00e8me de batterie","datePublished":"2024-12-31T16:58:32+00:00","dateModified":"2024-12-31T16:58:59+00:00","mainEntityOfPage":{"@id":"https:\/\/news.canadamotorjobs.com\/fr\/ford-rappelle-plus-de-20-000-vus-hybrides-pour-un-probleme-de-batterie\/"},"wordCount":312,"publisher":{"@id":"https:\/\/news.canadamotorjobs.com\/#organization"},"image":{"@id":"https:\/\/news.canadamotorjobs.com\/fr\/ford-rappelle-plus-de-20-000-vus-hybrides-pour-un-probleme-de-batterie\/#primaryimage"},"thumbnailUrl":"https:\/\/news.canadamotorjobs.com\/wp-content\/uploads\/2024\/12\/Ford-Escape-2024.jpg","articleSection":["Annuel automobile"],"inLanguage":"fr-CA"},{"@type":"WebPage","@id":"https:\/\/news.canadamotorjobs.com\/fr\/ford-rappelle-plus-de-20-000-vus-hybrides-pour-un-probleme-de-batterie\/","url":"https:\/\/news.canadamotorjobs.com\/fr\/ford-rappelle-plus-de-20-000-vus-hybrides-pour-un-probleme-de-batterie\/","name":"Ford rappelle plus de 20 000 VUS hybrides pour un probl\u00e8me de batterie - CanadaMotorJobs.com","isPartOf":{"@id":"https:\/\/news.canadamotorjobs.com\/#website"},"primaryImageOfPage":{"@id":"https:\/\/news.canadamotorjobs.com\/fr\/ford-rappelle-plus-de-20-000-vus-hybrides-pour-un-probleme-de-batterie\/#primaryimage"},"image":{"@id":"https:\/\/news.canadamotorjobs.com\/fr\/ford-rappelle-plus-de-20-000-vus-hybrides-pour-un-probleme-de-batterie\/#primaryimage"},"thumbnailUrl":"https:\/\/news.canadamotorjobs.com\/wp-content\/uploads\/2024\/12\/Ford-Escape-2024.jpg","datePublished":"2024-12-31T16:58:32+00:00","dateModified":"2024-12-31T16:58:59+00:00","description":"Ford rappelle plus de 20 000 VUS hybrides pour un probl\u00e8me de batterie - Benoit Charette - Annuel automobile - CanadaMotorJobs.com.","breadcrumb":{"@id":"https:\/\/news.canadamotorjobs.com\/fr\/ford-rappelle-plus-de-20-000-vus-hybrides-pour-un-probleme-de-batterie\/#breadcrumb"},"inLanguage":"fr-CA","potentialAction":[{"@type":"ReadAction","target":["https:\/\/news.canadamotorjobs.com\/fr\/ford-rappelle-plus-de-20-000-vus-hybrides-pour-un-probleme-de-batterie\/"]}]},{"@type":"ImageObject","inLanguage":"fr-CA","@id":"https:\/\/news.canadamotorjobs.com\/fr\/ford-rappelle-plus-de-20-000-vus-hybrides-pour-un-probleme-de-batterie\/#primaryimage","url":"https:\/\/news.canadamotorjobs.com\/wp-content\/uploads\/2024\/12\/Ford-Escape-2024.jpg","contentUrl":"https:\/\/news.canadamotorjobs.com\/wp-content\/uploads\/2024\/12\/Ford-Escape-2024.jpg","width":1920,"height":1063},{"@type":"BreadcrumbList","@id":"https:\/\/news.canadamotorjobs.com\/fr\/ford-rappelle-plus-de-20-000-vus-hybrides-pour-un-probleme-de-batterie\/#breadcrumb","itemListElement":[{"@type":"ListItem","position":1,"name":"Home","item":"https:\/\/news.canadamotorjobs.com\/fr\/blog\/"},{"@type":"ListItem","position":2,"name":"Ford rappelle plus de 20 000 VUS hybrides pour un probl\u00e8me de batterie"}]},{"@type":"WebSite","@id":"https:\/\/news.canadamotorjobs.com\/#website","url":"https:\/\/news.canadamotorjobs.com\/","name":"CanadaMotorJobs.com","description":"Automotive Jobs","publisher":{"@id":"https:\/\/news.canadamotorjobs.com\/#organization"},"potentialAction":[{"@type":"SearchAction","target":{"@type":"EntryPoint","urlTemplate":"https:\/\/news.canadamotorjobs.com\/?s={search_term_string}"},"query-input":"required name=search_term_string"}],"inLanguage":"fr-CA"},{"@type":"Organization","@id":"https:\/\/news.canadamotorjobs.com\/#organization","name":"Canada Motor Jobs","url":"https:\/\/news.canadamotorjobs.com\/","logo":{"@type":"ImageObject","inLanguage":"fr-CA","@id":"https:\/\/news.canadamotorjobs.com\/#\/schema\/logo\/image\/","url":"https:\/\/news.canadamotorjobs.com\/wp-content\/uploads\/2022\/10\/logo-canada-motor-jobs-1.png","contentUrl":"https:\/\/news.canadamotorjobs.com\/wp-content\/uploads\/2022\/10\/logo-canada-motor-jobs-1.png","width":800,"height":400,"caption":"Canada Motor Jobs"},"image":{"@id":"https:\/\/news.canadamotorjobs.com\/#\/schema\/logo\/image\/"},"sameAs":["https:\/\/www.facebook.com\/canadamotorjobs\/","https:\/\/x.com\/canadamotorjobs","https:\/\/www.instagram.com\/canadamotorjobs\/","https:\/\/www.linkedin.com\/company\/canadamotorjobs"]},{"@type":"Person","@id":"https:\/\/news.canadamotorjobs.com\/#\/schema\/person\/51793d1f87d44011d7bcc2ed99269a90","name":"Benoit Charette","image":{"@type":"ImageObject","inLanguage":"fr-CA","@id":"https:\/\/news.canadamotorjobs.com\/#\/schema\/person\/image\/","url":"https:\/\/secure.gravatar.com\/avatar\/45f3d2eebcccd909668d7ce7ea7267b6?s=96&d=mm&r=g","contentUrl":"https:\/\/secure.gravatar.com\/avatar\/45f3d2eebcccd909668d7ce7ea7267b6?s=96&d=mm&r=g","caption":"Benoit Charette"},"description":"Benoit Charette \/ Propri\u00e9taire et r\u00e9dacteur en chef Benoit Charette pratique le journalisme automobile depuis bient\u00f4t 30 ans. Il a fait ses classes au c\u00f4t\u00e9 de Daniel H\u00e9raud et au Carnet de route de 1992 \u00e0 2001. Il est fondateur, copropri\u00e9taire et r\u00e9dacteur en chef de L\u2019Annuel de l\u2019automobile, qu\u2019il publie depuis 2001. Il a anim\u00e9 les \u00e9missions RPM et RPM+ sur V et les L\u00e9gendes de la route sur Historia. \u00c0 la radio depuis 1986, il reprend l\u2019antenne cette ann\u00e9e sur les ondes de Cogeco et participe pour la deuxi\u00e8me ann\u00e9e \u00e0 l\u2019\u00e9mission Passion Auto sur RDS en plus de mettre en ligne le site Web officiel de L\u2019Annuel de l\u2019automobile sur annuelauto.ca.","sameAs":["https:\/\/annuelauto.ca\/"],"url":"https:\/\/news.canadamotorjobs.com\/fr\/author\/benoit-charette\/"}]}},"_links":{"self":[{"href":"https:\/\/news.canadamotorjobs.com\/fr\/wp-json\/wp\/v2\/posts\/186863"}],"collection":[{"href":"https:\/\/news.canadamotorjobs.com\/fr\/wp-json\/wp\/v2\/posts"}],"about":[{"href":"https:\/\/news.canadamotorjobs.com\/fr\/wp-json\/wp\/v2\/types\/post"}],"author":[{"embeddable":true,"href":"https:\/\/news.canadamotorjobs.com\/fr\/wp-json\/wp\/v2\/users\/8"}],"replies":[{"embeddable":true,"href":"https:\/\/news.canadamotorjobs.com\/fr\/wp-json\/wp\/v2\/comments?post=186863"}],"version-history":[{"count":2,"href":"https:\/\/news.canadamotorjobs.com\/fr\/wp-json\/wp\/v2\/posts\/186863\/revisions"}],"predecessor-version":[{"id":186867,"href":"https:\/\/news.canadamotorjobs.com\/fr\/wp-json\/wp\/v2\/posts\/186863\/revisions\/186867"}],"wp:featuredmedia":[{"embeddable":true,"href":"https:\/\/news.canadamotorjobs.com\/fr\/wp-json\/wp\/v2\/media\/186865"}],"wp:attachment":[{"href":"https:\/\/news.canadamotorjobs.com\/fr\/wp-json\/wp\/v2\/media?parent=186863"}],"wp:term":[{"taxonomy":"category","embeddable":true,"href":"https:\/\/news.canadamotorjobs.com\/fr\/wp-json\/wp\/v2\/categories?post=186863"},{"taxonomy":"post_tag","embeddable":true,"href":"https:\/\/news.canadamotorjobs.com\/fr\/wp-json\/wp\/v2\/tags?post=186863"}],"curies":[{"name":"wp","href":"https:\/\/api.w.org\/{rel}","templated":true}]}}