{"id":186844,"date":"2024-12-31T10:59:53","date_gmt":"2024-12-31T15:59:53","guid":{"rendered":"https:\/\/news.canadamotorjobs.com\/?p=186844"},"modified":"2024-12-31T11:28:46","modified_gmt":"2024-12-31T16:28:46","slug":"il-y-a-125-ans-la-premiere-auto-roule-a-montreal","status":"publish","type":"post","link":"https:\/\/news.canadamotorjobs.com\/fr\/il-y-a-125-ans-la-premiere-auto-roule-a-montreal\/","title":{"rendered":"Il y a 125\u00a0ans, la premi\u00e8re auto roule \u00e0 Montr\u00e9al"},"content":{"rendered":"<\/p>\n<p>\u00ab\u00a0La voiture sans cheval fait son apparition \u00e0 Montr\u00e9al\u00a0\u00bb. Voil\u00e0 comment <em>La Patrie<\/em> d\u00e9crit l\u2019apparition de la premi\u00e8re automobile \u00e0 Montr\u00e9al dans son \u00e9dition du 22 novembre 1899, il y a 125 ans. Et le conducteur, Ucal-Henri Dandurand (1866-1941), savait qu\u2019il allait causer une v\u00e9ritable commotion.<\/p>\n<p>\u00c2g\u00e9 de 33 ans, ce courtier en immobilier prosp\u00e8re allait conduire pour la premi\u00e8re fois sa rutilante voiture\u00a0: une Waltham \u00e0 moteur \u00e0 vapeur qu\u2019il aurait pay\u00e9 750\u00a0$\u00a0US, une somme consid\u00e9rable alors que le salaire annuel moyen d\u2019un Qu\u00e9b\u00e9cois gravitait entre 250 et 275\u00a0$.<\/p>\n<p>Au cours de l\u2019\u00e9t\u00e9, lui et son fils Henri, 6\u00a0ans, s\u2019\u00e9taient rendus \u00e0 l\u2019usine du constructeur, la New\u00a0England Motor Carriage Company, pour la commander. Une usine aussi grosse que \u00ab\u00a0l\u2019arri\u00e8re-boutique d&#8217;un plombier\u00a0\u00bb, racontera Henri plus tard pour un article publi\u00e9 dans le magazine <em>Perspectives<\/em>, en janvier 1963.<\/p>\n<p>Fond\u00e9e \u00e0 Boston, en f\u00e9vrier 1899, l\u2019entreprise avait relocalis\u00e9 son usine dans la petite ville de Waltham, au Massachusetts, en mai. Aujourd\u2019hui, on qualifierait de jeune pousse ce genre d\u2019entreprise; une entreprise qui cessera ses activit\u00e9s en 1902\u00a0!<\/p>\n<p>Mais Dandurand savait ce qu\u2019il faisait en achetant cette voiture, comme le rappelle son fils dans l\u2019article de <em>Perspectives<\/em>\u00a0: \u00ab\u00a0Homme d\u2019avant-garde, il avait une foi aveugle en la publicit\u00e9 et s&#8217;il devint le premier automobiliste de la m\u00e9tropole, c\u2019\u00e9tait plus par souci d&#8217;attirer l&#8217;attention sur ses affaires que par d\u00e9sir de rouler carrosse.\u00a0\u00bb<\/p>\n<p>En habile homme d\u2019affaires, Dandurand ne fera pas sa ballade \u00ab\u00a0inaugurale\u00a0\u00bb seul. Pour cet \u00e9v\u00e9nement, qu\u2019il a pris soin d\u2019\u00e9bruiter avec l\u2019aide de <em>La Patrie<\/em>, il a donn\u00e9 rendez-vous \u00e0 Raymond Pr\u00e9fontaine, maire de la ville (de 1898 \u00e0 1902), sur la Place d\u2019Armes, un lieu tr\u00e8s passant de ce qui est aujourd\u2019hui le quartier historique du Vieux-Montr\u00e9al, dans l&#8217;arrondissement de Ville-Marie.<\/p>\n<p>Henri Dandurand raconte\u00a0: \u00ab\u00a0Prenant son courage \u00e0 deux mains, le maire Raymond Pr\u00e9fontaine accompagn\u00e9 de mon p\u00e8re, fit le premier voyage dans nos rues, aux acclamations des curieux rassembl\u00e9s devant les boutiques. Le lendemain, les journaux ne parlaient que de l\u2019\u00e9v\u00e9nement.\u00a0\u00bb<\/p>\n<p>On imagine l\u2019excitation du public \u00e0 la vue de cette voiture bruyante et malodorante, rappelle Henri Dandurand, qu\u2019un moteur de 3\u00a0ch pouvait \u00e9lancer \u00e0 \u00ab\u00a0une allure de 2\u00a0minutes au mille, mais sur la route, sa vitesse ordinaire est de 15\u00a0milles \u00e0 l\u2019heure\u00a0\u00bb, selon <em>La Patrie<\/em>.<\/p>\n<p>N\u2019emp\u00eache qu\u2019au bout de quelques mois, la Waltham, qu\u2019il pensait commercialiser \u00e0 Montr\u00e9al, comme en t\u00e9moigne une annonce publi\u00e9 dans le <em>Montreal Star<\/em> en avril 1900, reprend le chemin des \u00c9tats-Unis. Dans une entrevue accord\u00e9e au journaliste Jacques Fortin du <em>Petit Journal<\/em> en avril\u00a01960, Henri Dandurand affirme que son p\u00e8re la jugeait \u00ab\u00a0non satisfaisante\u00a0\u00bb\u00a0!<\/p>\n<p>Plusieurs autres automobiles succ\u00e9deront \u00e0 cette Waltham, notamment un vis-\u00e0-vis De\u00a0Dion-Bouton 1901, une voiture fran\u00e7aise \u00e0 quatre places face-\u00e0-face que l\u2019on peut d\u00e9couvrir au <a href=\"https:\/\/www.chateauramezay.qc.ca\/fr\" target=\"_blank\" rel=\"noopener noreferrer\">mus\u00e9e du Ch\u00e2teau Ramezey, \u00e0 Montr\u00e9al<\/a>.<\/p>\n<p>Pr\u00e9cisons, par ailleurs, que Dandurand n\u2019a pas \u00e9t\u00e9 le premier automobiliste montr\u00e9alais. Dans le magazine <em>Nos racines<\/em> de juillet 1982, Jacques Lacoursl\u00e8re et H\u00e9l\u00e8ne-Andr\u00e9e Bizier affirment que ce titre revient \u00e0 L.-C. Rivard et E.\u00a0Guillet, dont le \u00ab\u00a0deux voitures, des am\u00e9ricaines, ont roul\u00e9 dans la boue au printemps 1898\u00a0\u00bb.<\/p>\n<p>Il n\u2019a pas \u00e9t\u00e9 le premier automobiliste de la Belle Province, non plus. Deux Qu\u00e9b\u00e9cois partagent ce titre\u00a0: George Foote Foss, un forgeron, m\u00e9canicien et r\u00e9parateur de bicyclettes de Sherbrooke, et Henri-Edmond Casgrain, un dentiste de la Ville de Qu\u00e9bec. Le premier a con\u00e7u une voiturette \u00e0 quatre roues anim\u00e9e par un moteur \u00e0 essence qu\u2019il a montr\u00e9 pour la premi\u00e8re fois au printemps 1897, alors que le second a achet\u00e9 une 3-roues \u00e0 essence L\u00e9on\u00a0Boll\u00e9e \u00e0 deux places en tandem avec laquelle lui et son \u00e9pouse se sont d\u00e9plac\u00e9s dans la Ville de Qu\u00e9bec d\u00e8s l\u2019\u00e9t\u00e9 suivant.<\/p>\n<p>D\u00e9cid\u00e9ment, l\u2019histoire est pav\u00e9e de surprises\u00a0!<\/p>\n<p>Bonne et heureuse ann\u00e9e \u00e0 tous les lecteurs d\u2019<em>AnnuelAuto.ca<\/em> et de <em>L\u2019Annuel de l\u2019automobile<\/em>\u00a0!<\/p>\n<p><em>Photo : Ville de Montr\u00e9al et<span class=\"x193iq5w xeuugli x13faqbe x1vvkbs xlh3980 xvmahel x1n0sxbx x1lliihq x1s928wv xhkezso x1gmr53x x1cpjm7i x1fgarty x1943h6x xudqn12 x3x7a5m x6prxxf xvq8zen xo1l8bm xzsf02u\" dir=\"auto\"> Ch\u00e2teau Ramezay\/Site historique de Montr\u00e9al<\/span><br \/>\n<\/em><\/p>\n<p>Le texte <a rel=\"nofollow\" href=\"https:\/\/annuelauto.ca\/il-y-a-125-ans-la-premiere-auto-roule-a-montreal\/\">Il y a 125\u00a0ans, la premi\u00e8re auto roule \u00e0 Montr\u00e9al<\/a> provient de <a rel=\"nofollow\" href=\"https:\/\/annuelauto.ca\">L&#8217;annuel de l&#8217;automobile &#8211; Actualit\u00e9 automobile<\/a><\/p>\n<p><\/p>\n","protected":false},"excerpt":{"rendered":"<p>\u00ab\u00a0La voiture sans cheval fait son apparition \u00e0 Montr\u00e9al\u00a0\u00bb. Voil\u00e0 comment La Patrie d\u00e9crit l\u2019apparition de la premi\u00e8re automobile \u00e0 Montr\u00e9al dans son \u00e9dition du 22 novembre 1899, il y a 125 ans. Et le conducteur, Ucal-Henri Dandurand (1866-1941), savait qu\u2019il allait causer une v\u00e9ritable commotion. \u00c2g\u00e9 de 33 ans, ce courtier en immobilier prosp\u00e8re [&hellip;]<\/p>\n","protected":false},"author":8,"featured_media":186846,"comment_status":"close","ping_status":"closed","sticky":false,"template":"","format":"standard","meta":{"_monsterinsights_skip_tracking":false,"_monsterinsights_sitenote_active":false,"_monsterinsights_sitenote_note":"","_monsterinsights_sitenote_category":0,"footnotes":""},"categories":[101],"tags":[],"yoast_head":"<!-- This site is optimized with the Yoast SEO plugin v23.2 - https:\/\/yoast.com\/wordpress\/plugins\/seo\/ -->\n<title>Il y a 125\u00a0ans, la premi\u00e8re auto roule \u00e0 Montr\u00e9al - CanadaMotorJobs.com<\/title>\n<meta name=\"description\" content=\"Il y a 125\u00a0ans, la premi\u00e8re auto roule \u00e0 Montr\u00e9al - Benoit Charette - Annuel automobile - CanadaMotorJobs.com.\" \/>\n<meta name=\"robots\" content=\"index, follow, max-snippet:-1, max-image-preview:large, max-video-preview:-1\" \/>\n<meta property=\"og:locale\" content=\"fr_CA\" \/>\n<meta property=\"og:type\" content=\"article\" \/>\n<meta property=\"og:title\" content=\"Il y a 125\u00a0ans, la premi\u00e8re auto roule \u00e0 Montr\u00e9al - CanadaMotorJobs.com\" \/>\n<meta property=\"og:description\" content=\"Il y a 125\u00a0ans, la premi\u00e8re auto roule \u00e0 Montr\u00e9al - Benoit Charette - Annuel automobile - CanadaMotorJobs.com.\" \/>\n<meta property=\"og:url\" content=\"https:\/\/news.canadamotorjobs.com\/fr\/il-y-a-125-ans-la-premiere-auto-roule-a-montreal\/\" \/>\n<meta property=\"og:site_name\" content=\"CanadaMotorJobs.com\" \/>\n<meta property=\"article:publisher\" content=\"https:\/\/www.facebook.com\/canadamotorjobs\/\" \/>\n<meta property=\"article:published_time\" content=\"2024-12-31T15:59:53+00:00\" \/>\n<meta property=\"article:modified_time\" content=\"2024-12-31T16:28:46+00:00\" \/>\n<meta property=\"og:image\" content=\"https:\/\/news.canadamotorjobs.com\/wp-content\/uploads\/2024\/12\/p1_3_dandurand_famille_voiture.jpg\" \/>\n\t<meta property=\"og:image:width\" content=\"1024\" \/>\n\t<meta property=\"og:image:height\" content=\"683\" \/>\n\t<meta property=\"og:image:type\" content=\"image\/jpeg\" \/>\n<meta name=\"author\" content=\"Benoit Charette\" \/>\n<meta name=\"twitter:card\" content=\"summary_large_image\" \/>\n<meta name=\"twitter:creator\" content=\"@canadamotorjobs\" \/>\n<meta name=\"twitter:site\" content=\"@canadamotorjobs\" \/>\n<meta name=\"twitter:label1\" content=\"\u00c9crit par\" \/>\n\t<meta name=\"twitter:data1\" content=\"Benoit Charette\" \/>\n\t<meta name=\"twitter:label2\" content=\"Estimation du temps de lecture\" \/>\n\t<meta name=\"twitter:data2\" content=\"4 minutes\" \/>\n<!-- \/ Yoast SEO plugin. -->","yoast_head_json":{"title":"Il y a 125\u00a0ans, la premi\u00e8re auto roule \u00e0 Montr\u00e9al - CanadaMotorJobs.com","description":"Il y a 125\u00a0ans, la premi\u00e8re auto roule \u00e0 Montr\u00e9al - Benoit Charette - Annuel automobile - CanadaMotorJobs.com.","robots":{"index":"index","follow":"follow","max-snippet":"max-snippet:-1","max-image-preview":"max-image-preview:large","max-video-preview":"max-video-preview:-1"},"og_locale":"fr_CA","og_type":"article","og_title":"Il y a 125\u00a0ans, la premi\u00e8re auto roule \u00e0 Montr\u00e9al - CanadaMotorJobs.com","og_description":"Il y a 125\u00a0ans, la premi\u00e8re auto roule \u00e0 Montr\u00e9al - Benoit Charette - Annuel automobile - CanadaMotorJobs.com.","og_url":"https:\/\/news.canadamotorjobs.com\/fr\/il-y-a-125-ans-la-premiere-auto-roule-a-montreal\/","og_site_name":"CanadaMotorJobs.com","article_publisher":"https:\/\/www.facebook.com\/canadamotorjobs\/","article_published_time":"2024-12-31T15:59:53+00:00","article_modified_time":"2024-12-31T16:28:46+00:00","og_image":[{"width":1024,"height":683,"url":"https:\/\/news.canadamotorjobs.com\/wp-content\/uploads\/2024\/12\/p1_3_dandurand_famille_voiture.jpg","type":"image\/jpeg"}],"author":"Benoit Charette","twitter_card":"summary_large_image","twitter_creator":"@canadamotorjobs","twitter_site":"@canadamotorjobs","twitter_misc":{"\u00c9crit par":"Benoit Charette","Estimation du temps de lecture":"4 minutes"},"schema":{"@context":"https:\/\/schema.org","@graph":[{"@type":"Article","@id":"https:\/\/news.canadamotorjobs.com\/fr\/il-y-a-125-ans-la-premiere-auto-roule-a-montreal\/#article","isPartOf":{"@id":"https:\/\/news.canadamotorjobs.com\/fr\/il-y-a-125-ans-la-premiere-auto-roule-a-montreal\/"},"author":{"name":"Benoit Charette","@id":"https:\/\/news.canadamotorjobs.com\/#\/schema\/person\/51793d1f87d44011d7bcc2ed99269a90"},"headline":"Il y a 125\u00a0ans, la premi\u00e8re auto roule \u00e0 Montr\u00e9al","datePublished":"2024-12-31T15:59:53+00:00","dateModified":"2024-12-31T16:28:46+00:00","mainEntityOfPage":{"@id":"https:\/\/news.canadamotorjobs.com\/fr\/il-y-a-125-ans-la-premiere-auto-roule-a-montreal\/"},"wordCount":747,"publisher":{"@id":"https:\/\/news.canadamotorjobs.com\/#organization"},"image":{"@id":"https:\/\/news.canadamotorjobs.com\/fr\/il-y-a-125-ans-la-premiere-auto-roule-a-montreal\/#primaryimage"},"thumbnailUrl":"https:\/\/news.canadamotorjobs.com\/wp-content\/uploads\/2024\/12\/p1_3_dandurand_famille_voiture.jpg","articleSection":["Annuel automobile"],"inLanguage":"fr-CA"},{"@type":"WebPage","@id":"https:\/\/news.canadamotorjobs.com\/fr\/il-y-a-125-ans-la-premiere-auto-roule-a-montreal\/","url":"https:\/\/news.canadamotorjobs.com\/fr\/il-y-a-125-ans-la-premiere-auto-roule-a-montreal\/","name":"Il y a 125\u00a0ans, la premi\u00e8re auto roule \u00e0 Montr\u00e9al - CanadaMotorJobs.com","isPartOf":{"@id":"https:\/\/news.canadamotorjobs.com\/#website"},"primaryImageOfPage":{"@id":"https:\/\/news.canadamotorjobs.com\/fr\/il-y-a-125-ans-la-premiere-auto-roule-a-montreal\/#primaryimage"},"image":{"@id":"https:\/\/news.canadamotorjobs.com\/fr\/il-y-a-125-ans-la-premiere-auto-roule-a-montreal\/#primaryimage"},"thumbnailUrl":"https:\/\/news.canadamotorjobs.com\/wp-content\/uploads\/2024\/12\/p1_3_dandurand_famille_voiture.jpg","datePublished":"2024-12-31T15:59:53+00:00","dateModified":"2024-12-31T16:28:46+00:00","description":"Il y a 125\u00a0ans, la premi\u00e8re auto roule \u00e0 Montr\u00e9al - Benoit Charette - Annuel automobile - CanadaMotorJobs.com.","breadcrumb":{"@id":"https:\/\/news.canadamotorjobs.com\/fr\/il-y-a-125-ans-la-premiere-auto-roule-a-montreal\/#breadcrumb"},"inLanguage":"fr-CA","potentialAction":[{"@type":"ReadAction","target":["https:\/\/news.canadamotorjobs.com\/fr\/il-y-a-125-ans-la-premiere-auto-roule-a-montreal\/"]}]},{"@type":"ImageObject","inLanguage":"fr-CA","@id":"https:\/\/news.canadamotorjobs.com\/fr\/il-y-a-125-ans-la-premiere-auto-roule-a-montreal\/#primaryimage","url":"https:\/\/news.canadamotorjobs.com\/wp-content\/uploads\/2024\/12\/p1_3_dandurand_famille_voiture.jpg","contentUrl":"https:\/\/news.canadamotorjobs.com\/wp-content\/uploads\/2024\/12\/p1_3_dandurand_famille_voiture.jpg","width":1024,"height":683},{"@type":"BreadcrumbList","@id":"https:\/\/news.canadamotorjobs.com\/fr\/il-y-a-125-ans-la-premiere-auto-roule-a-montreal\/#breadcrumb","itemListElement":[{"@type":"ListItem","position":1,"name":"Home","item":"https:\/\/news.canadamotorjobs.com\/fr\/blog\/"},{"@type":"ListItem","position":2,"name":"Il y a 125\u00a0ans, la premi\u00e8re auto roule \u00e0 Montr\u00e9al"}]},{"@type":"WebSite","@id":"https:\/\/news.canadamotorjobs.com\/#website","url":"https:\/\/news.canadamotorjobs.com\/","name":"CanadaMotorJobs.com","description":"Automotive Jobs","publisher":{"@id":"https:\/\/news.canadamotorjobs.com\/#organization"},"potentialAction":[{"@type":"SearchAction","target":{"@type":"EntryPoint","urlTemplate":"https:\/\/news.canadamotorjobs.com\/?s={search_term_string}"},"query-input":"required name=search_term_string"}],"inLanguage":"fr-CA"},{"@type":"Organization","@id":"https:\/\/news.canadamotorjobs.com\/#organization","name":"Canada Motor Jobs","url":"https:\/\/news.canadamotorjobs.com\/","logo":{"@type":"ImageObject","inLanguage":"fr-CA","@id":"https:\/\/news.canadamotorjobs.com\/#\/schema\/logo\/image\/","url":"https:\/\/news.canadamotorjobs.com\/wp-content\/uploads\/2022\/10\/logo-canada-motor-jobs-1.png","contentUrl":"https:\/\/news.canadamotorjobs.com\/wp-content\/uploads\/2022\/10\/logo-canada-motor-jobs-1.png","width":800,"height":400,"caption":"Canada Motor Jobs"},"image":{"@id":"https:\/\/news.canadamotorjobs.com\/#\/schema\/logo\/image\/"},"sameAs":["https:\/\/www.facebook.com\/canadamotorjobs\/","https:\/\/x.com\/canadamotorjobs","https:\/\/www.instagram.com\/canadamotorjobs\/","https:\/\/www.linkedin.com\/company\/canadamotorjobs"]},{"@type":"Person","@id":"https:\/\/news.canadamotorjobs.com\/#\/schema\/person\/51793d1f87d44011d7bcc2ed99269a90","name":"Benoit Charette","image":{"@type":"ImageObject","inLanguage":"fr-CA","@id":"https:\/\/news.canadamotorjobs.com\/#\/schema\/person\/image\/","url":"https:\/\/secure.gravatar.com\/avatar\/45f3d2eebcccd909668d7ce7ea7267b6?s=96&d=mm&r=g","contentUrl":"https:\/\/secure.gravatar.com\/avatar\/45f3d2eebcccd909668d7ce7ea7267b6?s=96&d=mm&r=g","caption":"Benoit Charette"},"description":"Benoit Charette \/ Propri\u00e9taire et r\u00e9dacteur en chef Benoit Charette pratique le journalisme automobile depuis bient\u00f4t 30 ans. Il a fait ses classes au c\u00f4t\u00e9 de Daniel H\u00e9raud et au Carnet de route de 1992 \u00e0 2001. Il est fondateur, copropri\u00e9taire et r\u00e9dacteur en chef de L\u2019Annuel de l\u2019automobile, qu\u2019il publie depuis 2001. Il a anim\u00e9 les \u00e9missions RPM et RPM+ sur V et les L\u00e9gendes de la route sur Historia. \u00c0 la radio depuis 1986, il reprend l\u2019antenne cette ann\u00e9e sur les ondes de Cogeco et participe pour la deuxi\u00e8me ann\u00e9e \u00e0 l\u2019\u00e9mission Passion Auto sur RDS en plus de mettre en ligne le site Web officiel de L\u2019Annuel de l\u2019automobile sur annuelauto.ca.","sameAs":["https:\/\/annuelauto.ca\/"],"url":"https:\/\/news.canadamotorjobs.com\/fr\/author\/benoit-charette\/"}]}},"_links":{"self":[{"href":"https:\/\/news.canadamotorjobs.com\/fr\/wp-json\/wp\/v2\/posts\/186844"}],"collection":[{"href":"https:\/\/news.canadamotorjobs.com\/fr\/wp-json\/wp\/v2\/posts"}],"about":[{"href":"https:\/\/news.canadamotorjobs.com\/fr\/wp-json\/wp\/v2\/types\/post"}],"author":[{"embeddable":true,"href":"https:\/\/news.canadamotorjobs.com\/fr\/wp-json\/wp\/v2\/users\/8"}],"replies":[{"embeddable":true,"href":"https:\/\/news.canadamotorjobs.com\/fr\/wp-json\/wp\/v2\/comments?post=186844"}],"version-history":[{"count":2,"href":"https:\/\/news.canadamotorjobs.com\/fr\/wp-json\/wp\/v2\/posts\/186844\/revisions"}],"predecessor-version":[{"id":186848,"href":"https:\/\/news.canadamotorjobs.com\/fr\/wp-json\/wp\/v2\/posts\/186844\/revisions\/186848"}],"wp:featuredmedia":[{"embeddable":true,"href":"https:\/\/news.canadamotorjobs.com\/fr\/wp-json\/wp\/v2\/media\/186846"}],"wp:attachment":[{"href":"https:\/\/news.canadamotorjobs.com\/fr\/wp-json\/wp\/v2\/media?parent=186844"}],"wp:term":[{"taxonomy":"category","embeddable":true,"href":"https:\/\/news.canadamotorjobs.com\/fr\/wp-json\/wp\/v2\/categories?post=186844"},{"taxonomy":"post_tag","embeddable":true,"href":"https:\/\/news.canadamotorjobs.com\/fr\/wp-json\/wp\/v2\/tags?post=186844"}],"curies":[{"name":"wp","href":"https:\/\/api.w.org\/{rel}","templated":true}]}}