{"id":186795,"date":"2024-12-29T20:21:20","date_gmt":"2024-12-30T01:21:20","guid":{"rendered":"https:\/\/news.canadamotorjobs.com\/?p=186795"},"modified":"2024-12-29T20:43:48","modified_gmt":"2024-12-30T01:43:48","slug":"pas-de-cupra-pour-le-canada","status":"publish","type":"post","link":"https:\/\/news.canadamotorjobs.com\/fr\/pas-de-cupra-pour-le-canada\/","title":{"rendered":"Pas de Cupra pour le Canada"},"content":{"rendered":"<\/p>\n<p>Le Groupe <a href=\"https:\/\/annuelauto.ca\/fuite-donnees-vw-ev-2024\/\" target=\"_blank\" rel=\"noopener noreferrer\">Volkswagen<\/a> pr\u00e9pare le lancement de deux nouvelles marques sur le continent nord-am\u00e9ricain : Scout, qui est sp\u00e9cialis\u00e9e en utilitaires \u00e9lectriques, et l\u2019espagnole <a href=\"https:\/\/annuelauto.ca\/volkswagen-promet-des-ve-a-20-000-e-30-000-pour-2027\/\" target=\"_blank\" rel=\"noopener noreferrer\">Cupra<\/a>. Or, une information obtenue par <em>AnnuelAuto.ca<\/em> nous apprend que cette derni\u00e8re ne sera pas vendue au Canada.<\/p>\n<p>Voil\u00e0 ce que nous a appris la directrice des Communications de Cupra, Cecilia Taieb, dans un \u00e9change de courriels r\u00e9cent. Du coup, elle a contredit toutes les rumeurs diffus\u00e9es dans la presse locale au sujet d\u2019une \u00e9ventuelle commercialisation des produits de cette marque au pays.<\/p>\n<p>Pour comprendre cette d\u00e9cision, il est utile de refaire le fil des \u00e9v\u00e9nements.<\/p>\n<h3><strong>C\u2019est quoi Cupra\u00a0?<\/strong><\/h3>\n<p>\nRappelons d\u2019abord que Cupra, nom issu de la contraction de \u00ab\u00a0CUP\u00a0\u00bb et \u00ab\u00a0RAcing\u00a0\u00bb, est une marque cr\u00e9\u00e9e en 1996 par SEAT\u00a0S.A., la filiale espagnole du groupe Volkswagen. \u00c0 ses d\u00e9buts, cette appellation ne servait qu\u2019\u00e0 d\u00e9signer les versions plus performantes de certains mod\u00e8les de SEAT (acronyme de <em>Sociedad Espa\u00f1ola de Autom\u00f3viles de Turismo<\/em>), l\u2019autre marque de cette filiale.<\/p>\n<p>Puis, en janvier 2018, SEAT\u00a0S.A. fait de Cupra une marque \u00e0 part enti\u00e8re offrant des mod\u00e8les qui se distinguent par un \u00ab\u00a0caract\u00e8re sportif\u00a0\u00bb. Aujourd\u2019hui, ces produits sont vendus en Europe, mais aussi en Am\u00e9rique latine (notamment au Mexique) et en Australie.<\/p>\n<h3><strong>2023 : des \u00e9vocations<\/strong><\/h3>\n<p>\nDepuis 2023, les strat\u00e8ges de Cupra ont l\u2019ambition d\u2019en faire une \u00ab\u00a0marque v\u00e9ritablement mondiale\u00a0\u00bb.<\/p>\n<p>En mars de cette ann\u00e9e-l\u00e0, un communiqu\u00e9 publi\u00e9 lors de la pr\u00e9sentation des r\u00e9sultats financiers de SEAT\u00a0S.A. de 2022 a pour la premi\u00e8re fois \u00e9voqu\u00e9 l\u2019intention du constructeur espagnol de lancer cette marque en Am\u00e9rique du Nord.<\/p>\n<p>Plus tard, en septembre, au Salon\u00a0IAA de Munich, le Britannique Wayne Griffiths, PDG de SEAT S.A, a rench\u00e9ri sur le r\u00e9seau social <em>LinkedIn<\/em> en affirmant\u00a0: \u00ab\u00a0les plans progressent dans une bonne direction et je suis convaincu que nous avons la bonne strat\u00e9gie pour faire de Cupra une success-story am\u00e9ricaine\u00a0\u00bb.<\/p>\n<h3><strong>2024 : la confirmation<\/strong><\/h3>\n<p>\nLors de la pr\u00e9sentation des r\u00e9sultats financiers de 2023, en mars dernier, M.\u00a0Griffiths annonce formellement que les produits de marque Cupra seront vendus dans le pays de l\u2019Oncle\u00a0Sam.<\/p>\n<p>D\u2019apr\u00e8s le patron de la marque, Cupra fera ses d\u00e9buts en sol \u00e9tatsunien avant la fin de la d\u00e9cennie avec deux mod\u00e8les\u00a0: une version \u00e9lectrique de l\u2019utilitaire Formentor, un mod\u00e8le comparable \u00e0 un <a href=\"https:\/\/annuelauto.ca\/le-prochain-mazda-cx-5-sera-un-modele-hybride\/\" target=\"_blank\" rel=\"noopener noreferrer\">Mazda\u00a0CX-5<\/a>, et un autre utilitaire \u00e9lectrique en devenir qui sera plus gros. Il ajoute que ce dernier sera assembl\u00e9 dans une des usines nord-am\u00e9ricaines du groupe Volkswagen, en \u00e9voquant celles du Mexique. Laquelle\u00a0? \u00c7a reste \u00e0 voir puisque la marque Volkswagen a une de ses plus grandes usines \u00e0 Puebla, au sud-est de Mexico, alors qu\u2019Audi en a une \u00e0 San\u00a0Jos\u00e9\u00a0Chiapa, non loin de Puebla.<\/p>\n<p>Il pr\u00e9cise enfin que ces v\u00e9hicules seront vendus avec \u00ab\u00a0un nouveau mod\u00e8le de distribution\u00a0\u00bb d\u2019abord dans certains \u00c9tats de la c\u00f4te est et de la c\u00f4te ouest, ainsi que dans les \u00c9tats de la <em>Sun Belt<\/em>.<\/p>\n<h3><strong>Visite surprise \u00e0 Los Angeles<\/strong><\/h3>\n<p>\n\u00c0 la fin du mois de novembre, dans la foul\u00e9e du Salon de l\u2019auto de Los\u00a0Angeles, Wayne Griffiths et son \u00e9tat-major pr\u00e9sentent leur projet et certains mod\u00e8les Cupra \u00e0 des concessionnaires, des partenaires d\u2019affaires et quelques repr\u00e9sentants de la presse \u00e9tatsunienne.<\/p>\n<p>\u00c0 cette occasion, il \u00e9crit dans sa page <em>LinkedIn<\/em>\u00a0: \u00ab\u00a0Les \u00c9tats-Unis sont le march\u00e9 automobile le plus diversifi\u00e9 et le plus dynamique au monde, et nous pensons qu&#8217;il y a une place pour une marque comme Cupra, qui remet en question les id\u00e9es re\u00e7ues et se connecte aux conducteurs non conformistes qui recherchent quelque chose de diff\u00e9rent.\u00a0\u00bb<\/p>\n<h3><strong>Penske, un \u00e9ventuel partenaire<\/strong><\/h3>\n<p>\nSon s\u00e9jour californien est \u00e9galement un pr\u00e9texte pour pr\u00e9senter Bernhard Bauer, l\u2019ancien patron de SEAT-Cupra Allemagne, qui devient directeur g\u00e9n\u00e9ral d\u2019une nouvelle entit\u00e9 baptis\u00e9e Cupra\u00a0USA. Il annonce aussi son entreprise a entam\u00e9 des discussions avec Penske Automotive Group (PAG) pour assurer la vente et la r\u00e9paration des produits Cupra par le biais de son r\u00e9seau de concessionnaires.<\/p>\n<p>PAG est des plus grands regroupements de concessionnaires aux \u00c9tats-Unis. Dans son palmar\u00e8s 2024, l\u2019hebdomadaire de D\u00e9troit <em>Automotive News<\/em> le classe au troisi\u00e8me rang, avec ses 318\u00a0concessions ayant un volume de ventes annuel fr\u00f4lant les 600\u00a0000\u00a0v\u00e9hicules. Cette multinationale a \u00e9galement des concessions au Royaume-Uni, en Espagne, en Allemagne, en Italie, au Japon, en Australie. Elle en a m\u00eame quelques-unes au Canada.<\/p>\n<h3><strong>Au Canada aussi, naturellement<\/strong><\/h3>\n<p>\nIl n\u2019en fallait pas plus pour que la presse automobile canadienne s&#8217;empare de la nouvelle et se mette \u00e0 sp\u00e9culer (votre humble serviteur inclus) sur une \u00e9ventuelle commercialisation des produits Cupra sur notre march\u00e9.<\/p>\n<p>Voil\u00e0 pourquoi nous avons communiqu\u00e9 une premi\u00e8re fois avec la direction de Cupra, il y a quelques mois, pour confirmer la venue de la marque au pays. Mais le constructeur a fait la sourde oreille.<\/p>\n<p>En d\u00e9cembre, une seconde tentative a \u00e9t\u00e9 plus fructueuse. La r\u00e9ponse de Mme\u00a0Taieb \u00e0 cette interrogation est br\u00e8ve, mais sans ambigu\u00eft\u00e9\u00a0: \u00ab\u00a0Malheureusement, nous ne pr\u00e9voyons pas d\u2019entrer sur le march\u00e9 canadien pour le moment.\u00a0\u00bb Aucune explication n\u2019accompagne son message.<\/p>\n<h3><strong>Une d\u00e9cision logique<\/strong><\/h3>\n<p>\nEn y regardant de plus pr\u00e8s, cette d\u00e9cision para\u00eet logique. En 2023, SEAT S.A. a livr\u00e9 519\u00a0200\u00a0v\u00e9hicules \u00e0 la grandeur de la plan\u00e8te\u00a0: 230\u00a0700 Cupra et 288\u00a0400\u00a0SEAT. Pour un constructeur, c\u2019est peu.<\/p>\n<p>Aucune de ces deux marques espagnoles n\u2019a r\u00e9ussi \u00e0 \u00e9galer les ventes r\u00e9alis\u00e9es par la marque Mini de BMW en 2023, soit 295\u00a0474 v\u00e9hicules. Et ce chiffre, qui n\u2019a rien d\u2019\u00e9clatant, place Mini \u00e0 peu pr\u00e8s au 50e rang des marques sur l\u2019\u00e9chiquier mondial.<\/p>\n<p>D\u2019ailleurs, parions que les grands patrons du groupe Volkswagen souhaiteraient voir Cupra se d\u00e9velopper aux \u00c9tats-Unis comme Audi (228\u00a0500 v\u00e9hicules vendus en 2023) et non comme Mini (33\u00a0497 ventes l\u2019an dernier).<\/p>\n<p>Mais, quel que soit le sc\u00e9nario qu\u2019\u00e9chafaudent les strat\u00e8ges de la marque, on est encore loin de la coupe aux l\u00e8vres. Au cours des cinq prochaines ann\u00e9es, afin de satisfaire la client\u00e8le \u00e9tatsunienne cibl\u00e9e, SEAT\u00a0S.A. devra hausser sa capacit\u00e9 de production, \u00e9tablir un r\u00e9seau de d\u00e9taillants (que ce soit avec PAG ou autrement) et faire conna\u00eetre une marque toute jeune qui est totalement inconnue sur ce continent. Une t\u00e2che titanesque\u00a0!<\/p>\n<h3><strong>Alors, et le Canada dans tout cela ?<\/strong><\/h3>\n<p>\nDes d\u00e9marches similaires seraient n\u00e9cessaires pour \u00e9tablir Cupra au Canada, mais le potentiel commercial est moindre. \u00c0 titre de comparaison, en 2023, les Canadiens ont achet\u00e9 35\u00a0076 Audi et 4\u00a0415 Mini.<\/p>\n<p>De plus, m\u00eame si le partenariat avec PAG se concr\u00e9tise au sud la fronti\u00e8re, il ne pourra pas \u00eatre reproduit chez nous. La dizaine de concessions que poss\u00e8de ce groupe au Canada sont toutes en Ontario et elle affichent une banni\u00e8re commune\u00a0: Premier Truck Group. Ce sont des sp\u00e9cialises de la vente et la r\u00e9paration de camions poids moyen et poids lourd.<\/p>\n<p>On n\u2019est pas pr\u00eat de conduire des Cupra au Canada.<\/p>\n<p><em>Photos : SEAT<\/em><\/p>\n<p>Le texte <a rel=\"nofollow\" href=\"https:\/\/annuelauto.ca\/pas-de-cupra-pour-le-canada\/\">Pas de Cupra pour le Canada<\/a> provient de <a rel=\"nofollow\" href=\"https:\/\/annuelauto.ca\">L&#8217;annuel de l&#8217;automobile &#8211; Actualit\u00e9 automobile<\/a><\/p>\n<p><\/p>\n","protected":false},"excerpt":{"rendered":"<p>Le Groupe Volkswagen pr\u00e9pare le lancement de deux nouvelles marques sur le continent nord-am\u00e9ricain : Scout, qui est sp\u00e9cialis\u00e9e en utilitaires \u00e9lectriques, et l\u2019espagnole Cupra. Or, une information obtenue par AnnuelAuto.ca nous apprend que cette derni\u00e8re ne sera pas vendue au Canada. Voil\u00e0 ce que nous a appris la directrice des Communications de Cupra, Cecilia [&hellip;]<\/p>\n","protected":false},"author":8,"featured_media":186797,"comment_status":"close","ping_status":"closed","sticky":false,"template":"","format":"standard","meta":{"_monsterinsights_skip_tracking":false,"_monsterinsights_sitenote_active":false,"_monsterinsights_sitenote_note":"","_monsterinsights_sitenote_category":0,"footnotes":""},"categories":[101],"tags":[],"yoast_head":"<!-- This site is optimized with the Yoast SEO plugin v23.2 - https:\/\/yoast.com\/wordpress\/plugins\/seo\/ -->\n<title>Pas de Cupra pour le Canada - CanadaMotorJobs.com<\/title>\n<meta name=\"description\" content=\"Pas de Cupra pour le Canada - Benoit Charette - Annuel automobile - CanadaMotorJobs.com.\" \/>\n<meta name=\"robots\" content=\"index, follow, max-snippet:-1, max-image-preview:large, max-video-preview:-1\" \/>\n<meta property=\"og:locale\" content=\"fr_CA\" \/>\n<meta property=\"og:type\" content=\"article\" \/>\n<meta property=\"og:title\" content=\"Pas de Cupra pour le Canada - CanadaMotorJobs.com\" \/>\n<meta property=\"og:description\" content=\"Pas de Cupra pour le Canada - Benoit Charette - Annuel automobile - CanadaMotorJobs.com.\" \/>\n<meta property=\"og:url\" content=\"https:\/\/news.canadamotorjobs.com\/fr\/pas-de-cupra-pour-le-canada\/\" \/>\n<meta property=\"og:site_name\" content=\"CanadaMotorJobs.com\" \/>\n<meta property=\"article:publisher\" content=\"https:\/\/www.facebook.com\/canadamotorjobs\/\" \/>\n<meta property=\"article:published_time\" content=\"2024-12-30T01:21:20+00:00\" \/>\n<meta property=\"article:modified_time\" content=\"2024-12-30T01:43:48+00:00\" \/>\n<meta property=\"og:image\" content=\"https:\/\/news.canadamotorjobs.com\/wp-content\/uploads\/2024\/12\/Cupra-logo-1.jpg\" \/>\n\t<meta property=\"og:image:width\" content=\"1024\" \/>\n\t<meta property=\"og:image:height\" content=\"683\" \/>\n\t<meta property=\"og:image:type\" content=\"image\/jpeg\" \/>\n<meta name=\"author\" content=\"Benoit Charette\" \/>\n<meta name=\"twitter:card\" content=\"summary_large_image\" \/>\n<meta name=\"twitter:creator\" content=\"@canadamotorjobs\" \/>\n<meta name=\"twitter:site\" content=\"@canadamotorjobs\" \/>\n<meta name=\"twitter:label1\" content=\"\u00c9crit par\" \/>\n\t<meta name=\"twitter:data1\" content=\"Benoit Charette\" \/>\n\t<meta name=\"twitter:label2\" content=\"Estimation du temps de lecture\" \/>\n\t<meta name=\"twitter:data2\" content=\"6 minutes\" \/>\n<!-- \/ Yoast SEO plugin. -->","yoast_head_json":{"title":"Pas de Cupra pour le Canada - CanadaMotorJobs.com","description":"Pas de Cupra pour le Canada - Benoit Charette - Annuel automobile - CanadaMotorJobs.com.","robots":{"index":"index","follow":"follow","max-snippet":"max-snippet:-1","max-image-preview":"max-image-preview:large","max-video-preview":"max-video-preview:-1"},"og_locale":"fr_CA","og_type":"article","og_title":"Pas de Cupra pour le Canada - CanadaMotorJobs.com","og_description":"Pas de Cupra pour le Canada - Benoit Charette - Annuel automobile - CanadaMotorJobs.com.","og_url":"https:\/\/news.canadamotorjobs.com\/fr\/pas-de-cupra-pour-le-canada\/","og_site_name":"CanadaMotorJobs.com","article_publisher":"https:\/\/www.facebook.com\/canadamotorjobs\/","article_published_time":"2024-12-30T01:21:20+00:00","article_modified_time":"2024-12-30T01:43:48+00:00","og_image":[{"width":1024,"height":683,"url":"https:\/\/news.canadamotorjobs.com\/wp-content\/uploads\/2024\/12\/Cupra-logo-1.jpg","type":"image\/jpeg"}],"author":"Benoit Charette","twitter_card":"summary_large_image","twitter_creator":"@canadamotorjobs","twitter_site":"@canadamotorjobs","twitter_misc":{"\u00c9crit par":"Benoit Charette","Estimation du temps de lecture":"6 minutes"},"schema":{"@context":"https:\/\/schema.org","@graph":[{"@type":"Article","@id":"https:\/\/news.canadamotorjobs.com\/fr\/pas-de-cupra-pour-le-canada\/#article","isPartOf":{"@id":"https:\/\/news.canadamotorjobs.com\/fr\/pas-de-cupra-pour-le-canada\/"},"author":{"name":"Benoit Charette","@id":"https:\/\/news.canadamotorjobs.com\/#\/schema\/person\/51793d1f87d44011d7bcc2ed99269a90"},"headline":"Pas de Cupra pour le Canada","datePublished":"2024-12-30T01:21:20+00:00","dateModified":"2024-12-30T01:43:48+00:00","mainEntityOfPage":{"@id":"https:\/\/news.canadamotorjobs.com\/fr\/pas-de-cupra-pour-le-canada\/"},"wordCount":1245,"publisher":{"@id":"https:\/\/news.canadamotorjobs.com\/#organization"},"image":{"@id":"https:\/\/news.canadamotorjobs.com\/fr\/pas-de-cupra-pour-le-canada\/#primaryimage"},"thumbnailUrl":"https:\/\/news.canadamotorjobs.com\/wp-content\/uploads\/2024\/12\/Cupra-logo-1.jpg","articleSection":["Annuel automobile"],"inLanguage":"fr-CA"},{"@type":"WebPage","@id":"https:\/\/news.canadamotorjobs.com\/fr\/pas-de-cupra-pour-le-canada\/","url":"https:\/\/news.canadamotorjobs.com\/fr\/pas-de-cupra-pour-le-canada\/","name":"Pas de Cupra pour le Canada - CanadaMotorJobs.com","isPartOf":{"@id":"https:\/\/news.canadamotorjobs.com\/#website"},"primaryImageOfPage":{"@id":"https:\/\/news.canadamotorjobs.com\/fr\/pas-de-cupra-pour-le-canada\/#primaryimage"},"image":{"@id":"https:\/\/news.canadamotorjobs.com\/fr\/pas-de-cupra-pour-le-canada\/#primaryimage"},"thumbnailUrl":"https:\/\/news.canadamotorjobs.com\/wp-content\/uploads\/2024\/12\/Cupra-logo-1.jpg","datePublished":"2024-12-30T01:21:20+00:00","dateModified":"2024-12-30T01:43:48+00:00","description":"Pas de Cupra pour le Canada - Benoit Charette - Annuel automobile - CanadaMotorJobs.com.","breadcrumb":{"@id":"https:\/\/news.canadamotorjobs.com\/fr\/pas-de-cupra-pour-le-canada\/#breadcrumb"},"inLanguage":"fr-CA","potentialAction":[{"@type":"ReadAction","target":["https:\/\/news.canadamotorjobs.com\/fr\/pas-de-cupra-pour-le-canada\/"]}]},{"@type":"ImageObject","inLanguage":"fr-CA","@id":"https:\/\/news.canadamotorjobs.com\/fr\/pas-de-cupra-pour-le-canada\/#primaryimage","url":"https:\/\/news.canadamotorjobs.com\/wp-content\/uploads\/2024\/12\/Cupra-logo-1.jpg","contentUrl":"https:\/\/news.canadamotorjobs.com\/wp-content\/uploads\/2024\/12\/Cupra-logo-1.jpg","width":1024,"height":683},{"@type":"BreadcrumbList","@id":"https:\/\/news.canadamotorjobs.com\/fr\/pas-de-cupra-pour-le-canada\/#breadcrumb","itemListElement":[{"@type":"ListItem","position":1,"name":"Home","item":"https:\/\/news.canadamotorjobs.com\/fr\/blog\/"},{"@type":"ListItem","position":2,"name":"Pas de Cupra pour le Canada"}]},{"@type":"WebSite","@id":"https:\/\/news.canadamotorjobs.com\/#website","url":"https:\/\/news.canadamotorjobs.com\/","name":"CanadaMotorJobs.com","description":"Automotive Jobs","publisher":{"@id":"https:\/\/news.canadamotorjobs.com\/#organization"},"potentialAction":[{"@type":"SearchAction","target":{"@type":"EntryPoint","urlTemplate":"https:\/\/news.canadamotorjobs.com\/?s={search_term_string}"},"query-input":"required name=search_term_string"}],"inLanguage":"fr-CA"},{"@type":"Organization","@id":"https:\/\/news.canadamotorjobs.com\/#organization","name":"Canada Motor Jobs","url":"https:\/\/news.canadamotorjobs.com\/","logo":{"@type":"ImageObject","inLanguage":"fr-CA","@id":"https:\/\/news.canadamotorjobs.com\/#\/schema\/logo\/image\/","url":"https:\/\/news.canadamotorjobs.com\/wp-content\/uploads\/2022\/10\/logo-canada-motor-jobs-1.png","contentUrl":"https:\/\/news.canadamotorjobs.com\/wp-content\/uploads\/2022\/10\/logo-canada-motor-jobs-1.png","width":800,"height":400,"caption":"Canada Motor Jobs"},"image":{"@id":"https:\/\/news.canadamotorjobs.com\/#\/schema\/logo\/image\/"},"sameAs":["https:\/\/www.facebook.com\/canadamotorjobs\/","https:\/\/x.com\/canadamotorjobs","https:\/\/www.instagram.com\/canadamotorjobs\/","https:\/\/www.linkedin.com\/company\/canadamotorjobs"]},{"@type":"Person","@id":"https:\/\/news.canadamotorjobs.com\/#\/schema\/person\/51793d1f87d44011d7bcc2ed99269a90","name":"Benoit Charette","image":{"@type":"ImageObject","inLanguage":"fr-CA","@id":"https:\/\/news.canadamotorjobs.com\/#\/schema\/person\/image\/","url":"https:\/\/secure.gravatar.com\/avatar\/45f3d2eebcccd909668d7ce7ea7267b6?s=96&d=mm&r=g","contentUrl":"https:\/\/secure.gravatar.com\/avatar\/45f3d2eebcccd909668d7ce7ea7267b6?s=96&d=mm&r=g","caption":"Benoit Charette"},"description":"Benoit Charette \/ Propri\u00e9taire et r\u00e9dacteur en chef Benoit Charette pratique le journalisme automobile depuis bient\u00f4t 30 ans. Il a fait ses classes au c\u00f4t\u00e9 de Daniel H\u00e9raud et au Carnet de route de 1992 \u00e0 2001. Il est fondateur, copropri\u00e9taire et r\u00e9dacteur en chef de L\u2019Annuel de l\u2019automobile, qu\u2019il publie depuis 2001. Il a anim\u00e9 les \u00e9missions RPM et RPM+ sur V et les L\u00e9gendes de la route sur Historia. \u00c0 la radio depuis 1986, il reprend l\u2019antenne cette ann\u00e9e sur les ondes de Cogeco et participe pour la deuxi\u00e8me ann\u00e9e \u00e0 l\u2019\u00e9mission Passion Auto sur RDS en plus de mettre en ligne le site Web officiel de L\u2019Annuel de l\u2019automobile sur annuelauto.ca.","sameAs":["https:\/\/annuelauto.ca\/"],"url":"https:\/\/news.canadamotorjobs.com\/fr\/author\/benoit-charette\/"}]}},"_links":{"self":[{"href":"https:\/\/news.canadamotorjobs.com\/fr\/wp-json\/wp\/v2\/posts\/186795"}],"collection":[{"href":"https:\/\/news.canadamotorjobs.com\/fr\/wp-json\/wp\/v2\/posts"}],"about":[{"href":"https:\/\/news.canadamotorjobs.com\/fr\/wp-json\/wp\/v2\/types\/post"}],"author":[{"embeddable":true,"href":"https:\/\/news.canadamotorjobs.com\/fr\/wp-json\/wp\/v2\/users\/8"}],"replies":[{"embeddable":true,"href":"https:\/\/news.canadamotorjobs.com\/fr\/wp-json\/wp\/v2\/comments?post=186795"}],"version-history":[{"count":2,"href":"https:\/\/news.canadamotorjobs.com\/fr\/wp-json\/wp\/v2\/posts\/186795\/revisions"}],"predecessor-version":[{"id":186799,"href":"https:\/\/news.canadamotorjobs.com\/fr\/wp-json\/wp\/v2\/posts\/186795\/revisions\/186799"}],"wp:featuredmedia":[{"embeddable":true,"href":"https:\/\/news.canadamotorjobs.com\/fr\/wp-json\/wp\/v2\/media\/186797"}],"wp:attachment":[{"href":"https:\/\/news.canadamotorjobs.com\/fr\/wp-json\/wp\/v2\/media?parent=186795"}],"wp:term":[{"taxonomy":"category","embeddable":true,"href":"https:\/\/news.canadamotorjobs.com\/fr\/wp-json\/wp\/v2\/categories?post=186795"},{"taxonomy":"post_tag","embeddable":true,"href":"https:\/\/news.canadamotorjobs.com\/fr\/wp-json\/wp\/v2\/tags?post=186795"}],"curies":[{"name":"wp","href":"https:\/\/api.w.org\/{rel}","templated":true}]}}