{"id":186744,"date":"2024-12-29T02:24:24","date_gmt":"2024-12-29T07:24:24","guid":{"rendered":"https:\/\/news.canadamotorjobs.com\/?p=186744"},"modified":"2024-12-29T02:30:16","modified_gmt":"2024-12-29T07:30:16","slug":"subaru-lancera-le-forester-hybrid-au-canada-en-2025-un-an-plus-tot-que-prevu","status":"publish","type":"post","link":"https:\/\/news.canadamotorjobs.com\/fr\/subaru-lancera-le-forester-hybrid-au-canada-en-2025-un-an-plus-tot-que-prevu\/","title":{"rendered":"Subaru lancera le Forester Hybrid au Canada en 2025, un an plus t\u00f4t que pr\u00e9vu"},"content":{"rendered":"<\/p>\n<p>Autre signe du mouvement de balancier qui, au moins \u00e0 court terme, s\u2019\u00e9loigne des v\u00e9hicules tout \u00e9lectriques au profit des mod\u00e8les hybrides dans le paysage automobile, Subaru Canada commercialisera la Forester hybride un an plus t\u00f4t que pr\u00e9vu, donc pour l\u2019ann\u00e9e-mod\u00e8le 2025. Les livraisons aux \u00c9tats-Unis devraient commencer au d\u00e9but de l\u2019\u00e9t\u00e9 prochain ; il n\u2019y a pas encore d\u2019\u00e9ch\u00e9ancier pour le Canada.<\/p>\n<p><\/p>\n<figure><img decoding=\"async\" src=\"https:\/\/news.canadamotorjobs.com\/wp-content\/uploads\/2024\/12\/2023-subaru-solterra_22-5.jpg\" alt=\"Le Subaru Solterra 2024\" \/><figcaption>Le Subaru Solterra 2024 | Auto123.com<\/figcaption><\/figure>\n<p><strong>Le Solterra quitte<\/strong><\/p>\n<p>Parall\u00e8lement, selon ce que rapporte le site Driving.ca, la division canadienne du constructeur japonais aurait d\u00e9cid\u00e9 de ne pas commercialiser le Solterra EV 2025. Subaru Canada vendra les stocks restants de mod\u00e8les 2024, mais ce sera tout, du moins pour l\u2019instant.<\/p>\n<p>Subaru Canada a en effet vendu plus de Solterra que jamais auparavant en 2024, mais la l\u00e9g\u00e8re augmentation enregistr\u00e9e par rapport \u00e0 2023 (1616 unit\u00e9s du premier janvier au 30 septembre 2024, contre 1376 au cours des trois premiers trimestres de 2023) n\u2019a pas suffi \u00e0 convaincre le constructeur de poursuivre l\u2019aventure. Il faut dire que les consommateurs canadiens ont achet\u00e9 beaucoup moins de Solterra que de Toyota bZ4X, le cousin du mod\u00e8le.<\/p>\n<p>Aux \u00c9tats-Unis, Subaru a annonc\u00e9 l\u2019\u00e9dition 2025 du Solterra, avec une r\u00e9duction de prix substantielle.<\/p>\n<p><\/p>\n<figure><img decoding=\"async\" src=\"https:\/\/news.canadamotorjobs.com\/wp-content\/uploads\/2024\/12\/Subaru-Forester-2025-13-1.jpg\" alt=\"Le Subaru Forester 2025\" \/><figcaption>Le Subaru Forester 2025 | Auto123.com<\/figcaption><\/figure>\n<p><strong>Le Forester hybride arrive<\/strong><\/p>\n<p>En ce qui concerne le Forester, la nouvelle configuration hybride devrait arriver sur le march\u00e9 \u00e0 la mi-2025. Il s\u2019agira du premier mod\u00e8le hybride de la marque en Am\u00e9rique du Nord depuis le d\u00e9part du Crosstrek hybride en 2023. Le Forester hybride sera bas\u00e9 sur le nouveau Forester de sixi\u00e8me g\u00e9n\u00e9ration qui a fait ses d\u00e9buts plus t\u00f4t en 2024.<\/p>\n<p>On s\u2019attend \u00e0 ce que le Forester hybride soit con\u00e7u \u00e0 partir d\u2019une nouvelle configuration du groupe motopropulseur Subaru Strong Hybrid, dont les composants \u00e9lectriques auraient \u00e9t\u00e9 emprunt\u00e9s \u00e0 Toyota. Le groupe motopropulseur, d\u00e9j\u00e0 utilis\u00e9 avec le Crosstrek hybride vendu au Japon, comprendra le fid\u00e8le moteur 4-cylindres \u00e0 plat de 2,5 litres de Subaru, associ\u00e9 \u00e0 un moteur \u00e9lectrique et \u00e0 une batterie plus puissants que ce que l\u2019on a vu jusqu\u2019\u00e0 pr\u00e9sent dans un v\u00e9hicule hybride Subaru.<\/p>\n<p><\/p>\n<p style=\"padding-top: 15px\">Contenu original de <a href=\"https:\/\/www.auto123.com\/fr\/actualites\/subaru-forester-hybride-2025-canada\/72229\/\">auto123<\/a>.<\/p>\n<p>Le texte <a rel=\"nofollow\" href=\"https:\/\/annuelauto.ca\/subaru-lancera-le-forester-hybrid-au-canada-en-2025-un-an-plus-tot-que-prevu\/\">Subaru lancera le Forester Hybrid au Canada en 2025, un an plus t\u00f4t que pr\u00e9vu<\/a> provient de <a rel=\"nofollow\" href=\"https:\/\/annuelauto.ca\">L&#8217;annuel de l&#8217;automobile &#8211; Actualit\u00e9 automobile<\/a><\/p>\n<p><\/p>\n","protected":false},"excerpt":{"rendered":"<p>Autre signe du mouvement de balancier qui, au moins \u00e0 court terme, s\u2019\u00e9loigne des v\u00e9hicules tout \u00e9lectriques au profit des mod\u00e8les hybrides dans le paysage automobile, Subaru Canada commercialisera la Forester hybride un an plus t\u00f4t que pr\u00e9vu, donc pour l\u2019ann\u00e9e-mod\u00e8le 2025. Les livraisons aux \u00c9tats-Unis devraient commencer au d\u00e9but de l\u2019\u00e9t\u00e9 prochain ; il [&hellip;]<\/p>\n","protected":false},"author":8,"featured_media":186746,"comment_status":"close","ping_status":"closed","sticky":false,"template":"","format":"standard","meta":{"_monsterinsights_skip_tracking":false,"_monsterinsights_sitenote_active":false,"_monsterinsights_sitenote_note":"","_monsterinsights_sitenote_category":0,"footnotes":""},"categories":[101],"tags":[],"yoast_head":"<!-- This site is optimized with the Yoast SEO plugin v23.2 - https:\/\/yoast.com\/wordpress\/plugins\/seo\/ -->\n<title>Subaru lancera le Forester Hybrid au Canada en 2025, un an plus t\u00f4t que pr\u00e9vu - CanadaMotorJobs.com<\/title>\n<meta name=\"description\" content=\"Subaru lancera le Forester Hybrid au Canada en 2025, un an plus t\u00f4t que pr\u00e9vu - Benoit Charette - Annuel automobile - CanadaMotorJobs.com.\" \/>\n<meta name=\"robots\" content=\"index, follow, max-snippet:-1, max-image-preview:large, max-video-preview:-1\" \/>\n<meta property=\"og:locale\" content=\"fr_CA\" \/>\n<meta property=\"og:type\" content=\"article\" \/>\n<meta property=\"og:title\" content=\"Subaru lancera le Forester Hybrid au Canada en 2025, un an plus t\u00f4t que pr\u00e9vu - CanadaMotorJobs.com\" \/>\n<meta property=\"og:description\" content=\"Subaru lancera le Forester Hybrid au Canada en 2025, un an plus t\u00f4t que pr\u00e9vu - Benoit Charette - Annuel automobile - CanadaMotorJobs.com.\" \/>\n<meta property=\"og:url\" content=\"https:\/\/news.canadamotorjobs.com\/fr\/subaru-lancera-le-forester-hybrid-au-canada-en-2025-un-an-plus-tot-que-prevu\/\" \/>\n<meta property=\"og:site_name\" content=\"CanadaMotorJobs.com\" \/>\n<meta property=\"article:publisher\" content=\"https:\/\/www.facebook.com\/canadamotorjobs\/\" \/>\n<meta property=\"article:published_time\" content=\"2024-12-29T07:24:24+00:00\" \/>\n<meta property=\"article:modified_time\" content=\"2024-12-29T07:30:16+00:00\" \/>\n<meta property=\"og:image\" content=\"https:\/\/news.canadamotorjobs.com\/wp-content\/uploads\/2024\/12\/2023-subaru-solterra_22.jpg\" \/>\n\t<meta property=\"og:image:width\" content=\"1200\" \/>\n\t<meta property=\"og:image:height\" content=\"800\" \/>\n\t<meta property=\"og:image:type\" content=\"image\/jpeg\" \/>\n<meta name=\"author\" content=\"Benoit Charette\" \/>\n<meta name=\"twitter:card\" content=\"summary_large_image\" \/>\n<meta name=\"twitter:creator\" content=\"@canadamotorjobs\" \/>\n<meta name=\"twitter:site\" content=\"@canadamotorjobs\" \/>\n<meta name=\"twitter:label1\" content=\"\u00c9crit par\" \/>\n\t<meta name=\"twitter:data1\" content=\"Benoit Charette\" \/>\n\t<meta name=\"twitter:label2\" content=\"Estimation du temps de lecture\" \/>\n\t<meta name=\"twitter:data2\" content=\"2 minutes\" \/>\n<!-- \/ Yoast SEO plugin. -->","yoast_head_json":{"title":"Subaru lancera le Forester Hybrid au Canada en 2025, un an plus t\u00f4t que pr\u00e9vu - CanadaMotorJobs.com","description":"Subaru lancera le Forester Hybrid au Canada en 2025, un an plus t\u00f4t que pr\u00e9vu - Benoit Charette - Annuel automobile - CanadaMotorJobs.com.","robots":{"index":"index","follow":"follow","max-snippet":"max-snippet:-1","max-image-preview":"max-image-preview:large","max-video-preview":"max-video-preview:-1"},"og_locale":"fr_CA","og_type":"article","og_title":"Subaru lancera le Forester Hybrid au Canada en 2025, un an plus t\u00f4t que pr\u00e9vu - CanadaMotorJobs.com","og_description":"Subaru lancera le Forester Hybrid au Canada en 2025, un an plus t\u00f4t que pr\u00e9vu - Benoit Charette - Annuel automobile - CanadaMotorJobs.com.","og_url":"https:\/\/news.canadamotorjobs.com\/fr\/subaru-lancera-le-forester-hybrid-au-canada-en-2025-un-an-plus-tot-que-prevu\/","og_site_name":"CanadaMotorJobs.com","article_publisher":"https:\/\/www.facebook.com\/canadamotorjobs\/","article_published_time":"2024-12-29T07:24:24+00:00","article_modified_time":"2024-12-29T07:30:16+00:00","og_image":[{"width":1200,"height":800,"url":"https:\/\/news.canadamotorjobs.com\/wp-content\/uploads\/2024\/12\/2023-subaru-solterra_22.jpg","type":"image\/jpeg"}],"author":"Benoit Charette","twitter_card":"summary_large_image","twitter_creator":"@canadamotorjobs","twitter_site":"@canadamotorjobs","twitter_misc":{"\u00c9crit par":"Benoit Charette","Estimation du temps de lecture":"2 minutes"},"schema":{"@context":"https:\/\/schema.org","@graph":[{"@type":"Article","@id":"https:\/\/news.canadamotorjobs.com\/fr\/subaru-lancera-le-forester-hybrid-au-canada-en-2025-un-an-plus-tot-que-prevu\/#article","isPartOf":{"@id":"https:\/\/news.canadamotorjobs.com\/fr\/subaru-lancera-le-forester-hybrid-au-canada-en-2025-un-an-plus-tot-que-prevu\/"},"author":{"name":"Benoit Charette","@id":"https:\/\/news.canadamotorjobs.com\/#\/schema\/person\/51793d1f87d44011d7bcc2ed99269a90"},"headline":"Subaru lancera le Forester Hybrid au Canada en 2025, un an plus t\u00f4t que pr\u00e9vu","datePublished":"2024-12-29T07:24:24+00:00","dateModified":"2024-12-29T07:30:16+00:00","mainEntityOfPage":{"@id":"https:\/\/news.canadamotorjobs.com\/fr\/subaru-lancera-le-forester-hybrid-au-canada-en-2025-un-an-plus-tot-que-prevu\/"},"wordCount":416,"publisher":{"@id":"https:\/\/news.canadamotorjobs.com\/#organization"},"image":{"@id":"https:\/\/news.canadamotorjobs.com\/fr\/subaru-lancera-le-forester-hybrid-au-canada-en-2025-un-an-plus-tot-que-prevu\/#primaryimage"},"thumbnailUrl":"https:\/\/news.canadamotorjobs.com\/wp-content\/uploads\/2024\/12\/2023-subaru-solterra_22.jpg","articleSection":["Annuel automobile"],"inLanguage":"fr-CA"},{"@type":"WebPage","@id":"https:\/\/news.canadamotorjobs.com\/fr\/subaru-lancera-le-forester-hybrid-au-canada-en-2025-un-an-plus-tot-que-prevu\/","url":"https:\/\/news.canadamotorjobs.com\/fr\/subaru-lancera-le-forester-hybrid-au-canada-en-2025-un-an-plus-tot-que-prevu\/","name":"Subaru lancera le Forester Hybrid au Canada en 2025, un an plus t\u00f4t que pr\u00e9vu - CanadaMotorJobs.com","isPartOf":{"@id":"https:\/\/news.canadamotorjobs.com\/#website"},"primaryImageOfPage":{"@id":"https:\/\/news.canadamotorjobs.com\/fr\/subaru-lancera-le-forester-hybrid-au-canada-en-2025-un-an-plus-tot-que-prevu\/#primaryimage"},"image":{"@id":"https:\/\/news.canadamotorjobs.com\/fr\/subaru-lancera-le-forester-hybrid-au-canada-en-2025-un-an-plus-tot-que-prevu\/#primaryimage"},"thumbnailUrl":"https:\/\/news.canadamotorjobs.com\/wp-content\/uploads\/2024\/12\/2023-subaru-solterra_22.jpg","datePublished":"2024-12-29T07:24:24+00:00","dateModified":"2024-12-29T07:30:16+00:00","description":"Subaru lancera le Forester Hybrid au Canada en 2025, un an plus t\u00f4t que pr\u00e9vu - Benoit Charette - Annuel automobile - CanadaMotorJobs.com.","breadcrumb":{"@id":"https:\/\/news.canadamotorjobs.com\/fr\/subaru-lancera-le-forester-hybrid-au-canada-en-2025-un-an-plus-tot-que-prevu\/#breadcrumb"},"inLanguage":"fr-CA","potentialAction":[{"@type":"ReadAction","target":["https:\/\/news.canadamotorjobs.com\/fr\/subaru-lancera-le-forester-hybrid-au-canada-en-2025-un-an-plus-tot-que-prevu\/"]}]},{"@type":"ImageObject","inLanguage":"fr-CA","@id":"https:\/\/news.canadamotorjobs.com\/fr\/subaru-lancera-le-forester-hybrid-au-canada-en-2025-un-an-plus-tot-que-prevu\/#primaryimage","url":"https:\/\/news.canadamotorjobs.com\/wp-content\/uploads\/2024\/12\/2023-subaru-solterra_22.jpg","contentUrl":"https:\/\/news.canadamotorjobs.com\/wp-content\/uploads\/2024\/12\/2023-subaru-solterra_22.jpg","width":1200,"height":800},{"@type":"BreadcrumbList","@id":"https:\/\/news.canadamotorjobs.com\/fr\/subaru-lancera-le-forester-hybrid-au-canada-en-2025-un-an-plus-tot-que-prevu\/#breadcrumb","itemListElement":[{"@type":"ListItem","position":1,"name":"Home","item":"https:\/\/news.canadamotorjobs.com\/fr\/blog\/"},{"@type":"ListItem","position":2,"name":"Subaru lancera le Forester Hybrid au Canada en 2025, un an plus t\u00f4t que pr\u00e9vu"}]},{"@type":"WebSite","@id":"https:\/\/news.canadamotorjobs.com\/#website","url":"https:\/\/news.canadamotorjobs.com\/","name":"CanadaMotorJobs.com","description":"Automotive Jobs","publisher":{"@id":"https:\/\/news.canadamotorjobs.com\/#organization"},"potentialAction":[{"@type":"SearchAction","target":{"@type":"EntryPoint","urlTemplate":"https:\/\/news.canadamotorjobs.com\/?s={search_term_string}"},"query-input":"required name=search_term_string"}],"inLanguage":"fr-CA"},{"@type":"Organization","@id":"https:\/\/news.canadamotorjobs.com\/#organization","name":"Canada Motor Jobs","url":"https:\/\/news.canadamotorjobs.com\/","logo":{"@type":"ImageObject","inLanguage":"fr-CA","@id":"https:\/\/news.canadamotorjobs.com\/#\/schema\/logo\/image\/","url":"https:\/\/news.canadamotorjobs.com\/wp-content\/uploads\/2022\/10\/logo-canada-motor-jobs-1.png","contentUrl":"https:\/\/news.canadamotorjobs.com\/wp-content\/uploads\/2022\/10\/logo-canada-motor-jobs-1.png","width":800,"height":400,"caption":"Canada Motor Jobs"},"image":{"@id":"https:\/\/news.canadamotorjobs.com\/#\/schema\/logo\/image\/"},"sameAs":["https:\/\/www.facebook.com\/canadamotorjobs\/","https:\/\/x.com\/canadamotorjobs","https:\/\/www.instagram.com\/canadamotorjobs\/","https:\/\/www.linkedin.com\/company\/canadamotorjobs"]},{"@type":"Person","@id":"https:\/\/news.canadamotorjobs.com\/#\/schema\/person\/51793d1f87d44011d7bcc2ed99269a90","name":"Benoit Charette","image":{"@type":"ImageObject","inLanguage":"fr-CA","@id":"https:\/\/news.canadamotorjobs.com\/#\/schema\/person\/image\/","url":"https:\/\/secure.gravatar.com\/avatar\/45f3d2eebcccd909668d7ce7ea7267b6?s=96&d=mm&r=g","contentUrl":"https:\/\/secure.gravatar.com\/avatar\/45f3d2eebcccd909668d7ce7ea7267b6?s=96&d=mm&r=g","caption":"Benoit Charette"},"description":"Benoit Charette \/ Propri\u00e9taire et r\u00e9dacteur en chef Benoit Charette pratique le journalisme automobile depuis bient\u00f4t 30 ans. Il a fait ses classes au c\u00f4t\u00e9 de Daniel H\u00e9raud et au Carnet de route de 1992 \u00e0 2001. Il est fondateur, copropri\u00e9taire et r\u00e9dacteur en chef de L\u2019Annuel de l\u2019automobile, qu\u2019il publie depuis 2001. Il a anim\u00e9 les \u00e9missions RPM et RPM+ sur V et les L\u00e9gendes de la route sur Historia. \u00c0 la radio depuis 1986, il reprend l\u2019antenne cette ann\u00e9e sur les ondes de Cogeco et participe pour la deuxi\u00e8me ann\u00e9e \u00e0 l\u2019\u00e9mission Passion Auto sur RDS en plus de mettre en ligne le site Web officiel de L\u2019Annuel de l\u2019automobile sur annuelauto.ca.","sameAs":["https:\/\/annuelauto.ca\/"],"url":"https:\/\/news.canadamotorjobs.com\/fr\/author\/benoit-charette\/"}]}},"_links":{"self":[{"href":"https:\/\/news.canadamotorjobs.com\/fr\/wp-json\/wp\/v2\/posts\/186744"}],"collection":[{"href":"https:\/\/news.canadamotorjobs.com\/fr\/wp-json\/wp\/v2\/posts"}],"about":[{"href":"https:\/\/news.canadamotorjobs.com\/fr\/wp-json\/wp\/v2\/types\/post"}],"author":[{"embeddable":true,"href":"https:\/\/news.canadamotorjobs.com\/fr\/wp-json\/wp\/v2\/users\/8"}],"replies":[{"embeddable":true,"href":"https:\/\/news.canadamotorjobs.com\/fr\/wp-json\/wp\/v2\/comments?post=186744"}],"version-history":[{"count":3,"href":"https:\/\/news.canadamotorjobs.com\/fr\/wp-json\/wp\/v2\/posts\/186744\/revisions"}],"predecessor-version":[{"id":186775,"href":"https:\/\/news.canadamotorjobs.com\/fr\/wp-json\/wp\/v2\/posts\/186744\/revisions\/186775"}],"wp:featuredmedia":[{"embeddable":true,"href":"https:\/\/news.canadamotorjobs.com\/fr\/wp-json\/wp\/v2\/media\/186746"}],"wp:attachment":[{"href":"https:\/\/news.canadamotorjobs.com\/fr\/wp-json\/wp\/v2\/media?parent=186744"}],"wp:term":[{"taxonomy":"category","embeddable":true,"href":"https:\/\/news.canadamotorjobs.com\/fr\/wp-json\/wp\/v2\/categories?post=186744"},{"taxonomy":"post_tag","embeddable":true,"href":"https:\/\/news.canadamotorjobs.com\/fr\/wp-json\/wp\/v2\/tags?post=186744"}],"curies":[{"name":"wp","href":"https:\/\/api.w.org\/{rel}","templated":true}]}}