{"id":186740,"date":"2024-12-28T11:57:52","date_gmt":"2024-12-28T16:57:52","guid":{"rendered":"https:\/\/news.canadamotorjobs.com\/?p=186740"},"modified":"2024-12-28T11:58:54","modified_gmt":"2024-12-28T16:58:54","slug":"les-donnees-de-800-000-proprietaires-de-volkswagen-electrique-sont-en-fuite","status":"publish","type":"post","link":"https:\/\/news.canadamotorjobs.com\/fr\/les-donnees-de-800-000-proprietaires-de-volkswagen-electrique-sont-en-fuite\/","title":{"rendered":"Les donn\u00e9es de 800 000 propri\u00e9taires de Volkswagen \u00e9lectrique sont en fuite"},"content":{"rendered":"<p><img decoding=\"async\" src=\"https:\/\/annuelauto.ca\/wp-content\/uploads\/2024\/12\/Volkswagen_logo_2019.svg\" class=\"attachment-post-thumbnail size-post-thumbnail wp-post-image\" alt=\"\" \/><\/p>\n<h3><strong>Faille de s\u00e9curit\u00e9 majeure<br \/>\n<\/strong><\/h3>\n<p>\nUn rapport r\u00e9cent en provenance d&#8217;Allemagne r\u00e9v\u00e8le une faille de s\u00e9curit\u00e9 choquante : les donn\u00e9es sensibles de <strong>800 000 v\u00e9hicules \u00e9lectriques<\/strong> du groupe Volkswagen (VW) ont \u00e9t\u00e9 expos\u00e9es pendant des mois sur un compte cloud Amazon mal s\u00e9curis\u00e9. Cette fuite concerne les marques Volkswagen, Audi, Seat et Skoda, touchant des utilisateurs en Allemagne, en Europe et dans d&#8217;autres r\u00e9gions du monde.<\/p>\n<p>Des informations critiques comme les coordonn\u00e9es GPS, le niveau de charge des batteries, et l&#8217;\u00e9tat des v\u00e9hicules (allum\u00e9 ou \u00e9teint) \u00e9taient facilement accessibles en ligne. Avec ces donn\u00e9es, n&#8217;importe qui disposant des outils ad\u00e9quats pouvait suivre les d\u00e9placements des propri\u00e9taires ou analyser leurs habitudes quotidiennes.<\/p>\n<h3><strong>Des donn\u00e9es tr\u00e8s sensibles et des profils d\u00e9taill\u00e9s<\/strong><\/h3>\n<p>\nDans pr\u00e8s de <strong>466 000 cas<\/strong>, les donn\u00e9es de localisation \u00e9taient si pr\u00e9cises qu\u2019il \u00e9tait possible de dresser un profil d\u00e9taill\u00e9 des routines des propri\u00e9taires. Parmi les victimes figurent des personnalit\u00e9s politiques allemandes, des entrepreneurs, des officiers de police de Hambourg (dont toute la flotte EV), et m\u00eame des membres pr\u00e9sum\u00e9s des services de renseignement.<\/p>\n<p>Cette faille soul\u00e8ve des inqui\u00e9tudes majeures, notamment sur les risques d&#8217;exploitation par des criminels, fraudeurs, ma\u00eetre-chanteurs ou harceleurs.<\/p>\n<h3><strong>Une erreur logicielle \u00e0 l\u2019origine de la fuite<\/strong><\/h3>\n<p>\nLa faille provient d&#8217;une erreur commise \u00e0 l&#8217;\u00e9t\u00e9 2024 par <strong>Cariad<\/strong>, une filiale de VW sp\u00e9cialis\u00e9e dans les logiciels. Un lanceur d\u2019alerte anonyme, utilisant un logiciel accessible gratuitement, a d\u00e9couvert les donn\u00e9es expos\u00e9es et alert\u00e9 le <strong>Chaos Computer Club<\/strong> (CCC), la plus grande association de hackers en Europe. Le CCC a rapidement inform\u00e9 les autorit\u00e9s comp\u00e9tentes, dont le d\u00e9l\u00e9gu\u00e9 \u00e0 la protection des donn\u00e9es de Basse-Saxe et le minist\u00e8re f\u00e9d\u00e9ral de l\u2019Int\u00e9rieur, tout en donnant \u00e0 VW 30 jours pour corriger la situation avant de rendre l\u2019affaire publique.<\/p>\n<h3><strong>La r\u00e9ponse de VW<\/strong><\/h3>\n<p>\nSelon Cariad, l\u2019acc\u00e8s non autoris\u00e9 a \u00e9t\u00e9 bloqu\u00e9 peu apr\u00e8s la notification. Dans une d\u00e9claration au journal <em>Spiegel<\/em>, l\u2019entreprise a assur\u00e9 que les donn\u00e9es expos\u00e9es ne comprenaient ni mots de passe ni informations de paiement. Cependant, les experts soulignent que la gravit\u00e9 de cette faille r\u00e9side dans la facilit\u00e9 avec laquelle ces donn\u00e9es auraient pu tomber entre de mauvaises mains.<\/p>\n<h3><strong>Une industrie sous pression<\/strong><\/h3>\n<p>\nCette affaire met en lumi\u00e8re un probl\u00e8me croissant dans l\u2019industrie automobile : la cybers\u00e9curit\u00e9. Alors que les v\u00e9hicules modernes adoptent des services connect\u00e9s et des solutions cloud, les constructeurs doivent assurer une protection rigoureuse des donn\u00e9es.<\/p>\n<p>Les consommateurs, quant \u00e0 eux, risquent de perdre confiance dans ces technologies si des incidents comme celui-ci se r\u00e9p\u00e8tent. Il est imp\u00e9ratif pour les fabricants de traiter la cybers\u00e9curit\u00e9 avec la m\u00eame priorit\u00e9 que la s\u00e9curit\u00e9 physique des v\u00e9hicules.<\/p>\n<h3><strong>Conclusion<\/strong><\/h3>\n<p>\nLa fuite de donn\u00e9es massive chez VW sert de rappel brutal : l\u2019\u00e8re des v\u00e9hicules connect\u00e9s exige une vigilance sans faille en mati\u00e8re de protection des donn\u00e9es. Alors que la technologie continue de s\u2019int\u00e9grer \u00e0 nos d\u00e9placements, il est essentiel que l\u2019industrie automobile roule avec ses fen\u00eatres num\u00e9riques bien ferm\u00e9es.<\/p>\n<p>Avec des renseignements de carscoops<\/p>\n<p>Le texte <a rel=\"nofollow\" href=\"https:\/\/annuelauto.ca\/fuite-donnees-vw-ev-2024\/\">Les donn\u00e9es de 800 000 propri\u00e9taires de Volkswagen \u00e9lectrique sont en fuite<\/a> provient de <a rel=\"nofollow\" href=\"https:\/\/annuelauto.ca\">L&#8217;annuel de l&#8217;automobile &#8211; Actualit\u00e9 automobile<\/a><\/p>\n<p><\/p>\n","protected":false},"excerpt":{"rendered":"<p>Faille de s\u00e9curit\u00e9 majeure Un rapport r\u00e9cent en provenance d&#8217;Allemagne r\u00e9v\u00e8le une faille de s\u00e9curit\u00e9 choquante : les donn\u00e9es sensibles de 800 000 v\u00e9hicules \u00e9lectriques du groupe Volkswagen (VW) ont \u00e9t\u00e9 expos\u00e9es pendant des mois sur un compte cloud Amazon mal s\u00e9curis\u00e9. Cette fuite concerne les marques Volkswagen, Audi, Seat et Skoda, touchant des utilisateurs [&hellip;]<\/p>\n","protected":false},"author":8,"featured_media":0,"comment_status":"close","ping_status":"closed","sticky":false,"template":"","format":"standard","meta":{"_monsterinsights_skip_tracking":false,"_monsterinsights_sitenote_active":false,"_monsterinsights_sitenote_note":"","_monsterinsights_sitenote_category":0,"footnotes":""},"categories":[101],"tags":[],"yoast_head":"<!-- This site is optimized with the Yoast SEO plugin v23.2 - https:\/\/yoast.com\/wordpress\/plugins\/seo\/ -->\n<title>Les donn\u00e9es de 800 000 propri\u00e9taires de Volkswagen \u00e9lectrique sont en fuite - CanadaMotorJobs.com<\/title>\n<meta name=\"description\" content=\"Les donn\u00e9es de 800 000 propri\u00e9taires de Volkswagen \u00e9lectrique sont en fuite - Benoit Charette - Annuel automobile - CanadaMotorJobs.com.\" \/>\n<meta name=\"robots\" content=\"index, follow, max-snippet:-1, max-image-preview:large, max-video-preview:-1\" \/>\n<meta property=\"og:locale\" content=\"fr_CA\" \/>\n<meta property=\"og:type\" content=\"article\" \/>\n<meta property=\"og:title\" content=\"Les donn\u00e9es de 800 000 propri\u00e9taires de Volkswagen \u00e9lectrique sont en fuite - CanadaMotorJobs.com\" \/>\n<meta property=\"og:description\" content=\"Les donn\u00e9es de 800 000 propri\u00e9taires de Volkswagen \u00e9lectrique sont en fuite - Benoit Charette - Annuel automobile - CanadaMotorJobs.com.\" \/>\n<meta property=\"og:url\" content=\"https:\/\/news.canadamotorjobs.com\/fr\/les-donnees-de-800-000-proprietaires-de-volkswagen-electrique-sont-en-fuite\/\" \/>\n<meta property=\"og:site_name\" content=\"CanadaMotorJobs.com\" \/>\n<meta property=\"article:publisher\" content=\"https:\/\/www.facebook.com\/canadamotorjobs\/\" \/>\n<meta property=\"article:published_time\" content=\"2024-12-28T16:57:52+00:00\" \/>\n<meta property=\"article:modified_time\" content=\"2024-12-28T16:58:54+00:00\" \/>\n<meta property=\"og:image\" content=\"https:\/\/annuelauto.ca\/wp-content\/uploads\/2024\/12\/Volkswagen_logo_2019.svg\" \/>\n<meta name=\"author\" content=\"Benoit Charette\" \/>\n<meta name=\"twitter:card\" content=\"summary_large_image\" \/>\n<meta name=\"twitter:creator\" content=\"@canadamotorjobs\" \/>\n<meta name=\"twitter:site\" content=\"@canadamotorjobs\" \/>\n<meta name=\"twitter:label1\" content=\"\u00c9crit par\" \/>\n\t<meta name=\"twitter:data1\" content=\"Benoit Charette\" \/>\n\t<meta name=\"twitter:label2\" content=\"Estimation du temps de lecture\" \/>\n\t<meta name=\"twitter:data2\" content=\"3 minutes\" \/>\n<!-- \/ Yoast SEO plugin. -->","yoast_head_json":{"title":"Les donn\u00e9es de 800 000 propri\u00e9taires de Volkswagen \u00e9lectrique sont en fuite - CanadaMotorJobs.com","description":"Les donn\u00e9es de 800 000 propri\u00e9taires de Volkswagen \u00e9lectrique sont en fuite - Benoit Charette - Annuel automobile - CanadaMotorJobs.com.","robots":{"index":"index","follow":"follow","max-snippet":"max-snippet:-1","max-image-preview":"max-image-preview:large","max-video-preview":"max-video-preview:-1"},"og_locale":"fr_CA","og_type":"article","og_title":"Les donn\u00e9es de 800 000 propri\u00e9taires de Volkswagen \u00e9lectrique sont en fuite - CanadaMotorJobs.com","og_description":"Les donn\u00e9es de 800 000 propri\u00e9taires de Volkswagen \u00e9lectrique sont en fuite - Benoit Charette - Annuel automobile - CanadaMotorJobs.com.","og_url":"https:\/\/news.canadamotorjobs.com\/fr\/les-donnees-de-800-000-proprietaires-de-volkswagen-electrique-sont-en-fuite\/","og_site_name":"CanadaMotorJobs.com","article_publisher":"https:\/\/www.facebook.com\/canadamotorjobs\/","article_published_time":"2024-12-28T16:57:52+00:00","article_modified_time":"2024-12-28T16:58:54+00:00","og_image":[{"url":"https:\/\/annuelauto.ca\/wp-content\/uploads\/2024\/12\/Volkswagen_logo_2019.svg"}],"author":"Benoit Charette","twitter_card":"summary_large_image","twitter_creator":"@canadamotorjobs","twitter_site":"@canadamotorjobs","twitter_misc":{"\u00c9crit par":"Benoit Charette","Estimation du temps de lecture":"3 minutes"},"schema":{"@context":"https:\/\/schema.org","@graph":[{"@type":"Article","@id":"https:\/\/news.canadamotorjobs.com\/fr\/les-donnees-de-800-000-proprietaires-de-volkswagen-electrique-sont-en-fuite\/#article","isPartOf":{"@id":"https:\/\/news.canadamotorjobs.com\/fr\/les-donnees-de-800-000-proprietaires-de-volkswagen-electrique-sont-en-fuite\/"},"author":{"name":"Benoit Charette","@id":"https:\/\/news.canadamotorjobs.com\/#\/schema\/person\/51793d1f87d44011d7bcc2ed99269a90"},"headline":"Les donn\u00e9es de 800 000 propri\u00e9taires de Volkswagen \u00e9lectrique sont en fuite","datePublished":"2024-12-28T16:57:52+00:00","dateModified":"2024-12-28T16:58:54+00:00","mainEntityOfPage":{"@id":"https:\/\/news.canadamotorjobs.com\/fr\/les-donnees-de-800-000-proprietaires-de-volkswagen-electrique-sont-en-fuite\/"},"wordCount":601,"publisher":{"@id":"https:\/\/news.canadamotorjobs.com\/#organization"},"image":{"@id":"https:\/\/news.canadamotorjobs.com\/fr\/les-donnees-de-800-000-proprietaires-de-volkswagen-electrique-sont-en-fuite\/#primaryimage"},"thumbnailUrl":"https:\/\/annuelauto.ca\/wp-content\/uploads\/2024\/12\/Volkswagen_logo_2019.svg","articleSection":["Annuel automobile"],"inLanguage":"fr-CA"},{"@type":"WebPage","@id":"https:\/\/news.canadamotorjobs.com\/fr\/les-donnees-de-800-000-proprietaires-de-volkswagen-electrique-sont-en-fuite\/","url":"https:\/\/news.canadamotorjobs.com\/fr\/les-donnees-de-800-000-proprietaires-de-volkswagen-electrique-sont-en-fuite\/","name":"Les donn\u00e9es de 800 000 propri\u00e9taires de Volkswagen \u00e9lectrique sont en fuite - CanadaMotorJobs.com","isPartOf":{"@id":"https:\/\/news.canadamotorjobs.com\/#website"},"primaryImageOfPage":{"@id":"https:\/\/news.canadamotorjobs.com\/fr\/les-donnees-de-800-000-proprietaires-de-volkswagen-electrique-sont-en-fuite\/#primaryimage"},"image":{"@id":"https:\/\/news.canadamotorjobs.com\/fr\/les-donnees-de-800-000-proprietaires-de-volkswagen-electrique-sont-en-fuite\/#primaryimage"},"thumbnailUrl":"https:\/\/annuelauto.ca\/wp-content\/uploads\/2024\/12\/Volkswagen_logo_2019.svg","datePublished":"2024-12-28T16:57:52+00:00","dateModified":"2024-12-28T16:58:54+00:00","description":"Les donn\u00e9es de 800 000 propri\u00e9taires de Volkswagen \u00e9lectrique sont en fuite - Benoit Charette - Annuel automobile - CanadaMotorJobs.com.","breadcrumb":{"@id":"https:\/\/news.canadamotorjobs.com\/fr\/les-donnees-de-800-000-proprietaires-de-volkswagen-electrique-sont-en-fuite\/#breadcrumb"},"inLanguage":"fr-CA","potentialAction":[{"@type":"ReadAction","target":["https:\/\/news.canadamotorjobs.com\/fr\/les-donnees-de-800-000-proprietaires-de-volkswagen-electrique-sont-en-fuite\/"]}]},{"@type":"ImageObject","inLanguage":"fr-CA","@id":"https:\/\/news.canadamotorjobs.com\/fr\/les-donnees-de-800-000-proprietaires-de-volkswagen-electrique-sont-en-fuite\/#primaryimage","url":"https:\/\/annuelauto.ca\/wp-content\/uploads\/2024\/12\/Volkswagen_logo_2019.svg","contentUrl":"https:\/\/annuelauto.ca\/wp-content\/uploads\/2024\/12\/Volkswagen_logo_2019.svg"},{"@type":"BreadcrumbList","@id":"https:\/\/news.canadamotorjobs.com\/fr\/les-donnees-de-800-000-proprietaires-de-volkswagen-electrique-sont-en-fuite\/#breadcrumb","itemListElement":[{"@type":"ListItem","position":1,"name":"Home","item":"https:\/\/news.canadamotorjobs.com\/fr\/blog\/"},{"@type":"ListItem","position":2,"name":"Les donn\u00e9es de 800 000 propri\u00e9taires de Volkswagen \u00e9lectrique sont en fuite"}]},{"@type":"WebSite","@id":"https:\/\/news.canadamotorjobs.com\/#website","url":"https:\/\/news.canadamotorjobs.com\/","name":"CanadaMotorJobs.com","description":"Automotive Jobs","publisher":{"@id":"https:\/\/news.canadamotorjobs.com\/#organization"},"potentialAction":[{"@type":"SearchAction","target":{"@type":"EntryPoint","urlTemplate":"https:\/\/news.canadamotorjobs.com\/?s={search_term_string}"},"query-input":"required name=search_term_string"}],"inLanguage":"fr-CA"},{"@type":"Organization","@id":"https:\/\/news.canadamotorjobs.com\/#organization","name":"Canada Motor Jobs","url":"https:\/\/news.canadamotorjobs.com\/","logo":{"@type":"ImageObject","inLanguage":"fr-CA","@id":"https:\/\/news.canadamotorjobs.com\/#\/schema\/logo\/image\/","url":"https:\/\/news.canadamotorjobs.com\/wp-content\/uploads\/2022\/10\/logo-canada-motor-jobs-1.png","contentUrl":"https:\/\/news.canadamotorjobs.com\/wp-content\/uploads\/2022\/10\/logo-canada-motor-jobs-1.png","width":800,"height":400,"caption":"Canada Motor Jobs"},"image":{"@id":"https:\/\/news.canadamotorjobs.com\/#\/schema\/logo\/image\/"},"sameAs":["https:\/\/www.facebook.com\/canadamotorjobs\/","https:\/\/x.com\/canadamotorjobs","https:\/\/www.instagram.com\/canadamotorjobs\/","https:\/\/www.linkedin.com\/company\/canadamotorjobs"]},{"@type":"Person","@id":"https:\/\/news.canadamotorjobs.com\/#\/schema\/person\/51793d1f87d44011d7bcc2ed99269a90","name":"Benoit Charette","image":{"@type":"ImageObject","inLanguage":"fr-CA","@id":"https:\/\/news.canadamotorjobs.com\/#\/schema\/person\/image\/","url":"https:\/\/secure.gravatar.com\/avatar\/45f3d2eebcccd909668d7ce7ea7267b6?s=96&d=mm&r=g","contentUrl":"https:\/\/secure.gravatar.com\/avatar\/45f3d2eebcccd909668d7ce7ea7267b6?s=96&d=mm&r=g","caption":"Benoit Charette"},"description":"Benoit Charette \/ Propri\u00e9taire et r\u00e9dacteur en chef Benoit Charette pratique le journalisme automobile depuis bient\u00f4t 30 ans. Il a fait ses classes au c\u00f4t\u00e9 de Daniel H\u00e9raud et au Carnet de route de 1992 \u00e0 2001. Il est fondateur, copropri\u00e9taire et r\u00e9dacteur en chef de L\u2019Annuel de l\u2019automobile, qu\u2019il publie depuis 2001. Il a anim\u00e9 les \u00e9missions RPM et RPM+ sur V et les L\u00e9gendes de la route sur Historia. \u00c0 la radio depuis 1986, il reprend l\u2019antenne cette ann\u00e9e sur les ondes de Cogeco et participe pour la deuxi\u00e8me ann\u00e9e \u00e0 l\u2019\u00e9mission Passion Auto sur RDS en plus de mettre en ligne le site Web officiel de L\u2019Annuel de l\u2019automobile sur annuelauto.ca.","sameAs":["https:\/\/annuelauto.ca\/"],"url":"https:\/\/news.canadamotorjobs.com\/fr\/author\/benoit-charette\/"}]}},"_links":{"self":[{"href":"https:\/\/news.canadamotorjobs.com\/fr\/wp-json\/wp\/v2\/posts\/186740"}],"collection":[{"href":"https:\/\/news.canadamotorjobs.com\/fr\/wp-json\/wp\/v2\/posts"}],"about":[{"href":"https:\/\/news.canadamotorjobs.com\/fr\/wp-json\/wp\/v2\/types\/post"}],"author":[{"embeddable":true,"href":"https:\/\/news.canadamotorjobs.com\/fr\/wp-json\/wp\/v2\/users\/8"}],"replies":[{"embeddable":true,"href":"https:\/\/news.canadamotorjobs.com\/fr\/wp-json\/wp\/v2\/comments?post=186740"}],"version-history":[{"count":1,"href":"https:\/\/news.canadamotorjobs.com\/fr\/wp-json\/wp\/v2\/posts\/186740\/revisions"}],"predecessor-version":[{"id":186741,"href":"https:\/\/news.canadamotorjobs.com\/fr\/wp-json\/wp\/v2\/posts\/186740\/revisions\/186741"}],"wp:attachment":[{"href":"https:\/\/news.canadamotorjobs.com\/fr\/wp-json\/wp\/v2\/media?parent=186740"}],"wp:term":[{"taxonomy":"category","embeddable":true,"href":"https:\/\/news.canadamotorjobs.com\/fr\/wp-json\/wp\/v2\/categories?post=186740"},{"taxonomy":"post_tag","embeddable":true,"href":"https:\/\/news.canadamotorjobs.com\/fr\/wp-json\/wp\/v2\/tags?post=186740"}],"curies":[{"name":"wp","href":"https:\/\/api.w.org\/{rel}","templated":true}]}}