{"id":186708,"date":"2024-12-28T02:24:27","date_gmt":"2024-12-28T07:24:27","guid":{"rendered":"https:\/\/news.canadamotorjobs.com\/?p=186708"},"modified":"2024-12-28T02:29:23","modified_gmt":"2024-12-28T07:29:23","slug":"ford-rappelle-ses-f-150-lightning-pour-un-defaut-de-direction","status":"publish","type":"post","link":"https:\/\/news.canadamotorjobs.com\/fr\/ford-rappelle-ses-f-150-lightning-pour-un-defaut-de-direction\/","title":{"rendered":"Ford rappelle ses F-150 Lightning pour un d\u00e9faut de direction"},"content":{"rendered":"<\/p>\n<p>Ford a \u00e9mis un rappel important pour ses mod\u00e8les F-150 Lightning des ann\u00e9es 2023 et 2024. Environ 12 000 camionnettes sont concern\u00e9es aux \u00c9tats-Unis en raison d\u2019un d\u00e9faut li\u00e9 au bras de contr\u00f4le sup\u00e9rieur avant. Ce probl\u00e8me pourrait entra\u00eener une perte de contr\u00f4le directionnel, augmentant consid\u00e9rablement le risque d\u2019accident.<\/p>\n<p><strong>Un incident alarmant<\/strong><\/p>\n<p>Le d\u00e9faut a d\u00e9j\u00e0 conduit \u00e0 un accident grave : un F-150 Lightning a d\u00e9vi\u00e9, sans avertissement, pour aller heurter une glissi\u00e8re d\u2019autoroute \u00e0 100 km\/h. Une inspection a r\u00e9v\u00e9l\u00e9 que l\u2019\u00e9crou reliant le bras de contr\u00f4le sup\u00e9rieur \u00e0 l\u2019assemblage de fus\u00e9e \u00e9tait manquant, provoquant la s\u00e9paration du joint. Ce mod\u00e8le n\u2019avait parcouru que 1028 km.<\/p>\n<p><strong>Mod\u00e8les concern\u00e9s et cause du probl\u00e8me<\/strong><\/p>\n<p>Ce rappel vise les F-150 Lightning produits entre le 5 novembre 2023 et le 13 f\u00e9vrier 2024. Ford explique que le probl\u00e8me provient d\u2019un \u00e9crou mal serr\u00e9 sur le joint \u00e0 rotule qui s\u00e9curise le bras de contr\u00f4le sup\u00e9rieur \u00e0 l\u2019assemblage de fus\u00e9e.<\/p>\n<p>La cause : un mauvais alignement de l\u2019outil de serrage lors de la fabrication, g\u00e9n\u00e9rant des forces lat\u00e9rales emp\u00eachant un serrage correct. Les v\u00e9hicules affect\u00e9s pourraient pr\u00e9senter des vibrations inhabituelles, des bruits de cliquetis ou de cognement.<\/p>\n<p><\/p>\n<figure><img decoding=\"async\" src=\"https:\/\/news.canadamotorjobs.com\/wp-content\/uploads\/2024\/12\/2024-ford-f150-lightning-flash-05-5.jpg\" alt=\"Le Ford F-150 Lightning 2024, \u00e9cusson\" \/><figcaption>Le Ford F-150 Lightning 2024, \u00e9cusson | Auto123.com<\/figcaption><\/figure>\n<p><strong>Mesures prises par Ford<\/strong><\/p>\n<p>Ford a identifi\u00e9 deux rapports d\u2019incident et une r\u00e9clamation de garantie li\u00e9s \u00e0 ce d\u00e9faut. \u00c0 partir du 3 f\u00e9vrier 2025, les propri\u00e9taires recevront une notification les invitant \u00e0 se rendre chez un concessionnaire.<\/p>\n<p>Les techniciens effectueront un test de serrage sur l\u2019\u00e9crou concern\u00e9. En cas d\u2019\u00e9chec, l\u2019\u00e9crou et l\u2019assemblage de fus\u00e9e seront remplac\u00e9s.<\/p>\n<p><strong>Un rappel parmi d\u2019autres pour le F-150 Lightning<\/strong><\/p>\n<p>La F-150 Lightning, pionni\u00e8re des camionnettes \u00e9lectriques, n\u2019est pas \u00e9trang\u00e8re aux rappels. Au cours des derni\u00e8res ann\u00e9es, Ford a rectifi\u00e9 des probl\u00e8mes li\u00e9s \u00e0 la batterie, au syst\u00e8me de chauffage de l\u2019habitacle, et m\u00eame \u00e0 des risques d\u2019incendie.<\/p>\n<p><strong>Conseils aux propri\u00e9taires<\/strong><\/p>\n<p>Si vous poss\u00e9dez un F-150 Lightning de 2023 ou de 2024 et remarquez des bruits \u00e9tranges ou une conduite instable, faites inspecter votre v\u00e9hicule imm\u00e9diatement. Mieux vaut pr\u00e9venir que gu\u00e9rir, surtout face \u00e0 un d\u00e9faut aussi critique.<\/p>\n<p><\/p>\n<p style=\"padding-top: 15px\">Contenu original de <a href=\"https:\/\/www.auto123.com\/fr\/actualites\/rappel-ford-f150-lightning-defaut-bras-controle\/72227\/\">auto123<\/a>.<\/p>\n<p>Le texte <a rel=\"nofollow\" href=\"https:\/\/annuelauto.ca\/ford-rappelle-ses-f-150-lightning-pour-un-defaut-de-direction\/\">Ford rappelle ses F-150 Lightning pour un d\u00e9faut de direction<\/a> provient de <a rel=\"nofollow\" href=\"https:\/\/annuelauto.ca\">L&#8217;annuel de l&#8217;automobile &#8211; Actualit\u00e9 automobile<\/a><\/p>\n<p><\/p>\n","protected":false},"excerpt":{"rendered":"<p>Ford a \u00e9mis un rappel important pour ses mod\u00e8les F-150 Lightning des ann\u00e9es 2023 et 2024. Environ 12 000 camionnettes sont concern\u00e9es aux \u00c9tats-Unis en raison d\u2019un d\u00e9faut li\u00e9 au bras de contr\u00f4le sup\u00e9rieur avant. Ce probl\u00e8me pourrait entra\u00eener une perte de contr\u00f4le directionnel, augmentant consid\u00e9rablement le risque d\u2019accident. Un incident alarmant Le d\u00e9faut a [&hellip;]<\/p>\n","protected":false},"author":8,"featured_media":186710,"comment_status":"close","ping_status":"closed","sticky":false,"template":"","format":"standard","meta":{"_monsterinsights_skip_tracking":false,"_monsterinsights_sitenote_active":false,"_monsterinsights_sitenote_note":"","_monsterinsights_sitenote_category":0,"footnotes":""},"categories":[101],"tags":[],"yoast_head":"<!-- This site is optimized with the Yoast SEO plugin v23.2 - https:\/\/yoast.com\/wordpress\/plugins\/seo\/ -->\n<title>Ford rappelle ses F-150 Lightning pour un d\u00e9faut de direction - CanadaMotorJobs.com<\/title>\n<meta name=\"description\" content=\"Ford rappelle ses F-150 Lightning pour un d\u00e9faut de direction - Benoit Charette - Annuel automobile - CanadaMotorJobs.com.\" \/>\n<meta name=\"robots\" content=\"index, follow, max-snippet:-1, max-image-preview:large, max-video-preview:-1\" \/>\n<meta property=\"og:locale\" content=\"fr_CA\" \/>\n<meta property=\"og:type\" content=\"article\" \/>\n<meta property=\"og:title\" content=\"Ford rappelle ses F-150 Lightning pour un d\u00e9faut de direction - CanadaMotorJobs.com\" \/>\n<meta property=\"og:description\" content=\"Ford rappelle ses F-150 Lightning pour un d\u00e9faut de direction - Benoit Charette - Annuel automobile - CanadaMotorJobs.com.\" \/>\n<meta property=\"og:url\" content=\"https:\/\/news.canadamotorjobs.com\/fr\/ford-rappelle-ses-f-150-lightning-pour-un-defaut-de-direction\/\" \/>\n<meta property=\"og:site_name\" content=\"CanadaMotorJobs.com\" \/>\n<meta property=\"article:publisher\" content=\"https:\/\/www.facebook.com\/canadamotorjobs\/\" \/>\n<meta property=\"article:published_time\" content=\"2024-12-28T07:24:27+00:00\" \/>\n<meta property=\"article:modified_time\" content=\"2024-12-28T07:29:23+00:00\" \/>\n<meta property=\"og:image\" content=\"https:\/\/news.canadamotorjobs.com\/wp-content\/uploads\/2024\/12\/2024-ford-f150-lightning-flash-05.jpg\" \/>\n\t<meta property=\"og:image:width\" content=\"1200\" \/>\n\t<meta property=\"og:image:height\" content=\"800\" \/>\n\t<meta property=\"og:image:type\" content=\"image\/jpeg\" \/>\n<meta name=\"author\" content=\"Benoit Charette\" \/>\n<meta name=\"twitter:card\" content=\"summary_large_image\" \/>\n<meta name=\"twitter:creator\" content=\"@canadamotorjobs\" \/>\n<meta name=\"twitter:site\" content=\"@canadamotorjobs\" \/>\n<meta name=\"twitter:label1\" content=\"\u00c9crit par\" \/>\n\t<meta name=\"twitter:data1\" content=\"Benoit Charette\" \/>\n\t<meta name=\"twitter:label2\" content=\"Estimation du temps de lecture\" \/>\n\t<meta name=\"twitter:data2\" content=\"2 minutes\" \/>\n<!-- \/ Yoast SEO plugin. -->","yoast_head_json":{"title":"Ford rappelle ses F-150 Lightning pour un d\u00e9faut de direction - CanadaMotorJobs.com","description":"Ford rappelle ses F-150 Lightning pour un d\u00e9faut de direction - Benoit Charette - Annuel automobile - CanadaMotorJobs.com.","robots":{"index":"index","follow":"follow","max-snippet":"max-snippet:-1","max-image-preview":"max-image-preview:large","max-video-preview":"max-video-preview:-1"},"og_locale":"fr_CA","og_type":"article","og_title":"Ford rappelle ses F-150 Lightning pour un d\u00e9faut de direction - CanadaMotorJobs.com","og_description":"Ford rappelle ses F-150 Lightning pour un d\u00e9faut de direction - Benoit Charette - Annuel automobile - CanadaMotorJobs.com.","og_url":"https:\/\/news.canadamotorjobs.com\/fr\/ford-rappelle-ses-f-150-lightning-pour-un-defaut-de-direction\/","og_site_name":"CanadaMotorJobs.com","article_publisher":"https:\/\/www.facebook.com\/canadamotorjobs\/","article_published_time":"2024-12-28T07:24:27+00:00","article_modified_time":"2024-12-28T07:29:23+00:00","og_image":[{"width":1200,"height":800,"url":"https:\/\/news.canadamotorjobs.com\/wp-content\/uploads\/2024\/12\/2024-ford-f150-lightning-flash-05.jpg","type":"image\/jpeg"}],"author":"Benoit Charette","twitter_card":"summary_large_image","twitter_creator":"@canadamotorjobs","twitter_site":"@canadamotorjobs","twitter_misc":{"\u00c9crit par":"Benoit Charette","Estimation du temps de lecture":"2 minutes"},"schema":{"@context":"https:\/\/schema.org","@graph":[{"@type":"Article","@id":"https:\/\/news.canadamotorjobs.com\/fr\/ford-rappelle-ses-f-150-lightning-pour-un-defaut-de-direction\/#article","isPartOf":{"@id":"https:\/\/news.canadamotorjobs.com\/fr\/ford-rappelle-ses-f-150-lightning-pour-un-defaut-de-direction\/"},"author":{"name":"Benoit Charette","@id":"https:\/\/news.canadamotorjobs.com\/#\/schema\/person\/51793d1f87d44011d7bcc2ed99269a90"},"headline":"Ford rappelle ses F-150 Lightning pour un d\u00e9faut de direction","datePublished":"2024-12-28T07:24:27+00:00","dateModified":"2024-12-28T07:29:23+00:00","mainEntityOfPage":{"@id":"https:\/\/news.canadamotorjobs.com\/fr\/ford-rappelle-ses-f-150-lightning-pour-un-defaut-de-direction\/"},"wordCount":434,"publisher":{"@id":"https:\/\/news.canadamotorjobs.com\/#organization"},"image":{"@id":"https:\/\/news.canadamotorjobs.com\/fr\/ford-rappelle-ses-f-150-lightning-pour-un-defaut-de-direction\/#primaryimage"},"thumbnailUrl":"https:\/\/news.canadamotorjobs.com\/wp-content\/uploads\/2024\/12\/2024-ford-f150-lightning-flash-05.jpg","articleSection":["Annuel automobile"],"inLanguage":"fr-CA"},{"@type":"WebPage","@id":"https:\/\/news.canadamotorjobs.com\/fr\/ford-rappelle-ses-f-150-lightning-pour-un-defaut-de-direction\/","url":"https:\/\/news.canadamotorjobs.com\/fr\/ford-rappelle-ses-f-150-lightning-pour-un-defaut-de-direction\/","name":"Ford rappelle ses F-150 Lightning pour un d\u00e9faut de direction - CanadaMotorJobs.com","isPartOf":{"@id":"https:\/\/news.canadamotorjobs.com\/#website"},"primaryImageOfPage":{"@id":"https:\/\/news.canadamotorjobs.com\/fr\/ford-rappelle-ses-f-150-lightning-pour-un-defaut-de-direction\/#primaryimage"},"image":{"@id":"https:\/\/news.canadamotorjobs.com\/fr\/ford-rappelle-ses-f-150-lightning-pour-un-defaut-de-direction\/#primaryimage"},"thumbnailUrl":"https:\/\/news.canadamotorjobs.com\/wp-content\/uploads\/2024\/12\/2024-ford-f150-lightning-flash-05.jpg","datePublished":"2024-12-28T07:24:27+00:00","dateModified":"2024-12-28T07:29:23+00:00","description":"Ford rappelle ses F-150 Lightning pour un d\u00e9faut de direction - Benoit Charette - Annuel automobile - CanadaMotorJobs.com.","breadcrumb":{"@id":"https:\/\/news.canadamotorjobs.com\/fr\/ford-rappelle-ses-f-150-lightning-pour-un-defaut-de-direction\/#breadcrumb"},"inLanguage":"fr-CA","potentialAction":[{"@type":"ReadAction","target":["https:\/\/news.canadamotorjobs.com\/fr\/ford-rappelle-ses-f-150-lightning-pour-un-defaut-de-direction\/"]}]},{"@type":"ImageObject","inLanguage":"fr-CA","@id":"https:\/\/news.canadamotorjobs.com\/fr\/ford-rappelle-ses-f-150-lightning-pour-un-defaut-de-direction\/#primaryimage","url":"https:\/\/news.canadamotorjobs.com\/wp-content\/uploads\/2024\/12\/2024-ford-f150-lightning-flash-05.jpg","contentUrl":"https:\/\/news.canadamotorjobs.com\/wp-content\/uploads\/2024\/12\/2024-ford-f150-lightning-flash-05.jpg","width":1200,"height":800},{"@type":"BreadcrumbList","@id":"https:\/\/news.canadamotorjobs.com\/fr\/ford-rappelle-ses-f-150-lightning-pour-un-defaut-de-direction\/#breadcrumb","itemListElement":[{"@type":"ListItem","position":1,"name":"Home","item":"https:\/\/news.canadamotorjobs.com\/fr\/blog\/"},{"@type":"ListItem","position":2,"name":"Ford rappelle ses F-150 Lightning pour un d\u00e9faut de direction"}]},{"@type":"WebSite","@id":"https:\/\/news.canadamotorjobs.com\/#website","url":"https:\/\/news.canadamotorjobs.com\/","name":"CanadaMotorJobs.com","description":"Automotive Jobs","publisher":{"@id":"https:\/\/news.canadamotorjobs.com\/#organization"},"potentialAction":[{"@type":"SearchAction","target":{"@type":"EntryPoint","urlTemplate":"https:\/\/news.canadamotorjobs.com\/?s={search_term_string}"},"query-input":"required name=search_term_string"}],"inLanguage":"fr-CA"},{"@type":"Organization","@id":"https:\/\/news.canadamotorjobs.com\/#organization","name":"Canada Motor Jobs","url":"https:\/\/news.canadamotorjobs.com\/","logo":{"@type":"ImageObject","inLanguage":"fr-CA","@id":"https:\/\/news.canadamotorjobs.com\/#\/schema\/logo\/image\/","url":"https:\/\/news.canadamotorjobs.com\/wp-content\/uploads\/2022\/10\/logo-canada-motor-jobs-1.png","contentUrl":"https:\/\/news.canadamotorjobs.com\/wp-content\/uploads\/2022\/10\/logo-canada-motor-jobs-1.png","width":800,"height":400,"caption":"Canada Motor Jobs"},"image":{"@id":"https:\/\/news.canadamotorjobs.com\/#\/schema\/logo\/image\/"},"sameAs":["https:\/\/www.facebook.com\/canadamotorjobs\/","https:\/\/x.com\/canadamotorjobs","https:\/\/www.instagram.com\/canadamotorjobs\/","https:\/\/www.linkedin.com\/company\/canadamotorjobs"]},{"@type":"Person","@id":"https:\/\/news.canadamotorjobs.com\/#\/schema\/person\/51793d1f87d44011d7bcc2ed99269a90","name":"Benoit Charette","image":{"@type":"ImageObject","inLanguage":"fr-CA","@id":"https:\/\/news.canadamotorjobs.com\/#\/schema\/person\/image\/","url":"https:\/\/secure.gravatar.com\/avatar\/45f3d2eebcccd909668d7ce7ea7267b6?s=96&d=mm&r=g","contentUrl":"https:\/\/secure.gravatar.com\/avatar\/45f3d2eebcccd909668d7ce7ea7267b6?s=96&d=mm&r=g","caption":"Benoit Charette"},"description":"Benoit Charette \/ Propri\u00e9taire et r\u00e9dacteur en chef Benoit Charette pratique le journalisme automobile depuis bient\u00f4t 30 ans. Il a fait ses classes au c\u00f4t\u00e9 de Daniel H\u00e9raud et au Carnet de route de 1992 \u00e0 2001. Il est fondateur, copropri\u00e9taire et r\u00e9dacteur en chef de L\u2019Annuel de l\u2019automobile, qu\u2019il publie depuis 2001. Il a anim\u00e9 les \u00e9missions RPM et RPM+ sur V et les L\u00e9gendes de la route sur Historia. \u00c0 la radio depuis 1986, il reprend l\u2019antenne cette ann\u00e9e sur les ondes de Cogeco et participe pour la deuxi\u00e8me ann\u00e9e \u00e0 l\u2019\u00e9mission Passion Auto sur RDS en plus de mettre en ligne le site Web officiel de L\u2019Annuel de l\u2019automobile sur annuelauto.ca.","sameAs":["https:\/\/annuelauto.ca\/"],"url":"https:\/\/news.canadamotorjobs.com\/fr\/author\/benoit-charette\/"}]}},"_links":{"self":[{"href":"https:\/\/news.canadamotorjobs.com\/fr\/wp-json\/wp\/v2\/posts\/186708"}],"collection":[{"href":"https:\/\/news.canadamotorjobs.com\/fr\/wp-json\/wp\/v2\/posts"}],"about":[{"href":"https:\/\/news.canadamotorjobs.com\/fr\/wp-json\/wp\/v2\/types\/post"}],"author":[{"embeddable":true,"href":"https:\/\/news.canadamotorjobs.com\/fr\/wp-json\/wp\/v2\/users\/8"}],"replies":[{"embeddable":true,"href":"https:\/\/news.canadamotorjobs.com\/fr\/wp-json\/wp\/v2\/comments?post=186708"}],"version-history":[{"count":3,"href":"https:\/\/news.canadamotorjobs.com\/fr\/wp-json\/wp\/v2\/posts\/186708\/revisions"}],"predecessor-version":[{"id":186735,"href":"https:\/\/news.canadamotorjobs.com\/fr\/wp-json\/wp\/v2\/posts\/186708\/revisions\/186735"}],"wp:featuredmedia":[{"embeddable":true,"href":"https:\/\/news.canadamotorjobs.com\/fr\/wp-json\/wp\/v2\/media\/186710"}],"wp:attachment":[{"href":"https:\/\/news.canadamotorjobs.com\/fr\/wp-json\/wp\/v2\/media?parent=186708"}],"wp:term":[{"taxonomy":"category","embeddable":true,"href":"https:\/\/news.canadamotorjobs.com\/fr\/wp-json\/wp\/v2\/categories?post=186708"},{"taxonomy":"post_tag","embeddable":true,"href":"https:\/\/news.canadamotorjobs.com\/fr\/wp-json\/wp\/v2\/tags?post=186708"}],"curies":[{"name":"wp","href":"https:\/\/api.w.org\/{rel}","templated":true}]}}