{"id":186651,"date":"2024-12-27T08:38:42","date_gmt":"2024-12-27T13:38:42","guid":{"rendered":"https:\/\/news.canadamotorjobs.com\/?p=186651"},"modified":"2024-12-27T08:43:58","modified_gmt":"2024-12-27T13:43:58","slug":"osamu-suzuki-seteint-a-94-ans","status":"publish","type":"post","link":"https:\/\/news.canadamotorjobs.com\/fr\/osamu-suzuki-seteint-a-94-ans\/","title":{"rendered":"Osamu Suzuki s\u2019\u00e9teint \u00e0 94 ans"},"content":{"rendered":"<\/p>\n<h3><strong>Une vie d\u00e9di\u00e9e \u00e0 l\u2019automobile<\/strong><\/h3>\n<p>\nOsamu Suzuki, figure embl\u00e9matique de l\u2019industrie automobile, s\u2019est \u00e9teint \u00e0 l\u2019\u00e2ge de 94 ans le jour de No\u00ebl, des suites d\u2019un lymphome. Pendant plus de quatre d\u00e9cennies, cet homme visionnaire a fa\u00e7onn\u00e9 Suzuki Motor, l&#8217;amenant \u00e0 dominer le march\u00e9 japonais des mini-voitures et \u00e0 transformer l\u2019Inde en un march\u00e9 automobile florissant.<\/p>\n<h3><strong>Une ascension exemplaire<\/strong><\/h3>\n<p>\nN\u00e9 Osamu Matsuda, il a pris le nom Suzuki apr\u00e8s avoir rejoint l\u2019entreprise familiale en 1958 par le biais d\u2019un mariage arrang\u00e9, une pratique courante au Japon pour assurer la succession dans les affaires. Ancien banquier, il a rapidement gravi les \u00e9chelons, devenant pr\u00e9sident en 1978. L\u2019un de ses premiers succ\u00e8s majeurs a \u00e9t\u00e9 de sauver Suzuki de la faillite dans les ann\u00e9es 1970 en collaborant avec Toyota pour d\u00e9velopper des moteurs conformes aux nouvelles normes d\u2019\u00e9missions. Ce partenariat a \u00e9t\u00e9 suivi du lancement triomphal de l&#8217;Alto en 1979, un mod\u00e8le qui a marqu\u00e9 l\u2019histoire des mini-voitures japonaises.<\/p>\n<h3><strong>Un strat\u00e8ge audacieux en Inde<\/strong><\/h3>\n<p>\nOsamu Suzuki n\u2019a pas seulement marqu\u00e9 le Japon. En 1981, il a pris une d\u00e9cision risqu\u00e9e : investir l\u2019\u00e9quivalent d\u2019un an de b\u00e9n\u00e9fices pour s\u2019associer avec Maruti, un constructeur indien nationalis\u00e9, afin de produire une voiture populaire. \u00c0 l\u2019\u00e9poque, l\u2019Inde \u00e9tait un march\u00e9 embryonnaire, vendant moins de 40 000 voitures par an.<\/p>\n<p>Gr\u00e2ce \u00e0 Suzuki, la Maruti 800, d\u00e9riv\u00e9e de l\u2019Alto, a vu le jour en 1983 et est devenue un succ\u00e8s instantan\u00e9. Aujourd\u2019hui, Maruti Suzuki d\u00e9tient pr\u00e8s de 40 % du march\u00e9 indien, consolidant l\u2019h\u00e9ritage d\u2019Osamu Suzuki comme pionnier dans l\u2019automobile indienne.<\/p>\n<h3><strong>Un gestionnaire \u00e9conome et visionnaire<\/strong><\/h3>\n<p>\nOsamu Suzuki \u00e9tait connu pour son obsession de l\u2019efficacit\u00e9. Il ordonnait la r\u00e9duction des plafonds des usines pour \u00e9conomiser sur la climatisation et voyageait en classe \u00e9conomique, m\u00eame \u00e0 un \u00e2ge avanc\u00e9. Cette approche pragmatique a influenc\u00e9 la culture d\u2019entreprise de Suzuki, ax\u00e9e sur la r\u00e9duction des co\u00fbts sans compromettre la qualit\u00e9.<\/p>\n<h3><strong>Des revers et des le\u00e7ons<\/strong><\/h3>\n<p>\nMalgr\u00e9 ses succ\u00e8s, tout n\u2019a pas \u00e9t\u00e9 parfait. En 2009, Suzuki a sign\u00e9 un partenariat avec Volkswagen, pr\u00e9sent\u00e9 comme une alliance prometteuse. Cependant, des d\u00e9saccords sur le contr\u00f4le et les priorit\u00e9s strat\u00e9giques ont rapidement \u00e9merg\u00e9. Deux ans plus tard, Suzuki a port\u00e9 l\u2019affaire en arbitrage international et a rachet\u00e9 les parts de 19,9 % d\u00e9tenues par VW.<\/p>\n<h3><strong>Un h\u00e9ritage durable<\/strong><\/h3>\n<p>\nOsamu Suzuki a pass\u00e9 les r\u00eanes \u00e0 son fils Toshihiro en 2016, mais est rest\u00e9 impliqu\u00e9 comme conseiller jusqu\u2019\u00e0 la fin. Sous sa direction, Suzuki a \u00e9galement renforc\u00e9 ses liens avec Toyota, qui d\u00e9tient d\u00e9sormais 5 % de Suzuki Motor. Osamu Suzuki laisse derri\u00e8re lui un h\u00e9ritage colossal : celui d\u2019un b\u00e2tisseur infatigable qui a transform\u00e9 Suzuki en acteur mondial, tout en d\u00e9mocratisant l\u2019acc\u00e8s \u00e0 l\u2019automobile en Inde et au Japon.<\/p>\n<h3><strong>Conclusion<\/strong><\/h3>\n<p>\nOsamu Suzuki \u00e9tait bien plus qu\u2019un dirigeant d\u2019entreprise. Il \u00e9tait un visionnaire capable d\u2019identifier des opportunit\u00e9s l\u00e0 o\u00f9 d\u2019autres voyaient des obstacles. Son influence se fait encore sentir aujourd\u2019hui, que ce soit dans les mini-voitures japonaises ou dans les rues anim\u00e9es de l\u2019Inde, o\u00f9 les v\u00e9hicules Maruti Suzuki dominent toujours.<\/p>\n<p>Avec des renseignements de Reuters<\/p>\n<p>Le texte <a rel=\"nofollow\" href=\"https:\/\/annuelauto.ca\/osamu-suzuki-seteint-a-94-ans\/\">Osamu Suzuki s\u2019\u00e9teint \u00e0 94 ans<\/a> provient de <a rel=\"nofollow\" href=\"https:\/\/annuelauto.ca\">L&#8217;annuel de l&#8217;automobile &#8211; Actualit\u00e9 automobile<\/a><\/p>\n<p><\/p>\n","protected":false},"excerpt":{"rendered":"<p>Une vie d\u00e9di\u00e9e \u00e0 l\u2019automobile Osamu Suzuki, figure embl\u00e9matique de l\u2019industrie automobile, s\u2019est \u00e9teint \u00e0 l\u2019\u00e2ge de 94 ans le jour de No\u00ebl, des suites d\u2019un lymphome. Pendant plus de quatre d\u00e9cennies, cet homme visionnaire a fa\u00e7onn\u00e9 Suzuki Motor, l&#8217;amenant \u00e0 dominer le march\u00e9 japonais des mini-voitures et \u00e0 transformer l\u2019Inde en un march\u00e9 automobile [&hellip;]<\/p>\n","protected":false},"author":8,"featured_media":186653,"comment_status":"close","ping_status":"closed","sticky":false,"template":"","format":"standard","meta":{"_monsterinsights_skip_tracking":false,"_monsterinsights_sitenote_active":false,"_monsterinsights_sitenote_note":"","_monsterinsights_sitenote_category":0,"footnotes":""},"categories":[101],"tags":[],"yoast_head":"<!-- This site is optimized with the Yoast SEO plugin v23.2 - https:\/\/yoast.com\/wordpress\/plugins\/seo\/ -->\n<title>Osamu Suzuki s\u2019\u00e9teint \u00e0 94 ans - CanadaMotorJobs.com<\/title>\n<meta name=\"description\" content=\"Osamu Suzuki s\u2019\u00e9teint \u00e0 94 ans - Benoit Charette - Annuel automobile - CanadaMotorJobs.com.\" \/>\n<meta name=\"robots\" content=\"index, follow, max-snippet:-1, max-image-preview:large, max-video-preview:-1\" \/>\n<meta property=\"og:locale\" content=\"fr_CA\" \/>\n<meta property=\"og:type\" content=\"article\" \/>\n<meta property=\"og:title\" content=\"Osamu Suzuki s\u2019\u00e9teint \u00e0 94 ans - CanadaMotorJobs.com\" \/>\n<meta property=\"og:description\" content=\"Osamu Suzuki s\u2019\u00e9teint \u00e0 94 ans - Benoit Charette - Annuel automobile - CanadaMotorJobs.com.\" \/>\n<meta property=\"og:url\" content=\"https:\/\/news.canadamotorjobs.com\/fr\/osamu-suzuki-seteint-a-94-ans\/\" \/>\n<meta property=\"og:site_name\" content=\"CanadaMotorJobs.com\" \/>\n<meta property=\"article:publisher\" content=\"https:\/\/www.facebook.com\/canadamotorjobs\/\" \/>\n<meta property=\"article:published_time\" content=\"2024-12-27T13:38:42+00:00\" \/>\n<meta property=\"article:modified_time\" content=\"2024-12-27T13:43:58+00:00\" \/>\n<meta property=\"og:image\" content=\"https:\/\/news.canadamotorjobs.com\/wp-content\/uploads\/2024\/12\/Osamu.jpg\" \/>\n\t<meta property=\"og:image:width\" content=\"1024\" \/>\n\t<meta property=\"og:image:height\" content=\"756\" \/>\n\t<meta property=\"og:image:type\" content=\"image\/jpeg\" \/>\n<meta name=\"author\" content=\"Benoit Charette\" \/>\n<meta name=\"twitter:card\" content=\"summary_large_image\" \/>\n<meta name=\"twitter:creator\" content=\"@canadamotorjobs\" \/>\n<meta name=\"twitter:site\" content=\"@canadamotorjobs\" \/>\n<meta name=\"twitter:label1\" content=\"\u00c9crit par\" \/>\n\t<meta name=\"twitter:data1\" content=\"Benoit Charette\" \/>\n\t<meta name=\"twitter:label2\" content=\"Estimation du temps de lecture\" \/>\n\t<meta name=\"twitter:data2\" content=\"3 minutes\" \/>\n<!-- \/ Yoast SEO plugin. -->","yoast_head_json":{"title":"Osamu Suzuki s\u2019\u00e9teint \u00e0 94 ans - CanadaMotorJobs.com","description":"Osamu Suzuki s\u2019\u00e9teint \u00e0 94 ans - Benoit Charette - Annuel automobile - CanadaMotorJobs.com.","robots":{"index":"index","follow":"follow","max-snippet":"max-snippet:-1","max-image-preview":"max-image-preview:large","max-video-preview":"max-video-preview:-1"},"og_locale":"fr_CA","og_type":"article","og_title":"Osamu Suzuki s\u2019\u00e9teint \u00e0 94 ans - CanadaMotorJobs.com","og_description":"Osamu Suzuki s\u2019\u00e9teint \u00e0 94 ans - Benoit Charette - Annuel automobile - CanadaMotorJobs.com.","og_url":"https:\/\/news.canadamotorjobs.com\/fr\/osamu-suzuki-seteint-a-94-ans\/","og_site_name":"CanadaMotorJobs.com","article_publisher":"https:\/\/www.facebook.com\/canadamotorjobs\/","article_published_time":"2024-12-27T13:38:42+00:00","article_modified_time":"2024-12-27T13:43:58+00:00","og_image":[{"width":1024,"height":756,"url":"https:\/\/news.canadamotorjobs.com\/wp-content\/uploads\/2024\/12\/Osamu.jpg","type":"image\/jpeg"}],"author":"Benoit Charette","twitter_card":"summary_large_image","twitter_creator":"@canadamotorjobs","twitter_site":"@canadamotorjobs","twitter_misc":{"\u00c9crit par":"Benoit Charette","Estimation du temps de lecture":"3 minutes"},"schema":{"@context":"https:\/\/schema.org","@graph":[{"@type":"Article","@id":"https:\/\/news.canadamotorjobs.com\/fr\/osamu-suzuki-seteint-a-94-ans\/#article","isPartOf":{"@id":"https:\/\/news.canadamotorjobs.com\/fr\/osamu-suzuki-seteint-a-94-ans\/"},"author":{"name":"Benoit Charette","@id":"https:\/\/news.canadamotorjobs.com\/#\/schema\/person\/51793d1f87d44011d7bcc2ed99269a90"},"headline":"Osamu Suzuki s\u2019\u00e9teint \u00e0 94 ans","datePublished":"2024-12-27T13:38:42+00:00","dateModified":"2024-12-27T13:43:58+00:00","mainEntityOfPage":{"@id":"https:\/\/news.canadamotorjobs.com\/fr\/osamu-suzuki-seteint-a-94-ans\/"},"wordCount":582,"publisher":{"@id":"https:\/\/news.canadamotorjobs.com\/#organization"},"image":{"@id":"https:\/\/news.canadamotorjobs.com\/fr\/osamu-suzuki-seteint-a-94-ans\/#primaryimage"},"thumbnailUrl":"https:\/\/news.canadamotorjobs.com\/wp-content\/uploads\/2024\/12\/Osamu.jpg","articleSection":["Annuel automobile"],"inLanguage":"fr-CA"},{"@type":"WebPage","@id":"https:\/\/news.canadamotorjobs.com\/fr\/osamu-suzuki-seteint-a-94-ans\/","url":"https:\/\/news.canadamotorjobs.com\/fr\/osamu-suzuki-seteint-a-94-ans\/","name":"Osamu Suzuki s\u2019\u00e9teint \u00e0 94 ans - CanadaMotorJobs.com","isPartOf":{"@id":"https:\/\/news.canadamotorjobs.com\/#website"},"primaryImageOfPage":{"@id":"https:\/\/news.canadamotorjobs.com\/fr\/osamu-suzuki-seteint-a-94-ans\/#primaryimage"},"image":{"@id":"https:\/\/news.canadamotorjobs.com\/fr\/osamu-suzuki-seteint-a-94-ans\/#primaryimage"},"thumbnailUrl":"https:\/\/news.canadamotorjobs.com\/wp-content\/uploads\/2024\/12\/Osamu.jpg","datePublished":"2024-12-27T13:38:42+00:00","dateModified":"2024-12-27T13:43:58+00:00","description":"Osamu Suzuki s\u2019\u00e9teint \u00e0 94 ans - Benoit Charette - Annuel automobile - CanadaMotorJobs.com.","breadcrumb":{"@id":"https:\/\/news.canadamotorjobs.com\/fr\/osamu-suzuki-seteint-a-94-ans\/#breadcrumb"},"inLanguage":"fr-CA","potentialAction":[{"@type":"ReadAction","target":["https:\/\/news.canadamotorjobs.com\/fr\/osamu-suzuki-seteint-a-94-ans\/"]}]},{"@type":"ImageObject","inLanguage":"fr-CA","@id":"https:\/\/news.canadamotorjobs.com\/fr\/osamu-suzuki-seteint-a-94-ans\/#primaryimage","url":"https:\/\/news.canadamotorjobs.com\/wp-content\/uploads\/2024\/12\/Osamu.jpg","contentUrl":"https:\/\/news.canadamotorjobs.com\/wp-content\/uploads\/2024\/12\/Osamu.jpg","width":1024,"height":756},{"@type":"BreadcrumbList","@id":"https:\/\/news.canadamotorjobs.com\/fr\/osamu-suzuki-seteint-a-94-ans\/#breadcrumb","itemListElement":[{"@type":"ListItem","position":1,"name":"Home","item":"https:\/\/news.canadamotorjobs.com\/fr\/blog\/"},{"@type":"ListItem","position":2,"name":"Osamu Suzuki s\u2019\u00e9teint \u00e0 94 ans"}]},{"@type":"WebSite","@id":"https:\/\/news.canadamotorjobs.com\/#website","url":"https:\/\/news.canadamotorjobs.com\/","name":"CanadaMotorJobs.com","description":"Automotive Jobs","publisher":{"@id":"https:\/\/news.canadamotorjobs.com\/#organization"},"potentialAction":[{"@type":"SearchAction","target":{"@type":"EntryPoint","urlTemplate":"https:\/\/news.canadamotorjobs.com\/?s={search_term_string}"},"query-input":"required name=search_term_string"}],"inLanguage":"fr-CA"},{"@type":"Organization","@id":"https:\/\/news.canadamotorjobs.com\/#organization","name":"Canada Motor Jobs","url":"https:\/\/news.canadamotorjobs.com\/","logo":{"@type":"ImageObject","inLanguage":"fr-CA","@id":"https:\/\/news.canadamotorjobs.com\/#\/schema\/logo\/image\/","url":"https:\/\/news.canadamotorjobs.com\/wp-content\/uploads\/2022\/10\/logo-canada-motor-jobs-1.png","contentUrl":"https:\/\/news.canadamotorjobs.com\/wp-content\/uploads\/2022\/10\/logo-canada-motor-jobs-1.png","width":800,"height":400,"caption":"Canada Motor Jobs"},"image":{"@id":"https:\/\/news.canadamotorjobs.com\/#\/schema\/logo\/image\/"},"sameAs":["https:\/\/www.facebook.com\/canadamotorjobs\/","https:\/\/x.com\/canadamotorjobs","https:\/\/www.instagram.com\/canadamotorjobs\/","https:\/\/www.linkedin.com\/company\/canadamotorjobs"]},{"@type":"Person","@id":"https:\/\/news.canadamotorjobs.com\/#\/schema\/person\/51793d1f87d44011d7bcc2ed99269a90","name":"Benoit Charette","image":{"@type":"ImageObject","inLanguage":"fr-CA","@id":"https:\/\/news.canadamotorjobs.com\/#\/schema\/person\/image\/","url":"https:\/\/secure.gravatar.com\/avatar\/45f3d2eebcccd909668d7ce7ea7267b6?s=96&d=mm&r=g","contentUrl":"https:\/\/secure.gravatar.com\/avatar\/45f3d2eebcccd909668d7ce7ea7267b6?s=96&d=mm&r=g","caption":"Benoit Charette"},"description":"Benoit Charette \/ Propri\u00e9taire et r\u00e9dacteur en chef Benoit Charette pratique le journalisme automobile depuis bient\u00f4t 30 ans. Il a fait ses classes au c\u00f4t\u00e9 de Daniel H\u00e9raud et au Carnet de route de 1992 \u00e0 2001. Il est fondateur, copropri\u00e9taire et r\u00e9dacteur en chef de L\u2019Annuel de l\u2019automobile, qu\u2019il publie depuis 2001. Il a anim\u00e9 les \u00e9missions RPM et RPM+ sur V et les L\u00e9gendes de la route sur Historia. \u00c0 la radio depuis 1986, il reprend l\u2019antenne cette ann\u00e9e sur les ondes de Cogeco et participe pour la deuxi\u00e8me ann\u00e9e \u00e0 l\u2019\u00e9mission Passion Auto sur RDS en plus de mettre en ligne le site Web officiel de L\u2019Annuel de l\u2019automobile sur annuelauto.ca.","sameAs":["https:\/\/annuelauto.ca\/"],"url":"https:\/\/news.canadamotorjobs.com\/fr\/author\/benoit-charette\/"}]}},"_links":{"self":[{"href":"https:\/\/news.canadamotorjobs.com\/fr\/wp-json\/wp\/v2\/posts\/186651"}],"collection":[{"href":"https:\/\/news.canadamotorjobs.com\/fr\/wp-json\/wp\/v2\/posts"}],"about":[{"href":"https:\/\/news.canadamotorjobs.com\/fr\/wp-json\/wp\/v2\/types\/post"}],"author":[{"embeddable":true,"href":"https:\/\/news.canadamotorjobs.com\/fr\/wp-json\/wp\/v2\/users\/8"}],"replies":[{"embeddable":true,"href":"https:\/\/news.canadamotorjobs.com\/fr\/wp-json\/wp\/v2\/comments?post=186651"}],"version-history":[{"count":2,"href":"https:\/\/news.canadamotorjobs.com\/fr\/wp-json\/wp\/v2\/posts\/186651\/revisions"}],"predecessor-version":[{"id":186655,"href":"https:\/\/news.canadamotorjobs.com\/fr\/wp-json\/wp\/v2\/posts\/186651\/revisions\/186655"}],"wp:featuredmedia":[{"embeddable":true,"href":"https:\/\/news.canadamotorjobs.com\/fr\/wp-json\/wp\/v2\/media\/186653"}],"wp:attachment":[{"href":"https:\/\/news.canadamotorjobs.com\/fr\/wp-json\/wp\/v2\/media?parent=186651"}],"wp:term":[{"taxonomy":"category","embeddable":true,"href":"https:\/\/news.canadamotorjobs.com\/fr\/wp-json\/wp\/v2\/categories?post=186651"},{"taxonomy":"post_tag","embeddable":true,"href":"https:\/\/news.canadamotorjobs.com\/fr\/wp-json\/wp\/v2\/tags?post=186651"}],"curies":[{"name":"wp","href":"https:\/\/api.w.org\/{rel}","templated":true}]}}