{"id":186593,"date":"2024-12-25T11:34:04","date_gmt":"2024-12-25T16:34:04","guid":{"rendered":"https:\/\/news.canadamotorjobs.com\/?p=186593"},"modified":"2024-12-25T11:44:30","modified_gmt":"2024-12-25T16:44:30","slug":"publicite-de-la-chevrolet-chevelle-1965-nos-anciennes-dans-la-neige","status":"publish","type":"post","link":"https:\/\/news.canadamotorjobs.com\/fr\/publicite-de-la-chevrolet-chevelle-1965-nos-anciennes-dans-la-neige\/","title":{"rendered":"Publicit\u00e9 de la Chevrolet Chevelle\u00a01965\u00a0: nos anciennes dans la neige"},"content":{"rendered":"<\/p>\n<p>De nos jours, \u00e0 l\u2019approche de l\u2019hiver, on s\u2019empresse de remiser nos voitures anciennes. La derni\u00e8re chose qui nous vient en t\u00eate est de les soumettre \u00e0 notre saison froide, avec le calcium, la gadoue et tout ce que m\u00e8re nature nous r\u00e9serve d\u00e9sagr\u00e9able.<\/p>\n<p>Remarquez que certains braves roulent leurs vieilles montures \u00e0 l\u2019ann\u00e9e. Respect.<\/p>\n<p>Les v\u00e9hicules modernes sont bien s\u00fbr mieux adapt\u00e9s, avec plus de confort, de meilleurs syst\u00e8mes de climatisation et de chauffage, une conduite plus s\u00e9curitaire, la motricit\u00e9 aux quatre roues, etc.<\/p>\n<p>Bref, on oublie \u00e0 quoi pourrait ressembler un hiver au volant d\u2019une voiture vieille de 50 ou de 60\u00a0ans.<\/p>\n<p>Pourtant, c\u2019\u00e9tait la r\u00e9alit\u00e9 \u00e0 l\u2019\u00e9poque. Les gens devaient composer avec ce qu\u2019on leur offrait. Pour les plus jeunes, \u00e7a peut \u00eatre difficile \u00e0 imaginer. Pour les plus vieux, il est facile de se rappeler \u00e0 quel point ce n\u2019\u00e9tait pas facile. Toutefois, on a tendance \u00e0 se rem\u00e9morer les bons souvenirs et oublier les moins plaisants, mais sortir en pleine temp\u00eate avec une Chevrolet Chevelle\u00a01965, pourvue de pneus qu\u2019on qualifierait de m\u00e9diocres aujourd\u2019hui, n\u2019offrant que la propulsion et \u00e9tant d\u00e9pourvu du moindre syst\u00e8me de s\u00e9curit\u00e9, ce n\u2019\u00e9tait pas de la tarte.<\/p>\n<h3><strong>La publicit\u00e9 de Chevrolet<\/strong><\/h3>\n<p>\nCe n\u2019est cependant pas l\u2019image que Chevrolet nous montre avec cette publicit\u00e9 vantant les m\u00e9rites de sa Chevelle pour 1965. On a beau voir une chauss\u00e9e enneig\u00e9e, il fait beau, la voiture est d\u2019un bleu immacul\u00e9 et m\u00eame les pneus \u00e0 rainures tr\u00e8s verticales (probablement peu efficaces pour \u00e9vacuer la neige) semblent tout \u00e0 fait \u00e0 leur place.<\/p>\n<p>Et les deux occupants ne pourraient pas \u00eatre plus heureux. Monsieur sourit au volant pendant que madame semble appr\u00e9cier la balade alors qu\u2019elle est accoud\u00e9e sur le rebord de la fen\u00eatre.<\/p>\n<p>Au fait, qui se prom\u00e8ne les vitres baiss\u00e9es en plein hiver\u2009?<\/p>\n<p>En fait, Chevrolet veut nous vanter les m\u00e9rites de sa Chevelle, qui offre une \u00ab\u2009moelleuse douceur de roulement\u2009\u00bb, am\u00e9lior\u00e9e pour 1965 \u00ab\u2009gr\u00e2ce \u00e0 de nouveaux ressorts avant et arri\u00e8re\u2009\u00bb, ainsi qu\u2019aux nouveaux \u00ab\u2009blocs de forte \u00e9paisseur utilis\u00e9s dans le montage de la carrosserie.\u2009\u00bb<\/p>\n<p>On demande en fait sur quels crit\u00e8res les gens jugent une voiture. Son moteur, son confort ou encore son agr\u00e9ment de conduite\u2009? Bien entendu, la Chevelle offre les trois, aux dires de Chevrolet.<\/p>\n<h3><strong>La famille Chevelle<\/strong><\/h3>\n<p>\nChez Chevrolet en 1965, on retrouvait les trois mod\u00e8les de la berline pleine grandeur de la marque, soit Biscayne, Bel Air et Impala. Venait ensuite dans la gamme la famille Chevelle, qui \u00e9tait compos\u00e9e des s\u00e9ries Chevelle\u00a0300 et Chevelle\u00a0300 DeLuxe, ainsi que des Chevelle Malibu et Chevelle SS (Super Sport). Tous pouvaient recevoir des moteurs\u00a06-cylindres ou diff\u00e9rentes m\u00e9caniques\u00a0V8. \u00c7a pouvait aller d\u2019un moteur de 194\u00a0pouces cubes (6-cyl.) de 120\u00a0chevaux \u00e0 un bloc de 396\u00a0pouces cubes offrant 375\u00a0forces.<\/p>\n<p>Il y en avait vraiment pour tous les go\u00fbts et tous les budgets. En effet, l\u2019offre s\u2019amor\u00e7ait \u00e0 2156\u00a0$ US pour se cl\u00f4turer \u00e0 2690\u00a0$.<\/p>\n<p>Quant \u00e0 la version montr\u00e9e dans la publicit\u00e9 de Chevrolet, il s\u2019agit d\u2019un coup\u00e9 Malibu Super Sport. Il \u00e9tait propos\u00e9 en version coup\u00e9e sans montant, ou encore en configuration de d\u00e9capotable. Sa valeur sur le march\u00e9 varie grandement, selon la m\u00e9canique qui est boulonn\u00e9e \u00e0 l\u2019avant. En parfaite condition, \u00e7a peut aller de quelque 50\u2009000\u00a0$ US, \u00e0 environ 300\u2009000\u00a0$ US avec le plus gros moteur entre les arches de roues.<\/p>\n<p>La Chevrolet Chevelle Malibu en \u00e9tait \u00e0 sa deuxi\u00e8me ann\u00e9e seulement sur le march\u00e9. Elle allait s\u2019\u00e9tablir comme un produit tr\u00e8s solide pour Chevrolet. Le nom Malibu a m\u00eame surv\u00e9cu \u00e0 celui de Chevelle pendant plusieurs d\u00e9cennies.<\/p>\n<p>\u00a0<\/p>\n<p>\u00a0<\/p>\n<p>\u00a0<\/p>\n<p>\u00a0<\/p>\n<p>\u00a0<\/p>\n<p>\u00a0<\/p>\n<p>\u00a0<\/p>\n<p>\u00a0<\/p>\n<p>Le texte <a rel=\"nofollow\" href=\"https:\/\/annuelauto.ca\/publicite-de-la-chevrolet-chevelle-1965-nos-anciennes-dans-la-neige\/\">Publicit\u00e9 de la Chevrolet Chevelle\u00a01965\u00a0: nos anciennes dans la neige<\/a> provient de <a rel=\"nofollow\" href=\"https:\/\/annuelauto.ca\">L&#8217;annuel de l&#8217;automobile &#8211; Actualit\u00e9 automobile<\/a><\/p>\n<p><\/p>\n","protected":false},"excerpt":{"rendered":"<p>De nos jours, \u00e0 l\u2019approche de l\u2019hiver, on s\u2019empresse de remiser nos voitures anciennes. La derni\u00e8re chose qui nous vient en t\u00eate est de les soumettre \u00e0 notre saison froide, avec le calcium, la gadoue et tout ce que m\u00e8re nature nous r\u00e9serve d\u00e9sagr\u00e9able. Remarquez que certains braves roulent leurs vieilles montures \u00e0 l\u2019ann\u00e9e. Respect. [&hellip;]<\/p>\n","protected":false},"author":8,"featured_media":186595,"comment_status":"close","ping_status":"closed","sticky":false,"template":"","format":"standard","meta":{"_monsterinsights_skip_tracking":false,"_monsterinsights_sitenote_active":false,"_monsterinsights_sitenote_note":"","_monsterinsights_sitenote_category":0,"footnotes":""},"categories":[101],"tags":[],"yoast_head":"<!-- This site is optimized with the Yoast SEO plugin v23.2 - https:\/\/yoast.com\/wordpress\/plugins\/seo\/ -->\n<title>Publicit\u00e9 de la Chevrolet Chevelle\u00a01965\u00a0: nos anciennes dans la neige - CanadaMotorJobs.com<\/title>\n<meta name=\"description\" content=\"Publicit\u00e9 de la Chevrolet Chevelle\u00a01965\u00a0: nos anciennes dans la neige - Benoit Charette - Annuel automobile - CanadaMotorJobs.com.\" \/>\n<meta name=\"robots\" content=\"index, follow, max-snippet:-1, max-image-preview:large, max-video-preview:-1\" \/>\n<meta property=\"og:locale\" content=\"fr_CA\" \/>\n<meta property=\"og:type\" content=\"article\" \/>\n<meta property=\"og:title\" content=\"Publicit\u00e9 de la Chevrolet Chevelle\u00a01965\u00a0: nos anciennes dans la neige - CanadaMotorJobs.com\" \/>\n<meta property=\"og:description\" content=\"Publicit\u00e9 de la Chevrolet Chevelle\u00a01965\u00a0: nos anciennes dans la neige - Benoit Charette - Annuel automobile - CanadaMotorJobs.com.\" \/>\n<meta property=\"og:url\" content=\"https:\/\/news.canadamotorjobs.com\/fr\/publicite-de-la-chevrolet-chevelle-1965-nos-anciennes-dans-la-neige\/\" \/>\n<meta property=\"og:site_name\" content=\"CanadaMotorJobs.com\" \/>\n<meta property=\"article:publisher\" content=\"https:\/\/www.facebook.com\/canadamotorjobs\/\" \/>\n<meta property=\"article:published_time\" content=\"2024-12-25T16:34:04+00:00\" \/>\n<meta property=\"article:modified_time\" content=\"2024-12-25T16:44:30+00:00\" \/>\n<meta property=\"og:image\" content=\"https:\/\/news.canadamotorjobs.com\/wp-content\/uploads\/2024\/12\/Chevrolet-Chevelle-Malibu-1965-1.jpg\" \/>\n\t<meta property=\"og:image:width\" content=\"2048\" \/>\n\t<meta property=\"og:image:height\" content=\"1152\" \/>\n\t<meta property=\"og:image:type\" content=\"image\/jpeg\" \/>\n<meta name=\"author\" content=\"Benoit Charette\" \/>\n<meta name=\"twitter:card\" content=\"summary_large_image\" \/>\n<meta name=\"twitter:creator\" content=\"@canadamotorjobs\" \/>\n<meta name=\"twitter:site\" content=\"@canadamotorjobs\" \/>\n<meta name=\"twitter:label1\" content=\"\u00c9crit par\" \/>\n\t<meta name=\"twitter:data1\" content=\"Benoit Charette\" \/>\n\t<meta name=\"twitter:label2\" content=\"Estimation du temps de lecture\" \/>\n\t<meta name=\"twitter:data2\" content=\"3 minutes\" \/>\n<!-- \/ Yoast SEO plugin. -->","yoast_head_json":{"title":"Publicit\u00e9 de la Chevrolet Chevelle\u00a01965\u00a0: nos anciennes dans la neige - CanadaMotorJobs.com","description":"Publicit\u00e9 de la Chevrolet Chevelle\u00a01965\u00a0: nos anciennes dans la neige - Benoit Charette - Annuel automobile - CanadaMotorJobs.com.","robots":{"index":"index","follow":"follow","max-snippet":"max-snippet:-1","max-image-preview":"max-image-preview:large","max-video-preview":"max-video-preview:-1"},"og_locale":"fr_CA","og_type":"article","og_title":"Publicit\u00e9 de la Chevrolet Chevelle\u00a01965\u00a0: nos anciennes dans la neige - CanadaMotorJobs.com","og_description":"Publicit\u00e9 de la Chevrolet Chevelle\u00a01965\u00a0: nos anciennes dans la neige - Benoit Charette - Annuel automobile - CanadaMotorJobs.com.","og_url":"https:\/\/news.canadamotorjobs.com\/fr\/publicite-de-la-chevrolet-chevelle-1965-nos-anciennes-dans-la-neige\/","og_site_name":"CanadaMotorJobs.com","article_publisher":"https:\/\/www.facebook.com\/canadamotorjobs\/","article_published_time":"2024-12-25T16:34:04+00:00","article_modified_time":"2024-12-25T16:44:30+00:00","og_image":[{"width":2048,"height":1152,"url":"https:\/\/news.canadamotorjobs.com\/wp-content\/uploads\/2024\/12\/Chevrolet-Chevelle-Malibu-1965-1.jpg","type":"image\/jpeg"}],"author":"Benoit Charette","twitter_card":"summary_large_image","twitter_creator":"@canadamotorjobs","twitter_site":"@canadamotorjobs","twitter_misc":{"\u00c9crit par":"Benoit Charette","Estimation du temps de lecture":"3 minutes"},"schema":{"@context":"https:\/\/schema.org","@graph":[{"@type":"Article","@id":"https:\/\/news.canadamotorjobs.com\/fr\/publicite-de-la-chevrolet-chevelle-1965-nos-anciennes-dans-la-neige\/#article","isPartOf":{"@id":"https:\/\/news.canadamotorjobs.com\/fr\/publicite-de-la-chevrolet-chevelle-1965-nos-anciennes-dans-la-neige\/"},"author":{"name":"Benoit Charette","@id":"https:\/\/news.canadamotorjobs.com\/#\/schema\/person\/51793d1f87d44011d7bcc2ed99269a90"},"headline":"Publicit\u00e9 de la Chevrolet Chevelle\u00a01965\u00a0: nos anciennes dans la neige","datePublished":"2024-12-25T16:34:04+00:00","dateModified":"2024-12-25T16:44:30+00:00","mainEntityOfPage":{"@id":"https:\/\/news.canadamotorjobs.com\/fr\/publicite-de-la-chevrolet-chevelle-1965-nos-anciennes-dans-la-neige\/"},"wordCount":675,"publisher":{"@id":"https:\/\/news.canadamotorjobs.com\/#organization"},"image":{"@id":"https:\/\/news.canadamotorjobs.com\/fr\/publicite-de-la-chevrolet-chevelle-1965-nos-anciennes-dans-la-neige\/#primaryimage"},"thumbnailUrl":"https:\/\/news.canadamotorjobs.com\/wp-content\/uploads\/2024\/12\/Chevrolet-Chevelle-Malibu-1965-1.jpg","articleSection":["Annuel automobile"],"inLanguage":"fr-CA"},{"@type":"WebPage","@id":"https:\/\/news.canadamotorjobs.com\/fr\/publicite-de-la-chevrolet-chevelle-1965-nos-anciennes-dans-la-neige\/","url":"https:\/\/news.canadamotorjobs.com\/fr\/publicite-de-la-chevrolet-chevelle-1965-nos-anciennes-dans-la-neige\/","name":"Publicit\u00e9 de la Chevrolet Chevelle\u00a01965\u00a0: nos anciennes dans la neige - CanadaMotorJobs.com","isPartOf":{"@id":"https:\/\/news.canadamotorjobs.com\/#website"},"primaryImageOfPage":{"@id":"https:\/\/news.canadamotorjobs.com\/fr\/publicite-de-la-chevrolet-chevelle-1965-nos-anciennes-dans-la-neige\/#primaryimage"},"image":{"@id":"https:\/\/news.canadamotorjobs.com\/fr\/publicite-de-la-chevrolet-chevelle-1965-nos-anciennes-dans-la-neige\/#primaryimage"},"thumbnailUrl":"https:\/\/news.canadamotorjobs.com\/wp-content\/uploads\/2024\/12\/Chevrolet-Chevelle-Malibu-1965-1.jpg","datePublished":"2024-12-25T16:34:04+00:00","dateModified":"2024-12-25T16:44:30+00:00","description":"Publicit\u00e9 de la Chevrolet Chevelle\u00a01965\u00a0: nos anciennes dans la neige - Benoit Charette - Annuel automobile - CanadaMotorJobs.com.","breadcrumb":{"@id":"https:\/\/news.canadamotorjobs.com\/fr\/publicite-de-la-chevrolet-chevelle-1965-nos-anciennes-dans-la-neige\/#breadcrumb"},"inLanguage":"fr-CA","potentialAction":[{"@type":"ReadAction","target":["https:\/\/news.canadamotorjobs.com\/fr\/publicite-de-la-chevrolet-chevelle-1965-nos-anciennes-dans-la-neige\/"]}]},{"@type":"ImageObject","inLanguage":"fr-CA","@id":"https:\/\/news.canadamotorjobs.com\/fr\/publicite-de-la-chevrolet-chevelle-1965-nos-anciennes-dans-la-neige\/#primaryimage","url":"https:\/\/news.canadamotorjobs.com\/wp-content\/uploads\/2024\/12\/Chevrolet-Chevelle-Malibu-1965-1.jpg","contentUrl":"https:\/\/news.canadamotorjobs.com\/wp-content\/uploads\/2024\/12\/Chevrolet-Chevelle-Malibu-1965-1.jpg","width":2048,"height":1152},{"@type":"BreadcrumbList","@id":"https:\/\/news.canadamotorjobs.com\/fr\/publicite-de-la-chevrolet-chevelle-1965-nos-anciennes-dans-la-neige\/#breadcrumb","itemListElement":[{"@type":"ListItem","position":1,"name":"Home","item":"https:\/\/news.canadamotorjobs.com\/fr\/blog\/"},{"@type":"ListItem","position":2,"name":"Publicit\u00e9 de la Chevrolet Chevelle\u00a01965\u00a0: nos anciennes dans la neige"}]},{"@type":"WebSite","@id":"https:\/\/news.canadamotorjobs.com\/#website","url":"https:\/\/news.canadamotorjobs.com\/","name":"CanadaMotorJobs.com","description":"Automotive Jobs","publisher":{"@id":"https:\/\/news.canadamotorjobs.com\/#organization"},"potentialAction":[{"@type":"SearchAction","target":{"@type":"EntryPoint","urlTemplate":"https:\/\/news.canadamotorjobs.com\/?s={search_term_string}"},"query-input":"required name=search_term_string"}],"inLanguage":"fr-CA"},{"@type":"Organization","@id":"https:\/\/news.canadamotorjobs.com\/#organization","name":"Canada Motor Jobs","url":"https:\/\/news.canadamotorjobs.com\/","logo":{"@type":"ImageObject","inLanguage":"fr-CA","@id":"https:\/\/news.canadamotorjobs.com\/#\/schema\/logo\/image\/","url":"https:\/\/news.canadamotorjobs.com\/wp-content\/uploads\/2022\/10\/logo-canada-motor-jobs-1.png","contentUrl":"https:\/\/news.canadamotorjobs.com\/wp-content\/uploads\/2022\/10\/logo-canada-motor-jobs-1.png","width":800,"height":400,"caption":"Canada Motor Jobs"},"image":{"@id":"https:\/\/news.canadamotorjobs.com\/#\/schema\/logo\/image\/"},"sameAs":["https:\/\/www.facebook.com\/canadamotorjobs\/","https:\/\/x.com\/canadamotorjobs","https:\/\/www.instagram.com\/canadamotorjobs\/","https:\/\/www.linkedin.com\/company\/canadamotorjobs"]},{"@type":"Person","@id":"https:\/\/news.canadamotorjobs.com\/#\/schema\/person\/51793d1f87d44011d7bcc2ed99269a90","name":"Benoit Charette","image":{"@type":"ImageObject","inLanguage":"fr-CA","@id":"https:\/\/news.canadamotorjobs.com\/#\/schema\/person\/image\/","url":"https:\/\/secure.gravatar.com\/avatar\/45f3d2eebcccd909668d7ce7ea7267b6?s=96&d=mm&r=g","contentUrl":"https:\/\/secure.gravatar.com\/avatar\/45f3d2eebcccd909668d7ce7ea7267b6?s=96&d=mm&r=g","caption":"Benoit Charette"},"description":"Benoit Charette \/ Propri\u00e9taire et r\u00e9dacteur en chef Benoit Charette pratique le journalisme automobile depuis bient\u00f4t 30 ans. Il a fait ses classes au c\u00f4t\u00e9 de Daniel H\u00e9raud et au Carnet de route de 1992 \u00e0 2001. Il est fondateur, copropri\u00e9taire et r\u00e9dacteur en chef de L\u2019Annuel de l\u2019automobile, qu\u2019il publie depuis 2001. Il a anim\u00e9 les \u00e9missions RPM et RPM+ sur V et les L\u00e9gendes de la route sur Historia. \u00c0 la radio depuis 1986, il reprend l\u2019antenne cette ann\u00e9e sur les ondes de Cogeco et participe pour la deuxi\u00e8me ann\u00e9e \u00e0 l\u2019\u00e9mission Passion Auto sur RDS en plus de mettre en ligne le site Web officiel de L\u2019Annuel de l\u2019automobile sur annuelauto.ca.","sameAs":["https:\/\/annuelauto.ca\/"],"url":"https:\/\/news.canadamotorjobs.com\/fr\/author\/benoit-charette\/"}]}},"_links":{"self":[{"href":"https:\/\/news.canadamotorjobs.com\/fr\/wp-json\/wp\/v2\/posts\/186593"}],"collection":[{"href":"https:\/\/news.canadamotorjobs.com\/fr\/wp-json\/wp\/v2\/posts"}],"about":[{"href":"https:\/\/news.canadamotorjobs.com\/fr\/wp-json\/wp\/v2\/types\/post"}],"author":[{"embeddable":true,"href":"https:\/\/news.canadamotorjobs.com\/fr\/wp-json\/wp\/v2\/users\/8"}],"replies":[{"embeddable":true,"href":"https:\/\/news.canadamotorjobs.com\/fr\/wp-json\/wp\/v2\/comments?post=186593"}],"version-history":[{"count":2,"href":"https:\/\/news.canadamotorjobs.com\/fr\/wp-json\/wp\/v2\/posts\/186593\/revisions"}],"predecessor-version":[{"id":186597,"href":"https:\/\/news.canadamotorjobs.com\/fr\/wp-json\/wp\/v2\/posts\/186593\/revisions\/186597"}],"wp:featuredmedia":[{"embeddable":true,"href":"https:\/\/news.canadamotorjobs.com\/fr\/wp-json\/wp\/v2\/media\/186595"}],"wp:attachment":[{"href":"https:\/\/news.canadamotorjobs.com\/fr\/wp-json\/wp\/v2\/media?parent=186593"}],"wp:term":[{"taxonomy":"category","embeddable":true,"href":"https:\/\/news.canadamotorjobs.com\/fr\/wp-json\/wp\/v2\/categories?post=186593"},{"taxonomy":"post_tag","embeddable":true,"href":"https:\/\/news.canadamotorjobs.com\/fr\/wp-json\/wp\/v2\/tags?post=186593"}],"curies":[{"name":"wp","href":"https:\/\/api.w.org\/{rel}","templated":true}]}}