{"id":186582,"date":"2024-12-25T10:21:59","date_gmt":"2024-12-25T15:21:59","guid":{"rendered":"https:\/\/news.canadamotorjobs.com\/?p=186582"},"modified":"2024-12-25T10:28:51","modified_gmt":"2024-12-25T15:28:51","slug":"travailleurs-chinois-exploites-dans-des-conditions-proches-de-lesclavage-sur-un-chantier-de-byd-au-bresil","status":"publish","type":"post","link":"https:\/\/news.canadamotorjobs.com\/fr\/travailleurs-chinois-exploites-dans-des-conditions-proches-de-lesclavage-sur-un-chantier-de-byd-au-bresil\/","title":{"rendered":"Travailleurs chinois exploit\u00e9s dans des conditions proches de l\u2019esclavage sur un chantier de BYD au Br\u00e9sil"},"content":{"rendered":"<\/p>\n<p>Le g\u00e9ant chinois des v\u00e9hicules \u00e9lectriques BYD Co. a rompu ses liens avec la soci\u00e9t\u00e9 de construction Jinjiang Construction Brazil Ltd. apr\u00e8s que les autorit\u00e9s br\u00e9siliennes ont d\u00e9couvert des travailleurs chinois exploit\u00e9s dans des conditions qualifi\u00e9es de proches de l\u2019esclavage sur le chantier d&#8217;une nouvelle usine dans l\u2019\u00c9tat de Bahia.<\/p>\n<h3>Une intervention des autorit\u00e9s br\u00e9siliennes<\/h3>\n<p>\nLe 23 d\u00e9cembre, le minist\u00e8re public du travail br\u00e9silien a annonc\u00e9 avoir sauv\u00e9 163 travailleurs chinois qui construisaient une usine de v\u00e9hicules \u00e9lectriques pour BYD. Les travaux ont \u00e9t\u00e9 imm\u00e9diatement suspendus, et les autorit\u00e9s ont ordonn\u00e9 la fermeture des sites d\u2019h\u00e9bergement jug\u00e9s insalubres.<\/p>\n<h3>Selon le rapport des procureurs, ces travailleurs vivaient dans des conditions d\u00e9gradantes :<\/h3>\n<p><\/p>\n<ul><\/p>\n<li>Retenue des passeports et d\u2019une grande partie de leurs salaires.<\/li>\n<p><\/p>\n<li>D\u00e9ductions abusives pour le transport a\u00e9rien et autres frais, laissant les travailleurs sans revenu en cas de d\u00e9mission apr\u00e8s six mois.<\/li>\n<p><\/p>\n<li>Logements pr\u00e9caires avec des lits sans matelas, un seul sanitaire pour 31 personnes, et des journ\u00e9es de travail d\u00e9butant \u00e0 4 h du matin.<br \/>\nUn accident du travail a \u00e9t\u00e9 signal\u00e9 apr\u00e8s qu\u2019un employ\u00e9 avait travaill\u00e9 25 jours cons\u00e9cutifs.<\/li>\n<p>\n<\/ul>\n<p><\/p>\n<h3>La r\u00e9ponse de BYD<\/h3>\n<p>\nFace \u00e0 ce scandale, BYD a annonc\u00e9 avoir mis fin \u00e0 sa collaboration avec Jinjiang Construction Brazil Ltd. et s\u2019\u00eatre engag\u00e9 \u00e0 prot\u00e9ger les droits des travailleurs sous-trait\u00e9s. Alexandre Baldy, vice-pr\u00e9sident senior de BYD Brazil, a d\u00e9clar\u00e9 :<\/p>\n<p>\u00ab BYD Auto do Brazil r\u00e9it\u00e8re son engagement envers le respect total de la l\u00e9gislation br\u00e9silienne, en particulier en ce qui concerne la protection des droits des travailleurs et la dignit\u00e9 humaine. \u00bb<\/p>\n<p>Les travailleurs ont \u00e9t\u00e9 transf\u00e9r\u00e9s dans des h\u00f4tels, et BYD a confirm\u00e9 avoir demand\u00e9 plusieurs fois \u00e0 son sous-traitant d&#8217;am\u00e9liorer les conditions de travail, sans succ\u00e8s.<\/p>\n<h3>Un march\u00e9 strat\u00e9gique pour BYD<\/h3>\n<p>\nMalgr\u00e9 ce revers, BYD reste un acteur cl\u00e9 au Br\u00e9sil, o\u00f9 ses v\u00e9hicules \u00e9lectriques et hybrides connaissent un fort succ\u00e8s. Avec plus de 66 000 unit\u00e9s vendues jusqu\u2019en novembre 2024, le Br\u00e9sil repr\u00e9sente un march\u00e9 strat\u00e9gique pour le constructeur bas\u00e9 \u00e0 Shenzhen. L\u2019usine EV, dont l\u2019ouverture est pr\u00e9vue pour l\u2019ann\u00e9e prochaine, jouera un r\u00f4le central dans l\u2019expansion r\u00e9gionale de BYD.<\/p>\n<h3>Conclusion<\/h3>\n<p>\nCe scandale met en lumi\u00e8re les d\u00e9fis de la gestion des sous-traitants dans le secteur automobile, en particulier sur les march\u00e9s \u00e9mergents et plus particuli\u00e8rement de la Chine qui est r\u00e9put\u00e9e poiur la maltraitance de ses travailleurs. Alors que BYD cherche \u00e0 renforcer sa position internationale, ce genre de controverse pourrait nuire \u00e0 sa r\u00e9putation mondiale.<\/p>\n<p><strong>Avec des renseignements d&#8217;Automotive News<\/strong><\/p>\n<p>\u00a0<\/p>\n<p>Le texte <a rel=\"nofollow\" href=\"https:\/\/annuelauto.ca\/byd-travailleurs-esclavage-usine-bresil\/\">Travailleurs chinois exploit\u00e9s dans des conditions proches de l\u2019esclavage sur un chantier de BYD au Br\u00e9sil<\/a> provient de <a rel=\"nofollow\" href=\"https:\/\/annuelauto.ca\">L&#8217;annuel de l&#8217;automobile &#8211; Actualit\u00e9 automobile<\/a><\/p>\n<p><\/p>\n","protected":false},"excerpt":{"rendered":"<p>Le g\u00e9ant chinois des v\u00e9hicules \u00e9lectriques BYD Co. a rompu ses liens avec la soci\u00e9t\u00e9 de construction Jinjiang Construction Brazil Ltd. apr\u00e8s que les autorit\u00e9s br\u00e9siliennes ont d\u00e9couvert des travailleurs chinois exploit\u00e9s dans des conditions qualifi\u00e9es de proches de l\u2019esclavage sur le chantier d&#8217;une nouvelle usine dans l\u2019\u00c9tat de Bahia. Une intervention des autorit\u00e9s br\u00e9siliennes [&hellip;]<\/p>\n","protected":false},"author":8,"featured_media":186584,"comment_status":"close","ping_status":"closed","sticky":false,"template":"","format":"standard","meta":{"_monsterinsights_skip_tracking":false,"_monsterinsights_sitenote_active":false,"_monsterinsights_sitenote_note":"","_monsterinsights_sitenote_category":0,"footnotes":""},"categories":[101],"tags":[],"yoast_head":"<!-- This site is optimized with the Yoast SEO plugin v23.2 - https:\/\/yoast.com\/wordpress\/plugins\/seo\/ -->\n<title>Travailleurs chinois exploit\u00e9s dans des conditions proches de l\u2019esclavage sur un chantier de BYD au Br\u00e9sil - CanadaMotorJobs.com<\/title>\n<meta name=\"description\" content=\"Travailleurs chinois exploit\u00e9s dans des conditions proches de l\u2019esclavage sur un chantier de BYD au Br\u00e9sil - Benoit Charette - Annuel automobile - CanadaMotorJobs.com.\" \/>\n<meta name=\"robots\" content=\"index, follow, max-snippet:-1, max-image-preview:large, max-video-preview:-1\" \/>\n<meta property=\"og:locale\" content=\"fr_CA\" \/>\n<meta property=\"og:type\" content=\"article\" \/>\n<meta property=\"og:title\" content=\"Travailleurs chinois exploit\u00e9s dans des conditions proches de l\u2019esclavage sur un chantier de BYD au Br\u00e9sil - CanadaMotorJobs.com\" \/>\n<meta property=\"og:description\" content=\"Travailleurs chinois exploit\u00e9s dans des conditions proches de l\u2019esclavage sur un chantier de BYD au Br\u00e9sil - Benoit Charette - Annuel automobile - CanadaMotorJobs.com.\" \/>\n<meta property=\"og:url\" content=\"https:\/\/news.canadamotorjobs.com\/fr\/travailleurs-chinois-exploites-dans-des-conditions-proches-de-lesclavage-sur-un-chantier-de-byd-au-bresil\/\" \/>\n<meta property=\"og:site_name\" content=\"CanadaMotorJobs.com\" \/>\n<meta property=\"article:publisher\" content=\"https:\/\/www.facebook.com\/canadamotorjobs\/\" \/>\n<meta property=\"article:published_time\" content=\"2024-12-25T15:21:59+00:00\" \/>\n<meta property=\"article:modified_time\" content=\"2024-12-25T15:28:51+00:00\" \/>\n<meta property=\"og:image\" content=\"https:\/\/news.canadamotorjobs.com\/wp-content\/uploads\/2024\/12\/fabrica-byd.jpg\" \/>\n\t<meta property=\"og:image:width\" content=\"480\" \/>\n\t<meta property=\"og:image:height\" content=\"291\" \/>\n\t<meta property=\"og:image:type\" content=\"image\/jpeg\" \/>\n<meta name=\"author\" content=\"Benoit Charette\" \/>\n<meta name=\"twitter:card\" content=\"summary_large_image\" \/>\n<meta name=\"twitter:creator\" content=\"@canadamotorjobs\" \/>\n<meta name=\"twitter:site\" content=\"@canadamotorjobs\" \/>\n<meta name=\"twitter:label1\" content=\"\u00c9crit par\" \/>\n\t<meta name=\"twitter:data1\" content=\"Benoit Charette\" \/>\n\t<meta name=\"twitter:label2\" content=\"Estimation du temps de lecture\" \/>\n\t<meta name=\"twitter:data2\" content=\"2 minutes\" \/>\n<!-- \/ Yoast SEO plugin. -->","yoast_head_json":{"title":"Travailleurs chinois exploit\u00e9s dans des conditions proches de l\u2019esclavage sur un chantier de BYD au Br\u00e9sil - CanadaMotorJobs.com","description":"Travailleurs chinois exploit\u00e9s dans des conditions proches de l\u2019esclavage sur un chantier de BYD au Br\u00e9sil - Benoit Charette - Annuel automobile - CanadaMotorJobs.com.","robots":{"index":"index","follow":"follow","max-snippet":"max-snippet:-1","max-image-preview":"max-image-preview:large","max-video-preview":"max-video-preview:-1"},"og_locale":"fr_CA","og_type":"article","og_title":"Travailleurs chinois exploit\u00e9s dans des conditions proches de l\u2019esclavage sur un chantier de BYD au Br\u00e9sil - CanadaMotorJobs.com","og_description":"Travailleurs chinois exploit\u00e9s dans des conditions proches de l\u2019esclavage sur un chantier de BYD au Br\u00e9sil - Benoit Charette - Annuel automobile - CanadaMotorJobs.com.","og_url":"https:\/\/news.canadamotorjobs.com\/fr\/travailleurs-chinois-exploites-dans-des-conditions-proches-de-lesclavage-sur-un-chantier-de-byd-au-bresil\/","og_site_name":"CanadaMotorJobs.com","article_publisher":"https:\/\/www.facebook.com\/canadamotorjobs\/","article_published_time":"2024-12-25T15:21:59+00:00","article_modified_time":"2024-12-25T15:28:51+00:00","og_image":[{"width":480,"height":291,"url":"https:\/\/news.canadamotorjobs.com\/wp-content\/uploads\/2024\/12\/fabrica-byd.jpg","type":"image\/jpeg"}],"author":"Benoit Charette","twitter_card":"summary_large_image","twitter_creator":"@canadamotorjobs","twitter_site":"@canadamotorjobs","twitter_misc":{"\u00c9crit par":"Benoit Charette","Estimation du temps de lecture":"2 minutes"},"schema":{"@context":"https:\/\/schema.org","@graph":[{"@type":"Article","@id":"https:\/\/news.canadamotorjobs.com\/fr\/travailleurs-chinois-exploites-dans-des-conditions-proches-de-lesclavage-sur-un-chantier-de-byd-au-bresil\/#article","isPartOf":{"@id":"https:\/\/news.canadamotorjobs.com\/fr\/travailleurs-chinois-exploites-dans-des-conditions-proches-de-lesclavage-sur-un-chantier-de-byd-au-bresil\/"},"author":{"name":"Benoit Charette","@id":"https:\/\/news.canadamotorjobs.com\/#\/schema\/person\/51793d1f87d44011d7bcc2ed99269a90"},"headline":"Travailleurs chinois exploit\u00e9s dans des conditions proches de l\u2019esclavage sur un chantier de BYD au Br\u00e9sil","datePublished":"2024-12-25T15:21:59+00:00","dateModified":"2024-12-25T15:28:51+00:00","mainEntityOfPage":{"@id":"https:\/\/news.canadamotorjobs.com\/fr\/travailleurs-chinois-exploites-dans-des-conditions-proches-de-lesclavage-sur-un-chantier-de-byd-au-bresil\/"},"wordCount":515,"publisher":{"@id":"https:\/\/news.canadamotorjobs.com\/#organization"},"image":{"@id":"https:\/\/news.canadamotorjobs.com\/fr\/travailleurs-chinois-exploites-dans-des-conditions-proches-de-lesclavage-sur-un-chantier-de-byd-au-bresil\/#primaryimage"},"thumbnailUrl":"https:\/\/news.canadamotorjobs.com\/wp-content\/uploads\/2024\/12\/fabrica-byd.jpg","articleSection":["Annuel automobile"],"inLanguage":"fr-CA"},{"@type":"WebPage","@id":"https:\/\/news.canadamotorjobs.com\/fr\/travailleurs-chinois-exploites-dans-des-conditions-proches-de-lesclavage-sur-un-chantier-de-byd-au-bresil\/","url":"https:\/\/news.canadamotorjobs.com\/fr\/travailleurs-chinois-exploites-dans-des-conditions-proches-de-lesclavage-sur-un-chantier-de-byd-au-bresil\/","name":"Travailleurs chinois exploit\u00e9s dans des conditions proches de l\u2019esclavage sur un chantier de BYD au Br\u00e9sil - CanadaMotorJobs.com","isPartOf":{"@id":"https:\/\/news.canadamotorjobs.com\/#website"},"primaryImageOfPage":{"@id":"https:\/\/news.canadamotorjobs.com\/fr\/travailleurs-chinois-exploites-dans-des-conditions-proches-de-lesclavage-sur-un-chantier-de-byd-au-bresil\/#primaryimage"},"image":{"@id":"https:\/\/news.canadamotorjobs.com\/fr\/travailleurs-chinois-exploites-dans-des-conditions-proches-de-lesclavage-sur-un-chantier-de-byd-au-bresil\/#primaryimage"},"thumbnailUrl":"https:\/\/news.canadamotorjobs.com\/wp-content\/uploads\/2024\/12\/fabrica-byd.jpg","datePublished":"2024-12-25T15:21:59+00:00","dateModified":"2024-12-25T15:28:51+00:00","description":"Travailleurs chinois exploit\u00e9s dans des conditions proches de l\u2019esclavage sur un chantier de BYD au Br\u00e9sil - Benoit Charette - Annuel automobile - CanadaMotorJobs.com.","breadcrumb":{"@id":"https:\/\/news.canadamotorjobs.com\/fr\/travailleurs-chinois-exploites-dans-des-conditions-proches-de-lesclavage-sur-un-chantier-de-byd-au-bresil\/#breadcrumb"},"inLanguage":"fr-CA","potentialAction":[{"@type":"ReadAction","target":["https:\/\/news.canadamotorjobs.com\/fr\/travailleurs-chinois-exploites-dans-des-conditions-proches-de-lesclavage-sur-un-chantier-de-byd-au-bresil\/"]}]},{"@type":"ImageObject","inLanguage":"fr-CA","@id":"https:\/\/news.canadamotorjobs.com\/fr\/travailleurs-chinois-exploites-dans-des-conditions-proches-de-lesclavage-sur-un-chantier-de-byd-au-bresil\/#primaryimage","url":"https:\/\/news.canadamotorjobs.com\/wp-content\/uploads\/2024\/12\/fabrica-byd.jpg","contentUrl":"https:\/\/news.canadamotorjobs.com\/wp-content\/uploads\/2024\/12\/fabrica-byd.jpg","width":480,"height":291},{"@type":"BreadcrumbList","@id":"https:\/\/news.canadamotorjobs.com\/fr\/travailleurs-chinois-exploites-dans-des-conditions-proches-de-lesclavage-sur-un-chantier-de-byd-au-bresil\/#breadcrumb","itemListElement":[{"@type":"ListItem","position":1,"name":"Home","item":"https:\/\/news.canadamotorjobs.com\/fr\/blog\/"},{"@type":"ListItem","position":2,"name":"Travailleurs chinois exploit\u00e9s dans des conditions proches de l\u2019esclavage sur un chantier de BYD au Br\u00e9sil"}]},{"@type":"WebSite","@id":"https:\/\/news.canadamotorjobs.com\/#website","url":"https:\/\/news.canadamotorjobs.com\/","name":"CanadaMotorJobs.com","description":"Automotive Jobs","publisher":{"@id":"https:\/\/news.canadamotorjobs.com\/#organization"},"potentialAction":[{"@type":"SearchAction","target":{"@type":"EntryPoint","urlTemplate":"https:\/\/news.canadamotorjobs.com\/?s={search_term_string}"},"query-input":"required name=search_term_string"}],"inLanguage":"fr-CA"},{"@type":"Organization","@id":"https:\/\/news.canadamotorjobs.com\/#organization","name":"Canada Motor Jobs","url":"https:\/\/news.canadamotorjobs.com\/","logo":{"@type":"ImageObject","inLanguage":"fr-CA","@id":"https:\/\/news.canadamotorjobs.com\/#\/schema\/logo\/image\/","url":"https:\/\/news.canadamotorjobs.com\/wp-content\/uploads\/2022\/10\/logo-canada-motor-jobs-1.png","contentUrl":"https:\/\/news.canadamotorjobs.com\/wp-content\/uploads\/2022\/10\/logo-canada-motor-jobs-1.png","width":800,"height":400,"caption":"Canada Motor Jobs"},"image":{"@id":"https:\/\/news.canadamotorjobs.com\/#\/schema\/logo\/image\/"},"sameAs":["https:\/\/www.facebook.com\/canadamotorjobs\/","https:\/\/x.com\/canadamotorjobs","https:\/\/www.instagram.com\/canadamotorjobs\/","https:\/\/www.linkedin.com\/company\/canadamotorjobs"]},{"@type":"Person","@id":"https:\/\/news.canadamotorjobs.com\/#\/schema\/person\/51793d1f87d44011d7bcc2ed99269a90","name":"Benoit Charette","image":{"@type":"ImageObject","inLanguage":"fr-CA","@id":"https:\/\/news.canadamotorjobs.com\/#\/schema\/person\/image\/","url":"https:\/\/secure.gravatar.com\/avatar\/45f3d2eebcccd909668d7ce7ea7267b6?s=96&d=mm&r=g","contentUrl":"https:\/\/secure.gravatar.com\/avatar\/45f3d2eebcccd909668d7ce7ea7267b6?s=96&d=mm&r=g","caption":"Benoit Charette"},"description":"Benoit Charette \/ Propri\u00e9taire et r\u00e9dacteur en chef Benoit Charette pratique le journalisme automobile depuis bient\u00f4t 30 ans. Il a fait ses classes au c\u00f4t\u00e9 de Daniel H\u00e9raud et au Carnet de route de 1992 \u00e0 2001. Il est fondateur, copropri\u00e9taire et r\u00e9dacteur en chef de L\u2019Annuel de l\u2019automobile, qu\u2019il publie depuis 2001. Il a anim\u00e9 les \u00e9missions RPM et RPM+ sur V et les L\u00e9gendes de la route sur Historia. \u00c0 la radio depuis 1986, il reprend l\u2019antenne cette ann\u00e9e sur les ondes de Cogeco et participe pour la deuxi\u00e8me ann\u00e9e \u00e0 l\u2019\u00e9mission Passion Auto sur RDS en plus de mettre en ligne le site Web officiel de L\u2019Annuel de l\u2019automobile sur annuelauto.ca.","sameAs":["https:\/\/annuelauto.ca\/"],"url":"https:\/\/news.canadamotorjobs.com\/fr\/author\/benoit-charette\/"}]}},"_links":{"self":[{"href":"https:\/\/news.canadamotorjobs.com\/fr\/wp-json\/wp\/v2\/posts\/186582"}],"collection":[{"href":"https:\/\/news.canadamotorjobs.com\/fr\/wp-json\/wp\/v2\/posts"}],"about":[{"href":"https:\/\/news.canadamotorjobs.com\/fr\/wp-json\/wp\/v2\/types\/post"}],"author":[{"embeddable":true,"href":"https:\/\/news.canadamotorjobs.com\/fr\/wp-json\/wp\/v2\/users\/8"}],"replies":[{"embeddable":true,"href":"https:\/\/news.canadamotorjobs.com\/fr\/wp-json\/wp\/v2\/comments?post=186582"}],"version-history":[{"count":2,"href":"https:\/\/news.canadamotorjobs.com\/fr\/wp-json\/wp\/v2\/posts\/186582\/revisions"}],"predecessor-version":[{"id":186586,"href":"https:\/\/news.canadamotorjobs.com\/fr\/wp-json\/wp\/v2\/posts\/186582\/revisions\/186586"}],"wp:featuredmedia":[{"embeddable":true,"href":"https:\/\/news.canadamotorjobs.com\/fr\/wp-json\/wp\/v2\/media\/186584"}],"wp:attachment":[{"href":"https:\/\/news.canadamotorjobs.com\/fr\/wp-json\/wp\/v2\/media?parent=186582"}],"wp:term":[{"taxonomy":"category","embeddable":true,"href":"https:\/\/news.canadamotorjobs.com\/fr\/wp-json\/wp\/v2\/categories?post=186582"},{"taxonomy":"post_tag","embeddable":true,"href":"https:\/\/news.canadamotorjobs.com\/fr\/wp-json\/wp\/v2\/tags?post=186582"}],"curies":[{"name":"wp","href":"https:\/\/api.w.org\/{rel}","templated":true}]}}