{"id":186494,"date":"2024-12-24T02:24:43","date_gmt":"2024-12-24T07:24:43","guid":{"rendered":"https:\/\/news.canadamotorjobs.com\/?p=186494"},"modified":"2024-12-24T02:28:55","modified_gmt":"2024-12-24T07:28:55","slug":"voici-linterieur-de-la-honda-prelude-2026","status":"publish","type":"post","link":"https:\/\/news.canadamotorjobs.com\/fr\/voici-linterieur-de-la-honda-prelude-2026\/","title":{"rendered":"Voici l\u2019int\u00e9rieur de la Honda Prelude 2026"},"content":{"rendered":"<\/p>\n<p>La semaine derni\u00e8re, Honda confirmait le retour du coup\u00e9 Prelude en Am\u00e9rique du Nord. Le mod\u00e8le sera propos\u00e9 pour le mill\u00e9sime 2026, et ne sera livrable qu\u2019en configuration hybride.<\/p>\n<p>Jusqu\u2019\u00e0 maintenant, tout ce qu\u2019on avait vu de la nouvelle Prelude, c\u2019\u00e9tait sa robe ext\u00e9rieure. Maintenant, gr\u00e2ce \u00e0 la cha\u00eene YouTube japonaise Love Cars TV, on a droit \u00e0 un premier coup d\u2019\u0153il de ce qui se cache \u00e0 l\u2019int\u00e9rieur.<\/p>\n<p><\/p>\n<p>En visionnant la vid\u00e9o, vous pouvez faire imm\u00e9diatement un saut \u00e0 3 min 5 s, au moment o\u00f9 l\u2019animateur ouvre la porti\u00e8re du c\u00f4t\u00e9 conducteur pour r\u00e9v\u00e9ler l\u2019int\u00e9rieur. Ce que l\u2019on voit ne nous \u00e9tonne pas, car on reconna\u00eet la signature introduite avec la derni\u00e8re Civic.<\/p>\n<p>Si la pr\u00e9sentation est de bon go\u00fbt, il est d\u00e9cevant de voir qu\u2019on ne cherche pas \u00e0 diff\u00e9rencier ce nouveau mod\u00e8le avec une approche diff\u00e9rente, distincte et plus accrocheuse.<\/p>\n<p><\/p>\n<figure><img decoding=\"async\" src=\"https:\/\/news.canadamotorjobs.com\/wp-content\/uploads\/2024\/12\/prelude-interior-youtube-02-5.jpg\" alt=\"Honda Prelude 2026, si\u00e8ges\" \/><figcaption>Honda Prelude 2026, si\u00e8ges | Auto123.com<\/figcaption><\/figure>\n<p>On note la pr\u00e9sence de si\u00e8ges sport en cuir, dot\u00e9es de surpiq\u00fbres bleues. La partie noire qui est accol\u00e9e aux appuie-t\u00eate est l\u2019endroit o\u00f9 l\u2019on risque de voir le nom du mod\u00e8le appara\u00eetre, ou encore d\u2019une variante quelconque. Les si\u00e8ges sont aussi perfor\u00e9s, ce qui nous indique la pr\u00e9sence d\u2019une fonction de ventilation, qui sera assur\u00e9ment offerte au sommet de la hi\u00e9rarchie.<\/p>\n<p><\/p>\n<figure><img decoding=\"async\" src=\"https:\/\/news.canadamotorjobs.com\/wp-content\/uploads\/2024\/12\/prelude-interior-youtube-05-1.jpg\" alt=\"Honda Prelude 2026, volant\" \/><figcaption>Honda Prelude 2026, volant | Auto123.com<\/figcaption><\/figure>\n<p>Au tableau de bord, l\u2019instrumentation sur \u00e9cran num\u00e9rique correspond \u00e0 ce que l\u2019on conna\u00eet de la marque. On peut noter la pr\u00e9sence du sigle S+, un mode qui sera offert avec la Prelude pour transmettre plus de sensation au conducteur, dit-on. Le bouton qui l\u2019active est aussi bien visible \u00e0 la console centrale, \u00e0 la droite des commutateurs qui permettent de choisir le rapport de transmission.<\/p>\n<p>Le tableau de bord nous fait aussi voir cette bande grillag\u00e9e derri\u00e8re laquelle se cachent les buses d\u2019a\u00e9ration. Une partie devant le passager est recouverte d\u2019une toile, ce qui nous indique peut-\u00eatre d\u2019un \u00e9l\u00e9ment de design propre au mod\u00e8le ; c\u2019est \u00e0 souhaiter, car on a vraiment l\u2019impression d\u2019\u00eatre \u00e0 bord d\u2019une Civic dans cette Prelude.<\/p>\n<p><\/p>\n<figure><img decoding=\"async\" src=\"https:\/\/news.canadamotorjobs.com\/wp-content\/uploads\/2024\/12\/prelude-interior-youtube-09-1.jpg\" alt=\"Honda Prelude 2026, si\u00e8ges arri\u00e8re\" \/><figcaption>Honda Prelude 2026, si\u00e8ges arri\u00e8re | Auto123.com<\/figcaption><\/figure>\n<p>Aux places arri\u00e8re, l\u2019espace semble compt\u00e9, surtout pour la t\u00eate. La configuration arri\u00e8re devrait se traduire par une capacit\u00e9 de chargement int\u00e9ressante, ce qui va rendre cette Prelude plus pratique que ce \u00e0 quoi nous sommes habitu\u00e9s g\u00e9n\u00e9ralement avec un coup\u00e9.<\/p>\n<p>La prochaine \u00e9tape pour nous sera assur\u00e9ment de voir la version de production en personne. Elle nous sera assur\u00e9ment pr\u00e9sent\u00e9e lors d\u2019un salon automobile prochain, peut-\u00eatre celui de New York en avril.<\/p>\n<p><\/p>\n<figure><img decoding=\"async\" src=\"https:\/\/news.canadamotorjobs.com\/wp-content\/uploads\/2024\/12\/prelude-interior-youtube-07-1.jpg\" alt=\"Honda Prelude 2026, bas de console centrale\" \/><figcaption>Honda Prelude 2026, bas de console centrale | Auto123.com<\/figcaption><\/figure>\n<figure><img decoding=\"async\" src=\"https:\/\/news.canadamotorjobs.com\/wp-content\/uploads\/2024\/12\/prelude-interior-youtube-08-1.jpg\" alt=\"Honda Prelude 2026, bouton S+\" \/><figcaption>Honda Prelude 2026, bouton S+ | Auto123.com<\/figcaption><\/figure>\n<figure><img decoding=\"async\" src=\"https:\/\/news.canadamotorjobs.com\/wp-content\/uploads\/2024\/12\/prelude-interior-youtube-04-1.jpg\" alt=\"Honda Prelude 2026, \u00e9cran de donn\u00e9es\" \/><figcaption>Honda Prelude 2026, \u00e9cran de donn\u00e9es | Auto123.com<\/figcaption><\/figure>\n<p style=\"padding-top: 15px\">Contenu original de <a href=\"https:\/\/www.auto123.com\/fr\/actualites\/honda-prelude-2026-habitacle-civic\/72222\/\">auto123<\/a>.<\/p>\n<p>Le texte <a rel=\"nofollow\" href=\"https:\/\/annuelauto.ca\/voici-linterieur-de-la-honda-prelude-2026\/\">Voici l\u2019int\u00e9rieur de la Honda Prelude 2026<\/a> provient de <a rel=\"nofollow\" href=\"https:\/\/annuelauto.ca\">L&#8217;annuel de l&#8217;automobile &#8211; Actualit\u00e9 automobile<\/a><\/p>\n<p><\/p>\n","protected":false},"excerpt":{"rendered":"<p>La semaine derni\u00e8re, Honda confirmait le retour du coup\u00e9 Prelude en Am\u00e9rique du Nord. Le mod\u00e8le sera propos\u00e9 pour le mill\u00e9sime 2026, et ne sera livrable qu\u2019en configuration hybride. Jusqu\u2019\u00e0 maintenant, tout ce qu\u2019on avait vu de la nouvelle Prelude, c\u2019\u00e9tait sa robe ext\u00e9rieure. Maintenant, gr\u00e2ce \u00e0 la cha\u00eene YouTube japonaise Love Cars TV, on [&hellip;]<\/p>\n","protected":false},"author":8,"featured_media":186496,"comment_status":"close","ping_status":"closed","sticky":false,"template":"","format":"standard","meta":{"_monsterinsights_skip_tracking":false,"_monsterinsights_sitenote_active":false,"_monsterinsights_sitenote_note":"","_monsterinsights_sitenote_category":0,"footnotes":""},"categories":[101],"tags":[],"yoast_head":"<!-- This site is optimized with the Yoast SEO plugin v23.2 - https:\/\/yoast.com\/wordpress\/plugins\/seo\/ -->\n<title>Voici l\u2019int\u00e9rieur de la Honda Prelude 2026 - CanadaMotorJobs.com<\/title>\n<meta name=\"description\" content=\"Voici l\u2019int\u00e9rieur de la Honda Prelude 2026 - Benoit Charette - Annuel automobile - CanadaMotorJobs.com.\" \/>\n<meta name=\"robots\" content=\"index, follow, max-snippet:-1, max-image-preview:large, max-video-preview:-1\" \/>\n<meta property=\"og:locale\" content=\"fr_CA\" \/>\n<meta property=\"og:type\" content=\"article\" \/>\n<meta property=\"og:title\" content=\"Voici l\u2019int\u00e9rieur de la Honda Prelude 2026 - CanadaMotorJobs.com\" \/>\n<meta property=\"og:description\" content=\"Voici l\u2019int\u00e9rieur de la Honda Prelude 2026 - Benoit Charette - Annuel automobile - CanadaMotorJobs.com.\" \/>\n<meta property=\"og:url\" content=\"https:\/\/news.canadamotorjobs.com\/fr\/voici-linterieur-de-la-honda-prelude-2026\/\" \/>\n<meta property=\"og:site_name\" content=\"CanadaMotorJobs.com\" \/>\n<meta property=\"article:publisher\" content=\"https:\/\/www.facebook.com\/canadamotorjobs\/\" \/>\n<meta property=\"article:published_time\" content=\"2024-12-24T07:24:43+00:00\" \/>\n<meta property=\"article:modified_time\" content=\"2024-12-24T07:28:55+00:00\" \/>\n<meta property=\"og:image\" content=\"https:\/\/news.canadamotorjobs.com\/wp-content\/uploads\/2024\/12\/prelude-interior-youtube-02.jpg\" \/>\n\t<meta property=\"og:image:width\" content=\"1200\" \/>\n\t<meta property=\"og:image:height\" content=\"777\" \/>\n\t<meta property=\"og:image:type\" content=\"image\/jpeg\" \/>\n<meta name=\"author\" content=\"Benoit Charette\" \/>\n<meta name=\"twitter:card\" content=\"summary_large_image\" \/>\n<meta name=\"twitter:creator\" content=\"@canadamotorjobs\" \/>\n<meta name=\"twitter:site\" content=\"@canadamotorjobs\" \/>\n<meta name=\"twitter:label1\" content=\"\u00c9crit par\" \/>\n\t<meta name=\"twitter:data1\" content=\"Benoit Charette\" \/>\n\t<meta name=\"twitter:label2\" content=\"Estimation du temps de lecture\" \/>\n\t<meta name=\"twitter:data2\" content=\"3 minutes\" \/>\n<!-- \/ Yoast SEO plugin. -->","yoast_head_json":{"title":"Voici l\u2019int\u00e9rieur de la Honda Prelude 2026 - CanadaMotorJobs.com","description":"Voici l\u2019int\u00e9rieur de la Honda Prelude 2026 - Benoit Charette - Annuel automobile - CanadaMotorJobs.com.","robots":{"index":"index","follow":"follow","max-snippet":"max-snippet:-1","max-image-preview":"max-image-preview:large","max-video-preview":"max-video-preview:-1"},"og_locale":"fr_CA","og_type":"article","og_title":"Voici l\u2019int\u00e9rieur de la Honda Prelude 2026 - CanadaMotorJobs.com","og_description":"Voici l\u2019int\u00e9rieur de la Honda Prelude 2026 - Benoit Charette - Annuel automobile - CanadaMotorJobs.com.","og_url":"https:\/\/news.canadamotorjobs.com\/fr\/voici-linterieur-de-la-honda-prelude-2026\/","og_site_name":"CanadaMotorJobs.com","article_publisher":"https:\/\/www.facebook.com\/canadamotorjobs\/","article_published_time":"2024-12-24T07:24:43+00:00","article_modified_time":"2024-12-24T07:28:55+00:00","og_image":[{"width":1200,"height":777,"url":"https:\/\/news.canadamotorjobs.com\/wp-content\/uploads\/2024\/12\/prelude-interior-youtube-02.jpg","type":"image\/jpeg"}],"author":"Benoit Charette","twitter_card":"summary_large_image","twitter_creator":"@canadamotorjobs","twitter_site":"@canadamotorjobs","twitter_misc":{"\u00c9crit par":"Benoit Charette","Estimation du temps de lecture":"3 minutes"},"schema":{"@context":"https:\/\/schema.org","@graph":[{"@type":"Article","@id":"https:\/\/news.canadamotorjobs.com\/fr\/voici-linterieur-de-la-honda-prelude-2026\/#article","isPartOf":{"@id":"https:\/\/news.canadamotorjobs.com\/fr\/voici-linterieur-de-la-honda-prelude-2026\/"},"author":{"name":"Benoit Charette","@id":"https:\/\/news.canadamotorjobs.com\/#\/schema\/person\/51793d1f87d44011d7bcc2ed99269a90"},"headline":"Voici l\u2019int\u00e9rieur de la Honda Prelude 2026","datePublished":"2024-12-24T07:24:43+00:00","dateModified":"2024-12-24T07:28:55+00:00","mainEntityOfPage":{"@id":"https:\/\/news.canadamotorjobs.com\/fr\/voici-linterieur-de-la-honda-prelude-2026\/"},"wordCount":541,"publisher":{"@id":"https:\/\/news.canadamotorjobs.com\/#organization"},"image":{"@id":"https:\/\/news.canadamotorjobs.com\/fr\/voici-linterieur-de-la-honda-prelude-2026\/#primaryimage"},"thumbnailUrl":"https:\/\/news.canadamotorjobs.com\/wp-content\/uploads\/2024\/12\/prelude-interior-youtube-02.jpg","articleSection":["Annuel automobile"],"inLanguage":"fr-CA"},{"@type":"WebPage","@id":"https:\/\/news.canadamotorjobs.com\/fr\/voici-linterieur-de-la-honda-prelude-2026\/","url":"https:\/\/news.canadamotorjobs.com\/fr\/voici-linterieur-de-la-honda-prelude-2026\/","name":"Voici l\u2019int\u00e9rieur de la Honda Prelude 2026 - CanadaMotorJobs.com","isPartOf":{"@id":"https:\/\/news.canadamotorjobs.com\/#website"},"primaryImageOfPage":{"@id":"https:\/\/news.canadamotorjobs.com\/fr\/voici-linterieur-de-la-honda-prelude-2026\/#primaryimage"},"image":{"@id":"https:\/\/news.canadamotorjobs.com\/fr\/voici-linterieur-de-la-honda-prelude-2026\/#primaryimage"},"thumbnailUrl":"https:\/\/news.canadamotorjobs.com\/wp-content\/uploads\/2024\/12\/prelude-interior-youtube-02.jpg","datePublished":"2024-12-24T07:24:43+00:00","dateModified":"2024-12-24T07:28:55+00:00","description":"Voici l\u2019int\u00e9rieur de la Honda Prelude 2026 - Benoit Charette - Annuel automobile - CanadaMotorJobs.com.","breadcrumb":{"@id":"https:\/\/news.canadamotorjobs.com\/fr\/voici-linterieur-de-la-honda-prelude-2026\/#breadcrumb"},"inLanguage":"fr-CA","potentialAction":[{"@type":"ReadAction","target":["https:\/\/news.canadamotorjobs.com\/fr\/voici-linterieur-de-la-honda-prelude-2026\/"]}]},{"@type":"ImageObject","inLanguage":"fr-CA","@id":"https:\/\/news.canadamotorjobs.com\/fr\/voici-linterieur-de-la-honda-prelude-2026\/#primaryimage","url":"https:\/\/news.canadamotorjobs.com\/wp-content\/uploads\/2024\/12\/prelude-interior-youtube-02.jpg","contentUrl":"https:\/\/news.canadamotorjobs.com\/wp-content\/uploads\/2024\/12\/prelude-interior-youtube-02.jpg","width":1200,"height":777},{"@type":"BreadcrumbList","@id":"https:\/\/news.canadamotorjobs.com\/fr\/voici-linterieur-de-la-honda-prelude-2026\/#breadcrumb","itemListElement":[{"@type":"ListItem","position":1,"name":"Home","item":"https:\/\/news.canadamotorjobs.com\/fr\/blog\/"},{"@type":"ListItem","position":2,"name":"Voici l\u2019int\u00e9rieur de la Honda Prelude 2026"}]},{"@type":"WebSite","@id":"https:\/\/news.canadamotorjobs.com\/#website","url":"https:\/\/news.canadamotorjobs.com\/","name":"CanadaMotorJobs.com","description":"Automotive Jobs","publisher":{"@id":"https:\/\/news.canadamotorjobs.com\/#organization"},"potentialAction":[{"@type":"SearchAction","target":{"@type":"EntryPoint","urlTemplate":"https:\/\/news.canadamotorjobs.com\/?s={search_term_string}"},"query-input":"required name=search_term_string"}],"inLanguage":"fr-CA"},{"@type":"Organization","@id":"https:\/\/news.canadamotorjobs.com\/#organization","name":"Canada Motor Jobs","url":"https:\/\/news.canadamotorjobs.com\/","logo":{"@type":"ImageObject","inLanguage":"fr-CA","@id":"https:\/\/news.canadamotorjobs.com\/#\/schema\/logo\/image\/","url":"https:\/\/news.canadamotorjobs.com\/wp-content\/uploads\/2022\/10\/logo-canada-motor-jobs-1.png","contentUrl":"https:\/\/news.canadamotorjobs.com\/wp-content\/uploads\/2022\/10\/logo-canada-motor-jobs-1.png","width":800,"height":400,"caption":"Canada Motor Jobs"},"image":{"@id":"https:\/\/news.canadamotorjobs.com\/#\/schema\/logo\/image\/"},"sameAs":["https:\/\/www.facebook.com\/canadamotorjobs\/","https:\/\/x.com\/canadamotorjobs","https:\/\/www.instagram.com\/canadamotorjobs\/","https:\/\/www.linkedin.com\/company\/canadamotorjobs"]},{"@type":"Person","@id":"https:\/\/news.canadamotorjobs.com\/#\/schema\/person\/51793d1f87d44011d7bcc2ed99269a90","name":"Benoit Charette","image":{"@type":"ImageObject","inLanguage":"fr-CA","@id":"https:\/\/news.canadamotorjobs.com\/#\/schema\/person\/image\/","url":"https:\/\/secure.gravatar.com\/avatar\/45f3d2eebcccd909668d7ce7ea7267b6?s=96&d=mm&r=g","contentUrl":"https:\/\/secure.gravatar.com\/avatar\/45f3d2eebcccd909668d7ce7ea7267b6?s=96&d=mm&r=g","caption":"Benoit Charette"},"description":"Benoit Charette \/ Propri\u00e9taire et r\u00e9dacteur en chef Benoit Charette pratique le journalisme automobile depuis bient\u00f4t 30 ans. Il a fait ses classes au c\u00f4t\u00e9 de Daniel H\u00e9raud et au Carnet de route de 1992 \u00e0 2001. Il est fondateur, copropri\u00e9taire et r\u00e9dacteur en chef de L\u2019Annuel de l\u2019automobile, qu\u2019il publie depuis 2001. Il a anim\u00e9 les \u00e9missions RPM et RPM+ sur V et les L\u00e9gendes de la route sur Historia. \u00c0 la radio depuis 1986, il reprend l\u2019antenne cette ann\u00e9e sur les ondes de Cogeco et participe pour la deuxi\u00e8me ann\u00e9e \u00e0 l\u2019\u00e9mission Passion Auto sur RDS en plus de mettre en ligne le site Web officiel de L\u2019Annuel de l\u2019automobile sur annuelauto.ca.","sameAs":["https:\/\/annuelauto.ca\/"],"url":"https:\/\/news.canadamotorjobs.com\/fr\/author\/benoit-charette\/"}]}},"_links":{"self":[{"href":"https:\/\/news.canadamotorjobs.com\/fr\/wp-json\/wp\/v2\/posts\/186494"}],"collection":[{"href":"https:\/\/news.canadamotorjobs.com\/fr\/wp-json\/wp\/v2\/posts"}],"about":[{"href":"https:\/\/news.canadamotorjobs.com\/fr\/wp-json\/wp\/v2\/types\/post"}],"author":[{"embeddable":true,"href":"https:\/\/news.canadamotorjobs.com\/fr\/wp-json\/wp\/v2\/users\/8"}],"replies":[{"embeddable":true,"href":"https:\/\/news.canadamotorjobs.com\/fr\/wp-json\/wp\/v2\/comments?post=186494"}],"version-history":[{"count":3,"href":"https:\/\/news.canadamotorjobs.com\/fr\/wp-json\/wp\/v2\/posts\/186494\/revisions"}],"predecessor-version":[{"id":186541,"href":"https:\/\/news.canadamotorjobs.com\/fr\/wp-json\/wp\/v2\/posts\/186494\/revisions\/186541"}],"wp:featuredmedia":[{"embeddable":true,"href":"https:\/\/news.canadamotorjobs.com\/fr\/wp-json\/wp\/v2\/media\/186496"}],"wp:attachment":[{"href":"https:\/\/news.canadamotorjobs.com\/fr\/wp-json\/wp\/v2\/media?parent=186494"}],"wp:term":[{"taxonomy":"category","embeddable":true,"href":"https:\/\/news.canadamotorjobs.com\/fr\/wp-json\/wp\/v2\/categories?post=186494"},{"taxonomy":"post_tag","embeddable":true,"href":"https:\/\/news.canadamotorjobs.com\/fr\/wp-json\/wp\/v2\/tags?post=186494"}],"curies":[{"name":"wp","href":"https:\/\/api.w.org\/{rel}","templated":true}]}}