{"id":186442,"date":"2024-12-23T08:02:46","date_gmt":"2024-12-23T13:02:46","guid":{"rendered":"https:\/\/news.canadamotorjobs.com\/?p=186442"},"modified":"2024-12-23T08:14:03","modified_gmt":"2024-12-23T13:14:03","slug":"honda-et-nissan-fusionneront-sous-une-nouvelle-societe-de-portefeuille-dici-2026","status":"publish","type":"post","link":"https:\/\/news.canadamotorjobs.com\/fr\/honda-et-nissan-fusionneront-sous-une-nouvelle-societe-de-portefeuille-dici-2026\/","title":{"rendered":"Honda et Nissan fusionneront sous une nouvelle soci\u00e9t\u00e9 de portefeuille d\u2019ici 2026"},"content":{"rendered":"<\/p>\n<p>Honda et Nissan ont annonc\u00e9 leur projet de fusionner sous une soci\u00e9t\u00e9 en portefeuille, avec Honda en position de leader. Cette initiative vise \u00e0 renforcer la comp\u00e9titivit\u00e9 des deux g\u00e9ants japonais face aux nouveaux d\u00e9fis technologiques et \u00e0 la concurrence mondiale. Mitsubishi Motors, partiellement d\u00e9tenue par Nissan, d\u00e9cidera en janvier 2025 si elle rejoindra cette alliance.<\/p>\n<h3>D\u00e9tails de l&#8217;accord<\/h3>\n<p>\nLe <strong>PDG de Honda, Toshihiro Mibe<\/strong>, a d\u00e9clar\u00e9 lors d&#8217;une conf\u00e9rence de presse le 23 d\u00e9cembre \u00e0 Tokyo que cet accord historique permettrait de cr\u00e9er une entreprise de premier plan dans le domaine de la mobilit\u00e9 nouvelle.<\/p>\n<ul><\/p>\n<li><strong>Objectifs :<\/strong>\n<ul><\/p>\n<li>Finaliser un accord d&#8217;ici juin 2025.<\/li>\n<p><\/p>\n<li>Lancer officiellement la holding en ao\u00fbt 2026.<\/li>\n<p><\/p>\n<li>Coter la nouvelle entit\u00e9 en bourse \u00e0 cette m\u00eame p\u00e9riode, sous r\u00e9serve de l&#8217;approbation des actionnaires.<\/li>\n<p>\n<\/ul>\n<p>\n<\/li>\n<p>\n<\/ul>\n<p>\nLes deux entreprises actuelles seront <strong>radi\u00e9es de la bourse de Tokyo<\/strong> et deviendront des filiales de la soci\u00e9t\u00e9.<\/p>\n<h3>Pourquoi cette fusion ?<\/h3>\n<p>\nLa fusion permettra de mutualiser les ressources et de r\u00e9duire les co\u00fbts dans des secteurs cl\u00e9s :<\/p>\n<ul><\/p>\n<li>Recherche et d\u00e9veloppement.<\/li>\n<p><\/p>\n<li>\u00c9lectrification et logiciels.<\/li>\n<p><\/p>\n<li>Production et financement des ventes.<\/li>\n<p>\n<\/ul>\n<p>\nHonda prendra la majorit\u00e9 des d\u00e9cisions strat\u00e9giques, notamment en nommant la majorit\u00e9 des administrateurs et le pr\u00e9sident de la holding.<\/p>\n<h3>Des d\u00e9fis importants \u00e0 relever<\/h3>\n<p>\nBien que prometteur, ce projet doit surmonter plusieurs obstacles :<\/p>\n<ol><\/p>\n<li><strong>Restructuration de Nissan :<\/strong><br \/>\nL&#8217;entreprise, qui fait face \u00e0 des dettes massives et \u00e0 une baisse des ventes, devra stabiliser ses activit\u00e9s avant de rejoindre pleinement la holding.<\/li>\n<p><\/p>\n<li><strong>Fusion des cultures d&#8217;entreprise :<\/strong><br \/>\nInt\u00e9grer deux g\u00e9ants aux identit\u00e9s distinctes sera une t\u00e2che complexe.<\/li>\n<p><\/p>\n<li><strong>Redondances et rationalisation :<\/strong><br \/>\nLes infrastructures et les segments de march\u00e9 des deux entreprises se chevauchent, n\u00e9cessitant une optimisation.<\/li>\n<p><\/p>\n<li><strong>Marques premium :<\/strong><br \/>\nL&#8217;avenir des marques Acura (Honda) et Infiniti (Nissan) reste incertain dans le cadre de cette fusion.<\/li>\n<p>\n<\/ol>\n<p><\/p>\n<h3>Un potentiel \u00e9norme, mais des d\u00e9fis d&#8217;ex\u00e9cution<\/h3>\n<p>\nAvec des ventes combin\u00e9es pr\u00e9vues de plus de <strong>7,2 millions de v\u00e9hicules<\/strong> (plus 895 000 pour Mitsubishi), Honda et Nissan pourraient se rapprocher des chiffres de Toyota, leader mondial avec <strong>11,09 millions de v\u00e9hicules vendus<\/strong> en 2023.<\/p>\n<p>Cette fusion permettra \u00e9galement de mieux affronter les nouveaux acteurs du march\u00e9 et de rationaliser les investissements dans les technologies d\u2019avenir, notamment les v\u00e9hicules \u00e9lectriques.<\/p>\n<p>Cependant, comme l\u2019a soulign\u00e9 <strong>Stephanie Brinley<\/strong>, analyste chez S&amp;P Global, le succ\u00e8s d\u00e9pendra de la capacit\u00e9 des entreprises \u00e0 surmonter les d\u00e9fis \u00e0 court terme et \u00e0 trouver des synergies durables.<\/p>\n<p>Avec des renseignements d&#8217;Automotive News<\/p>\n<p>Le texte <a rel=\"nofollow\" href=\"https:\/\/annuelauto.ca\/fusion-honda-nissan-holding-2026\/\">Honda et Nissan fusionneront sous une nouvelle soci\u00e9t\u00e9 de portefeuille d\u2019ici 2026<\/a> provient de <a rel=\"nofollow\" href=\"https:\/\/annuelauto.ca\">L&#8217;annuel de l&#8217;automobile &#8211; Actualit\u00e9 automobile<\/a><\/p>\n<p><\/p>\n","protected":false},"excerpt":{"rendered":"<p>Honda et Nissan ont annonc\u00e9 leur projet de fusionner sous une soci\u00e9t\u00e9 en portefeuille, avec Honda en position de leader. Cette initiative vise \u00e0 renforcer la comp\u00e9titivit\u00e9 des deux g\u00e9ants japonais face aux nouveaux d\u00e9fis technologiques et \u00e0 la concurrence mondiale. Mitsubishi Motors, partiellement d\u00e9tenue par Nissan, d\u00e9cidera en janvier 2025 si elle rejoindra cette [&hellip;]<\/p>\n","protected":false},"author":8,"featured_media":186444,"comment_status":"close","ping_status":"closed","sticky":false,"template":"","format":"standard","meta":{"_monsterinsights_skip_tracking":false,"_monsterinsights_sitenote_active":false,"_monsterinsights_sitenote_note":"","_monsterinsights_sitenote_category":0,"footnotes":""},"categories":[101],"tags":[],"yoast_head":"<!-- This site is optimized with the Yoast SEO plugin v23.2 - https:\/\/yoast.com\/wordpress\/plugins\/seo\/ -->\n<title>Honda et Nissan fusionneront sous une nouvelle soci\u00e9t\u00e9 de portefeuille d\u2019ici 2026 - CanadaMotorJobs.com<\/title>\n<meta name=\"description\" content=\"Honda et Nissan fusionneront sous une nouvelle soci\u00e9t\u00e9 de portefeuille d\u2019ici 2026 - Benoit Charette - Annuel automobile - CanadaMotorJobs.com.\" \/>\n<meta name=\"robots\" content=\"index, follow, max-snippet:-1, max-image-preview:large, max-video-preview:-1\" \/>\n<meta property=\"og:locale\" content=\"fr_CA\" \/>\n<meta property=\"og:type\" content=\"article\" \/>\n<meta property=\"og:title\" content=\"Honda et Nissan fusionneront sous une nouvelle soci\u00e9t\u00e9 de portefeuille d\u2019ici 2026 - CanadaMotorJobs.com\" \/>\n<meta property=\"og:description\" content=\"Honda et Nissan fusionneront sous une nouvelle soci\u00e9t\u00e9 de portefeuille d\u2019ici 2026 - Benoit Charette - Annuel automobile - CanadaMotorJobs.com.\" \/>\n<meta property=\"og:url\" content=\"https:\/\/news.canadamotorjobs.com\/fr\/honda-et-nissan-fusionneront-sous-une-nouvelle-societe-de-portefeuille-dici-2026\/\" \/>\n<meta property=\"og:site_name\" content=\"CanadaMotorJobs.com\" \/>\n<meta property=\"article:publisher\" content=\"https:\/\/www.facebook.com\/canadamotorjobs\/\" \/>\n<meta property=\"article:published_time\" content=\"2024-12-23T13:02:46+00:00\" \/>\n<meta property=\"article:modified_time\" content=\"2024-12-23T13:14:03+00:00\" \/>\n<meta property=\"og:image\" content=\"https:\/\/news.canadamotorjobs.com\/wp-content\/uploads\/2024\/12\/c240801aeng_og-4.jpg\" \/>\n\t<meta property=\"og:image:width\" content=\"1200\" \/>\n\t<meta property=\"og:image:height\" content=\"630\" \/>\n\t<meta property=\"og:image:type\" content=\"image\/jpeg\" \/>\n<meta name=\"author\" content=\"Benoit Charette\" \/>\n<meta name=\"twitter:card\" content=\"summary_large_image\" \/>\n<meta name=\"twitter:creator\" content=\"@canadamotorjobs\" \/>\n<meta name=\"twitter:site\" content=\"@canadamotorjobs\" \/>\n<meta name=\"twitter:label1\" content=\"\u00c9crit par\" \/>\n\t<meta name=\"twitter:data1\" content=\"Benoit Charette\" \/>\n\t<meta name=\"twitter:label2\" content=\"Estimation du temps de lecture\" \/>\n\t<meta name=\"twitter:data2\" content=\"2 minutes\" \/>\n<!-- \/ Yoast SEO plugin. -->","yoast_head_json":{"title":"Honda et Nissan fusionneront sous une nouvelle soci\u00e9t\u00e9 de portefeuille d\u2019ici 2026 - CanadaMotorJobs.com","description":"Honda et Nissan fusionneront sous une nouvelle soci\u00e9t\u00e9 de portefeuille d\u2019ici 2026 - Benoit Charette - Annuel automobile - CanadaMotorJobs.com.","robots":{"index":"index","follow":"follow","max-snippet":"max-snippet:-1","max-image-preview":"max-image-preview:large","max-video-preview":"max-video-preview:-1"},"og_locale":"fr_CA","og_type":"article","og_title":"Honda et Nissan fusionneront sous une nouvelle soci\u00e9t\u00e9 de portefeuille d\u2019ici 2026 - CanadaMotorJobs.com","og_description":"Honda et Nissan fusionneront sous une nouvelle soci\u00e9t\u00e9 de portefeuille d\u2019ici 2026 - Benoit Charette - Annuel automobile - CanadaMotorJobs.com.","og_url":"https:\/\/news.canadamotorjobs.com\/fr\/honda-et-nissan-fusionneront-sous-une-nouvelle-societe-de-portefeuille-dici-2026\/","og_site_name":"CanadaMotorJobs.com","article_publisher":"https:\/\/www.facebook.com\/canadamotorjobs\/","article_published_time":"2024-12-23T13:02:46+00:00","article_modified_time":"2024-12-23T13:14:03+00:00","og_image":[{"width":1200,"height":630,"url":"https:\/\/news.canadamotorjobs.com\/wp-content\/uploads\/2024\/12\/c240801aeng_og-4.jpg","type":"image\/jpeg"}],"author":"Benoit Charette","twitter_card":"summary_large_image","twitter_creator":"@canadamotorjobs","twitter_site":"@canadamotorjobs","twitter_misc":{"\u00c9crit par":"Benoit Charette","Estimation du temps de lecture":"2 minutes"},"schema":{"@context":"https:\/\/schema.org","@graph":[{"@type":"Article","@id":"https:\/\/news.canadamotorjobs.com\/fr\/honda-et-nissan-fusionneront-sous-une-nouvelle-societe-de-portefeuille-dici-2026\/#article","isPartOf":{"@id":"https:\/\/news.canadamotorjobs.com\/fr\/honda-et-nissan-fusionneront-sous-une-nouvelle-societe-de-portefeuille-dici-2026\/"},"author":{"name":"Benoit Charette","@id":"https:\/\/news.canadamotorjobs.com\/#\/schema\/person\/51793d1f87d44011d7bcc2ed99269a90"},"headline":"Honda et Nissan fusionneront sous une nouvelle soci\u00e9t\u00e9 de portefeuille d\u2019ici 2026","datePublished":"2024-12-23T13:02:46+00:00","dateModified":"2024-12-23T13:14:03+00:00","mainEntityOfPage":{"@id":"https:\/\/news.canadamotorjobs.com\/fr\/honda-et-nissan-fusionneront-sous-une-nouvelle-societe-de-portefeuille-dici-2026\/"},"wordCount":462,"publisher":{"@id":"https:\/\/news.canadamotorjobs.com\/#organization"},"image":{"@id":"https:\/\/news.canadamotorjobs.com\/fr\/honda-et-nissan-fusionneront-sous-une-nouvelle-societe-de-portefeuille-dici-2026\/#primaryimage"},"thumbnailUrl":"https:\/\/news.canadamotorjobs.com\/wp-content\/uploads\/2024\/12\/c240801aeng_og-4.jpg","articleSection":["Annuel automobile"],"inLanguage":"fr-CA"},{"@type":"WebPage","@id":"https:\/\/news.canadamotorjobs.com\/fr\/honda-et-nissan-fusionneront-sous-une-nouvelle-societe-de-portefeuille-dici-2026\/","url":"https:\/\/news.canadamotorjobs.com\/fr\/honda-et-nissan-fusionneront-sous-une-nouvelle-societe-de-portefeuille-dici-2026\/","name":"Honda et Nissan fusionneront sous une nouvelle soci\u00e9t\u00e9 de portefeuille d\u2019ici 2026 - CanadaMotorJobs.com","isPartOf":{"@id":"https:\/\/news.canadamotorjobs.com\/#website"},"primaryImageOfPage":{"@id":"https:\/\/news.canadamotorjobs.com\/fr\/honda-et-nissan-fusionneront-sous-une-nouvelle-societe-de-portefeuille-dici-2026\/#primaryimage"},"image":{"@id":"https:\/\/news.canadamotorjobs.com\/fr\/honda-et-nissan-fusionneront-sous-une-nouvelle-societe-de-portefeuille-dici-2026\/#primaryimage"},"thumbnailUrl":"https:\/\/news.canadamotorjobs.com\/wp-content\/uploads\/2024\/12\/c240801aeng_og-4.jpg","datePublished":"2024-12-23T13:02:46+00:00","dateModified":"2024-12-23T13:14:03+00:00","description":"Honda et Nissan fusionneront sous une nouvelle soci\u00e9t\u00e9 de portefeuille d\u2019ici 2026 - Benoit Charette - Annuel automobile - CanadaMotorJobs.com.","breadcrumb":{"@id":"https:\/\/news.canadamotorjobs.com\/fr\/honda-et-nissan-fusionneront-sous-une-nouvelle-societe-de-portefeuille-dici-2026\/#breadcrumb"},"inLanguage":"fr-CA","potentialAction":[{"@type":"ReadAction","target":["https:\/\/news.canadamotorjobs.com\/fr\/honda-et-nissan-fusionneront-sous-une-nouvelle-societe-de-portefeuille-dici-2026\/"]}]},{"@type":"ImageObject","inLanguage":"fr-CA","@id":"https:\/\/news.canadamotorjobs.com\/fr\/honda-et-nissan-fusionneront-sous-une-nouvelle-societe-de-portefeuille-dici-2026\/#primaryimage","url":"https:\/\/news.canadamotorjobs.com\/wp-content\/uploads\/2024\/12\/c240801aeng_og-4.jpg","contentUrl":"https:\/\/news.canadamotorjobs.com\/wp-content\/uploads\/2024\/12\/c240801aeng_og-4.jpg","width":1200,"height":630},{"@type":"BreadcrumbList","@id":"https:\/\/news.canadamotorjobs.com\/fr\/honda-et-nissan-fusionneront-sous-une-nouvelle-societe-de-portefeuille-dici-2026\/#breadcrumb","itemListElement":[{"@type":"ListItem","position":1,"name":"Home","item":"https:\/\/news.canadamotorjobs.com\/fr\/blog\/"},{"@type":"ListItem","position":2,"name":"Honda et Nissan fusionneront sous une nouvelle soci\u00e9t\u00e9 de portefeuille d\u2019ici 2026"}]},{"@type":"WebSite","@id":"https:\/\/news.canadamotorjobs.com\/#website","url":"https:\/\/news.canadamotorjobs.com\/","name":"CanadaMotorJobs.com","description":"Automotive Jobs","publisher":{"@id":"https:\/\/news.canadamotorjobs.com\/#organization"},"potentialAction":[{"@type":"SearchAction","target":{"@type":"EntryPoint","urlTemplate":"https:\/\/news.canadamotorjobs.com\/?s={search_term_string}"},"query-input":"required name=search_term_string"}],"inLanguage":"fr-CA"},{"@type":"Organization","@id":"https:\/\/news.canadamotorjobs.com\/#organization","name":"Canada Motor Jobs","url":"https:\/\/news.canadamotorjobs.com\/","logo":{"@type":"ImageObject","inLanguage":"fr-CA","@id":"https:\/\/news.canadamotorjobs.com\/#\/schema\/logo\/image\/","url":"https:\/\/news.canadamotorjobs.com\/wp-content\/uploads\/2022\/10\/logo-canada-motor-jobs-1.png","contentUrl":"https:\/\/news.canadamotorjobs.com\/wp-content\/uploads\/2022\/10\/logo-canada-motor-jobs-1.png","width":800,"height":400,"caption":"Canada Motor Jobs"},"image":{"@id":"https:\/\/news.canadamotorjobs.com\/#\/schema\/logo\/image\/"},"sameAs":["https:\/\/www.facebook.com\/canadamotorjobs\/","https:\/\/x.com\/canadamotorjobs","https:\/\/www.instagram.com\/canadamotorjobs\/","https:\/\/www.linkedin.com\/company\/canadamotorjobs"]},{"@type":"Person","@id":"https:\/\/news.canadamotorjobs.com\/#\/schema\/person\/51793d1f87d44011d7bcc2ed99269a90","name":"Benoit Charette","image":{"@type":"ImageObject","inLanguage":"fr-CA","@id":"https:\/\/news.canadamotorjobs.com\/#\/schema\/person\/image\/","url":"https:\/\/secure.gravatar.com\/avatar\/45f3d2eebcccd909668d7ce7ea7267b6?s=96&d=mm&r=g","contentUrl":"https:\/\/secure.gravatar.com\/avatar\/45f3d2eebcccd909668d7ce7ea7267b6?s=96&d=mm&r=g","caption":"Benoit Charette"},"description":"Benoit Charette \/ Propri\u00e9taire et r\u00e9dacteur en chef Benoit Charette pratique le journalisme automobile depuis bient\u00f4t 30 ans. Il a fait ses classes au c\u00f4t\u00e9 de Daniel H\u00e9raud et au Carnet de route de 1992 \u00e0 2001. Il est fondateur, copropri\u00e9taire et r\u00e9dacteur en chef de L\u2019Annuel de l\u2019automobile, qu\u2019il publie depuis 2001. Il a anim\u00e9 les \u00e9missions RPM et RPM+ sur V et les L\u00e9gendes de la route sur Historia. \u00c0 la radio depuis 1986, il reprend l\u2019antenne cette ann\u00e9e sur les ondes de Cogeco et participe pour la deuxi\u00e8me ann\u00e9e \u00e0 l\u2019\u00e9mission Passion Auto sur RDS en plus de mettre en ligne le site Web officiel de L\u2019Annuel de l\u2019automobile sur annuelauto.ca.","sameAs":["https:\/\/annuelauto.ca\/"],"url":"https:\/\/news.canadamotorjobs.com\/fr\/author\/benoit-charette\/"}]}},"_links":{"self":[{"href":"https:\/\/news.canadamotorjobs.com\/fr\/wp-json\/wp\/v2\/posts\/186442"}],"collection":[{"href":"https:\/\/news.canadamotorjobs.com\/fr\/wp-json\/wp\/v2\/posts"}],"about":[{"href":"https:\/\/news.canadamotorjobs.com\/fr\/wp-json\/wp\/v2\/types\/post"}],"author":[{"embeddable":true,"href":"https:\/\/news.canadamotorjobs.com\/fr\/wp-json\/wp\/v2\/users\/8"}],"replies":[{"embeddable":true,"href":"https:\/\/news.canadamotorjobs.com\/fr\/wp-json\/wp\/v2\/comments?post=186442"}],"version-history":[{"count":2,"href":"https:\/\/news.canadamotorjobs.com\/fr\/wp-json\/wp\/v2\/posts\/186442\/revisions"}],"predecessor-version":[{"id":186446,"href":"https:\/\/news.canadamotorjobs.com\/fr\/wp-json\/wp\/v2\/posts\/186442\/revisions\/186446"}],"wp:featuredmedia":[{"embeddable":true,"href":"https:\/\/news.canadamotorjobs.com\/fr\/wp-json\/wp\/v2\/media\/186444"}],"wp:attachment":[{"href":"https:\/\/news.canadamotorjobs.com\/fr\/wp-json\/wp\/v2\/media?parent=186442"}],"wp:term":[{"taxonomy":"category","embeddable":true,"href":"https:\/\/news.canadamotorjobs.com\/fr\/wp-json\/wp\/v2\/categories?post=186442"},{"taxonomy":"post_tag","embeddable":true,"href":"https:\/\/news.canadamotorjobs.com\/fr\/wp-json\/wp\/v2\/tags?post=186442"}],"curies":[{"name":"wp","href":"https:\/\/api.w.org\/{rel}","templated":true}]}}