{"id":186267,"date":"2024-12-22T11:14:50","date_gmt":"2024-12-22T16:14:50","guid":{"rendered":"https:\/\/news.canadamotorjobs.com\/?p=186267"},"modified":"2024-12-22T11:43:51","modified_gmt":"2024-12-22T16:43:51","slug":"ac-future-presentera-lautocaravane-du-futur-au-ces-2025-a-las-vegas","status":"publish","type":"post","link":"https:\/\/news.canadamotorjobs.com\/fr\/ac-future-presentera-lautocaravane-du-futur-au-ces-2025-a-las-vegas\/","title":{"rendered":"AC\u00a0Future pr\u00e9sentera l\u2019autocaravane du futur au CES\u00a02025 \u00e0 Las\u00a0Vegas"},"content":{"rendered":"<\/p>\n<p>AC\u00a0Future, une jeune pousse californienne, s\u2019appr\u00eate \u00e0 d\u00e9voiler le prototype d\u2019une <a href=\"https:\/\/annuelauto.ca\/thor-presente-un-vr-hybride-branchable-capable-de-parcourir-800-km\/\" target=\"_blank\" rel=\"noopener noreferrer\">autocaravane<\/a> \u00e9lectrique futuriste. Mise au point en partenariat avec Hydra Design Labs, ce concept sera montr\u00e9 au <a href=\"https:\/\/annuelauto.ca\/suzuki-participera-au-salon-ces-de-las-vegas-pour-la-premiere-fois-en-2025\/\" target=\"_blank\" rel=\"noopener noreferrer\">CES\u00a02025<\/a>, le salon des nouvelles technologies qui sera pr\u00e9sent\u00e9 \u00e0 Las\u00a0Vegas du 7 au 10\u00a0janvier prochains.<\/p>\n<p>Baptis\u00e9e \u00ab\u00a0eTH\u00a0\u00bb (pour <em>Electric Transformable Home<\/em>), cette autocaravane est le premier v\u00e9hicule qu\u2019AC\u00a0Future compte commercialiser afin de pour contribuer \u00e0 \u00ab\u00a0r\u00e9soudre la crise du logement abordable, durable et mobile dans le monde\u00a0\u00bb, selon un communiqu\u00e9 publi\u00e9 en d\u00e9cembre.<\/p>\n<p>Les concepteurs de cette entreprise fond\u00e9e en 2023 souhaitent offrir\u00a0une solution de logement sans \u00e9mission polluante avec ce v\u00e9hicule qui se transforme en maisonnette connect\u00e9e de 37\u00a0m\u00e8tres carr\u00e9s (400\u00a0pieds carr\u00e9s) \u00e0 la simple pression d\u2019un bouton. Un v\u00e9hicule \u00e9galement con\u00e7u pour \u00eatre autonome m\u00eame \u00e0 l\u2019\u00e9cart des grandes villes gr\u00e2ce \u00e0 une capacit\u00e9 de recharge solaire avec des capteurs capables de g\u00e9n\u00e9rer environ 25\u00a0kWh d\u2019\u00e9lectricit\u00e9, de production d\u2019eau gr\u00e2ce \u00e0 un g\u00e9n\u00e9rateur d&#8217;eau capable de convertir l\u2019humidit\u00e9 ambiante pour livrer jusqu&#8217;\u00e0 50\u00a0L d&#8217;eau quotidiennement, sans oublier la connectivit\u00e9 internet.<\/p>\n<h3><strong>Une autocaravane de 6 m\u00e8tres<\/strong><\/h3>\n<p>\nLe v\u00e9hicule en d\u00e9veloppement aura un format relativement compact, du moins pour un <a href=\"https:\/\/annuelauto.ca\/unicamp-usa-transforme-la-toyota-sienna-en-mini-vr\/\" target=\"_blank\" rel=\"noopener noreferrer\">v\u00e9hicule r\u00e9cr\u00e9atif<\/a> de classe\u00a0A. Il fera 6\u00a0m (20\u00a0pi) de long et 3,4\u00a0m (11\u00a0pi) de haut. Il aura un poids nominal brut de 8\u00a0618\u00a0kg (19\u00a0000\u00a0lb) et son habitacle pourra accommoder confortablement quatre personnes puisque, une fois ses extensions d\u00e9ploy\u00e9es, l\u2019aire utile de son habitacle gagnera 2,4\u00a0m (8\u00a0pi) en longueur et autant en largeur.<\/p>\n<p>Par ailleurs, apr\u00e8s cette autocaravane, AC\u00a0Future entend commercialiser une roulotte et une maison mobile qui reprendraient toutes deux dans une large mesure des \u00e9l\u00e9ments de conception de l\u2019eTH.<\/p>\n<p>Des images de synth\u00e8se et des plans diffus\u00e9s r\u00e9cemment par AC\u00a0Future montrent la plus r\u00e9cente mouture de ce projet. Il s\u2019agit d\u2019une \u00e9volution du concept d\u2019abord r\u00e9alis\u00e9 en collaboration avec Pininfarina et qui a \u00e9t\u00e9 pr\u00e9sent\u00e9 au CES\u00a02024.<\/p>\n<p>Depuis, AC\u00a0Future s\u2019est tourn\u00e9 vers Hydra Design Labs, une entreprise \u00e9tablie \u00e0 Stanton, pr\u00e8s de Los\u00a0Angeles, pour poursuivre ses travaux et pr\u00e9senter un prototype grandeur nature de l\u2019eTH dans le cadre de la prochaine \u00e9dition du CES. Son d\u00e9voilement est pr\u00e9vu pour le 7\u00a0janvier prochain. Entre-temps, ces images donnent un aper\u00e7u de sa forme nouvelle et des fonctionnalit\u00e9s qu\u2019il aura.<\/p>\n<p><em>Photos : AC\u00a0Future et Hydra Design Labs<\/em><\/p>\n<p>Le texte <a rel=\"nofollow\" href=\"https:\/\/annuelauto.ca\/ac-future-presentera-lautocaravane-du-futur-au-ces-2025-a-las-vegas\/\">AC\u00a0Future pr\u00e9sentera l\u2019autocaravane du futur au CES\u00a02025 \u00e0 Las\u00a0Vegas<\/a> provient de <a rel=\"nofollow\" href=\"https:\/\/annuelauto.ca\">L&#8217;annuel de l&#8217;automobile &#8211; Actualit\u00e9 automobile<\/a><\/p>\n<p><\/p>\n","protected":false},"excerpt":{"rendered":"<p>AC\u00a0Future, une jeune pousse californienne, s\u2019appr\u00eate \u00e0 d\u00e9voiler le prototype d\u2019une autocaravane \u00e9lectrique futuriste. Mise au point en partenariat avec Hydra Design Labs, ce concept sera montr\u00e9 au CES\u00a02025, le salon des nouvelles technologies qui sera pr\u00e9sent\u00e9 \u00e0 Las\u00a0Vegas du 7 au 10\u00a0janvier prochains. Baptis\u00e9e \u00ab\u00a0eTH\u00a0\u00bb (pour Electric Transformable Home), cette autocaravane est le premier [&hellip;]<\/p>\n","protected":false},"author":8,"featured_media":186269,"comment_status":"close","ping_status":"closed","sticky":false,"template":"","format":"standard","meta":{"_monsterinsights_skip_tracking":false,"_monsterinsights_sitenote_active":false,"_monsterinsights_sitenote_note":"","_monsterinsights_sitenote_category":0,"footnotes":""},"categories":[101],"tags":[],"yoast_head":"<!-- This site is optimized with the Yoast SEO plugin v23.2 - https:\/\/yoast.com\/wordpress\/plugins\/seo\/ -->\n<title>AC\u00a0Future pr\u00e9sentera l\u2019autocaravane du futur au CES\u00a02025 \u00e0 Las\u00a0Vegas - CanadaMotorJobs.com<\/title>\n<meta name=\"description\" content=\"AC\u00a0Future pr\u00e9sentera l\u2019autocaravane du futur au CES\u00a02025 \u00e0 Las\u00a0Vegas - Benoit Charette - Annuel automobile - CanadaMotorJobs.com.\" \/>\n<meta name=\"robots\" content=\"index, follow, max-snippet:-1, max-image-preview:large, max-video-preview:-1\" \/>\n<meta property=\"og:locale\" content=\"fr_CA\" \/>\n<meta property=\"og:type\" content=\"article\" \/>\n<meta property=\"og:title\" content=\"AC\u00a0Future pr\u00e9sentera l\u2019autocaravane du futur au CES\u00a02025 \u00e0 Las\u00a0Vegas - CanadaMotorJobs.com\" \/>\n<meta property=\"og:description\" content=\"AC\u00a0Future pr\u00e9sentera l\u2019autocaravane du futur au CES\u00a02025 \u00e0 Las\u00a0Vegas - Benoit Charette - Annuel automobile - CanadaMotorJobs.com.\" \/>\n<meta property=\"og:url\" content=\"https:\/\/news.canadamotorjobs.com\/fr\/ac-future-presentera-lautocaravane-du-futur-au-ces-2025-a-las-vegas\/\" \/>\n<meta property=\"og:site_name\" content=\"CanadaMotorJobs.com\" \/>\n<meta property=\"article:publisher\" content=\"https:\/\/www.facebook.com\/canadamotorjobs\/\" \/>\n<meta property=\"article:published_time\" content=\"2024-12-22T16:14:50+00:00\" \/>\n<meta property=\"article:modified_time\" content=\"2024-12-22T16:43:51+00:00\" \/>\n<meta property=\"og:image\" content=\"https:\/\/news.canadamotorjobs.com\/wp-content\/uploads\/2024\/12\/AC-Future-eTH-Concept-2025-1.jpg\" \/>\n\t<meta property=\"og:image:width\" content=\"1024\" \/>\n\t<meta property=\"og:image:height\" content=\"683\" \/>\n\t<meta property=\"og:image:type\" content=\"image\/jpeg\" \/>\n<meta name=\"author\" content=\"Benoit Charette\" \/>\n<meta name=\"twitter:card\" content=\"summary_large_image\" \/>\n<meta name=\"twitter:creator\" content=\"@canadamotorjobs\" \/>\n<meta name=\"twitter:site\" content=\"@canadamotorjobs\" \/>\n<meta name=\"twitter:label1\" content=\"\u00c9crit par\" \/>\n\t<meta name=\"twitter:data1\" content=\"Benoit Charette\" \/>\n\t<meta name=\"twitter:label2\" content=\"Estimation du temps de lecture\" \/>\n\t<meta name=\"twitter:data2\" content=\"2 minutes\" \/>\n<!-- \/ Yoast SEO plugin. -->","yoast_head_json":{"title":"AC\u00a0Future pr\u00e9sentera l\u2019autocaravane du futur au CES\u00a02025 \u00e0 Las\u00a0Vegas - CanadaMotorJobs.com","description":"AC\u00a0Future pr\u00e9sentera l\u2019autocaravane du futur au CES\u00a02025 \u00e0 Las\u00a0Vegas - Benoit Charette - Annuel automobile - CanadaMotorJobs.com.","robots":{"index":"index","follow":"follow","max-snippet":"max-snippet:-1","max-image-preview":"max-image-preview:large","max-video-preview":"max-video-preview:-1"},"og_locale":"fr_CA","og_type":"article","og_title":"AC\u00a0Future pr\u00e9sentera l\u2019autocaravane du futur au CES\u00a02025 \u00e0 Las\u00a0Vegas - CanadaMotorJobs.com","og_description":"AC\u00a0Future pr\u00e9sentera l\u2019autocaravane du futur au CES\u00a02025 \u00e0 Las\u00a0Vegas - Benoit Charette - Annuel automobile - CanadaMotorJobs.com.","og_url":"https:\/\/news.canadamotorjobs.com\/fr\/ac-future-presentera-lautocaravane-du-futur-au-ces-2025-a-las-vegas\/","og_site_name":"CanadaMotorJobs.com","article_publisher":"https:\/\/www.facebook.com\/canadamotorjobs\/","article_published_time":"2024-12-22T16:14:50+00:00","article_modified_time":"2024-12-22T16:43:51+00:00","og_image":[{"width":1024,"height":683,"url":"https:\/\/news.canadamotorjobs.com\/wp-content\/uploads\/2024\/12\/AC-Future-eTH-Concept-2025-1.jpg","type":"image\/jpeg"}],"author":"Benoit Charette","twitter_card":"summary_large_image","twitter_creator":"@canadamotorjobs","twitter_site":"@canadamotorjobs","twitter_misc":{"\u00c9crit par":"Benoit Charette","Estimation du temps de lecture":"2 minutes"},"schema":{"@context":"https:\/\/schema.org","@graph":[{"@type":"Article","@id":"https:\/\/news.canadamotorjobs.com\/fr\/ac-future-presentera-lautocaravane-du-futur-au-ces-2025-a-las-vegas\/#article","isPartOf":{"@id":"https:\/\/news.canadamotorjobs.com\/fr\/ac-future-presentera-lautocaravane-du-futur-au-ces-2025-a-las-vegas\/"},"author":{"name":"Benoit Charette","@id":"https:\/\/news.canadamotorjobs.com\/#\/schema\/person\/51793d1f87d44011d7bcc2ed99269a90"},"headline":"AC\u00a0Future pr\u00e9sentera l\u2019autocaravane du futur au CES\u00a02025 \u00e0 Las\u00a0Vegas","datePublished":"2024-12-22T16:14:50+00:00","dateModified":"2024-12-22T16:43:51+00:00","mainEntityOfPage":{"@id":"https:\/\/news.canadamotorjobs.com\/fr\/ac-future-presentera-lautocaravane-du-futur-au-ces-2025-a-las-vegas\/"},"wordCount":470,"publisher":{"@id":"https:\/\/news.canadamotorjobs.com\/#organization"},"image":{"@id":"https:\/\/news.canadamotorjobs.com\/fr\/ac-future-presentera-lautocaravane-du-futur-au-ces-2025-a-las-vegas\/#primaryimage"},"thumbnailUrl":"https:\/\/news.canadamotorjobs.com\/wp-content\/uploads\/2024\/12\/AC-Future-eTH-Concept-2025-1.jpg","articleSection":["Annuel automobile"],"inLanguage":"fr-CA"},{"@type":"WebPage","@id":"https:\/\/news.canadamotorjobs.com\/fr\/ac-future-presentera-lautocaravane-du-futur-au-ces-2025-a-las-vegas\/","url":"https:\/\/news.canadamotorjobs.com\/fr\/ac-future-presentera-lautocaravane-du-futur-au-ces-2025-a-las-vegas\/","name":"AC\u00a0Future pr\u00e9sentera l\u2019autocaravane du futur au CES\u00a02025 \u00e0 Las\u00a0Vegas - CanadaMotorJobs.com","isPartOf":{"@id":"https:\/\/news.canadamotorjobs.com\/#website"},"primaryImageOfPage":{"@id":"https:\/\/news.canadamotorjobs.com\/fr\/ac-future-presentera-lautocaravane-du-futur-au-ces-2025-a-las-vegas\/#primaryimage"},"image":{"@id":"https:\/\/news.canadamotorjobs.com\/fr\/ac-future-presentera-lautocaravane-du-futur-au-ces-2025-a-las-vegas\/#primaryimage"},"thumbnailUrl":"https:\/\/news.canadamotorjobs.com\/wp-content\/uploads\/2024\/12\/AC-Future-eTH-Concept-2025-1.jpg","datePublished":"2024-12-22T16:14:50+00:00","dateModified":"2024-12-22T16:43:51+00:00","description":"AC\u00a0Future pr\u00e9sentera l\u2019autocaravane du futur au CES\u00a02025 \u00e0 Las\u00a0Vegas - Benoit Charette - Annuel automobile - CanadaMotorJobs.com.","breadcrumb":{"@id":"https:\/\/news.canadamotorjobs.com\/fr\/ac-future-presentera-lautocaravane-du-futur-au-ces-2025-a-las-vegas\/#breadcrumb"},"inLanguage":"fr-CA","potentialAction":[{"@type":"ReadAction","target":["https:\/\/news.canadamotorjobs.com\/fr\/ac-future-presentera-lautocaravane-du-futur-au-ces-2025-a-las-vegas\/"]}]},{"@type":"ImageObject","inLanguage":"fr-CA","@id":"https:\/\/news.canadamotorjobs.com\/fr\/ac-future-presentera-lautocaravane-du-futur-au-ces-2025-a-las-vegas\/#primaryimage","url":"https:\/\/news.canadamotorjobs.com\/wp-content\/uploads\/2024\/12\/AC-Future-eTH-Concept-2025-1.jpg","contentUrl":"https:\/\/news.canadamotorjobs.com\/wp-content\/uploads\/2024\/12\/AC-Future-eTH-Concept-2025-1.jpg","width":1024,"height":683},{"@type":"BreadcrumbList","@id":"https:\/\/news.canadamotorjobs.com\/fr\/ac-future-presentera-lautocaravane-du-futur-au-ces-2025-a-las-vegas\/#breadcrumb","itemListElement":[{"@type":"ListItem","position":1,"name":"Home","item":"https:\/\/news.canadamotorjobs.com\/fr\/blog\/"},{"@type":"ListItem","position":2,"name":"AC\u00a0Future pr\u00e9sentera l\u2019autocaravane du futur au CES\u00a02025 \u00e0 Las\u00a0Vegas"}]},{"@type":"WebSite","@id":"https:\/\/news.canadamotorjobs.com\/#website","url":"https:\/\/news.canadamotorjobs.com\/","name":"CanadaMotorJobs.com","description":"Automotive Jobs","publisher":{"@id":"https:\/\/news.canadamotorjobs.com\/#organization"},"potentialAction":[{"@type":"SearchAction","target":{"@type":"EntryPoint","urlTemplate":"https:\/\/news.canadamotorjobs.com\/?s={search_term_string}"},"query-input":"required name=search_term_string"}],"inLanguage":"fr-CA"},{"@type":"Organization","@id":"https:\/\/news.canadamotorjobs.com\/#organization","name":"Canada Motor Jobs","url":"https:\/\/news.canadamotorjobs.com\/","logo":{"@type":"ImageObject","inLanguage":"fr-CA","@id":"https:\/\/news.canadamotorjobs.com\/#\/schema\/logo\/image\/","url":"https:\/\/news.canadamotorjobs.com\/wp-content\/uploads\/2022\/10\/logo-canada-motor-jobs-1.png","contentUrl":"https:\/\/news.canadamotorjobs.com\/wp-content\/uploads\/2022\/10\/logo-canada-motor-jobs-1.png","width":800,"height":400,"caption":"Canada Motor Jobs"},"image":{"@id":"https:\/\/news.canadamotorjobs.com\/#\/schema\/logo\/image\/"},"sameAs":["https:\/\/www.facebook.com\/canadamotorjobs\/","https:\/\/x.com\/canadamotorjobs","https:\/\/www.instagram.com\/canadamotorjobs\/","https:\/\/www.linkedin.com\/company\/canadamotorjobs"]},{"@type":"Person","@id":"https:\/\/news.canadamotorjobs.com\/#\/schema\/person\/51793d1f87d44011d7bcc2ed99269a90","name":"Benoit Charette","image":{"@type":"ImageObject","inLanguage":"fr-CA","@id":"https:\/\/news.canadamotorjobs.com\/#\/schema\/person\/image\/","url":"https:\/\/secure.gravatar.com\/avatar\/45f3d2eebcccd909668d7ce7ea7267b6?s=96&d=mm&r=g","contentUrl":"https:\/\/secure.gravatar.com\/avatar\/45f3d2eebcccd909668d7ce7ea7267b6?s=96&d=mm&r=g","caption":"Benoit Charette"},"description":"Benoit Charette \/ Propri\u00e9taire et r\u00e9dacteur en chef Benoit Charette pratique le journalisme automobile depuis bient\u00f4t 30 ans. Il a fait ses classes au c\u00f4t\u00e9 de Daniel H\u00e9raud et au Carnet de route de 1992 \u00e0 2001. Il est fondateur, copropri\u00e9taire et r\u00e9dacteur en chef de L\u2019Annuel de l\u2019automobile, qu\u2019il publie depuis 2001. Il a anim\u00e9 les \u00e9missions RPM et RPM+ sur V et les L\u00e9gendes de la route sur Historia. \u00c0 la radio depuis 1986, il reprend l\u2019antenne cette ann\u00e9e sur les ondes de Cogeco et participe pour la deuxi\u00e8me ann\u00e9e \u00e0 l\u2019\u00e9mission Passion Auto sur RDS en plus de mettre en ligne le site Web officiel de L\u2019Annuel de l\u2019automobile sur annuelauto.ca.","sameAs":["https:\/\/annuelauto.ca\/"],"url":"https:\/\/news.canadamotorjobs.com\/fr\/author\/benoit-charette\/"}]}},"_links":{"self":[{"href":"https:\/\/news.canadamotorjobs.com\/fr\/wp-json\/wp\/v2\/posts\/186267"}],"collection":[{"href":"https:\/\/news.canadamotorjobs.com\/fr\/wp-json\/wp\/v2\/posts"}],"about":[{"href":"https:\/\/news.canadamotorjobs.com\/fr\/wp-json\/wp\/v2\/types\/post"}],"author":[{"embeddable":true,"href":"https:\/\/news.canadamotorjobs.com\/fr\/wp-json\/wp\/v2\/users\/8"}],"replies":[{"embeddable":true,"href":"https:\/\/news.canadamotorjobs.com\/fr\/wp-json\/wp\/v2\/comments?post=186267"}],"version-history":[{"count":2,"href":"https:\/\/news.canadamotorjobs.com\/fr\/wp-json\/wp\/v2\/posts\/186267\/revisions"}],"predecessor-version":[{"id":186271,"href":"https:\/\/news.canadamotorjobs.com\/fr\/wp-json\/wp\/v2\/posts\/186267\/revisions\/186271"}],"wp:featuredmedia":[{"embeddable":true,"href":"https:\/\/news.canadamotorjobs.com\/fr\/wp-json\/wp\/v2\/media\/186269"}],"wp:attachment":[{"href":"https:\/\/news.canadamotorjobs.com\/fr\/wp-json\/wp\/v2\/media?parent=186267"}],"wp:term":[{"taxonomy":"category","embeddable":true,"href":"https:\/\/news.canadamotorjobs.com\/fr\/wp-json\/wp\/v2\/categories?post=186267"},{"taxonomy":"post_tag","embeddable":true,"href":"https:\/\/news.canadamotorjobs.com\/fr\/wp-json\/wp\/v2\/tags?post=186267"}],"curies":[{"name":"wp","href":"https:\/\/api.w.org\/{rel}","templated":true}]}}