{"id":186225,"date":"2024-12-22T08:58:04","date_gmt":"2024-12-22T13:58:04","guid":{"rendered":"https:\/\/news.canadamotorjobs.com\/?p=186225"},"modified":"2024-12-22T08:58:48","modified_gmt":"2024-12-22T13:58:48","slug":"mercedes-benz-rappelle-plus-de-33-000-vehicules-pour-un-probleme-de-toit-ouvrant","status":"publish","type":"post","link":"https:\/\/news.canadamotorjobs.com\/fr\/mercedes-benz-rappelle-plus-de-33-000-vehicules-pour-un-probleme-de-toit-ouvrant\/","title":{"rendered":"Mercedes-Benz rappelle plus de 33 000 v\u00e9hicules pour un probl\u00e8me de toit ouvrant"},"content":{"rendered":"<\/p>\n<p>Mercedes-Benz proc\u00e8de au rappel de <strong>33 456 v\u00e9hicules de luxe anciens<\/strong> en raison d\u2019un probl\u00e8me de fixation des panneaux de toit ouvrant. Ce rappel concerne plusieurs mod\u00e8les produits entre <strong>2001 et 2011<\/strong>, notamment les coup\u00e9s CLK, les berlines et familiales de la Classe E, les berlines CLS, ainsi que les berlines, coup\u00e9s et familiales de la Classe C.<\/p>\n<h3>La cause du probl\u00e8me ?<\/h3>\n<p>\nSelon la <strong>NHTSA<\/strong> (National Highway Traffic Safety Administration), un fournisseur aurait mal appliqu\u00e9 l\u2019adh\u00e9sif des panneaux de verre, soit en n\u2019utilisant pas la quantit\u00e9 correcte, soit en ne laissant pas suffisamment ventiler l\u2019agent de liaison. Ce d\u00e9faut pourrait entra\u00eener une <strong>d\u00e9gradation de l\u2019adh\u00e9rence<\/strong> au fil du temps, augmentant le risque de d\u00e9tachement des panneaux de verre. Cela repr\u00e9sente un danger pour les autres usagers de la route.<\/p>\n<p>Les conducteurs peuvent rep\u00e9rer un probl\u00e8me gr\u00e2ce \u00e0 un <strong>bruit de vent excessif<\/strong> autour du toit ouvrant ou \u00e0 un panneau partiellement d\u00e9tach\u00e9. Cependant, Mercedes a confirm\u00e9 n\u2019avoir recens\u00e9 aucun accident, blessure ou dommage mat\u00e9riel li\u00e9 \u00e0 ce probl\u00e8me aux \u00c9tats-Unis.<\/p>\n<h3>Inspection et remplacement gratuits<\/h3>\n<p>\nLa solution consiste en une <strong>inspection gratuite<\/strong> des panneaux de toit ouvrant par les concessionnaires, avec remplacement si n\u00e9cessaire. Mercedes pr\u00e9voit d\u2019envoyer les lettres de notification aux propri\u00e9taires \u00e0 partir du <strong>18 janvier 2025<\/strong>. Le Canada devrait suivre<\/p>\n<h3>Des mod\u00e8les plus \u00e2g\u00e9s<\/h3>\n<p>\nCe rappel touche des g\u00e9n\u00e9rations ant\u00e9rieures de v\u00e9hicules. Si les Classe E et Classe C sont toujours en production, elles ont consid\u00e9rablement \u00e9volu\u00e9 depuis. Le mod\u00e8le CLS, qui a popularis\u00e9 la niche des \u00ab coup\u00e9s \u00e0 quatre portes \u00bb, a \u00e9t\u00e9 abandonn\u00e9 apr\u00e8s l\u2019ann\u00e9e mod\u00e8le 2023. Quant au r\u00f4le du CLK, il est d\u00e9sormais assur\u00e9 par le mod\u00e8le CLE.<\/p>\n<p>Avec des renseignements de Motor Authority<\/p>\n<p>Le texte <a rel=\"nofollow\" href=\"https:\/\/annuelauto.ca\/rappel-mercedes-benz-toit-ouvrant\/\">Mercedes-Benz rappelle plus de 33 000 v\u00e9hicules pour un probl\u00e8me de toit ouvrant<\/a> provient de <a rel=\"nofollow\" href=\"https:\/\/annuelauto.ca\">L&#8217;annuel de l&#8217;automobile &#8211; Actualit\u00e9 automobile<\/a><\/p>\n<p><\/p>\n","protected":false},"excerpt":{"rendered":"<p>Mercedes-Benz proc\u00e8de au rappel de 33 456 v\u00e9hicules de luxe anciens en raison d\u2019un probl\u00e8me de fixation des panneaux de toit ouvrant. Ce rappel concerne plusieurs mod\u00e8les produits entre 2001 et 2011, notamment les coup\u00e9s CLK, les berlines et familiales de la Classe E, les berlines CLS, ainsi que les berlines, coup\u00e9s et familiales de [&hellip;]<\/p>\n","protected":false},"author":8,"featured_media":186227,"comment_status":"close","ping_status":"closed","sticky":false,"template":"","format":"standard","meta":{"_monsterinsights_skip_tracking":false,"_monsterinsights_sitenote_active":false,"_monsterinsights_sitenote_note":"","_monsterinsights_sitenote_category":0,"footnotes":""},"categories":[101],"tags":[],"yoast_head":"<!-- This site is optimized with the Yoast SEO plugin v23.2 - https:\/\/yoast.com\/wordpress\/plugins\/seo\/ -->\n<title>Mercedes-Benz rappelle plus de 33 000 v\u00e9hicules pour un probl\u00e8me de toit ouvrant - CanadaMotorJobs.com<\/title>\n<meta name=\"description\" content=\"Mercedes-Benz rappelle plus de 33 000 v\u00e9hicules pour un probl\u00e8me de toit ouvrant - Benoit Charette - Annuel automobile - CanadaMotorJobs.com.\" \/>\n<meta name=\"robots\" content=\"index, follow, max-snippet:-1, max-image-preview:large, max-video-preview:-1\" \/>\n<meta property=\"og:locale\" content=\"fr_CA\" \/>\n<meta property=\"og:type\" content=\"article\" \/>\n<meta property=\"og:title\" content=\"Mercedes-Benz rappelle plus de 33 000 v\u00e9hicules pour un probl\u00e8me de toit ouvrant - CanadaMotorJobs.com\" \/>\n<meta property=\"og:description\" content=\"Mercedes-Benz rappelle plus de 33 000 v\u00e9hicules pour un probl\u00e8me de toit ouvrant - Benoit Charette - Annuel automobile - CanadaMotorJobs.com.\" \/>\n<meta property=\"og:url\" content=\"https:\/\/news.canadamotorjobs.com\/fr\/mercedes-benz-rappelle-plus-de-33-000-vehicules-pour-un-probleme-de-toit-ouvrant\/\" \/>\n<meta property=\"og:site_name\" content=\"CanadaMotorJobs.com\" \/>\n<meta property=\"article:publisher\" content=\"https:\/\/www.facebook.com\/canadamotorjobs\/\" \/>\n<meta property=\"article:published_time\" content=\"2024-12-22T13:58:04+00:00\" \/>\n<meta property=\"article:modified_time\" content=\"2024-12-22T13:58:48+00:00\" \/>\n<meta property=\"og:image\" content=\"https:\/\/news.canadamotorjobs.com\/wp-content\/uploads\/2024\/12\/2007_MercedesBenz_CLK63AMG2.jpg\" \/>\n\t<meta property=\"og:image:width\" content=\"1024\" \/>\n\t<meta property=\"og:image:height\" content=\"768\" \/>\n\t<meta property=\"og:image:type\" content=\"image\/jpeg\" \/>\n<meta name=\"author\" content=\"Benoit Charette\" \/>\n<meta name=\"twitter:card\" content=\"summary_large_image\" \/>\n<meta name=\"twitter:creator\" content=\"@canadamotorjobs\" \/>\n<meta name=\"twitter:site\" content=\"@canadamotorjobs\" \/>\n<meta name=\"twitter:label1\" content=\"\u00c9crit par\" \/>\n\t<meta name=\"twitter:data1\" content=\"Benoit Charette\" \/>\n\t<meta name=\"twitter:label2\" content=\"Estimation du temps de lecture\" \/>\n\t<meta name=\"twitter:data2\" content=\"2 minutes\" \/>\n<!-- \/ Yoast SEO plugin. -->","yoast_head_json":{"title":"Mercedes-Benz rappelle plus de 33 000 v\u00e9hicules pour un probl\u00e8me de toit ouvrant - CanadaMotorJobs.com","description":"Mercedes-Benz rappelle plus de 33 000 v\u00e9hicules pour un probl\u00e8me de toit ouvrant - Benoit Charette - Annuel automobile - CanadaMotorJobs.com.","robots":{"index":"index","follow":"follow","max-snippet":"max-snippet:-1","max-image-preview":"max-image-preview:large","max-video-preview":"max-video-preview:-1"},"og_locale":"fr_CA","og_type":"article","og_title":"Mercedes-Benz rappelle plus de 33 000 v\u00e9hicules pour un probl\u00e8me de toit ouvrant - CanadaMotorJobs.com","og_description":"Mercedes-Benz rappelle plus de 33 000 v\u00e9hicules pour un probl\u00e8me de toit ouvrant - Benoit Charette - Annuel automobile - CanadaMotorJobs.com.","og_url":"https:\/\/news.canadamotorjobs.com\/fr\/mercedes-benz-rappelle-plus-de-33-000-vehicules-pour-un-probleme-de-toit-ouvrant\/","og_site_name":"CanadaMotorJobs.com","article_publisher":"https:\/\/www.facebook.com\/canadamotorjobs\/","article_published_time":"2024-12-22T13:58:04+00:00","article_modified_time":"2024-12-22T13:58:48+00:00","og_image":[{"width":1024,"height":768,"url":"https:\/\/news.canadamotorjobs.com\/wp-content\/uploads\/2024\/12\/2007_MercedesBenz_CLK63AMG2.jpg","type":"image\/jpeg"}],"author":"Benoit Charette","twitter_card":"summary_large_image","twitter_creator":"@canadamotorjobs","twitter_site":"@canadamotorjobs","twitter_misc":{"\u00c9crit par":"Benoit Charette","Estimation du temps de lecture":"2 minutes"},"schema":{"@context":"https:\/\/schema.org","@graph":[{"@type":"Article","@id":"https:\/\/news.canadamotorjobs.com\/fr\/mercedes-benz-rappelle-plus-de-33-000-vehicules-pour-un-probleme-de-toit-ouvrant\/#article","isPartOf":{"@id":"https:\/\/news.canadamotorjobs.com\/fr\/mercedes-benz-rappelle-plus-de-33-000-vehicules-pour-un-probleme-de-toit-ouvrant\/"},"author":{"name":"Benoit Charette","@id":"https:\/\/news.canadamotorjobs.com\/#\/schema\/person\/51793d1f87d44011d7bcc2ed99269a90"},"headline":"Mercedes-Benz rappelle plus de 33 000 v\u00e9hicules pour un probl\u00e8me de toit ouvrant","datePublished":"2024-12-22T13:58:04+00:00","dateModified":"2024-12-22T13:58:48+00:00","mainEntityOfPage":{"@id":"https:\/\/news.canadamotorjobs.com\/fr\/mercedes-benz-rappelle-plus-de-33-000-vehicules-pour-un-probleme-de-toit-ouvrant\/"},"wordCount":350,"publisher":{"@id":"https:\/\/news.canadamotorjobs.com\/#organization"},"image":{"@id":"https:\/\/news.canadamotorjobs.com\/fr\/mercedes-benz-rappelle-plus-de-33-000-vehicules-pour-un-probleme-de-toit-ouvrant\/#primaryimage"},"thumbnailUrl":"https:\/\/news.canadamotorjobs.com\/wp-content\/uploads\/2024\/12\/2007_MercedesBenz_CLK63AMG2.jpg","articleSection":["Annuel automobile"],"inLanguage":"fr-CA"},{"@type":"WebPage","@id":"https:\/\/news.canadamotorjobs.com\/fr\/mercedes-benz-rappelle-plus-de-33-000-vehicules-pour-un-probleme-de-toit-ouvrant\/","url":"https:\/\/news.canadamotorjobs.com\/fr\/mercedes-benz-rappelle-plus-de-33-000-vehicules-pour-un-probleme-de-toit-ouvrant\/","name":"Mercedes-Benz rappelle plus de 33 000 v\u00e9hicules pour un probl\u00e8me de toit ouvrant - CanadaMotorJobs.com","isPartOf":{"@id":"https:\/\/news.canadamotorjobs.com\/#website"},"primaryImageOfPage":{"@id":"https:\/\/news.canadamotorjobs.com\/fr\/mercedes-benz-rappelle-plus-de-33-000-vehicules-pour-un-probleme-de-toit-ouvrant\/#primaryimage"},"image":{"@id":"https:\/\/news.canadamotorjobs.com\/fr\/mercedes-benz-rappelle-plus-de-33-000-vehicules-pour-un-probleme-de-toit-ouvrant\/#primaryimage"},"thumbnailUrl":"https:\/\/news.canadamotorjobs.com\/wp-content\/uploads\/2024\/12\/2007_MercedesBenz_CLK63AMG2.jpg","datePublished":"2024-12-22T13:58:04+00:00","dateModified":"2024-12-22T13:58:48+00:00","description":"Mercedes-Benz rappelle plus de 33 000 v\u00e9hicules pour un probl\u00e8me de toit ouvrant - Benoit Charette - Annuel automobile - CanadaMotorJobs.com.","breadcrumb":{"@id":"https:\/\/news.canadamotorjobs.com\/fr\/mercedes-benz-rappelle-plus-de-33-000-vehicules-pour-un-probleme-de-toit-ouvrant\/#breadcrumb"},"inLanguage":"fr-CA","potentialAction":[{"@type":"ReadAction","target":["https:\/\/news.canadamotorjobs.com\/fr\/mercedes-benz-rappelle-plus-de-33-000-vehicules-pour-un-probleme-de-toit-ouvrant\/"]}]},{"@type":"ImageObject","inLanguage":"fr-CA","@id":"https:\/\/news.canadamotorjobs.com\/fr\/mercedes-benz-rappelle-plus-de-33-000-vehicules-pour-un-probleme-de-toit-ouvrant\/#primaryimage","url":"https:\/\/news.canadamotorjobs.com\/wp-content\/uploads\/2024\/12\/2007_MercedesBenz_CLK63AMG2.jpg","contentUrl":"https:\/\/news.canadamotorjobs.com\/wp-content\/uploads\/2024\/12\/2007_MercedesBenz_CLK63AMG2.jpg","width":1024,"height":768},{"@type":"BreadcrumbList","@id":"https:\/\/news.canadamotorjobs.com\/fr\/mercedes-benz-rappelle-plus-de-33-000-vehicules-pour-un-probleme-de-toit-ouvrant\/#breadcrumb","itemListElement":[{"@type":"ListItem","position":1,"name":"Home","item":"https:\/\/news.canadamotorjobs.com\/fr\/blog\/"},{"@type":"ListItem","position":2,"name":"Mercedes-Benz rappelle plus de 33 000 v\u00e9hicules pour un probl\u00e8me de toit ouvrant"}]},{"@type":"WebSite","@id":"https:\/\/news.canadamotorjobs.com\/#website","url":"https:\/\/news.canadamotorjobs.com\/","name":"CanadaMotorJobs.com","description":"Automotive Jobs","publisher":{"@id":"https:\/\/news.canadamotorjobs.com\/#organization"},"potentialAction":[{"@type":"SearchAction","target":{"@type":"EntryPoint","urlTemplate":"https:\/\/news.canadamotorjobs.com\/?s={search_term_string}"},"query-input":"required name=search_term_string"}],"inLanguage":"fr-CA"},{"@type":"Organization","@id":"https:\/\/news.canadamotorjobs.com\/#organization","name":"Canada Motor Jobs","url":"https:\/\/news.canadamotorjobs.com\/","logo":{"@type":"ImageObject","inLanguage":"fr-CA","@id":"https:\/\/news.canadamotorjobs.com\/#\/schema\/logo\/image\/","url":"https:\/\/news.canadamotorjobs.com\/wp-content\/uploads\/2022\/10\/logo-canada-motor-jobs-1.png","contentUrl":"https:\/\/news.canadamotorjobs.com\/wp-content\/uploads\/2022\/10\/logo-canada-motor-jobs-1.png","width":800,"height":400,"caption":"Canada Motor Jobs"},"image":{"@id":"https:\/\/news.canadamotorjobs.com\/#\/schema\/logo\/image\/"},"sameAs":["https:\/\/www.facebook.com\/canadamotorjobs\/","https:\/\/x.com\/canadamotorjobs","https:\/\/www.instagram.com\/canadamotorjobs\/","https:\/\/www.linkedin.com\/company\/canadamotorjobs"]},{"@type":"Person","@id":"https:\/\/news.canadamotorjobs.com\/#\/schema\/person\/51793d1f87d44011d7bcc2ed99269a90","name":"Benoit Charette","image":{"@type":"ImageObject","inLanguage":"fr-CA","@id":"https:\/\/news.canadamotorjobs.com\/#\/schema\/person\/image\/","url":"https:\/\/secure.gravatar.com\/avatar\/45f3d2eebcccd909668d7ce7ea7267b6?s=96&d=mm&r=g","contentUrl":"https:\/\/secure.gravatar.com\/avatar\/45f3d2eebcccd909668d7ce7ea7267b6?s=96&d=mm&r=g","caption":"Benoit Charette"},"description":"Benoit Charette \/ Propri\u00e9taire et r\u00e9dacteur en chef Benoit Charette pratique le journalisme automobile depuis bient\u00f4t 30 ans. Il a fait ses classes au c\u00f4t\u00e9 de Daniel H\u00e9raud et au Carnet de route de 1992 \u00e0 2001. Il est fondateur, copropri\u00e9taire et r\u00e9dacteur en chef de L\u2019Annuel de l\u2019automobile, qu\u2019il publie depuis 2001. Il a anim\u00e9 les \u00e9missions RPM et RPM+ sur V et les L\u00e9gendes de la route sur Historia. \u00c0 la radio depuis 1986, il reprend l\u2019antenne cette ann\u00e9e sur les ondes de Cogeco et participe pour la deuxi\u00e8me ann\u00e9e \u00e0 l\u2019\u00e9mission Passion Auto sur RDS en plus de mettre en ligne le site Web officiel de L\u2019Annuel de l\u2019automobile sur annuelauto.ca.","sameAs":["https:\/\/annuelauto.ca\/"],"url":"https:\/\/news.canadamotorjobs.com\/fr\/author\/benoit-charette\/"}]}},"_links":{"self":[{"href":"https:\/\/news.canadamotorjobs.com\/fr\/wp-json\/wp\/v2\/posts\/186225"}],"collection":[{"href":"https:\/\/news.canadamotorjobs.com\/fr\/wp-json\/wp\/v2\/posts"}],"about":[{"href":"https:\/\/news.canadamotorjobs.com\/fr\/wp-json\/wp\/v2\/types\/post"}],"author":[{"embeddable":true,"href":"https:\/\/news.canadamotorjobs.com\/fr\/wp-json\/wp\/v2\/users\/8"}],"replies":[{"embeddable":true,"href":"https:\/\/news.canadamotorjobs.com\/fr\/wp-json\/wp\/v2\/comments?post=186225"}],"version-history":[{"count":2,"href":"https:\/\/news.canadamotorjobs.com\/fr\/wp-json\/wp\/v2\/posts\/186225\/revisions"}],"predecessor-version":[{"id":186229,"href":"https:\/\/news.canadamotorjobs.com\/fr\/wp-json\/wp\/v2\/posts\/186225\/revisions\/186229"}],"wp:featuredmedia":[{"embeddable":true,"href":"https:\/\/news.canadamotorjobs.com\/fr\/wp-json\/wp\/v2\/media\/186227"}],"wp:attachment":[{"href":"https:\/\/news.canadamotorjobs.com\/fr\/wp-json\/wp\/v2\/media?parent=186225"}],"wp:term":[{"taxonomy":"category","embeddable":true,"href":"https:\/\/news.canadamotorjobs.com\/fr\/wp-json\/wp\/v2\/categories?post=186225"},{"taxonomy":"post_tag","embeddable":true,"href":"https:\/\/news.canadamotorjobs.com\/fr\/wp-json\/wp\/v2\/tags?post=186225"}],"curies":[{"name":"wp","href":"https:\/\/api.w.org\/{rel}","templated":true}]}}