{"id":186197,"date":"2024-12-22T02:24:25","date_gmt":"2024-12-22T07:24:25","guid":{"rendered":"https:\/\/news.canadamotorjobs.com\/?p=186197"},"modified":"2024-12-22T02:29:14","modified_gmt":"2024-12-22T07:29:14","slug":"toyota-pourrait-abandonner-le-nom-bz4x-pour-son-vus-electrique","status":"publish","type":"post","link":"https:\/\/news.canadamotorjobs.com\/fr\/toyota-pourrait-abandonner-le-nom-bz4x-pour-son-vus-electrique\/","title":{"rendered":"Toyota pourrait abandonner le nom bZ4X pour son VUS \u00e9lectrique"},"content":{"rendered":"<\/p>\n<p>Toyota envisagerait de rebaptiser son VUS \u00e9lectrique bZ4X. Tout sauf m\u00e9morable, ce nom a suscit\u00e9 de nombreuses critiques, c\u2019est le cas de dire. Selon Patrick Ryan, directeur r\u00e9gional de Toyota Canada au Qu\u00e9bec, un changement serait en pr\u00e9paration, bien que les d\u00e9tails restent encore flous.<\/p>\n<p><strong>Une signification, mais peu d\u2019impact<\/strong><\/p>\n<p>Le nom bZ4X repr\u00e9sente \u00ab Beyond Zero \u00bb (au-del\u00e0 de z\u00e9ro), le chiffre 4 symbolise sa taille, et le X indique qu\u2019il s\u2019agit d\u2019un VUS. Malgr\u00e9 cette logique, le nom est maladroit et difficile \u00e0 retenir.<\/p>\n<p>\u00c0 l\u2019inverse, le mod\u00e8le jumeau con\u00e7u avec Subaru, le Solterra, b\u00e9n\u00e9ficie d\u2019une appellation plus conventionnelle et mieux accueillie par le public. Cette comparaison souligne l\u2019importance d\u2019un nom engageant pour un v\u00e9hicule.<\/p>\n<p><\/p>\n<figure><img decoding=\"async\" src=\"https:\/\/news.canadamotorjobs.com\/wp-content\/uploads\/2024\/12\/Toyota-bZ4X-2023-08-5.jpg\" alt=\"Le Toyota bZ4X\" \/><figcaption>Le Toyota bZ4X | Auto123.com<\/figcaption><\/figure>\n<p><strong>Une strat\u00e9gie mondiale ou r\u00e9gionale ?<\/strong><\/p>\n<p>Patrick Ryan n\u2019a pas pr\u00e9cis\u00e9 si ce changement de nom concernera uniquement certaines r\u00e9gions ou s\u2019il sera appliqu\u00e9 \u00e0 l\u2019\u00e9chelle mondiale. Toutefois, une r\u00e9vision globale semble plus coh\u00e9rente avec la strat\u00e9gie de Toyota. La marque privil\u00e9gie g\u00e9n\u00e9ralement des noms plus explicites, comme ceux du RAV4 ou de la Camry, au lieu de combinaisons alphanum\u00e9riques complexes.<\/p>\n<p><strong>L\u2019importance d\u2019un nom engageant<\/strong><\/p>\n<p>Dans un march\u00e9 concurrentiel, un nom peut jouer un r\u00f4le cl\u00e9 dans l\u2019identit\u00e9 d\u2019un v\u00e9hicule. Les noms alphanum\u00e9riques, bien que pratiques pour les constructeurs, ne r\u00e9sonnent pas toujours aupr\u00e8s du grand public.<\/p>\n<p>Toyota pourrait s\u2019inspirer de son histoire en adoptant un nom plus \u00e9vocateur et m\u00e9morable pour son VUS \u00e9lectrique, rendant ainsi le v\u00e9hicule plus accessible et attrayant pour les consommateurs.<\/p>\n<p>Si Toyota confirme ce changement, ce serait une \u00e9tape logique pour am\u00e9liorer la perception de son bZ4X. Les conducteurs attendent d\u00e9sormais avec impatience un nom qui refl\u00e8te mieux les qualit\u00e9s et l\u2019ambition du mod\u00e8le.<\/p>\n<p><\/p>\n<p style=\"padding-top: 15px\">Contenu original de <a href=\"https:\/\/www.auto123.com\/fr\/actualites\/toyota-nouveau-nom-bz4x\/72218\/\">auto123<\/a>.<\/p>\n<p>Le texte <a rel=\"nofollow\" href=\"https:\/\/annuelauto.ca\/toyota-pourrait-abandonner-le-nom-bz4x-pour-son-vus-electrique\/\">Toyota pourrait abandonner le nom bZ4X pour son VUS \u00e9lectrique<\/a> provient de <a rel=\"nofollow\" href=\"https:\/\/annuelauto.ca\">L&#8217;annuel de l&#8217;automobile &#8211; Actualit\u00e9 automobile<\/a><\/p>\n<p><\/p>\n","protected":false},"excerpt":{"rendered":"<p>Toyota envisagerait de rebaptiser son VUS \u00e9lectrique bZ4X. Tout sauf m\u00e9morable, ce nom a suscit\u00e9 de nombreuses critiques, c\u2019est le cas de dire. Selon Patrick Ryan, directeur r\u00e9gional de Toyota Canada au Qu\u00e9bec, un changement serait en pr\u00e9paration, bien que les d\u00e9tails restent encore flous. Une signification, mais peu d\u2019impact Le nom bZ4X repr\u00e9sente \u00ab [&hellip;]<\/p>\n","protected":false},"author":8,"featured_media":186199,"comment_status":"close","ping_status":"closed","sticky":false,"template":"","format":"standard","meta":{"_monsterinsights_skip_tracking":false,"_monsterinsights_sitenote_active":false,"_monsterinsights_sitenote_note":"","_monsterinsights_sitenote_category":0,"footnotes":""},"categories":[101],"tags":[],"yoast_head":"<!-- This site is optimized with the Yoast SEO plugin v23.2 - https:\/\/yoast.com\/wordpress\/plugins\/seo\/ -->\n<title>Toyota pourrait abandonner le nom bZ4X pour son VUS \u00e9lectrique - CanadaMotorJobs.com<\/title>\n<meta name=\"description\" content=\"Toyota pourrait abandonner le nom bZ4X pour son VUS \u00e9lectrique - Benoit Charette - Annuel automobile - CanadaMotorJobs.com.\" \/>\n<meta name=\"robots\" content=\"index, follow, max-snippet:-1, max-image-preview:large, max-video-preview:-1\" \/>\n<meta property=\"og:locale\" content=\"fr_CA\" \/>\n<meta property=\"og:type\" content=\"article\" \/>\n<meta property=\"og:title\" content=\"Toyota pourrait abandonner le nom bZ4X pour son VUS \u00e9lectrique - CanadaMotorJobs.com\" \/>\n<meta property=\"og:description\" content=\"Toyota pourrait abandonner le nom bZ4X pour son VUS \u00e9lectrique - Benoit Charette - Annuel automobile - CanadaMotorJobs.com.\" \/>\n<meta property=\"og:url\" content=\"https:\/\/news.canadamotorjobs.com\/fr\/toyota-pourrait-abandonner-le-nom-bz4x-pour-son-vus-electrique\/\" \/>\n<meta property=\"og:site_name\" content=\"CanadaMotorJobs.com\" \/>\n<meta property=\"article:publisher\" content=\"https:\/\/www.facebook.com\/canadamotorjobs\/\" \/>\n<meta property=\"article:published_time\" content=\"2024-12-22T07:24:25+00:00\" \/>\n<meta property=\"article:modified_time\" content=\"2024-12-22T07:29:14+00:00\" \/>\n<meta property=\"og:image\" content=\"https:\/\/news.canadamotorjobs.com\/wp-content\/uploads\/2024\/12\/Toyota-bZ4X-2023-08.jpg\" \/>\n\t<meta property=\"og:image:width\" content=\"1200\" \/>\n\t<meta property=\"og:image:height\" content=\"800\" \/>\n\t<meta property=\"og:image:type\" content=\"image\/jpeg\" \/>\n<meta name=\"author\" content=\"Benoit Charette\" \/>\n<meta name=\"twitter:card\" content=\"summary_large_image\" \/>\n<meta name=\"twitter:creator\" content=\"@canadamotorjobs\" \/>\n<meta name=\"twitter:site\" content=\"@canadamotorjobs\" \/>\n<meta name=\"twitter:label1\" content=\"\u00c9crit par\" \/>\n\t<meta name=\"twitter:data1\" content=\"Benoit Charette\" \/>\n\t<meta name=\"twitter:label2\" content=\"Estimation du temps de lecture\" \/>\n\t<meta name=\"twitter:data2\" content=\"2 minutes\" \/>\n<!-- \/ Yoast SEO plugin. -->","yoast_head_json":{"title":"Toyota pourrait abandonner le nom bZ4X pour son VUS \u00e9lectrique - CanadaMotorJobs.com","description":"Toyota pourrait abandonner le nom bZ4X pour son VUS \u00e9lectrique - Benoit Charette - Annuel automobile - CanadaMotorJobs.com.","robots":{"index":"index","follow":"follow","max-snippet":"max-snippet:-1","max-image-preview":"max-image-preview:large","max-video-preview":"max-video-preview:-1"},"og_locale":"fr_CA","og_type":"article","og_title":"Toyota pourrait abandonner le nom bZ4X pour son VUS \u00e9lectrique - CanadaMotorJobs.com","og_description":"Toyota pourrait abandonner le nom bZ4X pour son VUS \u00e9lectrique - Benoit Charette - Annuel automobile - CanadaMotorJobs.com.","og_url":"https:\/\/news.canadamotorjobs.com\/fr\/toyota-pourrait-abandonner-le-nom-bz4x-pour-son-vus-electrique\/","og_site_name":"CanadaMotorJobs.com","article_publisher":"https:\/\/www.facebook.com\/canadamotorjobs\/","article_published_time":"2024-12-22T07:24:25+00:00","article_modified_time":"2024-12-22T07:29:14+00:00","og_image":[{"width":1200,"height":800,"url":"https:\/\/news.canadamotorjobs.com\/wp-content\/uploads\/2024\/12\/Toyota-bZ4X-2023-08.jpg","type":"image\/jpeg"}],"author":"Benoit Charette","twitter_card":"summary_large_image","twitter_creator":"@canadamotorjobs","twitter_site":"@canadamotorjobs","twitter_misc":{"\u00c9crit par":"Benoit Charette","Estimation du temps de lecture":"2 minutes"},"schema":{"@context":"https:\/\/schema.org","@graph":[{"@type":"Article","@id":"https:\/\/news.canadamotorjobs.com\/fr\/toyota-pourrait-abandonner-le-nom-bz4x-pour-son-vus-electrique\/#article","isPartOf":{"@id":"https:\/\/news.canadamotorjobs.com\/fr\/toyota-pourrait-abandonner-le-nom-bz4x-pour-son-vus-electrique\/"},"author":{"name":"Benoit Charette","@id":"https:\/\/news.canadamotorjobs.com\/#\/schema\/person\/51793d1f87d44011d7bcc2ed99269a90"},"headline":"Toyota pourrait abandonner le nom bZ4X pour son VUS \u00e9lectrique","datePublished":"2024-12-22T07:24:25+00:00","dateModified":"2024-12-22T07:29:14+00:00","mainEntityOfPage":{"@id":"https:\/\/news.canadamotorjobs.com\/fr\/toyota-pourrait-abandonner-le-nom-bz4x-pour-son-vus-electrique\/"},"wordCount":370,"publisher":{"@id":"https:\/\/news.canadamotorjobs.com\/#organization"},"image":{"@id":"https:\/\/news.canadamotorjobs.com\/fr\/toyota-pourrait-abandonner-le-nom-bz4x-pour-son-vus-electrique\/#primaryimage"},"thumbnailUrl":"https:\/\/news.canadamotorjobs.com\/wp-content\/uploads\/2024\/12\/Toyota-bZ4X-2023-08.jpg","articleSection":["Annuel automobile"],"inLanguage":"fr-CA"},{"@type":"WebPage","@id":"https:\/\/news.canadamotorjobs.com\/fr\/toyota-pourrait-abandonner-le-nom-bz4x-pour-son-vus-electrique\/","url":"https:\/\/news.canadamotorjobs.com\/fr\/toyota-pourrait-abandonner-le-nom-bz4x-pour-son-vus-electrique\/","name":"Toyota pourrait abandonner le nom bZ4X pour son VUS \u00e9lectrique - CanadaMotorJobs.com","isPartOf":{"@id":"https:\/\/news.canadamotorjobs.com\/#website"},"primaryImageOfPage":{"@id":"https:\/\/news.canadamotorjobs.com\/fr\/toyota-pourrait-abandonner-le-nom-bz4x-pour-son-vus-electrique\/#primaryimage"},"image":{"@id":"https:\/\/news.canadamotorjobs.com\/fr\/toyota-pourrait-abandonner-le-nom-bz4x-pour-son-vus-electrique\/#primaryimage"},"thumbnailUrl":"https:\/\/news.canadamotorjobs.com\/wp-content\/uploads\/2024\/12\/Toyota-bZ4X-2023-08.jpg","datePublished":"2024-12-22T07:24:25+00:00","dateModified":"2024-12-22T07:29:14+00:00","description":"Toyota pourrait abandonner le nom bZ4X pour son VUS \u00e9lectrique - Benoit Charette - Annuel automobile - CanadaMotorJobs.com.","breadcrumb":{"@id":"https:\/\/news.canadamotorjobs.com\/fr\/toyota-pourrait-abandonner-le-nom-bz4x-pour-son-vus-electrique\/#breadcrumb"},"inLanguage":"fr-CA","potentialAction":[{"@type":"ReadAction","target":["https:\/\/news.canadamotorjobs.com\/fr\/toyota-pourrait-abandonner-le-nom-bz4x-pour-son-vus-electrique\/"]}]},{"@type":"ImageObject","inLanguage":"fr-CA","@id":"https:\/\/news.canadamotorjobs.com\/fr\/toyota-pourrait-abandonner-le-nom-bz4x-pour-son-vus-electrique\/#primaryimage","url":"https:\/\/news.canadamotorjobs.com\/wp-content\/uploads\/2024\/12\/Toyota-bZ4X-2023-08.jpg","contentUrl":"https:\/\/news.canadamotorjobs.com\/wp-content\/uploads\/2024\/12\/Toyota-bZ4X-2023-08.jpg","width":1200,"height":800},{"@type":"BreadcrumbList","@id":"https:\/\/news.canadamotorjobs.com\/fr\/toyota-pourrait-abandonner-le-nom-bz4x-pour-son-vus-electrique\/#breadcrumb","itemListElement":[{"@type":"ListItem","position":1,"name":"Home","item":"https:\/\/news.canadamotorjobs.com\/fr\/blog\/"},{"@type":"ListItem","position":2,"name":"Toyota pourrait abandonner le nom bZ4X pour son VUS \u00e9lectrique"}]},{"@type":"WebSite","@id":"https:\/\/news.canadamotorjobs.com\/#website","url":"https:\/\/news.canadamotorjobs.com\/","name":"CanadaMotorJobs.com","description":"Automotive Jobs","publisher":{"@id":"https:\/\/news.canadamotorjobs.com\/#organization"},"potentialAction":[{"@type":"SearchAction","target":{"@type":"EntryPoint","urlTemplate":"https:\/\/news.canadamotorjobs.com\/?s={search_term_string}"},"query-input":"required name=search_term_string"}],"inLanguage":"fr-CA"},{"@type":"Organization","@id":"https:\/\/news.canadamotorjobs.com\/#organization","name":"Canada Motor Jobs","url":"https:\/\/news.canadamotorjobs.com\/","logo":{"@type":"ImageObject","inLanguage":"fr-CA","@id":"https:\/\/news.canadamotorjobs.com\/#\/schema\/logo\/image\/","url":"https:\/\/news.canadamotorjobs.com\/wp-content\/uploads\/2022\/10\/logo-canada-motor-jobs-1.png","contentUrl":"https:\/\/news.canadamotorjobs.com\/wp-content\/uploads\/2022\/10\/logo-canada-motor-jobs-1.png","width":800,"height":400,"caption":"Canada Motor Jobs"},"image":{"@id":"https:\/\/news.canadamotorjobs.com\/#\/schema\/logo\/image\/"},"sameAs":["https:\/\/www.facebook.com\/canadamotorjobs\/","https:\/\/x.com\/canadamotorjobs","https:\/\/www.instagram.com\/canadamotorjobs\/","https:\/\/www.linkedin.com\/company\/canadamotorjobs"]},{"@type":"Person","@id":"https:\/\/news.canadamotorjobs.com\/#\/schema\/person\/51793d1f87d44011d7bcc2ed99269a90","name":"Benoit Charette","image":{"@type":"ImageObject","inLanguage":"fr-CA","@id":"https:\/\/news.canadamotorjobs.com\/#\/schema\/person\/image\/","url":"https:\/\/secure.gravatar.com\/avatar\/45f3d2eebcccd909668d7ce7ea7267b6?s=96&d=mm&r=g","contentUrl":"https:\/\/secure.gravatar.com\/avatar\/45f3d2eebcccd909668d7ce7ea7267b6?s=96&d=mm&r=g","caption":"Benoit Charette"},"description":"Benoit Charette \/ Propri\u00e9taire et r\u00e9dacteur en chef Benoit Charette pratique le journalisme automobile depuis bient\u00f4t 30 ans. Il a fait ses classes au c\u00f4t\u00e9 de Daniel H\u00e9raud et au Carnet de route de 1992 \u00e0 2001. Il est fondateur, copropri\u00e9taire et r\u00e9dacteur en chef de L\u2019Annuel de l\u2019automobile, qu\u2019il publie depuis 2001. Il a anim\u00e9 les \u00e9missions RPM et RPM+ sur V et les L\u00e9gendes de la route sur Historia. \u00c0 la radio depuis 1986, il reprend l\u2019antenne cette ann\u00e9e sur les ondes de Cogeco et participe pour la deuxi\u00e8me ann\u00e9e \u00e0 l\u2019\u00e9mission Passion Auto sur RDS en plus de mettre en ligne le site Web officiel de L\u2019Annuel de l\u2019automobile sur annuelauto.ca.","sameAs":["https:\/\/annuelauto.ca\/"],"url":"https:\/\/news.canadamotorjobs.com\/fr\/author\/benoit-charette\/"}]}},"_links":{"self":[{"href":"https:\/\/news.canadamotorjobs.com\/fr\/wp-json\/wp\/v2\/posts\/186197"}],"collection":[{"href":"https:\/\/news.canadamotorjobs.com\/fr\/wp-json\/wp\/v2\/posts"}],"about":[{"href":"https:\/\/news.canadamotorjobs.com\/fr\/wp-json\/wp\/v2\/types\/post"}],"author":[{"embeddable":true,"href":"https:\/\/news.canadamotorjobs.com\/fr\/wp-json\/wp\/v2\/users\/8"}],"replies":[{"embeddable":true,"href":"https:\/\/news.canadamotorjobs.com\/fr\/wp-json\/wp\/v2\/comments?post=186197"}],"version-history":[{"count":3,"href":"https:\/\/news.canadamotorjobs.com\/fr\/wp-json\/wp\/v2\/posts\/186197\/revisions"}],"predecessor-version":[{"id":186224,"href":"https:\/\/news.canadamotorjobs.com\/fr\/wp-json\/wp\/v2\/posts\/186197\/revisions\/186224"}],"wp:featuredmedia":[{"embeddable":true,"href":"https:\/\/news.canadamotorjobs.com\/fr\/wp-json\/wp\/v2\/media\/186199"}],"wp:attachment":[{"href":"https:\/\/news.canadamotorjobs.com\/fr\/wp-json\/wp\/v2\/media?parent=186197"}],"wp:term":[{"taxonomy":"category","embeddable":true,"href":"https:\/\/news.canadamotorjobs.com\/fr\/wp-json\/wp\/v2\/categories?post=186197"},{"taxonomy":"post_tag","embeddable":true,"href":"https:\/\/news.canadamotorjobs.com\/fr\/wp-json\/wp\/v2\/tags?post=186197"}],"curies":[{"name":"wp","href":"https:\/\/api.w.org\/{rel}","templated":true}]}}