{"id":186165,"date":"2024-12-22T02:24:26","date_gmt":"2024-12-22T07:24:26","guid":{"rendered":"https:\/\/news.canadamotorjobs.com\/?p=186165"},"modified":"2024-12-22T02:29:02","modified_gmt":"2024-12-22T07:29:02","slug":"porsche-pourrait-revoir-ses-echeanciers-electriques","status":"publish","type":"post","link":"https:\/\/news.canadamotorjobs.com\/fr\/porsche-pourrait-revoir-ses-echeanciers-electriques\/","title":{"rendered":"Porsche pourrait revoir ses \u00e9ch\u00e9anciers \u00e9lectriques"},"content":{"rendered":"<\/p>\n<p>Porsche pourrait revoir ses \u00e9ch\u00e9anciers \u00e9lectriques en raison de ventes \u00e0 la baisse de mod\u00e8les en Chine et aux \u00c9tats-Unis, deux march\u00e9s tr\u00e8s importants pour le constructeur. C\u2019est selon la publication allemande Automobilwoche.<\/p>\n<p>Le plan actuel de Porsche est que d\u2019ici \u00e0 2030, 80 % des v\u00e9hicules qu\u2019elle vend soient tout \u00e9lectriques. Or, les chiffres actuels forceraient le constructeur \u00e0 revoir ce plan.<\/p>\n<p><strong>Les chiffres<\/strong><\/p>\n<p>Du c\u00f4t\u00e9 de la berline Taycan, les r\u00e9sultats ont continu\u00e9 \u00e0 ralentir \u00e0 l\u2019\u00e9tranger. En Europe, 7548 unit\u00e9s ont \u00e9t\u00e9 vendues au cours des 10 premiers mois de 2024, soit une baisse de 52 % par rapport \u00e0 l\u2019ann\u00e9e pr\u00e9c\u00e9dente.<\/p>\n<p>Pour le nouveau Macan EV, ses ventes ne s\u2019\u00e9l\u00e8vent qu\u2019\u00e0 6377 unit\u00e9s en Europe jusqu\u2019\u00e0 pr\u00e9sent. On esp\u00e9rait mieux, mais il est encore t\u00f4t.<\/p>\n<p><\/p>\n<figure><img decoding=\"async\" src=\"https:\/\/news.canadamotorjobs.com\/wp-content\/uploads\/2024\/12\/Porsche-Macan-EV-2025-04-5.jpg\" alt=\"Le Porsche Macan EV\" \/><figcaption>Le Porsche Macan EV | Auto123.com<\/figcaption><\/figure>\n<p>Ce qui inqui\u00e8te plus les principaux int\u00e9ress\u00e9s, ce sont les performances de la marque en Chine. Les r\u00e9sultats, au cours des trois premiers trimestres de l\u2019ann\u00e9e, n\u2019ont pas \u00e9t\u00e9 encourageants. Porsche a vendu 43 280 v\u00e9hicules au cours de cette p\u00e9riode l\u00e0-bas, soit une baisse de 29 % par rapport \u00e0 la m\u00eame p\u00e9riode en 2023.<\/p>\n<p>Les ventes de la Taycan ont \u00e9galement recul\u00e9 de 35 % aux \u00c9tats-Unis et de 50 % \u00e0 l\u2019\u00e9chelle mondiale lors du troisi\u00e8me trimestre de l\u2019ann\u00e9e.<\/p>\n<p>Du c\u00f4t\u00e9 de Porsche, on a d\u00e9j\u00e0 point\u00e9 du doigt les offres tr\u00e8s concurrentielles en provenance de Chine, o\u00f9 les v\u00e9hicules proposent de l\u2019\u00e9quipement et des niveaux de performance \u00e0 prix plus bas que celui des v\u00e9hicules provenant de marques import\u00e9es.<\/p>\n<p>Voil\u00e0, en gros, les raisons pour lesquelles on serait en train de r\u00e9fl\u00e9chir \u00e0 une transition \u00e9lectrique qui serait diff\u00e9rente du plan ambitieux qui avait \u00e9t\u00e9 envisag\u00e9.<\/p>\n<p>Les informations rapport\u00e9es par Automobilwoche sugg\u00e8rent que Porsche pourrait r\u00e9organiser sa gamme de v\u00e9hicules \u00e0 essence. C\u2019est particuli\u00e8rement vrai pour le VUS Cayenne dont le passage \u00e0 l\u2019\u00e9lectrique \u00e9tait initialement pr\u00e9vu pour 2026.<\/p>\n<p><\/p>\n<figure><img decoding=\"async\" src=\"https:\/\/news.canadamotorjobs.com\/wp-content\/uploads\/2024\/12\/Porsche-Cayenne-E-Hybrid-2024-04-1.jpg\" alt=\"Le Porsche Cayenne E-Hybrid\" \/><figcaption>Le Porsche Cayenne E-Hybrid | Auto123.com<\/figcaption><\/figure>\n<p>Si Porsche choisit de mettre \u00e0 jour la plateforme actuelle au lieu de faire passer imm\u00e9diatement son mod\u00e8le \u00e0 l\u2019\u00e9lectricit\u00e9, cette structure pourrait \u00e9galement servir de base au VUS de taille plus importante que pr\u00e9voit la marque, un v\u00e9hicule connu en interne sous le nom de K1. Pour le moment, ce v\u00e9hicule est pr\u00e9vu sur la plateforme SSP (Scalable Systems Platform) du groupe Volkswagen, qui ne peut pas accueillir de moteurs \u00e0 essence.<\/p>\n<p>Des retards pourraient \u00e9galement toucher les 718 Boxster et 718 Cayman \u00e9lectriques. Automobilwoche rapporte qu\u2019on aurait de la difficult\u00e9 \u00e0 trouver l\u2019\u00e9quilibre voulu pour donner au mod\u00e8le les caract\u00e9ristiques \u00e9lectriques souhait\u00e9es, tout en lui assurant aussi une dynamique de conduite digne du nom Porsche. La compagnie aurait eu plusieurs discussions avec le fournisseur de batteries Valmet pour tenter de r\u00e9soudre le probl\u00e8me.<\/p>\n<p>Il faut savoir qu\u2019en Europe, les mod\u00e8les 718 ne sont plus propos\u00e9s en raison des normes en vigueur. Leur retrait du march\u00e9 mondial est pr\u00e9vu apr\u00e8s 2026. Or, si les variantes \u00e9lectriques ne sont pas pr\u00eates, Automobilwoche croit que Porsche pourrait retarder leur retrait du march\u00e9 sous leur forme actuelle, c\u2019est-\u00e0-dire comme v\u00e9hicules anim\u00e9s par un moteur \u00e0 combustion.<\/p>\n<p>Bref, il faudra s\u2019attendre \u00e0 des annonces sur la strat\u00e9gie revue de Porsche au cours des prochains mois, si effectivement elle revoit ses \u00e9ch\u00e9anciers.<\/p>\n<p><\/p>\n<p style=\"padding-top: 15px\">Contenu original de <a href=\"https:\/\/www.auto123.com\/fr\/actualites\/porsche-revoit-echanciers-electrification\/72217\/\">auto123<\/a>.<\/p>\n<p>Le texte <a rel=\"nofollow\" href=\"https:\/\/annuelauto.ca\/porsche-pourrait-revoir-ses-echeanciers-electriques\/\">Porsche pourrait revoir ses \u00e9ch\u00e9anciers \u00e9lectriques<\/a> provient de <a rel=\"nofollow\" href=\"https:\/\/annuelauto.ca\">L&#8217;annuel de l&#8217;automobile &#8211; Actualit\u00e9 automobile<\/a><\/p>\n<p><\/p>\n","protected":false},"excerpt":{"rendered":"<p>Porsche pourrait revoir ses \u00e9ch\u00e9anciers \u00e9lectriques en raison de ventes \u00e0 la baisse de mod\u00e8les en Chine et aux \u00c9tats-Unis, deux march\u00e9s tr\u00e8s importants pour le constructeur. C\u2019est selon la publication allemande Automobilwoche. Le plan actuel de Porsche est que d\u2019ici \u00e0 2030, 80 % des v\u00e9hicules qu\u2019elle vend soient tout \u00e9lectriques. Or, les chiffres [&hellip;]<\/p>\n","protected":false},"author":8,"featured_media":186167,"comment_status":"close","ping_status":"closed","sticky":false,"template":"","format":"standard","meta":{"_monsterinsights_skip_tracking":false,"_monsterinsights_sitenote_active":false,"_monsterinsights_sitenote_note":"","_monsterinsights_sitenote_category":0,"footnotes":""},"categories":[101],"tags":[],"yoast_head":"<!-- This site is optimized with the Yoast SEO plugin v23.2 - https:\/\/yoast.com\/wordpress\/plugins\/seo\/ -->\n<title>Porsche pourrait revoir ses \u00e9ch\u00e9anciers \u00e9lectriques - CanadaMotorJobs.com<\/title>\n<meta name=\"description\" content=\"Porsche pourrait revoir ses \u00e9ch\u00e9anciers \u00e9lectriques - Benoit Charette - Annuel automobile - CanadaMotorJobs.com.\" \/>\n<meta name=\"robots\" content=\"index, follow, max-snippet:-1, max-image-preview:large, max-video-preview:-1\" \/>\n<meta property=\"og:locale\" content=\"fr_CA\" \/>\n<meta property=\"og:type\" content=\"article\" \/>\n<meta property=\"og:title\" content=\"Porsche pourrait revoir ses \u00e9ch\u00e9anciers \u00e9lectriques - CanadaMotorJobs.com\" \/>\n<meta property=\"og:description\" content=\"Porsche pourrait revoir ses \u00e9ch\u00e9anciers \u00e9lectriques - Benoit Charette - Annuel automobile - CanadaMotorJobs.com.\" \/>\n<meta property=\"og:url\" content=\"https:\/\/news.canadamotorjobs.com\/fr\/porsche-pourrait-revoir-ses-echeanciers-electriques\/\" \/>\n<meta property=\"og:site_name\" content=\"CanadaMotorJobs.com\" \/>\n<meta property=\"article:publisher\" content=\"https:\/\/www.facebook.com\/canadamotorjobs\/\" \/>\n<meta property=\"article:published_time\" content=\"2024-12-22T07:24:26+00:00\" \/>\n<meta property=\"article:modified_time\" content=\"2024-12-22T07:29:02+00:00\" \/>\n<meta property=\"og:image\" content=\"https:\/\/news.canadamotorjobs.com\/wp-content\/uploads\/2024\/12\/Porsche-Macan-EV-2025-04.jpg\" \/>\n\t<meta property=\"og:image:width\" content=\"1200\" \/>\n\t<meta property=\"og:image:height\" content=\"800\" \/>\n\t<meta property=\"og:image:type\" content=\"image\/jpeg\" \/>\n<meta name=\"author\" content=\"Benoit Charette\" \/>\n<meta name=\"twitter:card\" content=\"summary_large_image\" \/>\n<meta name=\"twitter:creator\" content=\"@canadamotorjobs\" \/>\n<meta name=\"twitter:site\" content=\"@canadamotorjobs\" \/>\n<meta name=\"twitter:label1\" content=\"\u00c9crit par\" \/>\n\t<meta name=\"twitter:data1\" content=\"Benoit Charette\" \/>\n\t<meta name=\"twitter:label2\" content=\"Estimation du temps de lecture\" \/>\n\t<meta name=\"twitter:data2\" content=\"3 minutes\" \/>\n<!-- \/ Yoast SEO plugin. -->","yoast_head_json":{"title":"Porsche pourrait revoir ses \u00e9ch\u00e9anciers \u00e9lectriques - CanadaMotorJobs.com","description":"Porsche pourrait revoir ses \u00e9ch\u00e9anciers \u00e9lectriques - Benoit Charette - Annuel automobile - CanadaMotorJobs.com.","robots":{"index":"index","follow":"follow","max-snippet":"max-snippet:-1","max-image-preview":"max-image-preview:large","max-video-preview":"max-video-preview:-1"},"og_locale":"fr_CA","og_type":"article","og_title":"Porsche pourrait revoir ses \u00e9ch\u00e9anciers \u00e9lectriques - CanadaMotorJobs.com","og_description":"Porsche pourrait revoir ses \u00e9ch\u00e9anciers \u00e9lectriques - Benoit Charette - Annuel automobile - CanadaMotorJobs.com.","og_url":"https:\/\/news.canadamotorjobs.com\/fr\/porsche-pourrait-revoir-ses-echeanciers-electriques\/","og_site_name":"CanadaMotorJobs.com","article_publisher":"https:\/\/www.facebook.com\/canadamotorjobs\/","article_published_time":"2024-12-22T07:24:26+00:00","article_modified_time":"2024-12-22T07:29:02+00:00","og_image":[{"width":1200,"height":800,"url":"https:\/\/news.canadamotorjobs.com\/wp-content\/uploads\/2024\/12\/Porsche-Macan-EV-2025-04.jpg","type":"image\/jpeg"}],"author":"Benoit Charette","twitter_card":"summary_large_image","twitter_creator":"@canadamotorjobs","twitter_site":"@canadamotorjobs","twitter_misc":{"\u00c9crit par":"Benoit Charette","Estimation du temps de lecture":"3 minutes"},"schema":{"@context":"https:\/\/schema.org","@graph":[{"@type":"Article","@id":"https:\/\/news.canadamotorjobs.com\/fr\/porsche-pourrait-revoir-ses-echeanciers-electriques\/#article","isPartOf":{"@id":"https:\/\/news.canadamotorjobs.com\/fr\/porsche-pourrait-revoir-ses-echeanciers-electriques\/"},"author":{"name":"Benoit Charette","@id":"https:\/\/news.canadamotorjobs.com\/#\/schema\/person\/51793d1f87d44011d7bcc2ed99269a90"},"headline":"Porsche pourrait revoir ses \u00e9ch\u00e9anciers \u00e9lectriques","datePublished":"2024-12-22T07:24:26+00:00","dateModified":"2024-12-22T07:29:02+00:00","mainEntityOfPage":{"@id":"https:\/\/news.canadamotorjobs.com\/fr\/porsche-pourrait-revoir-ses-echeanciers-electriques\/"},"wordCount":614,"publisher":{"@id":"https:\/\/news.canadamotorjobs.com\/#organization"},"image":{"@id":"https:\/\/news.canadamotorjobs.com\/fr\/porsche-pourrait-revoir-ses-echeanciers-electriques\/#primaryimage"},"thumbnailUrl":"https:\/\/news.canadamotorjobs.com\/wp-content\/uploads\/2024\/12\/Porsche-Macan-EV-2025-04.jpg","articleSection":["Annuel automobile"],"inLanguage":"fr-CA"},{"@type":"WebPage","@id":"https:\/\/news.canadamotorjobs.com\/fr\/porsche-pourrait-revoir-ses-echeanciers-electriques\/","url":"https:\/\/news.canadamotorjobs.com\/fr\/porsche-pourrait-revoir-ses-echeanciers-electriques\/","name":"Porsche pourrait revoir ses \u00e9ch\u00e9anciers \u00e9lectriques - CanadaMotorJobs.com","isPartOf":{"@id":"https:\/\/news.canadamotorjobs.com\/#website"},"primaryImageOfPage":{"@id":"https:\/\/news.canadamotorjobs.com\/fr\/porsche-pourrait-revoir-ses-echeanciers-electriques\/#primaryimage"},"image":{"@id":"https:\/\/news.canadamotorjobs.com\/fr\/porsche-pourrait-revoir-ses-echeanciers-electriques\/#primaryimage"},"thumbnailUrl":"https:\/\/news.canadamotorjobs.com\/wp-content\/uploads\/2024\/12\/Porsche-Macan-EV-2025-04.jpg","datePublished":"2024-12-22T07:24:26+00:00","dateModified":"2024-12-22T07:29:02+00:00","description":"Porsche pourrait revoir ses \u00e9ch\u00e9anciers \u00e9lectriques - Benoit Charette - Annuel automobile - CanadaMotorJobs.com.","breadcrumb":{"@id":"https:\/\/news.canadamotorjobs.com\/fr\/porsche-pourrait-revoir-ses-echeanciers-electriques\/#breadcrumb"},"inLanguage":"fr-CA","potentialAction":[{"@type":"ReadAction","target":["https:\/\/news.canadamotorjobs.com\/fr\/porsche-pourrait-revoir-ses-echeanciers-electriques\/"]}]},{"@type":"ImageObject","inLanguage":"fr-CA","@id":"https:\/\/news.canadamotorjobs.com\/fr\/porsche-pourrait-revoir-ses-echeanciers-electriques\/#primaryimage","url":"https:\/\/news.canadamotorjobs.com\/wp-content\/uploads\/2024\/12\/Porsche-Macan-EV-2025-04.jpg","contentUrl":"https:\/\/news.canadamotorjobs.com\/wp-content\/uploads\/2024\/12\/Porsche-Macan-EV-2025-04.jpg","width":1200,"height":800},{"@type":"BreadcrumbList","@id":"https:\/\/news.canadamotorjobs.com\/fr\/porsche-pourrait-revoir-ses-echeanciers-electriques\/#breadcrumb","itemListElement":[{"@type":"ListItem","position":1,"name":"Home","item":"https:\/\/news.canadamotorjobs.com\/fr\/blog\/"},{"@type":"ListItem","position":2,"name":"Porsche pourrait revoir ses \u00e9ch\u00e9anciers \u00e9lectriques"}]},{"@type":"WebSite","@id":"https:\/\/news.canadamotorjobs.com\/#website","url":"https:\/\/news.canadamotorjobs.com\/","name":"CanadaMotorJobs.com","description":"Automotive Jobs","publisher":{"@id":"https:\/\/news.canadamotorjobs.com\/#organization"},"potentialAction":[{"@type":"SearchAction","target":{"@type":"EntryPoint","urlTemplate":"https:\/\/news.canadamotorjobs.com\/?s={search_term_string}"},"query-input":"required name=search_term_string"}],"inLanguage":"fr-CA"},{"@type":"Organization","@id":"https:\/\/news.canadamotorjobs.com\/#organization","name":"Canada Motor Jobs","url":"https:\/\/news.canadamotorjobs.com\/","logo":{"@type":"ImageObject","inLanguage":"fr-CA","@id":"https:\/\/news.canadamotorjobs.com\/#\/schema\/logo\/image\/","url":"https:\/\/news.canadamotorjobs.com\/wp-content\/uploads\/2022\/10\/logo-canada-motor-jobs-1.png","contentUrl":"https:\/\/news.canadamotorjobs.com\/wp-content\/uploads\/2022\/10\/logo-canada-motor-jobs-1.png","width":800,"height":400,"caption":"Canada Motor Jobs"},"image":{"@id":"https:\/\/news.canadamotorjobs.com\/#\/schema\/logo\/image\/"},"sameAs":["https:\/\/www.facebook.com\/canadamotorjobs\/","https:\/\/x.com\/canadamotorjobs","https:\/\/www.instagram.com\/canadamotorjobs\/","https:\/\/www.linkedin.com\/company\/canadamotorjobs"]},{"@type":"Person","@id":"https:\/\/news.canadamotorjobs.com\/#\/schema\/person\/51793d1f87d44011d7bcc2ed99269a90","name":"Benoit Charette","image":{"@type":"ImageObject","inLanguage":"fr-CA","@id":"https:\/\/news.canadamotorjobs.com\/#\/schema\/person\/image\/","url":"https:\/\/secure.gravatar.com\/avatar\/45f3d2eebcccd909668d7ce7ea7267b6?s=96&d=mm&r=g","contentUrl":"https:\/\/secure.gravatar.com\/avatar\/45f3d2eebcccd909668d7ce7ea7267b6?s=96&d=mm&r=g","caption":"Benoit Charette"},"description":"Benoit Charette \/ Propri\u00e9taire et r\u00e9dacteur en chef Benoit Charette pratique le journalisme automobile depuis bient\u00f4t 30 ans. Il a fait ses classes au c\u00f4t\u00e9 de Daniel H\u00e9raud et au Carnet de route de 1992 \u00e0 2001. Il est fondateur, copropri\u00e9taire et r\u00e9dacteur en chef de L\u2019Annuel de l\u2019automobile, qu\u2019il publie depuis 2001. Il a anim\u00e9 les \u00e9missions RPM et RPM+ sur V et les L\u00e9gendes de la route sur Historia. \u00c0 la radio depuis 1986, il reprend l\u2019antenne cette ann\u00e9e sur les ondes de Cogeco et participe pour la deuxi\u00e8me ann\u00e9e \u00e0 l\u2019\u00e9mission Passion Auto sur RDS en plus de mettre en ligne le site Web officiel de L\u2019Annuel de l\u2019automobile sur annuelauto.ca.","sameAs":["https:\/\/annuelauto.ca\/"],"url":"https:\/\/news.canadamotorjobs.com\/fr\/author\/benoit-charette\/"}]}},"_links":{"self":[{"href":"https:\/\/news.canadamotorjobs.com\/fr\/wp-json\/wp\/v2\/posts\/186165"}],"collection":[{"href":"https:\/\/news.canadamotorjobs.com\/fr\/wp-json\/wp\/v2\/posts"}],"about":[{"href":"https:\/\/news.canadamotorjobs.com\/fr\/wp-json\/wp\/v2\/types\/post"}],"author":[{"embeddable":true,"href":"https:\/\/news.canadamotorjobs.com\/fr\/wp-json\/wp\/v2\/users\/8"}],"replies":[{"embeddable":true,"href":"https:\/\/news.canadamotorjobs.com\/fr\/wp-json\/wp\/v2\/comments?post=186165"}],"version-history":[{"count":3,"href":"https:\/\/news.canadamotorjobs.com\/fr\/wp-json\/wp\/v2\/posts\/186165\/revisions"}],"predecessor-version":[{"id":186196,"href":"https:\/\/news.canadamotorjobs.com\/fr\/wp-json\/wp\/v2\/posts\/186165\/revisions\/186196"}],"wp:featuredmedia":[{"embeddable":true,"href":"https:\/\/news.canadamotorjobs.com\/fr\/wp-json\/wp\/v2\/media\/186167"}],"wp:attachment":[{"href":"https:\/\/news.canadamotorjobs.com\/fr\/wp-json\/wp\/v2\/media?parent=186165"}],"wp:term":[{"taxonomy":"category","embeddable":true,"href":"https:\/\/news.canadamotorjobs.com\/fr\/wp-json\/wp\/v2\/categories?post=186165"},{"taxonomy":"post_tag","embeddable":true,"href":"https:\/\/news.canadamotorjobs.com\/fr\/wp-json\/wp\/v2\/tags?post=186165"}],"curies":[{"name":"wp","href":"https:\/\/api.w.org\/{rel}","templated":true}]}}