{"id":186134,"date":"2024-12-21T09:49:53","date_gmt":"2024-12-21T14:49:53","guid":{"rendered":"https:\/\/news.canadamotorjobs.com\/?p=186134"},"modified":"2024-12-21T09:59:03","modified_gmt":"2024-12-21T14:59:03","slug":"volkswagen-va-supprimer-35-000-emplois-en-allemagne-avec-laccord-des-syndicats","status":"publish","type":"post","link":"https:\/\/news.canadamotorjobs.com\/fr\/volkswagen-va-supprimer-35-000-emplois-en-allemagne-avec-laccord-des-syndicats\/","title":{"rendered":"Volkswagen va supprimer 35 000 emplois en Allemagne avec l\u2019accord des syndicats"},"content":{"rendered":"<\/p>\n<p>Volkswagen a annonc\u00e9 un accord majeur avec les syndicats allemands, pr\u00e9voyant la suppression de <strong>35 000 emplois<\/strong> \u00e0 long terme et une r\u00e9duction de capacit\u00e9 dans ses usines allemandes. Cet accord, qualifi\u00e9 de \u00ab miracle de No\u00ebl \u00bb par les syndicats, a permis d\u2019\u00e9viter des gr\u00e8ves massives et imm\u00e9diates.<\/p>\n<h3>70 heures de n\u00e9gociations pour \u00e9viter le pire<\/h3>\n<p>\nLes discussions, entam\u00e9es en septembre, visaient \u00e0 r\u00e9pondre \u00e0 plusieurs d\u00e9fis : la concurrence des constructeurs chinois, une demande europ\u00e9enne en baisse et un passage \u00e0 l\u2019\u00e9lectrique plus lent qu\u2019anticip\u00e9. Malgr\u00e9 <strong>70 heures de n\u00e9gociations<\/strong>, les plus longues de l\u2019histoire de l\u2019entreprise, aucun site ne sera ferm\u00e9, aucun licenciement imm\u00e9diat ne sera effectu\u00e9, et les salaires resteront stables pour le moment.<\/p>\n<h3>Les grandes lignes de l\u2019accord<\/h3>\n<p><\/p>\n<ol><\/p>\n<li><strong>\u00c9conomies pr\u00e9vues<\/strong> : Volkswagen vise \u00e0 \u00e9conomiser <strong>15 milliards d&#8217;euros<\/strong> par an \u00e0 moyen terme.<\/li>\n<p><\/p>\n<li><strong>Usines concern\u00e9es<\/strong> :\n<ul><\/p>\n<li>L\u2019usine de <strong>Dresde<\/strong> cessera la production automobile d\u2019ici fin 2025.<\/li>\n<p><\/p>\n<li>Le site d\u2019<strong>Osnabr\u00fcck<\/strong> sera r\u00e9affect\u00e9 \u00e0 d\u2019autres fonctions.<\/li>\n<p><\/p>\n<li>Une partie de la production sera transf\u00e9r\u00e9e au Mexique.<\/li>\n<p>\n<\/ul>\n<p>\n<\/li>\n<p><\/p>\n<li><strong>Salaires<\/strong> : L\u2019augmentation de 5 % des salaires obtenue en novembre est suspendue.<\/li>\n<p>\n<\/ol>\n<p>\nLa <strong>pr\u00e9sidente du comit\u00e9 d\u2019entreprise<\/strong>, Daniela Cavallo, a d\u00e9clar\u00e9 : \u00ab Aucun site ne sera ferm\u00e9, aucun licenciement \u00e9conomique ne sera effectu\u00e9, et notre accord salarial est s\u00e9curis\u00e9 \u00e0 long terme. \u00bb<\/p>\n<h3>Une crise au moment d\u2019une tourmente \u00e9conomique<\/h3>\n<p>\nLa crise chez Volkswagen refl\u00e8te une p\u00e9riode d\u2019incertitude dans l\u2019industrie automobile europ\u00e9enne et en Allemagne, avec une croissance \u00e9conomique stagnante et des \u00e9lections anticip\u00e9es en f\u00e9vrier. Le chancelier Olaf Scholz, en difficult\u00e9 dans les sondages, a press\u00e9 Volkswagen de maintenir ses usines ouvertes pour pr\u00e9server l\u2019emploi.<\/p>\n<h3>Une entente dans des conditions in\u00e9dites<\/h3>\n<p>\nLes n\u00e9gociations ont eu lieu dans un h\u00f4tel modeste \u00e0 <strong>Hanovre<\/strong>, o\u00f9 les d\u00e9l\u00e9gu\u00e9s ont travaill\u00e9 jour et nuit, ne s\u2019accordant que de br\u00e8ves pauses pour dormir et se ravitailler en caf\u00e9, saucisses au curry et fruits. Certains travailleurs ont m\u00eame jou\u00e9 aux cartes pour d\u00e9compresser.<\/p>\n<h3><strong>Conclusion<br \/>\n<\/strong><\/h3>\n<p>\nCet accord marque une \u00e9tape importante pour Volkswagen, permettant de sauvegarder une partie de l\u2019emploi tout en r\u00e9pondant \u00e0 des enjeux \u00e9conomiques complexes. Cependant, les d\u00e9fis restent nombreux, notamment pour s\u2019adapter \u00e0 la concurrence internationale et au virage \u00e9lectrique.<\/p>\n<p>Avec des renseignementsa de CNN<\/p>\n<p>\u00a0<\/p>\n<p>Le texte <a rel=\"nofollow\" href=\"https:\/\/annuelauto.ca\/volkswagen-accord-syndical-emplois-supprimes\/\">Volkswagen va supprimer 35 000 emplois en Allemagne avec l\u2019accord des syndicats<\/a> provient de <a rel=\"nofollow\" href=\"https:\/\/annuelauto.ca\">L&#8217;annuel de l&#8217;automobile &#8211; Actualit\u00e9 automobile<\/a><\/p>\n<p><\/p>\n","protected":false},"excerpt":{"rendered":"<p>Volkswagen a annonc\u00e9 un accord majeur avec les syndicats allemands, pr\u00e9voyant la suppression de 35 000 emplois \u00e0 long terme et une r\u00e9duction de capacit\u00e9 dans ses usines allemandes. Cet accord, qualifi\u00e9 de \u00ab miracle de No\u00ebl \u00bb par les syndicats, a permis d\u2019\u00e9viter des gr\u00e8ves massives et imm\u00e9diates. 70 heures de n\u00e9gociations pour \u00e9viter [&hellip;]<\/p>\n","protected":false},"author":8,"featured_media":186136,"comment_status":"close","ping_status":"closed","sticky":false,"template":"","format":"standard","meta":{"_monsterinsights_skip_tracking":false,"_monsterinsights_sitenote_active":false,"_monsterinsights_sitenote_note":"","_monsterinsights_sitenote_category":0,"footnotes":""},"categories":[101],"tags":[],"yoast_head":"<!-- This site is optimized with the Yoast SEO plugin v23.2 - https:\/\/yoast.com\/wordpress\/plugins\/seo\/ -->\n<title>Volkswagen va supprimer 35 000 emplois en Allemagne avec l\u2019accord des syndicats - CanadaMotorJobs.com<\/title>\n<meta name=\"description\" content=\"Volkswagen va supprimer 35 000 emplois en Allemagne avec l\u2019accord des syndicats - Benoit Charette - Annuel automobile - CanadaMotorJobs.com.\" \/>\n<meta name=\"robots\" content=\"index, follow, max-snippet:-1, max-image-preview:large, max-video-preview:-1\" \/>\n<meta property=\"og:locale\" content=\"fr_CA\" \/>\n<meta property=\"og:type\" content=\"article\" \/>\n<meta property=\"og:title\" content=\"Volkswagen va supprimer 35 000 emplois en Allemagne avec l\u2019accord des syndicats - CanadaMotorJobs.com\" \/>\n<meta property=\"og:description\" content=\"Volkswagen va supprimer 35 000 emplois en Allemagne avec l\u2019accord des syndicats - Benoit Charette - Annuel automobile - CanadaMotorJobs.com.\" \/>\n<meta property=\"og:url\" content=\"https:\/\/news.canadamotorjobs.com\/fr\/volkswagen-va-supprimer-35-000-emplois-en-allemagne-avec-laccord-des-syndicats\/\" \/>\n<meta property=\"og:site_name\" content=\"CanadaMotorJobs.com\" \/>\n<meta property=\"article:publisher\" content=\"https:\/\/www.facebook.com\/canadamotorjobs\/\" \/>\n<meta property=\"article:published_time\" content=\"2024-12-21T14:49:53+00:00\" \/>\n<meta property=\"article:modified_time\" content=\"2024-12-21T14:59:03+00:00\" \/>\n<meta property=\"og:image\" content=\"https:\/\/news.canadamotorjobs.com\/wp-content\/uploads\/2024\/12\/VW_Wolfsburg-scaled-1.jpg\" \/>\n\t<meta property=\"og:image:width\" content=\"2560\" \/>\n\t<meta property=\"og:image:height\" content=\"1920\" \/>\n\t<meta property=\"og:image:type\" content=\"image\/jpeg\" \/>\n<meta name=\"author\" content=\"Benoit Charette\" \/>\n<meta name=\"twitter:card\" content=\"summary_large_image\" \/>\n<meta name=\"twitter:creator\" content=\"@canadamotorjobs\" \/>\n<meta name=\"twitter:site\" content=\"@canadamotorjobs\" \/>\n<meta name=\"twitter:label1\" content=\"\u00c9crit par\" \/>\n\t<meta name=\"twitter:data1\" content=\"Benoit Charette\" \/>\n\t<meta name=\"twitter:label2\" content=\"Estimation du temps de lecture\" \/>\n\t<meta name=\"twitter:data2\" content=\"2 minutes\" \/>\n<!-- \/ Yoast SEO plugin. -->","yoast_head_json":{"title":"Volkswagen va supprimer 35 000 emplois en Allemagne avec l\u2019accord des syndicats - CanadaMotorJobs.com","description":"Volkswagen va supprimer 35 000 emplois en Allemagne avec l\u2019accord des syndicats - Benoit Charette - Annuel automobile - CanadaMotorJobs.com.","robots":{"index":"index","follow":"follow","max-snippet":"max-snippet:-1","max-image-preview":"max-image-preview:large","max-video-preview":"max-video-preview:-1"},"og_locale":"fr_CA","og_type":"article","og_title":"Volkswagen va supprimer 35 000 emplois en Allemagne avec l\u2019accord des syndicats - CanadaMotorJobs.com","og_description":"Volkswagen va supprimer 35 000 emplois en Allemagne avec l\u2019accord des syndicats - Benoit Charette - Annuel automobile - CanadaMotorJobs.com.","og_url":"https:\/\/news.canadamotorjobs.com\/fr\/volkswagen-va-supprimer-35-000-emplois-en-allemagne-avec-laccord-des-syndicats\/","og_site_name":"CanadaMotorJobs.com","article_publisher":"https:\/\/www.facebook.com\/canadamotorjobs\/","article_published_time":"2024-12-21T14:49:53+00:00","article_modified_time":"2024-12-21T14:59:03+00:00","og_image":[{"width":2560,"height":1920,"url":"https:\/\/news.canadamotorjobs.com\/wp-content\/uploads\/2024\/12\/VW_Wolfsburg-scaled-1.jpg","type":"image\/jpeg"}],"author":"Benoit Charette","twitter_card":"summary_large_image","twitter_creator":"@canadamotorjobs","twitter_site":"@canadamotorjobs","twitter_misc":{"\u00c9crit par":"Benoit Charette","Estimation du temps de lecture":"2 minutes"},"schema":{"@context":"https:\/\/schema.org","@graph":[{"@type":"Article","@id":"https:\/\/news.canadamotorjobs.com\/fr\/volkswagen-va-supprimer-35-000-emplois-en-allemagne-avec-laccord-des-syndicats\/#article","isPartOf":{"@id":"https:\/\/news.canadamotorjobs.com\/fr\/volkswagen-va-supprimer-35-000-emplois-en-allemagne-avec-laccord-des-syndicats\/"},"author":{"name":"Benoit Charette","@id":"https:\/\/news.canadamotorjobs.com\/#\/schema\/person\/51793d1f87d44011d7bcc2ed99269a90"},"headline":"Volkswagen va supprimer 35 000 emplois en Allemagne avec l\u2019accord des syndicats","datePublished":"2024-12-21T14:49:53+00:00","dateModified":"2024-12-21T14:59:03+00:00","mainEntityOfPage":{"@id":"https:\/\/news.canadamotorjobs.com\/fr\/volkswagen-va-supprimer-35-000-emplois-en-allemagne-avec-laccord-des-syndicats\/"},"wordCount":427,"publisher":{"@id":"https:\/\/news.canadamotorjobs.com\/#organization"},"image":{"@id":"https:\/\/news.canadamotorjobs.com\/fr\/volkswagen-va-supprimer-35-000-emplois-en-allemagne-avec-laccord-des-syndicats\/#primaryimage"},"thumbnailUrl":"https:\/\/news.canadamotorjobs.com\/wp-content\/uploads\/2024\/12\/VW_Wolfsburg-scaled-1.jpg","articleSection":["Annuel automobile"],"inLanguage":"fr-CA"},{"@type":"WebPage","@id":"https:\/\/news.canadamotorjobs.com\/fr\/volkswagen-va-supprimer-35-000-emplois-en-allemagne-avec-laccord-des-syndicats\/","url":"https:\/\/news.canadamotorjobs.com\/fr\/volkswagen-va-supprimer-35-000-emplois-en-allemagne-avec-laccord-des-syndicats\/","name":"Volkswagen va supprimer 35 000 emplois en Allemagne avec l\u2019accord des syndicats - CanadaMotorJobs.com","isPartOf":{"@id":"https:\/\/news.canadamotorjobs.com\/#website"},"primaryImageOfPage":{"@id":"https:\/\/news.canadamotorjobs.com\/fr\/volkswagen-va-supprimer-35-000-emplois-en-allemagne-avec-laccord-des-syndicats\/#primaryimage"},"image":{"@id":"https:\/\/news.canadamotorjobs.com\/fr\/volkswagen-va-supprimer-35-000-emplois-en-allemagne-avec-laccord-des-syndicats\/#primaryimage"},"thumbnailUrl":"https:\/\/news.canadamotorjobs.com\/wp-content\/uploads\/2024\/12\/VW_Wolfsburg-scaled-1.jpg","datePublished":"2024-12-21T14:49:53+00:00","dateModified":"2024-12-21T14:59:03+00:00","description":"Volkswagen va supprimer 35 000 emplois en Allemagne avec l\u2019accord des syndicats - Benoit Charette - Annuel automobile - CanadaMotorJobs.com.","breadcrumb":{"@id":"https:\/\/news.canadamotorjobs.com\/fr\/volkswagen-va-supprimer-35-000-emplois-en-allemagne-avec-laccord-des-syndicats\/#breadcrumb"},"inLanguage":"fr-CA","potentialAction":[{"@type":"ReadAction","target":["https:\/\/news.canadamotorjobs.com\/fr\/volkswagen-va-supprimer-35-000-emplois-en-allemagne-avec-laccord-des-syndicats\/"]}]},{"@type":"ImageObject","inLanguage":"fr-CA","@id":"https:\/\/news.canadamotorjobs.com\/fr\/volkswagen-va-supprimer-35-000-emplois-en-allemagne-avec-laccord-des-syndicats\/#primaryimage","url":"https:\/\/news.canadamotorjobs.com\/wp-content\/uploads\/2024\/12\/VW_Wolfsburg-scaled-1.jpg","contentUrl":"https:\/\/news.canadamotorjobs.com\/wp-content\/uploads\/2024\/12\/VW_Wolfsburg-scaled-1.jpg","width":2560,"height":1920},{"@type":"BreadcrumbList","@id":"https:\/\/news.canadamotorjobs.com\/fr\/volkswagen-va-supprimer-35-000-emplois-en-allemagne-avec-laccord-des-syndicats\/#breadcrumb","itemListElement":[{"@type":"ListItem","position":1,"name":"Home","item":"https:\/\/news.canadamotorjobs.com\/fr\/blog\/"},{"@type":"ListItem","position":2,"name":"Volkswagen va supprimer 35 000 emplois en Allemagne avec l\u2019accord des syndicats"}]},{"@type":"WebSite","@id":"https:\/\/news.canadamotorjobs.com\/#website","url":"https:\/\/news.canadamotorjobs.com\/","name":"CanadaMotorJobs.com","description":"Automotive Jobs","publisher":{"@id":"https:\/\/news.canadamotorjobs.com\/#organization"},"potentialAction":[{"@type":"SearchAction","target":{"@type":"EntryPoint","urlTemplate":"https:\/\/news.canadamotorjobs.com\/?s={search_term_string}"},"query-input":"required name=search_term_string"}],"inLanguage":"fr-CA"},{"@type":"Organization","@id":"https:\/\/news.canadamotorjobs.com\/#organization","name":"Canada Motor Jobs","url":"https:\/\/news.canadamotorjobs.com\/","logo":{"@type":"ImageObject","inLanguage":"fr-CA","@id":"https:\/\/news.canadamotorjobs.com\/#\/schema\/logo\/image\/","url":"https:\/\/news.canadamotorjobs.com\/wp-content\/uploads\/2022\/10\/logo-canada-motor-jobs-1.png","contentUrl":"https:\/\/news.canadamotorjobs.com\/wp-content\/uploads\/2022\/10\/logo-canada-motor-jobs-1.png","width":800,"height":400,"caption":"Canada Motor Jobs"},"image":{"@id":"https:\/\/news.canadamotorjobs.com\/#\/schema\/logo\/image\/"},"sameAs":["https:\/\/www.facebook.com\/canadamotorjobs\/","https:\/\/x.com\/canadamotorjobs","https:\/\/www.instagram.com\/canadamotorjobs\/","https:\/\/www.linkedin.com\/company\/canadamotorjobs"]},{"@type":"Person","@id":"https:\/\/news.canadamotorjobs.com\/#\/schema\/person\/51793d1f87d44011d7bcc2ed99269a90","name":"Benoit Charette","image":{"@type":"ImageObject","inLanguage":"fr-CA","@id":"https:\/\/news.canadamotorjobs.com\/#\/schema\/person\/image\/","url":"https:\/\/secure.gravatar.com\/avatar\/45f3d2eebcccd909668d7ce7ea7267b6?s=96&d=mm&r=g","contentUrl":"https:\/\/secure.gravatar.com\/avatar\/45f3d2eebcccd909668d7ce7ea7267b6?s=96&d=mm&r=g","caption":"Benoit Charette"},"description":"Benoit Charette \/ Propri\u00e9taire et r\u00e9dacteur en chef Benoit Charette pratique le journalisme automobile depuis bient\u00f4t 30 ans. Il a fait ses classes au c\u00f4t\u00e9 de Daniel H\u00e9raud et au Carnet de route de 1992 \u00e0 2001. Il est fondateur, copropri\u00e9taire et r\u00e9dacteur en chef de L\u2019Annuel de l\u2019automobile, qu\u2019il publie depuis 2001. Il a anim\u00e9 les \u00e9missions RPM et RPM+ sur V et les L\u00e9gendes de la route sur Historia. \u00c0 la radio depuis 1986, il reprend l\u2019antenne cette ann\u00e9e sur les ondes de Cogeco et participe pour la deuxi\u00e8me ann\u00e9e \u00e0 l\u2019\u00e9mission Passion Auto sur RDS en plus de mettre en ligne le site Web officiel de L\u2019Annuel de l\u2019automobile sur annuelauto.ca.","sameAs":["https:\/\/annuelauto.ca\/"],"url":"https:\/\/news.canadamotorjobs.com\/fr\/author\/benoit-charette\/"}]}},"_links":{"self":[{"href":"https:\/\/news.canadamotorjobs.com\/fr\/wp-json\/wp\/v2\/posts\/186134"}],"collection":[{"href":"https:\/\/news.canadamotorjobs.com\/fr\/wp-json\/wp\/v2\/posts"}],"about":[{"href":"https:\/\/news.canadamotorjobs.com\/fr\/wp-json\/wp\/v2\/types\/post"}],"author":[{"embeddable":true,"href":"https:\/\/news.canadamotorjobs.com\/fr\/wp-json\/wp\/v2\/users\/8"}],"replies":[{"embeddable":true,"href":"https:\/\/news.canadamotorjobs.com\/fr\/wp-json\/wp\/v2\/comments?post=186134"}],"version-history":[{"count":2,"href":"https:\/\/news.canadamotorjobs.com\/fr\/wp-json\/wp\/v2\/posts\/186134\/revisions"}],"predecessor-version":[{"id":186138,"href":"https:\/\/news.canadamotorjobs.com\/fr\/wp-json\/wp\/v2\/posts\/186134\/revisions\/186138"}],"wp:featuredmedia":[{"embeddable":true,"href":"https:\/\/news.canadamotorjobs.com\/fr\/wp-json\/wp\/v2\/media\/186136"}],"wp:attachment":[{"href":"https:\/\/news.canadamotorjobs.com\/fr\/wp-json\/wp\/v2\/media?parent=186134"}],"wp:term":[{"taxonomy":"category","embeddable":true,"href":"https:\/\/news.canadamotorjobs.com\/fr\/wp-json\/wp\/v2\/categories?post=186134"},{"taxonomy":"post_tag","embeddable":true,"href":"https:\/\/news.canadamotorjobs.com\/fr\/wp-json\/wp\/v2\/tags?post=186134"}],"curies":[{"name":"wp","href":"https:\/\/api.w.org\/{rel}","templated":true}]}}