{"id":186022,"date":"2024-12-21T02:24:25","date_gmt":"2024-12-21T07:24:25","guid":{"rendered":"https:\/\/news.canadamotorjobs.com\/?p=186022"},"modified":"2024-12-21T02:29:59","modified_gmt":"2024-12-21T07:29:59","slug":"la-nhtsa-pourrait-perdre-de-son-pouvoir-envers-les-vehicules-a-conduite-autonome","status":"publish","type":"post","link":"https:\/\/news.canadamotorjobs.com\/fr\/la-nhtsa-pourrait-perdre-de-son-pouvoir-envers-les-vehicules-a-conduite-autonome\/","title":{"rendered":"La NHTSA pourrait perdre de son pouvoir envers les v\u00e9hicules \u00e0 conduite autonome"},"content":{"rendered":"<\/p>\n<p>L\u2019administration Trump pourrait r\u00e9duire le pouvoir de la NHTSA envers les v\u00e9hicules \u00e0 conduite autonome.<\/p>\n<p>Selon ce que rapporte le site Autoblog, l\u2019\u00e9quipe de transition du pr\u00e9sident \u00e9lu Donald Trump voudrait supprimer une exigence de la NHTSA (National Highway Traffic Safety Administration) am\u00e9ricaine, l\u2019\u00e9quivalent de Transports Canada.<\/p>\n<p>Cette derni\u00e8re force les constructeurs \u00e0 signaler les accidents impliquant leurs v\u00e9hicules si les technologies avanc\u00e9es d\u2019assistance au conducteur ou de conduite autonome qui les \u00e9quipent ont \u00e9t\u00e9 activ\u00e9es dans les 30 secondes avant l\u2019impact.<\/p>\n<p>Les informations recueillies aident la NHTSA \u00e0 enqu\u00eater et \u00e0 r\u00e9glementer les v\u00e9hicules \u00e0 conduite autonome. L\u2019objectif de l\u2019agence est la s\u00e9curit\u00e9 de tous. Or, le groupe au sein de l\u2019\u00e9quipe de transition a critiqu\u00e9 l\u2019exigence de collecte de donn\u00e9es \u00ab excessive \u00bb, selon ce que rapporte l\u2019agence Reuters.<\/p>\n<p>Jason Miller, un conseiller principal de l\u2019\u00e9quipe de transition de Donald Trump, a d\u00e9clar\u00e9 que les recommandations provenaient de personnes ext\u00e9rieures \u00e0 l\u2019\u00e9quipe de transition.<\/p>\n<p><\/p>\n<figure><img decoding=\"async\" src=\"https:\/\/news.canadamotorjobs.com\/wp-content\/uploads\/2024\/12\/2020-tesla-model-y-nhtsa-frontal-crash-001-5.jpeg\" alt=\"Un Tesla Model Y 2020, lors d&#039;un test de collision de la NHTSA\" \/><figcaption>Un Tesla Model Y 2020, lors d&#8217;un test de collision de la NHTSA | Auto123.com<\/figcaption><\/figure>\n<p><strong>Quelque 1500 accidents impliquent des v\u00e9hicules Tesla<\/strong><\/p>\n<p>Il est connu que Tesla n\u2019aime pas cette r\u00e8gle de la NHTSA. Pourquoi ? Parce que la compagnie, en raison de la grande distribution de ses technologies de conduite autonome, a vu quelque 1500 accidents impliquant ses v\u00e9hicules \u00eatre signal\u00e9s. La compagnie est donc un contrevenant important par rapport aux autres constructeurs.<\/p>\n<p>\u00c9videmment, le fait qu\u2019Elon Musk, le grand patron de Tesla, soit coll\u00e9 \u00e0 Donald Trump laisse croire que le premier a une influence derri\u00e8re tout cela.<\/p>\n<p>Concernant les donn\u00e9es de la NHTSA, elles indiquent que 40 des 45 accidents mortels signal\u00e9s jusqu\u2019au 15 octobre 2024 ont \u00e9t\u00e9 provoqu\u00e9s par le syst\u00e8me de conduite autonome (FSD = Full Self Driving) de Tesla.<\/p>\n<p>Tesla n\u2019est pas le seul fabricant qui critique la r\u00e8gle de la NHTSA. L\u2019Alliance pour l\u2019innovation automobile, un groupe commercial repr\u00e9sentant la plupart des grands constructeurs \u00e0 l\u2019exception de Tesla, a \u00e9galement critiqu\u00e9 cette exigence, la qualifiant de \u00ab lourde \u00bb.<\/p>\n<p>Cependant, selon les experts, la r\u00e8gle aurait \u00e9t\u00e9 b\u00e9n\u00e9fique pour la s\u00e9curit\u00e9 automobile dans son ensemble.<\/p>\n<p>Depuis la cr\u00e9ation de la r\u00e8gle en 2021, la NHTSA affirme que plus de 2700 accidents ont \u00e9t\u00e9 signal\u00e9s par de nombreux constructeurs. Les donn\u00e9es ont conduit \u00e0 10 enqu\u00eates sur 6 fabricants et \u00e0 9 rappels de s\u00e9curit\u00e9 impliquant quatre entreprises diff\u00e9rentes.<\/p>\n<p>L\u2019une de ces enqu\u00eates concernait Cruise de GM, la division de taxis autonomes qui a \u00e9t\u00e9 r\u00e9cemment dissoute.<\/p>\n<p><\/p>\n<figure><img decoding=\"async\" src=\"https:\/\/news.canadamotorjobs.com\/wp-content\/uploads\/2024\/12\/tesla_robotaxi_prototype_62-1.jpeg\" alt=\"Le concept Cybercab de Tesla\" \/><figcaption>Le concept Cybercab de Tesla | Auto123.com<\/figcaption><\/figure>\n<p><strong>Les normes de Tesla<\/strong><\/p>\n<p>\u00c0 la d\u00e9fense de Tesla, plusieurs affirment que la compagnie communique de meilleures donn\u00e9es que les autres constructeurs, comme celles relatives aux accidents en temps r\u00e9el, ce qui se traduit par des donn\u00e9es d\u2019accident plus \u00e9lev\u00e9es. Et comme on le mentionnait, Tesla a beaucoup plus de v\u00e9hicules \u00e0 conduite autonome sur les routes, ce qui signifie qu\u2019il y a plus de situations susceptibles d\u2019entra\u00eener des accidents impliquant ses v\u00e9hicules.<\/p>\n<p><strong>La s\u00e9curit\u00e9 avant tout<\/strong><\/p>\n<p>En bout de piste, l\u2019id\u00e9e n\u2019est pas de pointer un constructeur ou un autre, mais bien de s\u2019assurer que le public soit en s\u00e9curit\u00e9. En voulant lib\u00e9raliser la r\u00e9glementation concernant les v\u00e9hicules \u00e0 conduite autonome pour permettre leur d\u00e9veloppement plus rapidement, on joue avec la s\u00e9curit\u00e9 des gens. D\u2019ailleurs, certains souhaitent davantage de r\u00e8gles pour s\u2019assurer que les v\u00e9hicules \u00e0 conduite autonome sont r\u00e9ellement s\u00fbrs pour une utilisation quotidienne.<\/p>\n<p>Nous allons bien voir ce qui va se passer apr\u00e8s le 20 janvier, la date de l\u2019entr\u00e9e en poste du nouveau locataire de la Maison-Blanche.<\/p>\n<p><\/p>\n<p style=\"padding-top: 15px\">Contenu original de <a href=\"https:\/\/www.auto123.com\/fr\/actualites\/nhtsa-menace-perte-pouvoir-vehicules-autonomes\/72215\/\">auto123<\/a>.<\/p>\n<p>Le texte <a rel=\"nofollow\" href=\"https:\/\/annuelauto.ca\/la-nhtsa-pourrait-perdre-de-son-pouvoir-envers-les-vehicules-a-conduite-autonome\/\">La NHTSA pourrait perdre de son pouvoir envers les v\u00e9hicules \u00e0 conduite autonome<\/a> provient de <a rel=\"nofollow\" href=\"https:\/\/annuelauto.ca\">L&#8217;annuel de l&#8217;automobile &#8211; Actualit\u00e9 automobile<\/a><\/p>\n<p><\/p>\n","protected":false},"excerpt":{"rendered":"<p>L\u2019administration Trump pourrait r\u00e9duire le pouvoir de la NHTSA envers les v\u00e9hicules \u00e0 conduite autonome. Selon ce que rapporte le site Autoblog, l\u2019\u00e9quipe de transition du pr\u00e9sident \u00e9lu Donald Trump voudrait supprimer une exigence de la NHTSA (National Highway Traffic Safety Administration) am\u00e9ricaine, l\u2019\u00e9quivalent de Transports Canada. Cette derni\u00e8re force les constructeurs \u00e0 signaler les [&hellip;]<\/p>\n","protected":false},"author":8,"featured_media":186024,"comment_status":"close","ping_status":"closed","sticky":false,"template":"","format":"standard","meta":{"_monsterinsights_skip_tracking":false,"_monsterinsights_sitenote_active":false,"_monsterinsights_sitenote_note":"","_monsterinsights_sitenote_category":0,"footnotes":""},"categories":[101],"tags":[],"yoast_head":"<!-- This site is optimized with the Yoast SEO plugin v23.2 - https:\/\/yoast.com\/wordpress\/plugins\/seo\/ -->\n<title>La NHTSA pourrait perdre de son pouvoir envers les v\u00e9hicules \u00e0 conduite autonome - CanadaMotorJobs.com<\/title>\n<meta name=\"description\" content=\"La NHTSA pourrait perdre de son pouvoir envers les v\u00e9hicules \u00e0 conduite autonome - Benoit Charette - Annuel automobile - CanadaMotorJobs.com.\" \/>\n<meta name=\"robots\" content=\"index, follow, max-snippet:-1, max-image-preview:large, max-video-preview:-1\" \/>\n<meta property=\"og:locale\" content=\"fr_CA\" \/>\n<meta property=\"og:type\" content=\"article\" \/>\n<meta property=\"og:title\" content=\"La NHTSA pourrait perdre de son pouvoir envers les v\u00e9hicules \u00e0 conduite autonome - CanadaMotorJobs.com\" \/>\n<meta property=\"og:description\" content=\"La NHTSA pourrait perdre de son pouvoir envers les v\u00e9hicules \u00e0 conduite autonome - Benoit Charette - Annuel automobile - CanadaMotorJobs.com.\" \/>\n<meta property=\"og:url\" content=\"https:\/\/news.canadamotorjobs.com\/fr\/la-nhtsa-pourrait-perdre-de-son-pouvoir-envers-les-vehicules-a-conduite-autonome\/\" \/>\n<meta property=\"og:site_name\" content=\"CanadaMotorJobs.com\" \/>\n<meta property=\"article:publisher\" content=\"https:\/\/www.facebook.com\/canadamotorjobs\/\" \/>\n<meta property=\"article:published_time\" content=\"2024-12-21T07:24:25+00:00\" \/>\n<meta property=\"article:modified_time\" content=\"2024-12-21T07:29:59+00:00\" \/>\n<meta property=\"og:image\" content=\"https:\/\/news.canadamotorjobs.com\/wp-content\/uploads\/2024\/12\/2020-tesla-model-y-nhtsa-frontal-crash-001.jpeg\" \/>\n\t<meta property=\"og:image:width\" content=\"1200\" \/>\n\t<meta property=\"og:image:height\" content=\"675\" \/>\n\t<meta property=\"og:image:type\" content=\"image\/jpeg\" \/>\n<meta name=\"author\" content=\"Benoit Charette\" \/>\n<meta name=\"twitter:card\" content=\"summary_large_image\" \/>\n<meta name=\"twitter:creator\" content=\"@canadamotorjobs\" \/>\n<meta name=\"twitter:site\" content=\"@canadamotorjobs\" \/>\n<meta name=\"twitter:label1\" content=\"\u00c9crit par\" \/>\n\t<meta name=\"twitter:data1\" content=\"Benoit Charette\" \/>\n\t<meta name=\"twitter:label2\" content=\"Estimation du temps de lecture\" \/>\n\t<meta name=\"twitter:data2\" content=\"3 minutes\" \/>\n<!-- \/ Yoast SEO plugin. -->","yoast_head_json":{"title":"La NHTSA pourrait perdre de son pouvoir envers les v\u00e9hicules \u00e0 conduite autonome - CanadaMotorJobs.com","description":"La NHTSA pourrait perdre de son pouvoir envers les v\u00e9hicules \u00e0 conduite autonome - Benoit Charette - Annuel automobile - CanadaMotorJobs.com.","robots":{"index":"index","follow":"follow","max-snippet":"max-snippet:-1","max-image-preview":"max-image-preview:large","max-video-preview":"max-video-preview:-1"},"og_locale":"fr_CA","og_type":"article","og_title":"La NHTSA pourrait perdre de son pouvoir envers les v\u00e9hicules \u00e0 conduite autonome - CanadaMotorJobs.com","og_description":"La NHTSA pourrait perdre de son pouvoir envers les v\u00e9hicules \u00e0 conduite autonome - Benoit Charette - Annuel automobile - CanadaMotorJobs.com.","og_url":"https:\/\/news.canadamotorjobs.com\/fr\/la-nhtsa-pourrait-perdre-de-son-pouvoir-envers-les-vehicules-a-conduite-autonome\/","og_site_name":"CanadaMotorJobs.com","article_publisher":"https:\/\/www.facebook.com\/canadamotorjobs\/","article_published_time":"2024-12-21T07:24:25+00:00","article_modified_time":"2024-12-21T07:29:59+00:00","og_image":[{"width":1200,"height":675,"url":"https:\/\/news.canadamotorjobs.com\/wp-content\/uploads\/2024\/12\/2020-tesla-model-y-nhtsa-frontal-crash-001.jpeg","type":"image\/jpeg"}],"author":"Benoit Charette","twitter_card":"summary_large_image","twitter_creator":"@canadamotorjobs","twitter_site":"@canadamotorjobs","twitter_misc":{"\u00c9crit par":"Benoit Charette","Estimation du temps de lecture":"3 minutes"},"schema":{"@context":"https:\/\/schema.org","@graph":[{"@type":"Article","@id":"https:\/\/news.canadamotorjobs.com\/fr\/la-nhtsa-pourrait-perdre-de-son-pouvoir-envers-les-vehicules-a-conduite-autonome\/#article","isPartOf":{"@id":"https:\/\/news.canadamotorjobs.com\/fr\/la-nhtsa-pourrait-perdre-de-son-pouvoir-envers-les-vehicules-a-conduite-autonome\/"},"author":{"name":"Benoit Charette","@id":"https:\/\/news.canadamotorjobs.com\/#\/schema\/person\/51793d1f87d44011d7bcc2ed99269a90"},"headline":"La NHTSA pourrait perdre de son pouvoir envers les v\u00e9hicules \u00e0 conduite autonome","datePublished":"2024-12-21T07:24:25+00:00","dateModified":"2024-12-21T07:29:59+00:00","mainEntityOfPage":{"@id":"https:\/\/news.canadamotorjobs.com\/fr\/la-nhtsa-pourrait-perdre-de-son-pouvoir-envers-les-vehicules-a-conduite-autonome\/"},"wordCount":686,"publisher":{"@id":"https:\/\/news.canadamotorjobs.com\/#organization"},"image":{"@id":"https:\/\/news.canadamotorjobs.com\/fr\/la-nhtsa-pourrait-perdre-de-son-pouvoir-envers-les-vehicules-a-conduite-autonome\/#primaryimage"},"thumbnailUrl":"https:\/\/news.canadamotorjobs.com\/wp-content\/uploads\/2024\/12\/2020-tesla-model-y-nhtsa-frontal-crash-001.jpeg","articleSection":["Annuel automobile"],"inLanguage":"fr-CA"},{"@type":"WebPage","@id":"https:\/\/news.canadamotorjobs.com\/fr\/la-nhtsa-pourrait-perdre-de-son-pouvoir-envers-les-vehicules-a-conduite-autonome\/","url":"https:\/\/news.canadamotorjobs.com\/fr\/la-nhtsa-pourrait-perdre-de-son-pouvoir-envers-les-vehicules-a-conduite-autonome\/","name":"La NHTSA pourrait perdre de son pouvoir envers les v\u00e9hicules \u00e0 conduite autonome - CanadaMotorJobs.com","isPartOf":{"@id":"https:\/\/news.canadamotorjobs.com\/#website"},"primaryImageOfPage":{"@id":"https:\/\/news.canadamotorjobs.com\/fr\/la-nhtsa-pourrait-perdre-de-son-pouvoir-envers-les-vehicules-a-conduite-autonome\/#primaryimage"},"image":{"@id":"https:\/\/news.canadamotorjobs.com\/fr\/la-nhtsa-pourrait-perdre-de-son-pouvoir-envers-les-vehicules-a-conduite-autonome\/#primaryimage"},"thumbnailUrl":"https:\/\/news.canadamotorjobs.com\/wp-content\/uploads\/2024\/12\/2020-tesla-model-y-nhtsa-frontal-crash-001.jpeg","datePublished":"2024-12-21T07:24:25+00:00","dateModified":"2024-12-21T07:29:59+00:00","description":"La NHTSA pourrait perdre de son pouvoir envers les v\u00e9hicules \u00e0 conduite autonome - Benoit Charette - Annuel automobile - CanadaMotorJobs.com.","breadcrumb":{"@id":"https:\/\/news.canadamotorjobs.com\/fr\/la-nhtsa-pourrait-perdre-de-son-pouvoir-envers-les-vehicules-a-conduite-autonome\/#breadcrumb"},"inLanguage":"fr-CA","potentialAction":[{"@type":"ReadAction","target":["https:\/\/news.canadamotorjobs.com\/fr\/la-nhtsa-pourrait-perdre-de-son-pouvoir-envers-les-vehicules-a-conduite-autonome\/"]}]},{"@type":"ImageObject","inLanguage":"fr-CA","@id":"https:\/\/news.canadamotorjobs.com\/fr\/la-nhtsa-pourrait-perdre-de-son-pouvoir-envers-les-vehicules-a-conduite-autonome\/#primaryimage","url":"https:\/\/news.canadamotorjobs.com\/wp-content\/uploads\/2024\/12\/2020-tesla-model-y-nhtsa-frontal-crash-001.jpeg","contentUrl":"https:\/\/news.canadamotorjobs.com\/wp-content\/uploads\/2024\/12\/2020-tesla-model-y-nhtsa-frontal-crash-001.jpeg","width":1200,"height":675},{"@type":"BreadcrumbList","@id":"https:\/\/news.canadamotorjobs.com\/fr\/la-nhtsa-pourrait-perdre-de-son-pouvoir-envers-les-vehicules-a-conduite-autonome\/#breadcrumb","itemListElement":[{"@type":"ListItem","position":1,"name":"Home","item":"https:\/\/news.canadamotorjobs.com\/fr\/blog\/"},{"@type":"ListItem","position":2,"name":"La NHTSA pourrait perdre de son pouvoir envers les v\u00e9hicules \u00e0 conduite autonome"}]},{"@type":"WebSite","@id":"https:\/\/news.canadamotorjobs.com\/#website","url":"https:\/\/news.canadamotorjobs.com\/","name":"CanadaMotorJobs.com","description":"Automotive Jobs","publisher":{"@id":"https:\/\/news.canadamotorjobs.com\/#organization"},"potentialAction":[{"@type":"SearchAction","target":{"@type":"EntryPoint","urlTemplate":"https:\/\/news.canadamotorjobs.com\/?s={search_term_string}"},"query-input":"required name=search_term_string"}],"inLanguage":"fr-CA"},{"@type":"Organization","@id":"https:\/\/news.canadamotorjobs.com\/#organization","name":"Canada Motor Jobs","url":"https:\/\/news.canadamotorjobs.com\/","logo":{"@type":"ImageObject","inLanguage":"fr-CA","@id":"https:\/\/news.canadamotorjobs.com\/#\/schema\/logo\/image\/","url":"https:\/\/news.canadamotorjobs.com\/wp-content\/uploads\/2022\/10\/logo-canada-motor-jobs-1.png","contentUrl":"https:\/\/news.canadamotorjobs.com\/wp-content\/uploads\/2022\/10\/logo-canada-motor-jobs-1.png","width":800,"height":400,"caption":"Canada Motor Jobs"},"image":{"@id":"https:\/\/news.canadamotorjobs.com\/#\/schema\/logo\/image\/"},"sameAs":["https:\/\/www.facebook.com\/canadamotorjobs\/","https:\/\/x.com\/canadamotorjobs","https:\/\/www.instagram.com\/canadamotorjobs\/","https:\/\/www.linkedin.com\/company\/canadamotorjobs"]},{"@type":"Person","@id":"https:\/\/news.canadamotorjobs.com\/#\/schema\/person\/51793d1f87d44011d7bcc2ed99269a90","name":"Benoit Charette","image":{"@type":"ImageObject","inLanguage":"fr-CA","@id":"https:\/\/news.canadamotorjobs.com\/#\/schema\/person\/image\/","url":"https:\/\/secure.gravatar.com\/avatar\/45f3d2eebcccd909668d7ce7ea7267b6?s=96&d=mm&r=g","contentUrl":"https:\/\/secure.gravatar.com\/avatar\/45f3d2eebcccd909668d7ce7ea7267b6?s=96&d=mm&r=g","caption":"Benoit Charette"},"description":"Benoit Charette \/ Propri\u00e9taire et r\u00e9dacteur en chef Benoit Charette pratique le journalisme automobile depuis bient\u00f4t 30 ans. Il a fait ses classes au c\u00f4t\u00e9 de Daniel H\u00e9raud et au Carnet de route de 1992 \u00e0 2001. Il est fondateur, copropri\u00e9taire et r\u00e9dacteur en chef de L\u2019Annuel de l\u2019automobile, qu\u2019il publie depuis 2001. Il a anim\u00e9 les \u00e9missions RPM et RPM+ sur V et les L\u00e9gendes de la route sur Historia. \u00c0 la radio depuis 1986, il reprend l\u2019antenne cette ann\u00e9e sur les ondes de Cogeco et participe pour la deuxi\u00e8me ann\u00e9e \u00e0 l\u2019\u00e9mission Passion Auto sur RDS en plus de mettre en ligne le site Web officiel de L\u2019Annuel de l\u2019automobile sur annuelauto.ca.","sameAs":["https:\/\/annuelauto.ca\/"],"url":"https:\/\/news.canadamotorjobs.com\/fr\/author\/benoit-charette\/"}]}},"_links":{"self":[{"href":"https:\/\/news.canadamotorjobs.com\/fr\/wp-json\/wp\/v2\/posts\/186022"}],"collection":[{"href":"https:\/\/news.canadamotorjobs.com\/fr\/wp-json\/wp\/v2\/posts"}],"about":[{"href":"https:\/\/news.canadamotorjobs.com\/fr\/wp-json\/wp\/v2\/types\/post"}],"author":[{"embeddable":true,"href":"https:\/\/news.canadamotorjobs.com\/fr\/wp-json\/wp\/v2\/users\/8"}],"replies":[{"embeddable":true,"href":"https:\/\/news.canadamotorjobs.com\/fr\/wp-json\/wp\/v2\/comments?post=186022"}],"version-history":[{"count":3,"href":"https:\/\/news.canadamotorjobs.com\/fr\/wp-json\/wp\/v2\/posts\/186022\/revisions"}],"predecessor-version":[{"id":186053,"href":"https:\/\/news.canadamotorjobs.com\/fr\/wp-json\/wp\/v2\/posts\/186022\/revisions\/186053"}],"wp:featuredmedia":[{"embeddable":true,"href":"https:\/\/news.canadamotorjobs.com\/fr\/wp-json\/wp\/v2\/media\/186024"}],"wp:attachment":[{"href":"https:\/\/news.canadamotorjobs.com\/fr\/wp-json\/wp\/v2\/media?parent=186022"}],"wp:term":[{"taxonomy":"category","embeddable":true,"href":"https:\/\/news.canadamotorjobs.com\/fr\/wp-json\/wp\/v2\/categories?post=186022"},{"taxonomy":"post_tag","embeddable":true,"href":"https:\/\/news.canadamotorjobs.com\/fr\/wp-json\/wp\/v2\/tags?post=186022"}],"curies":[{"name":"wp","href":"https:\/\/api.w.org\/{rel}","templated":true}]}}