{"id":185986,"date":"2024-12-21T02:24:25","date_gmt":"2024-12-21T07:24:25","guid":{"rendered":"https:\/\/news.canadamotorjobs.com\/?p=185986"},"modified":"2024-12-21T02:29:45","modified_gmt":"2024-12-21T07:29:45","slug":"honda-va-presenter-deux-concepts-electriques-au-ces","status":"publish","type":"post","link":"https:\/\/news.canadamotorjobs.com\/fr\/honda-va-presenter-deux-concepts-electriques-au-ces\/","title":{"rendered":"Honda va pr\u00e9senter deux concepts \u00e9lectriques au CES"},"content":{"rendered":"<\/p>\n<p><strong>\u2022\u00a0\u00a0\u00a0 Honda a donn\u00e9 un aper\u00e7u des deux concepts qu\u2019elle va d\u00e9voiler au prochain CES de Las Vegas.<\/strong><\/p>\n<p>Imm\u00e9diatement apr\u00e8s la p\u00e9riode des f\u00eates va se tenir le CES (Consumer Electronics Show) de Las Vegas, un \u00e9v\u00e9nement d\u2019envergure qui est grandement ax\u00e9 sur la technologie, mais qui de plus en plus repr\u00e9sente une vitrine incroyable pour les constructeurs automobiles.<\/p>\n<p>L\u2019an dernier, Honda \u00e9tait sur place pour y pr\u00e9senter un v\u00e9hicule de sa future S\u00e9rie 0, ainsi que le concept Saloon. En 2025, la compagnie va de nouveau d\u00e9voiler deux concepts, des v\u00e9hicules dont elle vient de donner un aper\u00e7u avec la publication d\u2019une image nous donnant une vague id\u00e9e de leur style et de leur identit\u00e9.<\/p>\n<p>L\u2019image, comme vous pouvez le voir, nous montre l\u2019arri\u00e8re des deux mod\u00e8les. Seule cette partie est \u00e9clair\u00e9e et vraiment visible. Le v\u00e9hicule qui est situ\u00e9 \u00e0 gauche se veut clairement une \u00e9volution du concept Saloon. La forme a\u00e9rodynamique et la signature lumineuse arri\u00e8re le trahissent bien.<\/p>\n<p>\u00a0<\/p>\n<p><\/p>\n<figure><img decoding=\"async\" src=\"https:\/\/news.canadamotorjobs.com\/wp-content\/uploads\/2024\/12\/01_Honda_at_CES_2025_-_Teaser_-_Copy-5.jpg\" alt=\"Un des deux concepts Honda\" \/><figcaption>Un des deux concepts Honda | Auto123.com<\/figcaption><\/figure>\n<p>Ce qui est frappant avec ce mod\u00e8le, c\u2019est \u00e0 quel point sa ligne de toit est basse. Le constructeur esp\u00e8re faire passer cette derni\u00e8re sous la barre des 55 pouces, ce qui est vraiment incroyable pour un mod\u00e8le qui pourrait se retrouver sur la route. \u00c0 titre comparatif, la Ford GT40 des ann\u00e9es 60 reposait \u00e0 40 pouces du sol. Quiconque s\u2019est d\u00e9j\u00e0 trouv\u00e9 \u00e0 ses c\u00f4t\u00e9s sait \u00e0 quel point le toit est pr\u00e8s du sol. On n\u2019est pas trop loin de cela avec ce concept.<\/p>\n<p><\/p>\n<figure><img decoding=\"async\" src=\"https:\/\/news.canadamotorjobs.com\/wp-content\/uploads\/2024\/12\/01_Honda_at_CES_2025_-_Teaser-1.jpg\" alt=\"L&#039;autre concept de Honda\" \/><figcaption>L&#8217;autre concept de Honda | Auto123.com<\/figcaption><\/figure>\n<p>\u00c0 droite, le mod\u00e8le prend davantage le style d\u2019un VUS, sans surprise. Sa longueur laisse imaginer une configuration \u00e0 trois rang\u00e9es. Les feux, en forme de U, semblent ceinturer la lunette.<\/p>\n<p>Il faudra voir ce qui en sera avec ces deux produits qui seront pr\u00e9sent\u00e9s en d\u00e9but d\u2019ann\u00e9e. Ce qui est certain, c\u2019est qu\u2019on s\u2019approche du moment o\u00f9 Honda va commercialiser les premiers mod\u00e8les \u00e9lectriques de sa S\u00e9rie 0, construits sur sa propre plateforme \u00e9lectrique. Ces derniers sont attendus en 2026.<\/p>\n<p>Les mod\u00e8les seront officiellement d\u00e9voil\u00e9s le 7 janvier prochain.<\/p>\n<p><\/p>\n<figure><img decoding=\"async\" src=\"https:\/\/news.canadamotorjobs.com\/wp-content\/uploads\/2024\/12\/SALOON-006-1.jpg\" alt=\"Le concept Saloon de Honda\" \/><figcaption>Le concept Saloon de Honda | Auto123.com<\/figcaption><\/figure>\n<p style=\"padding-top: 15px\">Contenu original de <a href=\"https:\/\/www.auto123.com\/fr\/actualites\/honda-image-concepts-ces-2025\/72213\/\">auto123<\/a>.<\/p>\n<p>Le texte <a rel=\"nofollow\" href=\"https:\/\/annuelauto.ca\/honda-va-presenter-deux-concepts-electriques-au-ces\/\">Honda va pr\u00e9senter deux concepts \u00e9lectriques au CES<\/a> provient de <a rel=\"nofollow\" href=\"https:\/\/annuelauto.ca\">L&#8217;annuel de l&#8217;automobile &#8211; Actualit\u00e9 automobile<\/a><\/p>\n<p><\/p>\n","protected":false},"excerpt":{"rendered":"<p>\u2022\u00a0\u00a0\u00a0 Honda a donn\u00e9 un aper\u00e7u des deux concepts qu\u2019elle va d\u00e9voiler au prochain CES de Las Vegas. Imm\u00e9diatement apr\u00e8s la p\u00e9riode des f\u00eates va se tenir le CES (Consumer Electronics Show) de Las Vegas, un \u00e9v\u00e9nement d\u2019envergure qui est grandement ax\u00e9 sur la technologie, mais qui de plus en plus repr\u00e9sente une vitrine incroyable [&hellip;]<\/p>\n","protected":false},"author":8,"featured_media":185988,"comment_status":"close","ping_status":"closed","sticky":false,"template":"","format":"standard","meta":{"_monsterinsights_skip_tracking":false,"_monsterinsights_sitenote_active":false,"_monsterinsights_sitenote_note":"","_monsterinsights_sitenote_category":0,"footnotes":""},"categories":[101],"tags":[],"yoast_head":"<!-- This site is optimized with the Yoast SEO plugin v23.2 - https:\/\/yoast.com\/wordpress\/plugins\/seo\/ -->\n<title>Honda va pr\u00e9senter deux concepts \u00e9lectriques au CES - CanadaMotorJobs.com<\/title>\n<meta name=\"description\" content=\"Honda va pr\u00e9senter deux concepts \u00e9lectriques au CES - Benoit Charette - Annuel automobile - CanadaMotorJobs.com.\" \/>\n<meta name=\"robots\" content=\"index, follow, max-snippet:-1, max-image-preview:large, max-video-preview:-1\" \/>\n<meta property=\"og:locale\" content=\"fr_CA\" \/>\n<meta property=\"og:type\" content=\"article\" \/>\n<meta property=\"og:title\" content=\"Honda va pr\u00e9senter deux concepts \u00e9lectriques au CES - CanadaMotorJobs.com\" \/>\n<meta property=\"og:description\" content=\"Honda va pr\u00e9senter deux concepts \u00e9lectriques au CES - Benoit Charette - Annuel automobile - CanadaMotorJobs.com.\" \/>\n<meta property=\"og:url\" content=\"https:\/\/news.canadamotorjobs.com\/fr\/honda-va-presenter-deux-concepts-electriques-au-ces\/\" \/>\n<meta property=\"og:site_name\" content=\"CanadaMotorJobs.com\" \/>\n<meta property=\"article:publisher\" content=\"https:\/\/www.facebook.com\/canadamotorjobs\/\" \/>\n<meta property=\"article:published_time\" content=\"2024-12-21T07:24:25+00:00\" \/>\n<meta property=\"article:modified_time\" content=\"2024-12-21T07:29:45+00:00\" \/>\n<meta property=\"og:image\" content=\"https:\/\/news.canadamotorjobs.com\/wp-content\/uploads\/2024\/12\/01_Honda_at_CES_2025_-_Teaser_-_Copy.jpg\" \/>\n\t<meta property=\"og:image:width\" content=\"1200\" \/>\n\t<meta property=\"og:image:height\" content=\"664\" \/>\n\t<meta property=\"og:image:type\" content=\"image\/jpeg\" \/>\n<meta name=\"author\" content=\"Benoit Charette\" \/>\n<meta name=\"twitter:card\" content=\"summary_large_image\" \/>\n<meta name=\"twitter:creator\" content=\"@canadamotorjobs\" \/>\n<meta name=\"twitter:site\" content=\"@canadamotorjobs\" \/>\n<meta name=\"twitter:label1\" content=\"\u00c9crit par\" \/>\n\t<meta name=\"twitter:data1\" content=\"Benoit Charette\" \/>\n\t<meta name=\"twitter:label2\" content=\"Estimation du temps de lecture\" \/>\n\t<meta name=\"twitter:data2\" content=\"2 minutes\" \/>\n<!-- \/ Yoast SEO plugin. -->","yoast_head_json":{"title":"Honda va pr\u00e9senter deux concepts \u00e9lectriques au CES - CanadaMotorJobs.com","description":"Honda va pr\u00e9senter deux concepts \u00e9lectriques au CES - Benoit Charette - Annuel automobile - CanadaMotorJobs.com.","robots":{"index":"index","follow":"follow","max-snippet":"max-snippet:-1","max-image-preview":"max-image-preview:large","max-video-preview":"max-video-preview:-1"},"og_locale":"fr_CA","og_type":"article","og_title":"Honda va pr\u00e9senter deux concepts \u00e9lectriques au CES - CanadaMotorJobs.com","og_description":"Honda va pr\u00e9senter deux concepts \u00e9lectriques au CES - Benoit Charette - Annuel automobile - CanadaMotorJobs.com.","og_url":"https:\/\/news.canadamotorjobs.com\/fr\/honda-va-presenter-deux-concepts-electriques-au-ces\/","og_site_name":"CanadaMotorJobs.com","article_publisher":"https:\/\/www.facebook.com\/canadamotorjobs\/","article_published_time":"2024-12-21T07:24:25+00:00","article_modified_time":"2024-12-21T07:29:45+00:00","og_image":[{"width":1200,"height":664,"url":"https:\/\/news.canadamotorjobs.com\/wp-content\/uploads\/2024\/12\/01_Honda_at_CES_2025_-_Teaser_-_Copy.jpg","type":"image\/jpeg"}],"author":"Benoit Charette","twitter_card":"summary_large_image","twitter_creator":"@canadamotorjobs","twitter_site":"@canadamotorjobs","twitter_misc":{"\u00c9crit par":"Benoit Charette","Estimation du temps de lecture":"2 minutes"},"schema":{"@context":"https:\/\/schema.org","@graph":[{"@type":"Article","@id":"https:\/\/news.canadamotorjobs.com\/fr\/honda-va-presenter-deux-concepts-electriques-au-ces\/#article","isPartOf":{"@id":"https:\/\/news.canadamotorjobs.com\/fr\/honda-va-presenter-deux-concepts-electriques-au-ces\/"},"author":{"name":"Benoit Charette","@id":"https:\/\/news.canadamotorjobs.com\/#\/schema\/person\/51793d1f87d44011d7bcc2ed99269a90"},"headline":"Honda va pr\u00e9senter deux concepts \u00e9lectriques au CES","datePublished":"2024-12-21T07:24:25+00:00","dateModified":"2024-12-21T07:29:45+00:00","mainEntityOfPage":{"@id":"https:\/\/news.canadamotorjobs.com\/fr\/honda-va-presenter-deux-concepts-electriques-au-ces\/"},"wordCount":432,"publisher":{"@id":"https:\/\/news.canadamotorjobs.com\/#organization"},"image":{"@id":"https:\/\/news.canadamotorjobs.com\/fr\/honda-va-presenter-deux-concepts-electriques-au-ces\/#primaryimage"},"thumbnailUrl":"https:\/\/news.canadamotorjobs.com\/wp-content\/uploads\/2024\/12\/01_Honda_at_CES_2025_-_Teaser_-_Copy.jpg","articleSection":["Annuel automobile"],"inLanguage":"fr-CA"},{"@type":"WebPage","@id":"https:\/\/news.canadamotorjobs.com\/fr\/honda-va-presenter-deux-concepts-electriques-au-ces\/","url":"https:\/\/news.canadamotorjobs.com\/fr\/honda-va-presenter-deux-concepts-electriques-au-ces\/","name":"Honda va pr\u00e9senter deux concepts \u00e9lectriques au CES - CanadaMotorJobs.com","isPartOf":{"@id":"https:\/\/news.canadamotorjobs.com\/#website"},"primaryImageOfPage":{"@id":"https:\/\/news.canadamotorjobs.com\/fr\/honda-va-presenter-deux-concepts-electriques-au-ces\/#primaryimage"},"image":{"@id":"https:\/\/news.canadamotorjobs.com\/fr\/honda-va-presenter-deux-concepts-electriques-au-ces\/#primaryimage"},"thumbnailUrl":"https:\/\/news.canadamotorjobs.com\/wp-content\/uploads\/2024\/12\/01_Honda_at_CES_2025_-_Teaser_-_Copy.jpg","datePublished":"2024-12-21T07:24:25+00:00","dateModified":"2024-12-21T07:29:45+00:00","description":"Honda va pr\u00e9senter deux concepts \u00e9lectriques au CES - Benoit Charette - Annuel automobile - CanadaMotorJobs.com.","breadcrumb":{"@id":"https:\/\/news.canadamotorjobs.com\/fr\/honda-va-presenter-deux-concepts-electriques-au-ces\/#breadcrumb"},"inLanguage":"fr-CA","potentialAction":[{"@type":"ReadAction","target":["https:\/\/news.canadamotorjobs.com\/fr\/honda-va-presenter-deux-concepts-electriques-au-ces\/"]}]},{"@type":"ImageObject","inLanguage":"fr-CA","@id":"https:\/\/news.canadamotorjobs.com\/fr\/honda-va-presenter-deux-concepts-electriques-au-ces\/#primaryimage","url":"https:\/\/news.canadamotorjobs.com\/wp-content\/uploads\/2024\/12\/01_Honda_at_CES_2025_-_Teaser_-_Copy.jpg","contentUrl":"https:\/\/news.canadamotorjobs.com\/wp-content\/uploads\/2024\/12\/01_Honda_at_CES_2025_-_Teaser_-_Copy.jpg","width":1200,"height":664},{"@type":"BreadcrumbList","@id":"https:\/\/news.canadamotorjobs.com\/fr\/honda-va-presenter-deux-concepts-electriques-au-ces\/#breadcrumb","itemListElement":[{"@type":"ListItem","position":1,"name":"Home","item":"https:\/\/news.canadamotorjobs.com\/fr\/blog\/"},{"@type":"ListItem","position":2,"name":"Honda va pr\u00e9senter deux concepts \u00e9lectriques au CES"}]},{"@type":"WebSite","@id":"https:\/\/news.canadamotorjobs.com\/#website","url":"https:\/\/news.canadamotorjobs.com\/","name":"CanadaMotorJobs.com","description":"Automotive Jobs","publisher":{"@id":"https:\/\/news.canadamotorjobs.com\/#organization"},"potentialAction":[{"@type":"SearchAction","target":{"@type":"EntryPoint","urlTemplate":"https:\/\/news.canadamotorjobs.com\/?s={search_term_string}"},"query-input":"required name=search_term_string"}],"inLanguage":"fr-CA"},{"@type":"Organization","@id":"https:\/\/news.canadamotorjobs.com\/#organization","name":"Canada Motor Jobs","url":"https:\/\/news.canadamotorjobs.com\/","logo":{"@type":"ImageObject","inLanguage":"fr-CA","@id":"https:\/\/news.canadamotorjobs.com\/#\/schema\/logo\/image\/","url":"https:\/\/news.canadamotorjobs.com\/wp-content\/uploads\/2022\/10\/logo-canada-motor-jobs-1.png","contentUrl":"https:\/\/news.canadamotorjobs.com\/wp-content\/uploads\/2022\/10\/logo-canada-motor-jobs-1.png","width":800,"height":400,"caption":"Canada Motor Jobs"},"image":{"@id":"https:\/\/news.canadamotorjobs.com\/#\/schema\/logo\/image\/"},"sameAs":["https:\/\/www.facebook.com\/canadamotorjobs\/","https:\/\/x.com\/canadamotorjobs","https:\/\/www.instagram.com\/canadamotorjobs\/","https:\/\/www.linkedin.com\/company\/canadamotorjobs"]},{"@type":"Person","@id":"https:\/\/news.canadamotorjobs.com\/#\/schema\/person\/51793d1f87d44011d7bcc2ed99269a90","name":"Benoit Charette","image":{"@type":"ImageObject","inLanguage":"fr-CA","@id":"https:\/\/news.canadamotorjobs.com\/#\/schema\/person\/image\/","url":"https:\/\/secure.gravatar.com\/avatar\/45f3d2eebcccd909668d7ce7ea7267b6?s=96&d=mm&r=g","contentUrl":"https:\/\/secure.gravatar.com\/avatar\/45f3d2eebcccd909668d7ce7ea7267b6?s=96&d=mm&r=g","caption":"Benoit Charette"},"description":"Benoit Charette \/ Propri\u00e9taire et r\u00e9dacteur en chef Benoit Charette pratique le journalisme automobile depuis bient\u00f4t 30 ans. Il a fait ses classes au c\u00f4t\u00e9 de Daniel H\u00e9raud et au Carnet de route de 1992 \u00e0 2001. Il est fondateur, copropri\u00e9taire et r\u00e9dacteur en chef de L\u2019Annuel de l\u2019automobile, qu\u2019il publie depuis 2001. Il a anim\u00e9 les \u00e9missions RPM et RPM+ sur V et les L\u00e9gendes de la route sur Historia. \u00c0 la radio depuis 1986, il reprend l\u2019antenne cette ann\u00e9e sur les ondes de Cogeco et participe pour la deuxi\u00e8me ann\u00e9e \u00e0 l\u2019\u00e9mission Passion Auto sur RDS en plus de mettre en ligne le site Web officiel de L\u2019Annuel de l\u2019automobile sur annuelauto.ca.","sameAs":["https:\/\/annuelauto.ca\/"],"url":"https:\/\/news.canadamotorjobs.com\/fr\/author\/benoit-charette\/"}]}},"_links":{"self":[{"href":"https:\/\/news.canadamotorjobs.com\/fr\/wp-json\/wp\/v2\/posts\/185986"}],"collection":[{"href":"https:\/\/news.canadamotorjobs.com\/fr\/wp-json\/wp\/v2\/posts"}],"about":[{"href":"https:\/\/news.canadamotorjobs.com\/fr\/wp-json\/wp\/v2\/types\/post"}],"author":[{"embeddable":true,"href":"https:\/\/news.canadamotorjobs.com\/fr\/wp-json\/wp\/v2\/users\/8"}],"replies":[{"embeddable":true,"href":"https:\/\/news.canadamotorjobs.com\/fr\/wp-json\/wp\/v2\/comments?post=185986"}],"version-history":[{"count":3,"href":"https:\/\/news.canadamotorjobs.com\/fr\/wp-json\/wp\/v2\/posts\/185986\/revisions"}],"predecessor-version":[{"id":186021,"href":"https:\/\/news.canadamotorjobs.com\/fr\/wp-json\/wp\/v2\/posts\/185986\/revisions\/186021"}],"wp:featuredmedia":[{"embeddable":true,"href":"https:\/\/news.canadamotorjobs.com\/fr\/wp-json\/wp\/v2\/media\/185988"}],"wp:attachment":[{"href":"https:\/\/news.canadamotorjobs.com\/fr\/wp-json\/wp\/v2\/media?parent=185986"}],"wp:term":[{"taxonomy":"category","embeddable":true,"href":"https:\/\/news.canadamotorjobs.com\/fr\/wp-json\/wp\/v2\/categories?post=185986"},{"taxonomy":"post_tag","embeddable":true,"href":"https:\/\/news.canadamotorjobs.com\/fr\/wp-json\/wp\/v2\/tags?post=185986"}],"curies":[{"name":"wp","href":"https:\/\/api.w.org\/{rel}","templated":true}]}}