{"id":185908,"date":"2024-12-20T10:32:33","date_gmt":"2024-12-20T15:32:33","guid":{"rendered":"https:\/\/news.canadamotorjobs.com\/?p=185908"},"modified":"2024-12-20T10:43:51","modified_gmt":"2024-12-20T15:43:51","slug":"le-moteur-vr6-de-volkswagen-est-officiellement-mort","status":"publish","type":"post","link":"https:\/\/news.canadamotorjobs.com\/fr\/le-moteur-vr6-de-volkswagen-est-officiellement-mort\/","title":{"rendered":"Le moteur VR6 de Volkswagen est officiellement mort"},"content":{"rendered":"<\/p>\n<p>Le l\u00e9gendaire moteur VR6 de Volkswagen, connu pour son innovation et sa sonorit\u00e9 unique, tire sa r\u00e9v\u00e9rence apr\u00e8s 34 ans de service. Le 12 d\u00e9cembre 2024 marque la fin officielle de cette ic\u00f4ne, avec pr\u00e8s de 1,87 million d&#8217;unit\u00e9s produites depuis son lancement. Introduit en 1991 au Salon de Gen\u00e8ve, le VR6 a r\u00e9volutionn\u00e9 la conception des moteurs gr\u00e2ce \u00e0 son angle \u00e9troit qui combinait la compacit\u00e9 d\u2019un moteur en ligne et la puissance d\u2019un V6 classique.<\/p>\n<h3>Une histoire riche et marquante<\/h3>\n<p>\nLe VR6 a marqu\u00e9 l&#8217;histoire de Volkswagen en motorisant une grande vari\u00e9t\u00e9 de mod\u00e8les, de la Golf VR6 et la Corrado aux luxueuses Phaeton et Touareg, sans oublier des v\u00e9hicules \u00e9tonnants comme les camping-cars Winnebago et m\u00eame le Porsche Cayenne. L&#8217;ing\u00e9nierie du VR6 a permis de marier performances, polyvalence et une sonorit\u00e9 hors du commun, souvent compar\u00e9e \u00e0 celle des supercars italiennes. Avec un VR6 sous le capot, m\u00eame une modeste compacte prenait une \u00e2me de sportive exotique.<\/p>\n<h3>Une disparition progressive<\/h3>\n<p>\nBien que le VR6 ait disparu du march\u00e9 nord-am\u00e9ricain en 2023, il \u00e9tait encore propos\u00e9 dans d\u2019autres r\u00e9gions, notamment en Chine, o\u00f9 il \u00e9quipait l\u2019Audi Q6 en version 2,5 litres. Sa derni\u00e8re apparition dans un mod\u00e8le am\u00e9ricain remonte au Volkswagen Atlas 2024 avec une version 3,6 litres.<\/p>\n<h3>Une l\u00e9gende salu\u00e9e par les passionn\u00e9s<\/h3>\n<p>\nAu-del\u00e0 des chiffres et des sp\u00e9cifications, le VR6 a laiss\u00e9 une empreinte \u00e9motionnelle profonde. Beaucoup de passionn\u00e9s se souviennent de son grognement grave \u00e0 bas r\u00e9gime, suivi de l\u2019explosion sonore en atteignant la zone rouge.<\/p>\n<h3>Un moteur complexe, mais inoubliable<\/h3>\n<p>\nLe VR6 n\u2019\u00e9tait pas parfait. Il pouvait surchauffer, et sa conception complexe pouvait frustrer les m\u00e9caniciens amateurs. Mais ses qualit\u00e9s surpassaient largement ses d\u00e9fauts : une souplesse in\u00e9gal\u00e9e, une puissance imm\u00e9diate et une capacit\u00e9 \u00e0 transformer m\u00eame les voitures ordinaires en exp\u00e9riences m\u00e9morables.<\/p>\n<h3>Conclusion<\/h3>\n<p>\nLa disparition du VR6 marque la fin d\u2019une \u00e9poque pour Volkswagen et pour l\u2019industrie automobile. Mais son h\u00e9ritage sonore et technique continuera d\u2019inspirer les passionn\u00e9s et les ing\u00e9nieurs pour les ann\u00e9es \u00e0 venir.<\/p>\n<p>Avec des renseignements de The Drive<\/p>\n<p>Le texte <a rel=\"nofollow\" href=\"https:\/\/annuelauto.ca\/volkswagen-vr6-fin-production\/\">Le moteur VR6 de Volkswagen est officiellement mort<\/a> provient de <a rel=\"nofollow\" href=\"https:\/\/annuelauto.ca\">L&#8217;annuel de l&#8217;automobile &#8211; Actualit\u00e9 automobile<\/a><\/p>\n<p><\/p>\n","protected":false},"excerpt":{"rendered":"<p>Le l\u00e9gendaire moteur VR6 de Volkswagen, connu pour son innovation et sa sonorit\u00e9 unique, tire sa r\u00e9v\u00e9rence apr\u00e8s 34 ans de service. Le 12 d\u00e9cembre 2024 marque la fin officielle de cette ic\u00f4ne, avec pr\u00e8s de 1,87 million d&#8217;unit\u00e9s produites depuis son lancement. Introduit en 1991 au Salon de Gen\u00e8ve, le VR6 a r\u00e9volutionn\u00e9 la [&hellip;]<\/p>\n","protected":false},"author":8,"featured_media":185910,"comment_status":"close","ping_status":"closed","sticky":false,"template":"","format":"standard","meta":{"_monsterinsights_skip_tracking":false,"_monsterinsights_sitenote_active":false,"_monsterinsights_sitenote_note":"","_monsterinsights_sitenote_category":0,"footnotes":""},"categories":[101],"tags":[],"yoast_head":"<!-- This site is optimized with the Yoast SEO plugin v23.2 - https:\/\/yoast.com\/wordpress\/plugins\/seo\/ -->\n<title>Le moteur VR6 de Volkswagen est officiellement mort - CanadaMotorJobs.com<\/title>\n<meta name=\"description\" content=\"Le moteur VR6 de Volkswagen est officiellement mort - Benoit Charette - Annuel automobile - CanadaMotorJobs.com.\" \/>\n<meta name=\"robots\" content=\"index, follow, max-snippet:-1, max-image-preview:large, max-video-preview:-1\" \/>\n<meta property=\"og:locale\" content=\"fr_CA\" \/>\n<meta property=\"og:type\" content=\"article\" \/>\n<meta property=\"og:title\" content=\"Le moteur VR6 de Volkswagen est officiellement mort - CanadaMotorJobs.com\" \/>\n<meta property=\"og:description\" content=\"Le moteur VR6 de Volkswagen est officiellement mort - Benoit Charette - Annuel automobile - CanadaMotorJobs.com.\" \/>\n<meta property=\"og:url\" content=\"https:\/\/news.canadamotorjobs.com\/fr\/le-moteur-vr6-de-volkswagen-est-officiellement-mort\/\" \/>\n<meta property=\"og:site_name\" content=\"CanadaMotorJobs.com\" \/>\n<meta property=\"article:publisher\" content=\"https:\/\/www.facebook.com\/canadamotorjobs\/\" \/>\n<meta property=\"article:published_time\" content=\"2024-12-20T15:32:33+00:00\" \/>\n<meta property=\"article:modified_time\" content=\"2024-12-20T15:43:51+00:00\" \/>\n<meta property=\"og:image\" content=\"https:\/\/news.canadamotorjobs.com\/wp-content\/uploads\/2024\/12\/1991-jetta-gl-shaved-engine-bay.jpg\" \/>\n\t<meta property=\"og:image:width\" content=\"1920\" \/>\n\t<meta property=\"og:image:height\" content=\"1103\" \/>\n\t<meta property=\"og:image:type\" content=\"image\/jpeg\" \/>\n<meta name=\"author\" content=\"Benoit Charette\" \/>\n<meta name=\"twitter:card\" content=\"summary_large_image\" \/>\n<meta name=\"twitter:creator\" content=\"@canadamotorjobs\" \/>\n<meta name=\"twitter:site\" content=\"@canadamotorjobs\" \/>\n<meta name=\"twitter:label1\" content=\"\u00c9crit par\" \/>\n\t<meta name=\"twitter:data1\" content=\"Benoit Charette\" \/>\n\t<meta name=\"twitter:label2\" content=\"Estimation du temps de lecture\" \/>\n\t<meta name=\"twitter:data2\" content=\"2 minutes\" \/>\n<!-- \/ Yoast SEO plugin. -->","yoast_head_json":{"title":"Le moteur VR6 de Volkswagen est officiellement mort - CanadaMotorJobs.com","description":"Le moteur VR6 de Volkswagen est officiellement mort - Benoit Charette - Annuel automobile - CanadaMotorJobs.com.","robots":{"index":"index","follow":"follow","max-snippet":"max-snippet:-1","max-image-preview":"max-image-preview:large","max-video-preview":"max-video-preview:-1"},"og_locale":"fr_CA","og_type":"article","og_title":"Le moteur VR6 de Volkswagen est officiellement mort - CanadaMotorJobs.com","og_description":"Le moteur VR6 de Volkswagen est officiellement mort - Benoit Charette - Annuel automobile - CanadaMotorJobs.com.","og_url":"https:\/\/news.canadamotorjobs.com\/fr\/le-moteur-vr6-de-volkswagen-est-officiellement-mort\/","og_site_name":"CanadaMotorJobs.com","article_publisher":"https:\/\/www.facebook.com\/canadamotorjobs\/","article_published_time":"2024-12-20T15:32:33+00:00","article_modified_time":"2024-12-20T15:43:51+00:00","og_image":[{"width":1920,"height":1103,"url":"https:\/\/news.canadamotorjobs.com\/wp-content\/uploads\/2024\/12\/1991-jetta-gl-shaved-engine-bay.jpg","type":"image\/jpeg"}],"author":"Benoit Charette","twitter_card":"summary_large_image","twitter_creator":"@canadamotorjobs","twitter_site":"@canadamotorjobs","twitter_misc":{"\u00c9crit par":"Benoit Charette","Estimation du temps de lecture":"2 minutes"},"schema":{"@context":"https:\/\/schema.org","@graph":[{"@type":"Article","@id":"https:\/\/news.canadamotorjobs.com\/fr\/le-moteur-vr6-de-volkswagen-est-officiellement-mort\/#article","isPartOf":{"@id":"https:\/\/news.canadamotorjobs.com\/fr\/le-moteur-vr6-de-volkswagen-est-officiellement-mort\/"},"author":{"name":"Benoit Charette","@id":"https:\/\/news.canadamotorjobs.com\/#\/schema\/person\/51793d1f87d44011d7bcc2ed99269a90"},"headline":"Le moteur VR6 de Volkswagen est officiellement mort","datePublished":"2024-12-20T15:32:33+00:00","dateModified":"2024-12-20T15:43:51+00:00","mainEntityOfPage":{"@id":"https:\/\/news.canadamotorjobs.com\/fr\/le-moteur-vr6-de-volkswagen-est-officiellement-mort\/"},"wordCount":405,"publisher":{"@id":"https:\/\/news.canadamotorjobs.com\/#organization"},"image":{"@id":"https:\/\/news.canadamotorjobs.com\/fr\/le-moteur-vr6-de-volkswagen-est-officiellement-mort\/#primaryimage"},"thumbnailUrl":"https:\/\/news.canadamotorjobs.com\/wp-content\/uploads\/2024\/12\/1991-jetta-gl-shaved-engine-bay.jpg","articleSection":["Annuel automobile"],"inLanguage":"fr-CA"},{"@type":"WebPage","@id":"https:\/\/news.canadamotorjobs.com\/fr\/le-moteur-vr6-de-volkswagen-est-officiellement-mort\/","url":"https:\/\/news.canadamotorjobs.com\/fr\/le-moteur-vr6-de-volkswagen-est-officiellement-mort\/","name":"Le moteur VR6 de Volkswagen est officiellement mort - CanadaMotorJobs.com","isPartOf":{"@id":"https:\/\/news.canadamotorjobs.com\/#website"},"primaryImageOfPage":{"@id":"https:\/\/news.canadamotorjobs.com\/fr\/le-moteur-vr6-de-volkswagen-est-officiellement-mort\/#primaryimage"},"image":{"@id":"https:\/\/news.canadamotorjobs.com\/fr\/le-moteur-vr6-de-volkswagen-est-officiellement-mort\/#primaryimage"},"thumbnailUrl":"https:\/\/news.canadamotorjobs.com\/wp-content\/uploads\/2024\/12\/1991-jetta-gl-shaved-engine-bay.jpg","datePublished":"2024-12-20T15:32:33+00:00","dateModified":"2024-12-20T15:43:51+00:00","description":"Le moteur VR6 de Volkswagen est officiellement mort - Benoit Charette - Annuel automobile - CanadaMotorJobs.com.","breadcrumb":{"@id":"https:\/\/news.canadamotorjobs.com\/fr\/le-moteur-vr6-de-volkswagen-est-officiellement-mort\/#breadcrumb"},"inLanguage":"fr-CA","potentialAction":[{"@type":"ReadAction","target":["https:\/\/news.canadamotorjobs.com\/fr\/le-moteur-vr6-de-volkswagen-est-officiellement-mort\/"]}]},{"@type":"ImageObject","inLanguage":"fr-CA","@id":"https:\/\/news.canadamotorjobs.com\/fr\/le-moteur-vr6-de-volkswagen-est-officiellement-mort\/#primaryimage","url":"https:\/\/news.canadamotorjobs.com\/wp-content\/uploads\/2024\/12\/1991-jetta-gl-shaved-engine-bay.jpg","contentUrl":"https:\/\/news.canadamotorjobs.com\/wp-content\/uploads\/2024\/12\/1991-jetta-gl-shaved-engine-bay.jpg","width":1920,"height":1103},{"@type":"BreadcrumbList","@id":"https:\/\/news.canadamotorjobs.com\/fr\/le-moteur-vr6-de-volkswagen-est-officiellement-mort\/#breadcrumb","itemListElement":[{"@type":"ListItem","position":1,"name":"Home","item":"https:\/\/news.canadamotorjobs.com\/fr\/blog\/"},{"@type":"ListItem","position":2,"name":"Le moteur VR6 de Volkswagen est officiellement mort"}]},{"@type":"WebSite","@id":"https:\/\/news.canadamotorjobs.com\/#website","url":"https:\/\/news.canadamotorjobs.com\/","name":"CanadaMotorJobs.com","description":"Automotive Jobs","publisher":{"@id":"https:\/\/news.canadamotorjobs.com\/#organization"},"potentialAction":[{"@type":"SearchAction","target":{"@type":"EntryPoint","urlTemplate":"https:\/\/news.canadamotorjobs.com\/?s={search_term_string}"},"query-input":"required name=search_term_string"}],"inLanguage":"fr-CA"},{"@type":"Organization","@id":"https:\/\/news.canadamotorjobs.com\/#organization","name":"Canada Motor Jobs","url":"https:\/\/news.canadamotorjobs.com\/","logo":{"@type":"ImageObject","inLanguage":"fr-CA","@id":"https:\/\/news.canadamotorjobs.com\/#\/schema\/logo\/image\/","url":"https:\/\/news.canadamotorjobs.com\/wp-content\/uploads\/2022\/10\/logo-canada-motor-jobs-1.png","contentUrl":"https:\/\/news.canadamotorjobs.com\/wp-content\/uploads\/2022\/10\/logo-canada-motor-jobs-1.png","width":800,"height":400,"caption":"Canada Motor Jobs"},"image":{"@id":"https:\/\/news.canadamotorjobs.com\/#\/schema\/logo\/image\/"},"sameAs":["https:\/\/www.facebook.com\/canadamotorjobs\/","https:\/\/x.com\/canadamotorjobs","https:\/\/www.instagram.com\/canadamotorjobs\/","https:\/\/www.linkedin.com\/company\/canadamotorjobs"]},{"@type":"Person","@id":"https:\/\/news.canadamotorjobs.com\/#\/schema\/person\/51793d1f87d44011d7bcc2ed99269a90","name":"Benoit Charette","image":{"@type":"ImageObject","inLanguage":"fr-CA","@id":"https:\/\/news.canadamotorjobs.com\/#\/schema\/person\/image\/","url":"https:\/\/secure.gravatar.com\/avatar\/45f3d2eebcccd909668d7ce7ea7267b6?s=96&d=mm&r=g","contentUrl":"https:\/\/secure.gravatar.com\/avatar\/45f3d2eebcccd909668d7ce7ea7267b6?s=96&d=mm&r=g","caption":"Benoit Charette"},"description":"Benoit Charette \/ Propri\u00e9taire et r\u00e9dacteur en chef Benoit Charette pratique le journalisme automobile depuis bient\u00f4t 30 ans. Il a fait ses classes au c\u00f4t\u00e9 de Daniel H\u00e9raud et au Carnet de route de 1992 \u00e0 2001. Il est fondateur, copropri\u00e9taire et r\u00e9dacteur en chef de L\u2019Annuel de l\u2019automobile, qu\u2019il publie depuis 2001. Il a anim\u00e9 les \u00e9missions RPM et RPM+ sur V et les L\u00e9gendes de la route sur Historia. \u00c0 la radio depuis 1986, il reprend l\u2019antenne cette ann\u00e9e sur les ondes de Cogeco et participe pour la deuxi\u00e8me ann\u00e9e \u00e0 l\u2019\u00e9mission Passion Auto sur RDS en plus de mettre en ligne le site Web officiel de L\u2019Annuel de l\u2019automobile sur annuelauto.ca.","sameAs":["https:\/\/annuelauto.ca\/"],"url":"https:\/\/news.canadamotorjobs.com\/fr\/author\/benoit-charette\/"}]}},"_links":{"self":[{"href":"https:\/\/news.canadamotorjobs.com\/fr\/wp-json\/wp\/v2\/posts\/185908"}],"collection":[{"href":"https:\/\/news.canadamotorjobs.com\/fr\/wp-json\/wp\/v2\/posts"}],"about":[{"href":"https:\/\/news.canadamotorjobs.com\/fr\/wp-json\/wp\/v2\/types\/post"}],"author":[{"embeddable":true,"href":"https:\/\/news.canadamotorjobs.com\/fr\/wp-json\/wp\/v2\/users\/8"}],"replies":[{"embeddable":true,"href":"https:\/\/news.canadamotorjobs.com\/fr\/wp-json\/wp\/v2\/comments?post=185908"}],"version-history":[{"count":2,"href":"https:\/\/news.canadamotorjobs.com\/fr\/wp-json\/wp\/v2\/posts\/185908\/revisions"}],"predecessor-version":[{"id":185912,"href":"https:\/\/news.canadamotorjobs.com\/fr\/wp-json\/wp\/v2\/posts\/185908\/revisions\/185912"}],"wp:featuredmedia":[{"embeddable":true,"href":"https:\/\/news.canadamotorjobs.com\/fr\/wp-json\/wp\/v2\/media\/185910"}],"wp:attachment":[{"href":"https:\/\/news.canadamotorjobs.com\/fr\/wp-json\/wp\/v2\/media?parent=185908"}],"wp:term":[{"taxonomy":"category","embeddable":true,"href":"https:\/\/news.canadamotorjobs.com\/fr\/wp-json\/wp\/v2\/categories?post=185908"},{"taxonomy":"post_tag","embeddable":true,"href":"https:\/\/news.canadamotorjobs.com\/fr\/wp-json\/wp\/v2\/tags?post=185908"}],"curies":[{"name":"wp","href":"https:\/\/api.w.org\/{rel}","templated":true}]}}