{"id":185885,"date":"2024-12-20T09:58:32","date_gmt":"2024-12-20T14:58:32","guid":{"rendered":"https:\/\/news.canadamotorjobs.com\/?p=185885"},"modified":"2024-12-20T09:59:04","modified_gmt":"2024-12-20T14:59:04","slug":"tesla-rappelle-pres-de-700-000-vehicules-aux-etats-unis","status":"publish","type":"post","link":"https:\/\/news.canadamotorjobs.com\/fr\/tesla-rappelle-pres-de-700-000-vehicules-aux-etats-unis\/","title":{"rendered":"Tesla rappelle pr\u00e8s de 700 000 v\u00e9hicules aux \u00c9tats-Unis"},"content":{"rendered":"<\/p>\n<div class=\"flex max-w-full flex-col flex-grow\"><\/p>\n<div class=\"min-h-8 text-message flex w-full flex-col items-end gap-2 whitespace-normal break-words text-start [.text-message+&amp;]:mt-5\" dir=\"auto\" data-message-author-role=\"assistant\" data-message-id=\"74f3a6a1-196d-452c-8dbb-937ecba57907\" data-message-model-slug=\"gpt-4o\"><\/p>\n<div class=\"flex w-full flex-col gap-1 empty:hidden first:pt-[3px]\"><\/p>\n<div class=\"markdown prose w-full break-words dark:prose-invert light\">\n<p>La marque californienne \u00e9voque un dysfonctionnement du syst\u00e8me de surveillance de la pression des pneus sur certains mod\u00e8les, y compris les Model 3, Model Y et Cybertruck.<\/p>\n<h3><strong>Un rappel massif pour une question de s\u00e9curit\u00e9<\/strong><\/h3>\n<p>\nTesla a annonc\u00e9 le rappel de <strong>694 304 v\u00e9hicules<\/strong> aux \u00c9tats-Unis, selon un avis publi\u00e9 le 20 d\u00e9cembre. Ce rappel concerne le <strong>syst\u00e8me de surveillance de la pression des pneus (TPMS)<\/strong>, qui pourrait ne pas afficher d\u2019alerte continue en cas de pression insuffisante.<\/p>\n<h3><strong>Les risques associ\u00e9s<\/strong> :<\/h3>\n<p><\/p>\n<ul><\/p>\n<li><strong>Absence d\u2019alerte<\/strong> : le voyant de pression des pneus pourrait s\u2019\u00e9teindre entre deux cycles de conduite.<\/li>\n<p><\/p>\n<li><strong>Cons\u00e9quences potentielles<\/strong> : rouler avec des pneus mal gonfl\u00e9s augmente consid\u00e9rablement le risque d\u2019accident.<\/li>\n<p>\n<\/ul>\n<p><\/p>\n<h3><strong>Quels mod\u00e8les sont concern\u00e9s ?<\/strong><\/h3>\n<p><\/p>\n<ul><\/p>\n<li><strong>Tesla Model 3<\/strong><\/li>\n<p><\/p>\n<li><strong>Tesla Model Y<\/strong><\/li>\n<p><\/p>\n<li><strong>Cybertruck<\/strong><\/li>\n<p>\n<\/ul>\n<p>\nSelon Tesla, le probl\u00e8me sera r\u00e9solu via une <strong>mise \u00e0 jour logicielle over-the-air<\/strong>, \u00e9vitant ainsi un passage en atelier pour les propri\u00e9taires.<\/p>\n<h3><strong>Des rappels qui s\u2019accumulent pour Tesla et le Cybertruck<\/strong><\/h3>\n<p>\nLe mois dernier, Tesla a \u00e9galement rappel\u00e9 <strong>2 431 Cybertruck<\/strong> aux \u00c9tats-Unis en raison d\u2019un risque de perte de puissance en conduite. Il s\u2019agit du <strong>sixi\u00e8me rappel<\/strong> du mod\u00e8le cette ann\u00e9e, confirmant les d\u00e9buts complexes de ce v\u00e9hicule controvers\u00e9.<\/p>\n<h3><strong>Tesla face \u00e0 la concurrence en mati\u00e8re de rappels<\/strong><\/h3>\n<p>\nSelon la National Highway Traffic Safety Administration (NHTSA) :<\/p>\n<ul><\/p>\n<li><strong>Stellantis<\/strong> m\u00e8ne l\u2019industrie avec <strong>67 rappels<\/strong> en 2024.<\/li>\n<p><\/p>\n<li><strong>Ford<\/strong> suit avec <strong>62 rappels<\/strong>.<\/li>\n<p>\n<\/ul>\n<p>\nMalgr\u00e9 ces chiffres \u00e9lev\u00e9s, Tesla reste sous les projecteurs en raison de la nature m\u00e9diatis\u00e9e de ses v\u00e9hicules et de ses innovations technologiques.<\/p>\n<h3><strong>Une r\u00e9solution rapide gr\u00e2ce \u00e0 la technologie Tesla<\/strong><\/h3>\n<p>\nGr\u00e2ce \u00e0 son syst\u00e8me de mises \u00e0 jour logicielles \u00e0 distance, Tesla propose une solution rapide et efficace pour corriger ces anomalies sans immobiliser les v\u00e9hicules. Cela montre les avantages de l\u2019approche num\u00e9rique de la marque, bien que la r\u00e9currence des rappels puisse entacher son image.<\/p>\n<p>Avec des renseignements d&#8217;Automotive News<\/p>\n<p>\u00a0<\/p>\n<\/div>\n<p>\n<\/div>\n<p>\n<\/div>\n<p>\n<\/div>\n<p><\/p>\n<div class=\"mb-2 flex gap-3 empty:hidden -ml-2\"><\/p>\n<div class=\"items-center justify-start rounded-xl p-1 flex\"><\/p>\n<div class=\"flex items-center\"><\/div>\n<p>\n<\/div>\n<p>\n<\/div>\n<p>Le texte <a rel=\"nofollow\" href=\"https:\/\/annuelauto.ca\/tesla-rappel-vehicules-pression-pneus\/\">Tesla rappelle pr\u00e8s de 700 000 v\u00e9hicules aux \u00c9tats-Unis<\/a> provient de <a rel=\"nofollow\" href=\"https:\/\/annuelauto.ca\">L&#8217;annuel de l&#8217;automobile &#8211; Actualit\u00e9 automobile<\/a><\/p>\n<p><\/p>\n","protected":false},"excerpt":{"rendered":"<p>La marque californienne \u00e9voque un dysfonctionnement du syst\u00e8me de surveillance de la pression des pneus sur certains mod\u00e8les, y compris les Model 3, Model Y et Cybertruck. Un rappel massif pour une question de s\u00e9curit\u00e9 Tesla a annonc\u00e9 le rappel de 694 304 v\u00e9hicules aux \u00c9tats-Unis, selon un avis publi\u00e9 le 20 d\u00e9cembre. Ce rappel [&hellip;]<\/p>\n","protected":false},"author":8,"featured_media":185887,"comment_status":"close","ping_status":"closed","sticky":false,"template":"","format":"standard","meta":{"_monsterinsights_skip_tracking":false,"_monsterinsights_sitenote_active":false,"_monsterinsights_sitenote_note":"","_monsterinsights_sitenote_category":0,"footnotes":""},"categories":[101],"tags":[],"yoast_head":"<!-- This site is optimized with the Yoast SEO plugin v23.2 - https:\/\/yoast.com\/wordpress\/plugins\/seo\/ -->\n<title>Tesla rappelle pr\u00e8s de 700 000 v\u00e9hicules aux \u00c9tats-Unis - CanadaMotorJobs.com<\/title>\n<meta name=\"description\" content=\"Tesla rappelle pr\u00e8s de 700 000 v\u00e9hicules aux \u00c9tats-Unis - Benoit Charette - Annuel automobile - CanadaMotorJobs.com.\" \/>\n<meta name=\"robots\" content=\"index, follow, max-snippet:-1, max-image-preview:large, max-video-preview:-1\" \/>\n<meta property=\"og:locale\" content=\"fr_CA\" \/>\n<meta property=\"og:type\" content=\"article\" \/>\n<meta property=\"og:title\" content=\"Tesla rappelle pr\u00e8s de 700 000 v\u00e9hicules aux \u00c9tats-Unis - CanadaMotorJobs.com\" \/>\n<meta property=\"og:description\" content=\"Tesla rappelle pr\u00e8s de 700 000 v\u00e9hicules aux \u00c9tats-Unis - Benoit Charette - Annuel automobile - CanadaMotorJobs.com.\" \/>\n<meta property=\"og:url\" content=\"https:\/\/news.canadamotorjobs.com\/fr\/tesla-rappelle-pres-de-700-000-vehicules-aux-etats-unis\/\" \/>\n<meta property=\"og:site_name\" content=\"CanadaMotorJobs.com\" \/>\n<meta property=\"article:publisher\" content=\"https:\/\/www.facebook.com\/canadamotorjobs\/\" \/>\n<meta property=\"article:published_time\" content=\"2024-12-20T14:58:32+00:00\" \/>\n<meta property=\"article:modified_time\" content=\"2024-12-20T14:59:04+00:00\" \/>\n<meta property=\"og:image\" content=\"https:\/\/news.canadamotorjobs.com\/wp-content\/uploads\/2024\/12\/tesla-model-Y.jpg\" \/>\n\t<meta property=\"og:image:width\" content=\"1200\" \/>\n\t<meta property=\"og:image:height\" content=\"800\" \/>\n\t<meta property=\"og:image:type\" content=\"image\/jpeg\" \/>\n<meta name=\"author\" content=\"Benoit Charette\" \/>\n<meta name=\"twitter:card\" content=\"summary_large_image\" \/>\n<meta name=\"twitter:creator\" content=\"@canadamotorjobs\" \/>\n<meta name=\"twitter:site\" content=\"@canadamotorjobs\" \/>\n<meta name=\"twitter:label1\" content=\"\u00c9crit par\" \/>\n\t<meta name=\"twitter:data1\" content=\"Benoit Charette\" \/>\n\t<meta name=\"twitter:label2\" content=\"Estimation du temps de lecture\" \/>\n\t<meta name=\"twitter:data2\" content=\"2 minutes\" \/>\n<!-- \/ Yoast SEO plugin. -->","yoast_head_json":{"title":"Tesla rappelle pr\u00e8s de 700 000 v\u00e9hicules aux \u00c9tats-Unis - CanadaMotorJobs.com","description":"Tesla rappelle pr\u00e8s de 700 000 v\u00e9hicules aux \u00c9tats-Unis - Benoit Charette - Annuel automobile - CanadaMotorJobs.com.","robots":{"index":"index","follow":"follow","max-snippet":"max-snippet:-1","max-image-preview":"max-image-preview:large","max-video-preview":"max-video-preview:-1"},"og_locale":"fr_CA","og_type":"article","og_title":"Tesla rappelle pr\u00e8s de 700 000 v\u00e9hicules aux \u00c9tats-Unis - CanadaMotorJobs.com","og_description":"Tesla rappelle pr\u00e8s de 700 000 v\u00e9hicules aux \u00c9tats-Unis - Benoit Charette - Annuel automobile - CanadaMotorJobs.com.","og_url":"https:\/\/news.canadamotorjobs.com\/fr\/tesla-rappelle-pres-de-700-000-vehicules-aux-etats-unis\/","og_site_name":"CanadaMotorJobs.com","article_publisher":"https:\/\/www.facebook.com\/canadamotorjobs\/","article_published_time":"2024-12-20T14:58:32+00:00","article_modified_time":"2024-12-20T14:59:04+00:00","og_image":[{"width":1200,"height":800,"url":"https:\/\/news.canadamotorjobs.com\/wp-content\/uploads\/2024\/12\/tesla-model-Y.jpg","type":"image\/jpeg"}],"author":"Benoit Charette","twitter_card":"summary_large_image","twitter_creator":"@canadamotorjobs","twitter_site":"@canadamotorjobs","twitter_misc":{"\u00c9crit par":"Benoit Charette","Estimation du temps de lecture":"2 minutes"},"schema":{"@context":"https:\/\/schema.org","@graph":[{"@type":"Article","@id":"https:\/\/news.canadamotorjobs.com\/fr\/tesla-rappelle-pres-de-700-000-vehicules-aux-etats-unis\/#article","isPartOf":{"@id":"https:\/\/news.canadamotorjobs.com\/fr\/tesla-rappelle-pres-de-700-000-vehicules-aux-etats-unis\/"},"author":{"name":"Benoit Charette","@id":"https:\/\/news.canadamotorjobs.com\/#\/schema\/person\/51793d1f87d44011d7bcc2ed99269a90"},"headline":"Tesla rappelle pr\u00e8s de 700 000 v\u00e9hicules aux \u00c9tats-Unis","datePublished":"2024-12-20T14:58:32+00:00","dateModified":"2024-12-20T14:59:04+00:00","mainEntityOfPage":{"@id":"https:\/\/news.canadamotorjobs.com\/fr\/tesla-rappelle-pres-de-700-000-vehicules-aux-etats-unis\/"},"wordCount":359,"publisher":{"@id":"https:\/\/news.canadamotorjobs.com\/#organization"},"image":{"@id":"https:\/\/news.canadamotorjobs.com\/fr\/tesla-rappelle-pres-de-700-000-vehicules-aux-etats-unis\/#primaryimage"},"thumbnailUrl":"https:\/\/news.canadamotorjobs.com\/wp-content\/uploads\/2024\/12\/tesla-model-Y.jpg","articleSection":["Annuel automobile"],"inLanguage":"fr-CA"},{"@type":"WebPage","@id":"https:\/\/news.canadamotorjobs.com\/fr\/tesla-rappelle-pres-de-700-000-vehicules-aux-etats-unis\/","url":"https:\/\/news.canadamotorjobs.com\/fr\/tesla-rappelle-pres-de-700-000-vehicules-aux-etats-unis\/","name":"Tesla rappelle pr\u00e8s de 700 000 v\u00e9hicules aux \u00c9tats-Unis - CanadaMotorJobs.com","isPartOf":{"@id":"https:\/\/news.canadamotorjobs.com\/#website"},"primaryImageOfPage":{"@id":"https:\/\/news.canadamotorjobs.com\/fr\/tesla-rappelle-pres-de-700-000-vehicules-aux-etats-unis\/#primaryimage"},"image":{"@id":"https:\/\/news.canadamotorjobs.com\/fr\/tesla-rappelle-pres-de-700-000-vehicules-aux-etats-unis\/#primaryimage"},"thumbnailUrl":"https:\/\/news.canadamotorjobs.com\/wp-content\/uploads\/2024\/12\/tesla-model-Y.jpg","datePublished":"2024-12-20T14:58:32+00:00","dateModified":"2024-12-20T14:59:04+00:00","description":"Tesla rappelle pr\u00e8s de 700 000 v\u00e9hicules aux \u00c9tats-Unis - Benoit Charette - Annuel automobile - CanadaMotorJobs.com.","breadcrumb":{"@id":"https:\/\/news.canadamotorjobs.com\/fr\/tesla-rappelle-pres-de-700-000-vehicules-aux-etats-unis\/#breadcrumb"},"inLanguage":"fr-CA","potentialAction":[{"@type":"ReadAction","target":["https:\/\/news.canadamotorjobs.com\/fr\/tesla-rappelle-pres-de-700-000-vehicules-aux-etats-unis\/"]}]},{"@type":"ImageObject","inLanguage":"fr-CA","@id":"https:\/\/news.canadamotorjobs.com\/fr\/tesla-rappelle-pres-de-700-000-vehicules-aux-etats-unis\/#primaryimage","url":"https:\/\/news.canadamotorjobs.com\/wp-content\/uploads\/2024\/12\/tesla-model-Y.jpg","contentUrl":"https:\/\/news.canadamotorjobs.com\/wp-content\/uploads\/2024\/12\/tesla-model-Y.jpg","width":1200,"height":800},{"@type":"BreadcrumbList","@id":"https:\/\/news.canadamotorjobs.com\/fr\/tesla-rappelle-pres-de-700-000-vehicules-aux-etats-unis\/#breadcrumb","itemListElement":[{"@type":"ListItem","position":1,"name":"Home","item":"https:\/\/news.canadamotorjobs.com\/fr\/blog\/"},{"@type":"ListItem","position":2,"name":"Tesla rappelle pr\u00e8s de 700 000 v\u00e9hicules aux \u00c9tats-Unis"}]},{"@type":"WebSite","@id":"https:\/\/news.canadamotorjobs.com\/#website","url":"https:\/\/news.canadamotorjobs.com\/","name":"CanadaMotorJobs.com","description":"Automotive Jobs","publisher":{"@id":"https:\/\/news.canadamotorjobs.com\/#organization"},"potentialAction":[{"@type":"SearchAction","target":{"@type":"EntryPoint","urlTemplate":"https:\/\/news.canadamotorjobs.com\/?s={search_term_string}"},"query-input":"required name=search_term_string"}],"inLanguage":"fr-CA"},{"@type":"Organization","@id":"https:\/\/news.canadamotorjobs.com\/#organization","name":"Canada Motor Jobs","url":"https:\/\/news.canadamotorjobs.com\/","logo":{"@type":"ImageObject","inLanguage":"fr-CA","@id":"https:\/\/news.canadamotorjobs.com\/#\/schema\/logo\/image\/","url":"https:\/\/news.canadamotorjobs.com\/wp-content\/uploads\/2022\/10\/logo-canada-motor-jobs-1.png","contentUrl":"https:\/\/news.canadamotorjobs.com\/wp-content\/uploads\/2022\/10\/logo-canada-motor-jobs-1.png","width":800,"height":400,"caption":"Canada Motor Jobs"},"image":{"@id":"https:\/\/news.canadamotorjobs.com\/#\/schema\/logo\/image\/"},"sameAs":["https:\/\/www.facebook.com\/canadamotorjobs\/","https:\/\/x.com\/canadamotorjobs","https:\/\/www.instagram.com\/canadamotorjobs\/","https:\/\/www.linkedin.com\/company\/canadamotorjobs"]},{"@type":"Person","@id":"https:\/\/news.canadamotorjobs.com\/#\/schema\/person\/51793d1f87d44011d7bcc2ed99269a90","name":"Benoit Charette","image":{"@type":"ImageObject","inLanguage":"fr-CA","@id":"https:\/\/news.canadamotorjobs.com\/#\/schema\/person\/image\/","url":"https:\/\/secure.gravatar.com\/avatar\/45f3d2eebcccd909668d7ce7ea7267b6?s=96&d=mm&r=g","contentUrl":"https:\/\/secure.gravatar.com\/avatar\/45f3d2eebcccd909668d7ce7ea7267b6?s=96&d=mm&r=g","caption":"Benoit Charette"},"description":"Benoit Charette \/ Propri\u00e9taire et r\u00e9dacteur en chef Benoit Charette pratique le journalisme automobile depuis bient\u00f4t 30 ans. Il a fait ses classes au c\u00f4t\u00e9 de Daniel H\u00e9raud et au Carnet de route de 1992 \u00e0 2001. Il est fondateur, copropri\u00e9taire et r\u00e9dacteur en chef de L\u2019Annuel de l\u2019automobile, qu\u2019il publie depuis 2001. Il a anim\u00e9 les \u00e9missions RPM et RPM+ sur V et les L\u00e9gendes de la route sur Historia. \u00c0 la radio depuis 1986, il reprend l\u2019antenne cette ann\u00e9e sur les ondes de Cogeco et participe pour la deuxi\u00e8me ann\u00e9e \u00e0 l\u2019\u00e9mission Passion Auto sur RDS en plus de mettre en ligne le site Web officiel de L\u2019Annuel de l\u2019automobile sur annuelauto.ca.","sameAs":["https:\/\/annuelauto.ca\/"],"url":"https:\/\/news.canadamotorjobs.com\/fr\/author\/benoit-charette\/"}]}},"_links":{"self":[{"href":"https:\/\/news.canadamotorjobs.com\/fr\/wp-json\/wp\/v2\/posts\/185885"}],"collection":[{"href":"https:\/\/news.canadamotorjobs.com\/fr\/wp-json\/wp\/v2\/posts"}],"about":[{"href":"https:\/\/news.canadamotorjobs.com\/fr\/wp-json\/wp\/v2\/types\/post"}],"author":[{"embeddable":true,"href":"https:\/\/news.canadamotorjobs.com\/fr\/wp-json\/wp\/v2\/users\/8"}],"replies":[{"embeddable":true,"href":"https:\/\/news.canadamotorjobs.com\/fr\/wp-json\/wp\/v2\/comments?post=185885"}],"version-history":[{"count":2,"href":"https:\/\/news.canadamotorjobs.com\/fr\/wp-json\/wp\/v2\/posts\/185885\/revisions"}],"predecessor-version":[{"id":185889,"href":"https:\/\/news.canadamotorjobs.com\/fr\/wp-json\/wp\/v2\/posts\/185885\/revisions\/185889"}],"wp:featuredmedia":[{"embeddable":true,"href":"https:\/\/news.canadamotorjobs.com\/fr\/wp-json\/wp\/v2\/media\/185887"}],"wp:attachment":[{"href":"https:\/\/news.canadamotorjobs.com\/fr\/wp-json\/wp\/v2\/media?parent=185885"}],"wp:term":[{"taxonomy":"category","embeddable":true,"href":"https:\/\/news.canadamotorjobs.com\/fr\/wp-json\/wp\/v2\/categories?post=185885"},{"taxonomy":"post_tag","embeddable":true,"href":"https:\/\/news.canadamotorjobs.com\/fr\/wp-json\/wp\/v2\/tags?post=185885"}],"curies":[{"name":"wp","href":"https:\/\/api.w.org\/{rel}","templated":true}]}}