{"id":185857,"date":"2024-12-20T02:24:27","date_gmt":"2024-12-20T07:24:27","guid":{"rendered":"https:\/\/news.canadamotorjobs.com\/?p=185857"},"modified":"2024-12-20T02:30:47","modified_gmt":"2024-12-20T07:30:47","slug":"chevrolet-rappelle-les-equinox-ev-qui-sont-trop-silencieux","status":"publish","type":"post","link":"https:\/\/news.canadamotorjobs.com\/fr\/chevrolet-rappelle-les-equinox-ev-qui-sont-trop-silencieux\/","title":{"rendered":"Chevrolet rappelle les Equinox EV qui sont trop silencieux"},"content":{"rendered":"<\/p>\n<p>General Motors (GM) a lanc\u00e9 un rappel pour le Chevrolet Equinox EV 2025 en raison d\u2019un probl\u00e8me de s\u00e9curit\u00e9 inattendu : le v\u00e9hicule est trop silencieux \u00e0 basse vitesse. En effet, le syst\u00e8me d\u2019alerte pour pi\u00e9tons, con\u00e7u pour produire du bruit et avertir les passants, ne fonctionne pas correctement, ce qui pourrait augmenter le risque d\u2019accident.<\/p>\n<p><strong>Silence et s\u00e9curit\u00e9<\/strong><\/p>\n<p>L\u2019une des qualit\u00e9s les plus appr\u00e9ci\u00e9es des v\u00e9hicules \u00e9lectriques (VE) est leur silence de fonctionnement. Contrairement aux mod\u00e8les \u00e0 moteurs \u00e0 combustion, les VE ne produisent pratiquement aucun bruit \u00e0 basse vitesse. Cela impose cependant aux fabricants d\u2019installer des syst\u00e8mes d\u2019alerte pour pi\u00e9tons capables de g\u00e9n\u00e9rer un son artificiel pour signaler la pr\u00e9sence du v\u00e9hicule.<\/p>\n<p>Dans le cas de l\u2019Equinox EV 2025, GM a identifi\u00e9 un d\u00e9faut logiciel dans le syst\u00e8me d\u2019alerte, rendant le v\u00e9hicule trop silencieux pour respecter les normes f\u00e9d\u00e9rales de s\u00e9curit\u00e9.<\/p>\n<p><strong>Rappel officiel et correctif<\/strong><\/p>\n<p>Le rappel, publi\u00e9 le 5 d\u00e9cembre 2024, concerne 7606 exemplaires du Chevrolet Equinox EV. Selon GM, 100 % des v\u00e9hicules rappel\u00e9s pr\u00e9sentent ce d\u00e9faut. Cela ne concerne pas les mod\u00e8les \u00e0 essence de l\u2019Equinox, uniquement les versions \u00e9lectriques.<\/p>\n<p>La norme incrimin\u00e9e, la FMVSS 141 (Federal Motor Vehicle Safety Standard 141), impose un niveau sonore minimum pour les v\u00e9hicules hybrides et \u00e9lectriques \u00e0 basse vitesse. Sans ces sons, les pi\u00e9tons risquent de ne pas percevoir la pr\u00e9sence d\u2019un v\u00e9hicule, augmentant ainsi les risques de blessures.<\/p>\n<p><\/p>\n<figure><img decoding=\"async\" src=\"https:\/\/news.canadamotorjobs.com\/wp-content\/uploads\/2024\/12\/equinox-ev-23-5.jpg\" alt=\"Le Chevrolet Equinox EV, avant\" \/><figcaption>Le Chevrolet Equinox EV, avant | Auto123.com<\/figcaption><\/figure>\n<p><strong>R\u00e9paration gratuite et information aux propri\u00e9taires<\/strong><\/p>\n<p>GM a corrig\u00e9 ce probl\u00e8me \u00e0 son usine d\u2019assemblage d\u00e8s le 16 octobre 2024. Pour les v\u00e9hicules d\u00e9j\u00e0 livr\u00e9s, les propri\u00e9taires pourront faire mettre \u00e0 jour gratuitement le module de contr\u00f4le de la carrosserie (Body Control Module) chez un concessionnaire GM.<\/p>\n<p>Les courriers informant les propri\u00e9taires du rappel seront envoy\u00e9s \u00e0 partir du 27 janvier 2025.<\/p>\n<p><strong>Un probl\u00e8me qui souligne les d\u00e9fis des VE<\/strong><\/p>\n<p>Ce rappel met en lumi\u00e8re l\u2019importance des syst\u00e8mes d\u2019alerte sonore dans l\u2019adoption des VE. Bien que le silence soit une caract\u00e9ristique appr\u00e9ci\u00e9e, il peut aussi repr\u00e9senter un d\u00e9fi en mati\u00e8re de s\u00e9curit\u00e9, surtout pour les pi\u00e9tons.<\/p>\n<p><\/p>\n<p style=\"padding-top: 15px\">Contenu original de <a href=\"https:\/\/www.auto123.com\/fr\/actualites\/rappel-chevrolet-equinox-ev-2025-silencieux\/72206\/\">auto123<\/a>.<\/p>\n<p>Le texte <a rel=\"nofollow\" href=\"https:\/\/annuelauto.ca\/chevrolet-rappelle-les-equinox-ev-qui-sont-trop-silencieux\/\">Chevrolet rappelle les Equinox EV qui sont trop silencieux<\/a> provient de <a rel=\"nofollow\" href=\"https:\/\/annuelauto.ca\">L&#8217;annuel de l&#8217;automobile &#8211; Actualit\u00e9 automobile<\/a><\/p>\n<p><\/p>\n","protected":false},"excerpt":{"rendered":"<p>General Motors (GM) a lanc\u00e9 un rappel pour le Chevrolet Equinox EV 2025 en raison d\u2019un probl\u00e8me de s\u00e9curit\u00e9 inattendu : le v\u00e9hicule est trop silencieux \u00e0 basse vitesse. En effet, le syst\u00e8me d\u2019alerte pour pi\u00e9tons, con\u00e7u pour produire du bruit et avertir les passants, ne fonctionne pas correctement, ce qui pourrait augmenter le risque [&hellip;]<\/p>\n","protected":false},"author":8,"featured_media":185859,"comment_status":"close","ping_status":"closed","sticky":false,"template":"","format":"standard","meta":{"_monsterinsights_skip_tracking":false,"_monsterinsights_sitenote_active":false,"_monsterinsights_sitenote_note":"","_monsterinsights_sitenote_category":0,"footnotes":""},"categories":[101],"tags":[],"yoast_head":"<!-- This site is optimized with the Yoast SEO plugin v23.2 - https:\/\/yoast.com\/wordpress\/plugins\/seo\/ -->\n<title>Chevrolet rappelle les Equinox EV qui sont trop silencieux - CanadaMotorJobs.com<\/title>\n<meta name=\"description\" content=\"Chevrolet rappelle les Equinox EV qui sont trop silencieux - Benoit Charette - Annuel automobile - CanadaMotorJobs.com.\" \/>\n<meta name=\"robots\" content=\"index, follow, max-snippet:-1, max-image-preview:large, max-video-preview:-1\" \/>\n<meta property=\"og:locale\" content=\"fr_CA\" \/>\n<meta property=\"og:type\" content=\"article\" \/>\n<meta property=\"og:title\" content=\"Chevrolet rappelle les Equinox EV qui sont trop silencieux - CanadaMotorJobs.com\" \/>\n<meta property=\"og:description\" content=\"Chevrolet rappelle les Equinox EV qui sont trop silencieux - Benoit Charette - Annuel automobile - CanadaMotorJobs.com.\" \/>\n<meta property=\"og:url\" content=\"https:\/\/news.canadamotorjobs.com\/fr\/chevrolet-rappelle-les-equinox-ev-qui-sont-trop-silencieux\/\" \/>\n<meta property=\"og:site_name\" content=\"CanadaMotorJobs.com\" \/>\n<meta property=\"article:publisher\" content=\"https:\/\/www.facebook.com\/canadamotorjobs\/\" \/>\n<meta property=\"article:published_time\" content=\"2024-12-20T07:24:27+00:00\" \/>\n<meta property=\"article:modified_time\" content=\"2024-12-20T07:30:47+00:00\" \/>\n<meta property=\"og:image\" content=\"https:\/\/news.canadamotorjobs.com\/wp-content\/uploads\/2024\/12\/equinox-ev-23.jpg\" \/>\n\t<meta property=\"og:image:width\" content=\"1200\" \/>\n\t<meta property=\"og:image:height\" content=\"577\" \/>\n\t<meta property=\"og:image:type\" content=\"image\/jpeg\" \/>\n<meta name=\"author\" content=\"Benoit Charette\" \/>\n<meta name=\"twitter:card\" content=\"summary_large_image\" \/>\n<meta name=\"twitter:creator\" content=\"@canadamotorjobs\" \/>\n<meta name=\"twitter:site\" content=\"@canadamotorjobs\" \/>\n<meta name=\"twitter:label1\" content=\"\u00c9crit par\" \/>\n\t<meta name=\"twitter:data1\" content=\"Benoit Charette\" \/>\n\t<meta name=\"twitter:label2\" content=\"Estimation du temps de lecture\" \/>\n\t<meta name=\"twitter:data2\" content=\"2 minutes\" \/>\n<!-- \/ Yoast SEO plugin. -->","yoast_head_json":{"title":"Chevrolet rappelle les Equinox EV qui sont trop silencieux - CanadaMotorJobs.com","description":"Chevrolet rappelle les Equinox EV qui sont trop silencieux - Benoit Charette - Annuel automobile - CanadaMotorJobs.com.","robots":{"index":"index","follow":"follow","max-snippet":"max-snippet:-1","max-image-preview":"max-image-preview:large","max-video-preview":"max-video-preview:-1"},"og_locale":"fr_CA","og_type":"article","og_title":"Chevrolet rappelle les Equinox EV qui sont trop silencieux - CanadaMotorJobs.com","og_description":"Chevrolet rappelle les Equinox EV qui sont trop silencieux - Benoit Charette - Annuel automobile - CanadaMotorJobs.com.","og_url":"https:\/\/news.canadamotorjobs.com\/fr\/chevrolet-rappelle-les-equinox-ev-qui-sont-trop-silencieux\/","og_site_name":"CanadaMotorJobs.com","article_publisher":"https:\/\/www.facebook.com\/canadamotorjobs\/","article_published_time":"2024-12-20T07:24:27+00:00","article_modified_time":"2024-12-20T07:30:47+00:00","og_image":[{"width":1200,"height":577,"url":"https:\/\/news.canadamotorjobs.com\/wp-content\/uploads\/2024\/12\/equinox-ev-23.jpg","type":"image\/jpeg"}],"author":"Benoit Charette","twitter_card":"summary_large_image","twitter_creator":"@canadamotorjobs","twitter_site":"@canadamotorjobs","twitter_misc":{"\u00c9crit par":"Benoit Charette","Estimation du temps de lecture":"2 minutes"},"schema":{"@context":"https:\/\/schema.org","@graph":[{"@type":"Article","@id":"https:\/\/news.canadamotorjobs.com\/fr\/chevrolet-rappelle-les-equinox-ev-qui-sont-trop-silencieux\/#article","isPartOf":{"@id":"https:\/\/news.canadamotorjobs.com\/fr\/chevrolet-rappelle-les-equinox-ev-qui-sont-trop-silencieux\/"},"author":{"name":"Benoit Charette","@id":"https:\/\/news.canadamotorjobs.com\/#\/schema\/person\/51793d1f87d44011d7bcc2ed99269a90"},"headline":"Chevrolet rappelle les Equinox EV qui sont trop silencieux","datePublished":"2024-12-20T07:24:27+00:00","dateModified":"2024-12-20T07:30:47+00:00","mainEntityOfPage":{"@id":"https:\/\/news.canadamotorjobs.com\/fr\/chevrolet-rappelle-les-equinox-ev-qui-sont-trop-silencieux\/"},"wordCount":427,"publisher":{"@id":"https:\/\/news.canadamotorjobs.com\/#organization"},"image":{"@id":"https:\/\/news.canadamotorjobs.com\/fr\/chevrolet-rappelle-les-equinox-ev-qui-sont-trop-silencieux\/#primaryimage"},"thumbnailUrl":"https:\/\/news.canadamotorjobs.com\/wp-content\/uploads\/2024\/12\/equinox-ev-23.jpg","articleSection":["Annuel automobile"],"inLanguage":"fr-CA"},{"@type":"WebPage","@id":"https:\/\/news.canadamotorjobs.com\/fr\/chevrolet-rappelle-les-equinox-ev-qui-sont-trop-silencieux\/","url":"https:\/\/news.canadamotorjobs.com\/fr\/chevrolet-rappelle-les-equinox-ev-qui-sont-trop-silencieux\/","name":"Chevrolet rappelle les Equinox EV qui sont trop silencieux - CanadaMotorJobs.com","isPartOf":{"@id":"https:\/\/news.canadamotorjobs.com\/#website"},"primaryImageOfPage":{"@id":"https:\/\/news.canadamotorjobs.com\/fr\/chevrolet-rappelle-les-equinox-ev-qui-sont-trop-silencieux\/#primaryimage"},"image":{"@id":"https:\/\/news.canadamotorjobs.com\/fr\/chevrolet-rappelle-les-equinox-ev-qui-sont-trop-silencieux\/#primaryimage"},"thumbnailUrl":"https:\/\/news.canadamotorjobs.com\/wp-content\/uploads\/2024\/12\/equinox-ev-23.jpg","datePublished":"2024-12-20T07:24:27+00:00","dateModified":"2024-12-20T07:30:47+00:00","description":"Chevrolet rappelle les Equinox EV qui sont trop silencieux - Benoit Charette - Annuel automobile - CanadaMotorJobs.com.","breadcrumb":{"@id":"https:\/\/news.canadamotorjobs.com\/fr\/chevrolet-rappelle-les-equinox-ev-qui-sont-trop-silencieux\/#breadcrumb"},"inLanguage":"fr-CA","potentialAction":[{"@type":"ReadAction","target":["https:\/\/news.canadamotorjobs.com\/fr\/chevrolet-rappelle-les-equinox-ev-qui-sont-trop-silencieux\/"]}]},{"@type":"ImageObject","inLanguage":"fr-CA","@id":"https:\/\/news.canadamotorjobs.com\/fr\/chevrolet-rappelle-les-equinox-ev-qui-sont-trop-silencieux\/#primaryimage","url":"https:\/\/news.canadamotorjobs.com\/wp-content\/uploads\/2024\/12\/equinox-ev-23.jpg","contentUrl":"https:\/\/news.canadamotorjobs.com\/wp-content\/uploads\/2024\/12\/equinox-ev-23.jpg","width":1200,"height":577},{"@type":"BreadcrumbList","@id":"https:\/\/news.canadamotorjobs.com\/fr\/chevrolet-rappelle-les-equinox-ev-qui-sont-trop-silencieux\/#breadcrumb","itemListElement":[{"@type":"ListItem","position":1,"name":"Home","item":"https:\/\/news.canadamotorjobs.com\/fr\/blog\/"},{"@type":"ListItem","position":2,"name":"Chevrolet rappelle les Equinox EV qui sont trop silencieux"}]},{"@type":"WebSite","@id":"https:\/\/news.canadamotorjobs.com\/#website","url":"https:\/\/news.canadamotorjobs.com\/","name":"CanadaMotorJobs.com","description":"Automotive Jobs","publisher":{"@id":"https:\/\/news.canadamotorjobs.com\/#organization"},"potentialAction":[{"@type":"SearchAction","target":{"@type":"EntryPoint","urlTemplate":"https:\/\/news.canadamotorjobs.com\/?s={search_term_string}"},"query-input":"required name=search_term_string"}],"inLanguage":"fr-CA"},{"@type":"Organization","@id":"https:\/\/news.canadamotorjobs.com\/#organization","name":"Canada Motor Jobs","url":"https:\/\/news.canadamotorjobs.com\/","logo":{"@type":"ImageObject","inLanguage":"fr-CA","@id":"https:\/\/news.canadamotorjobs.com\/#\/schema\/logo\/image\/","url":"https:\/\/news.canadamotorjobs.com\/wp-content\/uploads\/2022\/10\/logo-canada-motor-jobs-1.png","contentUrl":"https:\/\/news.canadamotorjobs.com\/wp-content\/uploads\/2022\/10\/logo-canada-motor-jobs-1.png","width":800,"height":400,"caption":"Canada Motor Jobs"},"image":{"@id":"https:\/\/news.canadamotorjobs.com\/#\/schema\/logo\/image\/"},"sameAs":["https:\/\/www.facebook.com\/canadamotorjobs\/","https:\/\/x.com\/canadamotorjobs","https:\/\/www.instagram.com\/canadamotorjobs\/","https:\/\/www.linkedin.com\/company\/canadamotorjobs"]},{"@type":"Person","@id":"https:\/\/news.canadamotorjobs.com\/#\/schema\/person\/51793d1f87d44011d7bcc2ed99269a90","name":"Benoit Charette","image":{"@type":"ImageObject","inLanguage":"fr-CA","@id":"https:\/\/news.canadamotorjobs.com\/#\/schema\/person\/image\/","url":"https:\/\/secure.gravatar.com\/avatar\/45f3d2eebcccd909668d7ce7ea7267b6?s=96&d=mm&r=g","contentUrl":"https:\/\/secure.gravatar.com\/avatar\/45f3d2eebcccd909668d7ce7ea7267b6?s=96&d=mm&r=g","caption":"Benoit Charette"},"description":"Benoit Charette \/ Propri\u00e9taire et r\u00e9dacteur en chef Benoit Charette pratique le journalisme automobile depuis bient\u00f4t 30 ans. Il a fait ses classes au c\u00f4t\u00e9 de Daniel H\u00e9raud et au Carnet de route de 1992 \u00e0 2001. Il est fondateur, copropri\u00e9taire et r\u00e9dacteur en chef de L\u2019Annuel de l\u2019automobile, qu\u2019il publie depuis 2001. Il a anim\u00e9 les \u00e9missions RPM et RPM+ sur V et les L\u00e9gendes de la route sur Historia. \u00c0 la radio depuis 1986, il reprend l\u2019antenne cette ann\u00e9e sur les ondes de Cogeco et participe pour la deuxi\u00e8me ann\u00e9e \u00e0 l\u2019\u00e9mission Passion Auto sur RDS en plus de mettre en ligne le site Web officiel de L\u2019Annuel de l\u2019automobile sur annuelauto.ca.","sameAs":["https:\/\/annuelauto.ca\/"],"url":"https:\/\/news.canadamotorjobs.com\/fr\/author\/benoit-charette\/"}]}},"_links":{"self":[{"href":"https:\/\/news.canadamotorjobs.com\/fr\/wp-json\/wp\/v2\/posts\/185857"}],"collection":[{"href":"https:\/\/news.canadamotorjobs.com\/fr\/wp-json\/wp\/v2\/posts"}],"about":[{"href":"https:\/\/news.canadamotorjobs.com\/fr\/wp-json\/wp\/v2\/types\/post"}],"author":[{"embeddable":true,"href":"https:\/\/news.canadamotorjobs.com\/fr\/wp-json\/wp\/v2\/users\/8"}],"replies":[{"embeddable":true,"href":"https:\/\/news.canadamotorjobs.com\/fr\/wp-json\/wp\/v2\/comments?post=185857"}],"version-history":[{"count":3,"href":"https:\/\/news.canadamotorjobs.com\/fr\/wp-json\/wp\/v2\/posts\/185857\/revisions"}],"predecessor-version":[{"id":185884,"href":"https:\/\/news.canadamotorjobs.com\/fr\/wp-json\/wp\/v2\/posts\/185857\/revisions\/185884"}],"wp:featuredmedia":[{"embeddable":true,"href":"https:\/\/news.canadamotorjobs.com\/fr\/wp-json\/wp\/v2\/media\/185859"}],"wp:attachment":[{"href":"https:\/\/news.canadamotorjobs.com\/fr\/wp-json\/wp\/v2\/media?parent=185857"}],"wp:term":[{"taxonomy":"category","embeddable":true,"href":"https:\/\/news.canadamotorjobs.com\/fr\/wp-json\/wp\/v2\/categories?post=185857"},{"taxonomy":"post_tag","embeddable":true,"href":"https:\/\/news.canadamotorjobs.com\/fr\/wp-json\/wp\/v2\/tags?post=185857"}],"curies":[{"name":"wp","href":"https:\/\/api.w.org\/{rel}","templated":true}]}}