{"id":185821,"date":"2024-12-20T02:24:27","date_gmt":"2024-12-20T07:24:27","guid":{"rendered":"https:\/\/news.canadamotorjobs.com\/?p=185821"},"modified":"2024-12-20T02:30:36","modified_gmt":"2024-12-20T07:30:36","slug":"toyota-confirme-un-pickup-compact-hybride-pour-2027-pour-le-bresil","status":"publish","type":"post","link":"https:\/\/news.canadamotorjobs.com\/fr\/toyota-confirme-un-pickup-compact-hybride-pour-2027-pour-le-bresil\/","title":{"rendered":"Toyota confirme un pickup compact hybride pour 2027 (pour le Br\u00e9sil)"},"content":{"rendered":"<\/p>\n<p>Toyota pr\u00e9pare un nouveau pickup compact hybride pour 2027. Avec un design inspir\u00e9 du concept Toyota EPU, le camion hybride, qui va profiter d\u2019une structure monocoque, fera ses d\u00e9buts au Br\u00e9sil en 2027. Toyota ambitionne de rivaliser avec Ford avec son Maverick dans un segment en pleine effervescence.<\/p>\n<p><strong>Une camionnette compacte hybride pour le march\u00e9 br\u00e9silien<\/strong><\/p>\n<p>Toyota a r\u00e9cemment d\u00e9voil\u00e9 \u00e0 ses concessionnaires br\u00e9siliens une strat\u00e9gie ambitieuse pour 2027. Parmi les projets, une camionnette compacte hybride, bas\u00e9e sur une version am\u00e9lior\u00e9e de la plateforme TNGA.<\/p>\n<p><strong>Caract\u00e9ristiques principales<\/strong><\/p>\n<ul><\/p>\n<li>\u2022\u00a0\u00a0\u00a0 Motorisation hybride : avec option de transmission int\u00e9grale.<\/li>\n<p><\/p>\n<li>\u2022\u00a0\u00a0\u00a0 Construction monocoque : plus l\u00e9g\u00e8re et adapt\u00e9e aux routes urbaines.<\/li>\n<p><\/p>\n<li>\u2022\u00a0\u00a0\u00a0 Lancement pr\u00e9vu en 2027 : avec un design inspir\u00e9 du concept EPU.<\/li>\n<p>\n<\/ul>\n<p>Ce mod\u00e8le s\u2019inscrit dans le cadre d\u2019un investissement massif de 2,2 milliards dans la r\u00e9gion, annonc\u00e9 en mars 2024. Toyota vise \u00e0 d\u00e9velopper des motorisations hybrides plus performantes, adapt\u00e9es aux carburants locaux comme l\u2019\u00e9thanol.<\/p>\n<p><\/p>\n<figure><img decoding=\"async\" src=\"https:\/\/news.canadamotorjobs.com\/wp-content\/uploads\/2024\/12\/toyota_epu-5.jpeg\" alt=\"Le Toyota EPU\" \/><figcaption>Le Toyota EPU | Auto123.com<\/figcaption><\/figure>\n<p><strong>Design et concurrence<\/strong><\/p>\n<p>Inspir\u00e9 du concept Toyota EPU d\u00e9voil\u00e9 en 2023, ce pickup compact proposera des dimensions l\u00e9g\u00e8rement ajust\u00e9es pour int\u00e9grer sa motorisation hybride.<\/p>\n<p><strong>Caract\u00e9ristiques techniques attendues<\/strong><\/p>\n<p>\u2022\u00a0\u00a0\u00a0 Longueur : environ cinq m\u00e8tres.<\/p>\n<p>\u2022\u00a0\u00a0\u00a0 Empattement g\u00e9n\u00e9reux pour maximiser l\u2019espace de chargement.<\/p>\n<p>\u2022\u00a0\u00a0\u00a0 Caisse arri\u00e8re extensible pour une meilleure capacit\u00e9 de chargement.<\/p>\n<p>Positionn\u00e9 sous le Hilux, ce mod\u00e8le affrontera des rivaux bien connus en Am\u00e9rique du Sud comme le Ford Maverick et le Chevrolet Montana.\u00a0\u00a0 \u00a0<\/p>\n<p>Avec Renault, Nissan et Volkswagen \u00e9galement en lice, le march\u00e9 sud-am\u00e9ricain des camionnettes compactes promet aussi d\u2019\u00eatre tr\u00e8s comp\u00e9titif.<\/p>\n<p><strong>Et pour l\u2019Am\u00e9rique du Nord ?<\/strong><\/p>\n<p>La question reste ouverte quant \u00e0 l\u2019introduction de cette camionnette en Am\u00e9rique du Nord. Ted Ogawa, le grand patron de Toyota en Am\u00e9rique du Nord, a \u00e9voqu\u00e9 le d\u00e9fi que repr\u00e9sente le co\u00fbt.<\/p>\n<p>Pour contourner la fameuse \u00ab chicken tax \u00bb \u2014 un tarif de 25 % sur les importations de camions l\u00e9gers \u2014, Toyota aurait \u00e0 produire ce mod\u00e8le aux \u00c9tats-Unis ou au Canada.<\/p>\n<p><strong>Une strat\u00e9gie hybride solide<\/strong><\/p>\n<p>Toyota semble bien plac\u00e9 pour r\u00e9ussir dans ce segment gr\u00e2ce \u00e0 son expertise en motorisations hybrides. Si le pickup est offert \u00e0 un prix comp\u00e9titif, il pourrait non seulement conqu\u00e9rir le march\u00e9 sud-am\u00e9ricain, mais aussi poser les bases d\u2019une offensive en Am\u00e9rique du Nord.<\/p>\n<p><\/p>\n<figure><img decoding=\"async\" src=\"https:\/\/news.canadamotorjobs.com\/wp-content\/uploads\/2024\/12\/toyota_epu_26-1.jpeg\" alt=\"Le Toyota EPU, de haut\" \/><figcaption>Le Toyota EPU, de haut | Auto123.com<\/figcaption><\/figure>\n<figure><img decoding=\"async\" src=\"https:\/\/news.canadamotorjobs.com\/wp-content\/uploads\/2024\/12\/toyota_epu_29-1.jpeg\" alt=\"Le Toyota EPU, int\u00e9rieur\" \/><figcaption>Le Toyota EPU, int\u00e9rieur | Auto123.com<\/figcaption><\/figure>\n<p style=\"padding-top: 15px\">Contenu original de <a href=\"https:\/\/www.auto123.com\/fr\/actualites\/toyota-pickup-compact-2027-hybride-rival-maverick\/72210\/\">auto123<\/a>.<\/p>\n<p>Le texte <a rel=\"nofollow\" href=\"https:\/\/annuelauto.ca\/toyota-confirme-un-pickup-compact-hybride-pour-2027-pour-le-bresil\/\">Toyota confirme un pickup compact hybride pour 2027 (pour le Br\u00e9sil)<\/a> provient de <a rel=\"nofollow\" href=\"https:\/\/annuelauto.ca\">L&#8217;annuel de l&#8217;automobile &#8211; Actualit\u00e9 automobile<\/a><\/p>\n<p><\/p>\n","protected":false},"excerpt":{"rendered":"<p>Toyota pr\u00e9pare un nouveau pickup compact hybride pour 2027. Avec un design inspir\u00e9 du concept Toyota EPU, le camion hybride, qui va profiter d\u2019une structure monocoque, fera ses d\u00e9buts au Br\u00e9sil en 2027. Toyota ambitionne de rivaliser avec Ford avec son Maverick dans un segment en pleine effervescence. Une camionnette compacte hybride pour le march\u00e9 [&hellip;]<\/p>\n","protected":false},"author":8,"featured_media":185823,"comment_status":"close","ping_status":"closed","sticky":false,"template":"","format":"standard","meta":{"_monsterinsights_skip_tracking":false,"_monsterinsights_sitenote_active":false,"_monsterinsights_sitenote_note":"","_monsterinsights_sitenote_category":0,"footnotes":""},"categories":[101],"tags":[],"yoast_head":"<!-- This site is optimized with the Yoast SEO plugin v23.2 - https:\/\/yoast.com\/wordpress\/plugins\/seo\/ -->\n<title>Toyota confirme un pickup compact hybride pour 2027 (pour le Br\u00e9sil) - CanadaMotorJobs.com<\/title>\n<meta name=\"description\" content=\"Toyota confirme un pickup compact hybride pour 2027 (pour le Br\u00e9sil) - Benoit Charette - Annuel automobile - CanadaMotorJobs.com.\" \/>\n<meta name=\"robots\" content=\"index, follow, max-snippet:-1, max-image-preview:large, max-video-preview:-1\" \/>\n<meta property=\"og:locale\" content=\"fr_CA\" \/>\n<meta property=\"og:type\" content=\"article\" \/>\n<meta property=\"og:title\" content=\"Toyota confirme un pickup compact hybride pour 2027 (pour le Br\u00e9sil) - CanadaMotorJobs.com\" \/>\n<meta property=\"og:description\" content=\"Toyota confirme un pickup compact hybride pour 2027 (pour le Br\u00e9sil) - Benoit Charette - Annuel automobile - CanadaMotorJobs.com.\" \/>\n<meta property=\"og:url\" content=\"https:\/\/news.canadamotorjobs.com\/fr\/toyota-confirme-un-pickup-compact-hybride-pour-2027-pour-le-bresil\/\" \/>\n<meta property=\"og:site_name\" content=\"CanadaMotorJobs.com\" \/>\n<meta property=\"article:publisher\" content=\"https:\/\/www.facebook.com\/canadamotorjobs\/\" \/>\n<meta property=\"article:published_time\" content=\"2024-12-20T07:24:27+00:00\" \/>\n<meta property=\"article:modified_time\" content=\"2024-12-20T07:30:36+00:00\" \/>\n<meta property=\"og:image\" content=\"https:\/\/news.canadamotorjobs.com\/wp-content\/uploads\/2024\/12\/toyota_epu.jpeg\" \/>\n\t<meta property=\"og:image:width\" content=\"1200\" \/>\n\t<meta property=\"og:image:height\" content=\"633\" \/>\n\t<meta property=\"og:image:type\" content=\"image\/jpeg\" \/>\n<meta name=\"author\" content=\"Benoit Charette\" \/>\n<meta name=\"twitter:card\" content=\"summary_large_image\" \/>\n<meta name=\"twitter:creator\" content=\"@canadamotorjobs\" \/>\n<meta name=\"twitter:site\" content=\"@canadamotorjobs\" \/>\n<meta name=\"twitter:label1\" content=\"\u00c9crit par\" \/>\n\t<meta name=\"twitter:data1\" content=\"Benoit Charette\" \/>\n\t<meta name=\"twitter:label2\" content=\"Estimation du temps de lecture\" \/>\n\t<meta name=\"twitter:data2\" content=\"2 minutes\" \/>\n<!-- \/ Yoast SEO plugin. -->","yoast_head_json":{"title":"Toyota confirme un pickup compact hybride pour 2027 (pour le Br\u00e9sil) - CanadaMotorJobs.com","description":"Toyota confirme un pickup compact hybride pour 2027 (pour le Br\u00e9sil) - Benoit Charette - Annuel automobile - CanadaMotorJobs.com.","robots":{"index":"index","follow":"follow","max-snippet":"max-snippet:-1","max-image-preview":"max-image-preview:large","max-video-preview":"max-video-preview:-1"},"og_locale":"fr_CA","og_type":"article","og_title":"Toyota confirme un pickup compact hybride pour 2027 (pour le Br\u00e9sil) - CanadaMotorJobs.com","og_description":"Toyota confirme un pickup compact hybride pour 2027 (pour le Br\u00e9sil) - Benoit Charette - Annuel automobile - CanadaMotorJobs.com.","og_url":"https:\/\/news.canadamotorjobs.com\/fr\/toyota-confirme-un-pickup-compact-hybride-pour-2027-pour-le-bresil\/","og_site_name":"CanadaMotorJobs.com","article_publisher":"https:\/\/www.facebook.com\/canadamotorjobs\/","article_published_time":"2024-12-20T07:24:27+00:00","article_modified_time":"2024-12-20T07:30:36+00:00","og_image":[{"width":1200,"height":633,"url":"https:\/\/news.canadamotorjobs.com\/wp-content\/uploads\/2024\/12\/toyota_epu.jpeg","type":"image\/jpeg"}],"author":"Benoit Charette","twitter_card":"summary_large_image","twitter_creator":"@canadamotorjobs","twitter_site":"@canadamotorjobs","twitter_misc":{"\u00c9crit par":"Benoit Charette","Estimation du temps de lecture":"2 minutes"},"schema":{"@context":"https:\/\/schema.org","@graph":[{"@type":"Article","@id":"https:\/\/news.canadamotorjobs.com\/fr\/toyota-confirme-un-pickup-compact-hybride-pour-2027-pour-le-bresil\/#article","isPartOf":{"@id":"https:\/\/news.canadamotorjobs.com\/fr\/toyota-confirme-un-pickup-compact-hybride-pour-2027-pour-le-bresil\/"},"author":{"name":"Benoit Charette","@id":"https:\/\/news.canadamotorjobs.com\/#\/schema\/person\/51793d1f87d44011d7bcc2ed99269a90"},"headline":"Toyota confirme un pickup compact hybride pour 2027 (pour le Br\u00e9sil)","datePublished":"2024-12-20T07:24:27+00:00","dateModified":"2024-12-20T07:30:36+00:00","mainEntityOfPage":{"@id":"https:\/\/news.canadamotorjobs.com\/fr\/toyota-confirme-un-pickup-compact-hybride-pour-2027-pour-le-bresil\/"},"wordCount":453,"publisher":{"@id":"https:\/\/news.canadamotorjobs.com\/#organization"},"image":{"@id":"https:\/\/news.canadamotorjobs.com\/fr\/toyota-confirme-un-pickup-compact-hybride-pour-2027-pour-le-bresil\/#primaryimage"},"thumbnailUrl":"https:\/\/news.canadamotorjobs.com\/wp-content\/uploads\/2024\/12\/toyota_epu.jpeg","articleSection":["Annuel automobile"],"inLanguage":"fr-CA"},{"@type":"WebPage","@id":"https:\/\/news.canadamotorjobs.com\/fr\/toyota-confirme-un-pickup-compact-hybride-pour-2027-pour-le-bresil\/","url":"https:\/\/news.canadamotorjobs.com\/fr\/toyota-confirme-un-pickup-compact-hybride-pour-2027-pour-le-bresil\/","name":"Toyota confirme un pickup compact hybride pour 2027 (pour le Br\u00e9sil) - CanadaMotorJobs.com","isPartOf":{"@id":"https:\/\/news.canadamotorjobs.com\/#website"},"primaryImageOfPage":{"@id":"https:\/\/news.canadamotorjobs.com\/fr\/toyota-confirme-un-pickup-compact-hybride-pour-2027-pour-le-bresil\/#primaryimage"},"image":{"@id":"https:\/\/news.canadamotorjobs.com\/fr\/toyota-confirme-un-pickup-compact-hybride-pour-2027-pour-le-bresil\/#primaryimage"},"thumbnailUrl":"https:\/\/news.canadamotorjobs.com\/wp-content\/uploads\/2024\/12\/toyota_epu.jpeg","datePublished":"2024-12-20T07:24:27+00:00","dateModified":"2024-12-20T07:30:36+00:00","description":"Toyota confirme un pickup compact hybride pour 2027 (pour le Br\u00e9sil) - Benoit Charette - Annuel automobile - CanadaMotorJobs.com.","breadcrumb":{"@id":"https:\/\/news.canadamotorjobs.com\/fr\/toyota-confirme-un-pickup-compact-hybride-pour-2027-pour-le-bresil\/#breadcrumb"},"inLanguage":"fr-CA","potentialAction":[{"@type":"ReadAction","target":["https:\/\/news.canadamotorjobs.com\/fr\/toyota-confirme-un-pickup-compact-hybride-pour-2027-pour-le-bresil\/"]}]},{"@type":"ImageObject","inLanguage":"fr-CA","@id":"https:\/\/news.canadamotorjobs.com\/fr\/toyota-confirme-un-pickup-compact-hybride-pour-2027-pour-le-bresil\/#primaryimage","url":"https:\/\/news.canadamotorjobs.com\/wp-content\/uploads\/2024\/12\/toyota_epu.jpeg","contentUrl":"https:\/\/news.canadamotorjobs.com\/wp-content\/uploads\/2024\/12\/toyota_epu.jpeg","width":1200,"height":633},{"@type":"BreadcrumbList","@id":"https:\/\/news.canadamotorjobs.com\/fr\/toyota-confirme-un-pickup-compact-hybride-pour-2027-pour-le-bresil\/#breadcrumb","itemListElement":[{"@type":"ListItem","position":1,"name":"Home","item":"https:\/\/news.canadamotorjobs.com\/fr\/blog\/"},{"@type":"ListItem","position":2,"name":"Toyota confirme un pickup compact hybride pour 2027 (pour le Br\u00e9sil)"}]},{"@type":"WebSite","@id":"https:\/\/news.canadamotorjobs.com\/#website","url":"https:\/\/news.canadamotorjobs.com\/","name":"CanadaMotorJobs.com","description":"Automotive Jobs","publisher":{"@id":"https:\/\/news.canadamotorjobs.com\/#organization"},"potentialAction":[{"@type":"SearchAction","target":{"@type":"EntryPoint","urlTemplate":"https:\/\/news.canadamotorjobs.com\/?s={search_term_string}"},"query-input":"required name=search_term_string"}],"inLanguage":"fr-CA"},{"@type":"Organization","@id":"https:\/\/news.canadamotorjobs.com\/#organization","name":"Canada Motor Jobs","url":"https:\/\/news.canadamotorjobs.com\/","logo":{"@type":"ImageObject","inLanguage":"fr-CA","@id":"https:\/\/news.canadamotorjobs.com\/#\/schema\/logo\/image\/","url":"https:\/\/news.canadamotorjobs.com\/wp-content\/uploads\/2022\/10\/logo-canada-motor-jobs-1.png","contentUrl":"https:\/\/news.canadamotorjobs.com\/wp-content\/uploads\/2022\/10\/logo-canada-motor-jobs-1.png","width":800,"height":400,"caption":"Canada Motor Jobs"},"image":{"@id":"https:\/\/news.canadamotorjobs.com\/#\/schema\/logo\/image\/"},"sameAs":["https:\/\/www.facebook.com\/canadamotorjobs\/","https:\/\/x.com\/canadamotorjobs","https:\/\/www.instagram.com\/canadamotorjobs\/","https:\/\/www.linkedin.com\/company\/canadamotorjobs"]},{"@type":"Person","@id":"https:\/\/news.canadamotorjobs.com\/#\/schema\/person\/51793d1f87d44011d7bcc2ed99269a90","name":"Benoit Charette","image":{"@type":"ImageObject","inLanguage":"fr-CA","@id":"https:\/\/news.canadamotorjobs.com\/#\/schema\/person\/image\/","url":"https:\/\/secure.gravatar.com\/avatar\/45f3d2eebcccd909668d7ce7ea7267b6?s=96&d=mm&r=g","contentUrl":"https:\/\/secure.gravatar.com\/avatar\/45f3d2eebcccd909668d7ce7ea7267b6?s=96&d=mm&r=g","caption":"Benoit Charette"},"description":"Benoit Charette \/ Propri\u00e9taire et r\u00e9dacteur en chef Benoit Charette pratique le journalisme automobile depuis bient\u00f4t 30 ans. Il a fait ses classes au c\u00f4t\u00e9 de Daniel H\u00e9raud et au Carnet de route de 1992 \u00e0 2001. Il est fondateur, copropri\u00e9taire et r\u00e9dacteur en chef de L\u2019Annuel de l\u2019automobile, qu\u2019il publie depuis 2001. Il a anim\u00e9 les \u00e9missions RPM et RPM+ sur V et les L\u00e9gendes de la route sur Historia. \u00c0 la radio depuis 1986, il reprend l\u2019antenne cette ann\u00e9e sur les ondes de Cogeco et participe pour la deuxi\u00e8me ann\u00e9e \u00e0 l\u2019\u00e9mission Passion Auto sur RDS en plus de mettre en ligne le site Web officiel de L\u2019Annuel de l\u2019automobile sur annuelauto.ca.","sameAs":["https:\/\/annuelauto.ca\/"],"url":"https:\/\/news.canadamotorjobs.com\/fr\/author\/benoit-charette\/"}]}},"_links":{"self":[{"href":"https:\/\/news.canadamotorjobs.com\/fr\/wp-json\/wp\/v2\/posts\/185821"}],"collection":[{"href":"https:\/\/news.canadamotorjobs.com\/fr\/wp-json\/wp\/v2\/posts"}],"about":[{"href":"https:\/\/news.canadamotorjobs.com\/fr\/wp-json\/wp\/v2\/types\/post"}],"author":[{"embeddable":true,"href":"https:\/\/news.canadamotorjobs.com\/fr\/wp-json\/wp\/v2\/users\/8"}],"replies":[{"embeddable":true,"href":"https:\/\/news.canadamotorjobs.com\/fr\/wp-json\/wp\/v2\/comments?post=185821"}],"version-history":[{"count":3,"href":"https:\/\/news.canadamotorjobs.com\/fr\/wp-json\/wp\/v2\/posts\/185821\/revisions"}],"predecessor-version":[{"id":185856,"href":"https:\/\/news.canadamotorjobs.com\/fr\/wp-json\/wp\/v2\/posts\/185821\/revisions\/185856"}],"wp:featuredmedia":[{"embeddable":true,"href":"https:\/\/news.canadamotorjobs.com\/fr\/wp-json\/wp\/v2\/media\/185823"}],"wp:attachment":[{"href":"https:\/\/news.canadamotorjobs.com\/fr\/wp-json\/wp\/v2\/media?parent=185821"}],"wp:term":[{"taxonomy":"category","embeddable":true,"href":"https:\/\/news.canadamotorjobs.com\/fr\/wp-json\/wp\/v2\/categories?post=185821"},{"taxonomy":"post_tag","embeddable":true,"href":"https:\/\/news.canadamotorjobs.com\/fr\/wp-json\/wp\/v2\/tags?post=185821"}],"curies":[{"name":"wp","href":"https:\/\/api.w.org\/{rel}","templated":true}]}}