{"id":185785,"date":"2024-12-20T02:24:28","date_gmt":"2024-12-20T07:24:28","guid":{"rendered":"https:\/\/news.canadamotorjobs.com\/?p=185785"},"modified":"2024-12-20T02:30:22","modified_gmt":"2024-12-20T07:30:22","slug":"nissan-et-honda-discuteraient-de-fusion","status":"publish","type":"post","link":"https:\/\/news.canadamotorjobs.com\/fr\/nissan-et-honda-discuteraient-de-fusion\/","title":{"rendered":"Nissan et Honda discuteraient de fusion"},"content":{"rendered":"<\/p>\n<p>La nouvelle a fait le tour du web \u00e0 la vitesse de l\u2019\u00e9clair ; Nissan et Honda discuteraient d\u2019une possible fusion. On sait que Nissan vit des probl\u00e8mes financiers importants, au point o\u00f9 elle aurait de 12 \u00e0 14 mois pour redresser sa situation.<\/p>\n<p>Quant \u00e0 Honda, les choses vont mieux, mais la compagnie demeure un petit joueur et elle est en retard ou simplement pas pr\u00e9sente dans certains segments.<\/p>\n<p>Ces discussions entre Honda et Nissan ont \u00e9t\u00e9 rapport\u00e9es par le journal japonais Nikkei. Selon ce dernier, les deux entreprises sont sur le point d\u2019entamer des n\u00e9gociations en vue d\u2019une fusion. Si elles devaient mener vers une entente, cela donnerait naissance \u00e0 l\u2019un des plus grands constructeurs au monde, derri\u00e8re Toyota et Volkswagen.<\/p>\n<p>Il y a plusieurs choses int\u00e9ressantes lorsqu\u2019on pense \u00e0 une fusion et que l\u2019on regarde le portfolio des deux fabricants. Dans un premier temps, il faut parler du partage possible des technologies hybrides et \u00e9lectriques. La premi\u00e8re est pr\u00e9sente chez Honda, mais pas chez Nissan, alors que la deuxi\u00e8me est pr\u00e9sente chez Nissan, mais pas chez Honda.<\/p>\n<p>Le VUS \u00e9lectrique Honda Prologue ? Une technologie de General Motors, faut-il le rappeler. Honda travaille sur ses propres trucs \u00e9lectriques, mais elle est en retard, alors que Nissan propose d\u00e9j\u00e0 des mod\u00e8les \u00e9lectriques avec le VUS Ariya et la berline LEAF.<\/p>\n<p>\u00a0<\/p>\n<p><\/p>\n<figure><img decoding=\"async\" src=\"https:\/\/news.canadamotorjobs.com\/wp-content\/uploads\/2024\/12\/honda-civic-hybride-sport-touring-2025_4-5.jpg\" alt=\"La Honda Civic hybride 2025\" \/><figcaption>La Honda Civic hybride 2025 | Auto123.com<\/figcaption><\/figure>\n<p>En mati\u00e8re d\u2019hybridit\u00e9, Nissan a d\u00e9j\u00e0 mentionn\u00e9 que son Rogue profiterait de cette technologie. L\u2019exp\u00e9rience de Honda dans le domaine lui serait d\u2019une grande aide. Et ce genre de partenariat devient \u00e0 la mode. Le Mazda CX-50 ne vient-il pas de passer \u00e0 l\u2019hybridit\u00e9 gr\u00e2ce \u00e0 une participation de son partenaire, Toyota ?<\/p>\n<p>On le voit, il y a des avantages potentiels pour les deux entreprises.<\/p>\n<p>Et c\u2019est sans compter que dans les gammes, on note des pr\u00e9sents d\u2019un c\u00f4t\u00e9 et des absents de l\u2019autre. Par exemple, Nissan a une vraie camionnette interm\u00e9diaire (Frontier) alors que le mod\u00e8le de Honda est diff\u00e9rent, lui qui profite d\u2019une structure monocoque. Honda propose une fourgonnette ; la Quest a \u00e9t\u00e9 abandonn\u00e9e apr\u00e8s l\u2019ann\u00e9e mod\u00e8le 2017 chez Nissan.<\/p>\n<p>Honda propose toujours des berlines, alors que chez Nissan, on a vu la Maxima dispara\u00eetre, alors que l\u2019Altima est sur ses derniers miles.<\/p>\n<p>Nissan propose un VUS pleine grandeur avec l\u2019Armada, ce que Honda n\u2019a pas.<\/p>\n<p><\/p>\n<figure><img decoding=\"async\" src=\"https:\/\/news.canadamotorjobs.com\/wp-content\/uploads\/2024\/12\/2025_Nissan_Armada_Platinum_Reserve-1-1.jpg\" alt=\"Le Nissan Armada 2025\" \/><figcaption>Le Nissan Armada 2025 | Auto123.com<\/figcaption><\/figure>\n<p>Une fusion ne signifie pas que chaque compagnie proposerait la copie d\u2019un mod\u00e8le qui lui manque, mais \u00e7a ouvre les possibilit\u00e9s.<\/p>\n<p>Surtout, une fusion permettrait aux deux entreprises de r\u00e9duire leurs co\u00fbts de d\u00e9veloppement et d\u2019exploitation.<\/p>\n<p>\u00a0<\/p>\n<p><strong>Et Mitsubishi ? Et Renault ?<\/strong><\/p>\n<p>Bien s\u00fbr, il ne faut pas oublier Renault et Mitsubishi, les deux partenaires de Nissan \u00e0 l\u2019int\u00e9rieur de l\u2019Alliance (qui regroupait d\u2019abord Renault et Nissan, puis Mitsubishi depuis quelques ann\u00e9es).<\/p>\n<p>Selon les informations qui circulent, Mitsubishi serait int\u00e9gr\u00e9e au tout, mais reste \u00e0 voir de quelle fa\u00e7on. Idem pour le r\u00f4le \u00e9ventuel de Renault.<\/p>\n<p><\/p>\n<figure><img decoding=\"async\" src=\"https:\/\/news.canadamotorjobs.com\/wp-content\/uploads\/2024\/12\/Mitsubishi_Outlander_PHEV_2024_ICAR_9-1.jpg\" alt=\"Le Mitsubishi Outlander PHEV 2024\" \/><figcaption>Le Mitsubishi Outlander PHEV 2024 | Auto123.com<\/figcaption><\/figure>\n<p style=\"padding-top: 15px\">Contenu original de <a href=\"https:\/\/www.auto123.com\/fr\/actualites\/nissan-honda-discussion-fusion\/72205\/\">auto123<\/a>.<\/p>\n<p>Le texte <a rel=\"nofollow\" href=\"https:\/\/annuelauto.ca\/nissan-et-honda-discuteraient-de-fusion\/\">Nissan et Honda discuteraient de fusion<\/a> provient de <a rel=\"nofollow\" href=\"https:\/\/annuelauto.ca\">L&#8217;annuel de l&#8217;automobile &#8211; Actualit\u00e9 automobile<\/a><\/p>\n<p><\/p>\n","protected":false},"excerpt":{"rendered":"<p>La nouvelle a fait le tour du web \u00e0 la vitesse de l\u2019\u00e9clair ; Nissan et Honda discuteraient d\u2019une possible fusion. On sait que Nissan vit des probl\u00e8mes financiers importants, au point o\u00f9 elle aurait de 12 \u00e0 14 mois pour redresser sa situation. Quant \u00e0 Honda, les choses vont mieux, mais la compagnie demeure [&hellip;]<\/p>\n","protected":false},"author":8,"featured_media":185787,"comment_status":"close","ping_status":"closed","sticky":false,"template":"","format":"standard","meta":{"_monsterinsights_skip_tracking":false,"_monsterinsights_sitenote_active":false,"_monsterinsights_sitenote_note":"","_monsterinsights_sitenote_category":0,"footnotes":""},"categories":[101],"tags":[],"yoast_head":"<!-- This site is optimized with the Yoast SEO plugin v23.2 - https:\/\/yoast.com\/wordpress\/plugins\/seo\/ -->\n<title>Nissan et Honda discuteraient de fusion - CanadaMotorJobs.com<\/title>\n<meta name=\"description\" content=\"Nissan et Honda discuteraient de fusion - Benoit Charette - Annuel automobile - CanadaMotorJobs.com.\" \/>\n<meta name=\"robots\" content=\"index, follow, max-snippet:-1, max-image-preview:large, max-video-preview:-1\" \/>\n<meta property=\"og:locale\" content=\"fr_CA\" \/>\n<meta property=\"og:type\" content=\"article\" \/>\n<meta property=\"og:title\" content=\"Nissan et Honda discuteraient de fusion - CanadaMotorJobs.com\" \/>\n<meta property=\"og:description\" content=\"Nissan et Honda discuteraient de fusion - Benoit Charette - Annuel automobile - CanadaMotorJobs.com.\" \/>\n<meta property=\"og:url\" content=\"https:\/\/news.canadamotorjobs.com\/fr\/nissan-et-honda-discuteraient-de-fusion\/\" \/>\n<meta property=\"og:site_name\" content=\"CanadaMotorJobs.com\" \/>\n<meta property=\"article:publisher\" content=\"https:\/\/www.facebook.com\/canadamotorjobs\/\" \/>\n<meta property=\"article:published_time\" content=\"2024-12-20T07:24:28+00:00\" \/>\n<meta property=\"article:modified_time\" content=\"2024-12-20T07:30:22+00:00\" \/>\n<meta property=\"og:image\" content=\"https:\/\/news.canadamotorjobs.com\/wp-content\/uploads\/2024\/12\/honda-civic-hybride-sport-touring-2025_4.jpg\" \/>\n\t<meta property=\"og:image:width\" content=\"1200\" \/>\n\t<meta property=\"og:image:height\" content=\"801\" \/>\n\t<meta property=\"og:image:type\" content=\"image\/jpeg\" \/>\n<meta name=\"author\" content=\"Benoit Charette\" \/>\n<meta name=\"twitter:card\" content=\"summary_large_image\" \/>\n<meta name=\"twitter:creator\" content=\"@canadamotorjobs\" \/>\n<meta name=\"twitter:site\" content=\"@canadamotorjobs\" \/>\n<meta name=\"twitter:label1\" content=\"\u00c9crit par\" \/>\n\t<meta name=\"twitter:data1\" content=\"Benoit Charette\" \/>\n\t<meta name=\"twitter:label2\" content=\"Estimation du temps de lecture\" \/>\n\t<meta name=\"twitter:data2\" content=\"3 minutes\" \/>\n<!-- \/ Yoast SEO plugin. -->","yoast_head_json":{"title":"Nissan et Honda discuteraient de fusion - CanadaMotorJobs.com","description":"Nissan et Honda discuteraient de fusion - Benoit Charette - Annuel automobile - CanadaMotorJobs.com.","robots":{"index":"index","follow":"follow","max-snippet":"max-snippet:-1","max-image-preview":"max-image-preview:large","max-video-preview":"max-video-preview:-1"},"og_locale":"fr_CA","og_type":"article","og_title":"Nissan et Honda discuteraient de fusion - CanadaMotorJobs.com","og_description":"Nissan et Honda discuteraient de fusion - Benoit Charette - Annuel automobile - CanadaMotorJobs.com.","og_url":"https:\/\/news.canadamotorjobs.com\/fr\/nissan-et-honda-discuteraient-de-fusion\/","og_site_name":"CanadaMotorJobs.com","article_publisher":"https:\/\/www.facebook.com\/canadamotorjobs\/","article_published_time":"2024-12-20T07:24:28+00:00","article_modified_time":"2024-12-20T07:30:22+00:00","og_image":[{"width":1200,"height":801,"url":"https:\/\/news.canadamotorjobs.com\/wp-content\/uploads\/2024\/12\/honda-civic-hybride-sport-touring-2025_4.jpg","type":"image\/jpeg"}],"author":"Benoit Charette","twitter_card":"summary_large_image","twitter_creator":"@canadamotorjobs","twitter_site":"@canadamotorjobs","twitter_misc":{"\u00c9crit par":"Benoit Charette","Estimation du temps de lecture":"3 minutes"},"schema":{"@context":"https:\/\/schema.org","@graph":[{"@type":"Article","@id":"https:\/\/news.canadamotorjobs.com\/fr\/nissan-et-honda-discuteraient-de-fusion\/#article","isPartOf":{"@id":"https:\/\/news.canadamotorjobs.com\/fr\/nissan-et-honda-discuteraient-de-fusion\/"},"author":{"name":"Benoit Charette","@id":"https:\/\/news.canadamotorjobs.com\/#\/schema\/person\/51793d1f87d44011d7bcc2ed99269a90"},"headline":"Nissan et Honda discuteraient de fusion","datePublished":"2024-12-20T07:24:28+00:00","dateModified":"2024-12-20T07:30:22+00:00","mainEntityOfPage":{"@id":"https:\/\/news.canadamotorjobs.com\/fr\/nissan-et-honda-discuteraient-de-fusion\/"},"wordCount":566,"publisher":{"@id":"https:\/\/news.canadamotorjobs.com\/#organization"},"image":{"@id":"https:\/\/news.canadamotorjobs.com\/fr\/nissan-et-honda-discuteraient-de-fusion\/#primaryimage"},"thumbnailUrl":"https:\/\/news.canadamotorjobs.com\/wp-content\/uploads\/2024\/12\/honda-civic-hybride-sport-touring-2025_4.jpg","articleSection":["Annuel automobile"],"inLanguage":"fr-CA"},{"@type":"WebPage","@id":"https:\/\/news.canadamotorjobs.com\/fr\/nissan-et-honda-discuteraient-de-fusion\/","url":"https:\/\/news.canadamotorjobs.com\/fr\/nissan-et-honda-discuteraient-de-fusion\/","name":"Nissan et Honda discuteraient de fusion - CanadaMotorJobs.com","isPartOf":{"@id":"https:\/\/news.canadamotorjobs.com\/#website"},"primaryImageOfPage":{"@id":"https:\/\/news.canadamotorjobs.com\/fr\/nissan-et-honda-discuteraient-de-fusion\/#primaryimage"},"image":{"@id":"https:\/\/news.canadamotorjobs.com\/fr\/nissan-et-honda-discuteraient-de-fusion\/#primaryimage"},"thumbnailUrl":"https:\/\/news.canadamotorjobs.com\/wp-content\/uploads\/2024\/12\/honda-civic-hybride-sport-touring-2025_4.jpg","datePublished":"2024-12-20T07:24:28+00:00","dateModified":"2024-12-20T07:30:22+00:00","description":"Nissan et Honda discuteraient de fusion - Benoit Charette - Annuel automobile - CanadaMotorJobs.com.","breadcrumb":{"@id":"https:\/\/news.canadamotorjobs.com\/fr\/nissan-et-honda-discuteraient-de-fusion\/#breadcrumb"},"inLanguage":"fr-CA","potentialAction":[{"@type":"ReadAction","target":["https:\/\/news.canadamotorjobs.com\/fr\/nissan-et-honda-discuteraient-de-fusion\/"]}]},{"@type":"ImageObject","inLanguage":"fr-CA","@id":"https:\/\/news.canadamotorjobs.com\/fr\/nissan-et-honda-discuteraient-de-fusion\/#primaryimage","url":"https:\/\/news.canadamotorjobs.com\/wp-content\/uploads\/2024\/12\/honda-civic-hybride-sport-touring-2025_4.jpg","contentUrl":"https:\/\/news.canadamotorjobs.com\/wp-content\/uploads\/2024\/12\/honda-civic-hybride-sport-touring-2025_4.jpg","width":1200,"height":801},{"@type":"BreadcrumbList","@id":"https:\/\/news.canadamotorjobs.com\/fr\/nissan-et-honda-discuteraient-de-fusion\/#breadcrumb","itemListElement":[{"@type":"ListItem","position":1,"name":"Home","item":"https:\/\/news.canadamotorjobs.com\/fr\/blog\/"},{"@type":"ListItem","position":2,"name":"Nissan et Honda discuteraient de fusion"}]},{"@type":"WebSite","@id":"https:\/\/news.canadamotorjobs.com\/#website","url":"https:\/\/news.canadamotorjobs.com\/","name":"CanadaMotorJobs.com","description":"Automotive Jobs","publisher":{"@id":"https:\/\/news.canadamotorjobs.com\/#organization"},"potentialAction":[{"@type":"SearchAction","target":{"@type":"EntryPoint","urlTemplate":"https:\/\/news.canadamotorjobs.com\/?s={search_term_string}"},"query-input":"required name=search_term_string"}],"inLanguage":"fr-CA"},{"@type":"Organization","@id":"https:\/\/news.canadamotorjobs.com\/#organization","name":"Canada Motor Jobs","url":"https:\/\/news.canadamotorjobs.com\/","logo":{"@type":"ImageObject","inLanguage":"fr-CA","@id":"https:\/\/news.canadamotorjobs.com\/#\/schema\/logo\/image\/","url":"https:\/\/news.canadamotorjobs.com\/wp-content\/uploads\/2022\/10\/logo-canada-motor-jobs-1.png","contentUrl":"https:\/\/news.canadamotorjobs.com\/wp-content\/uploads\/2022\/10\/logo-canada-motor-jobs-1.png","width":800,"height":400,"caption":"Canada Motor Jobs"},"image":{"@id":"https:\/\/news.canadamotorjobs.com\/#\/schema\/logo\/image\/"},"sameAs":["https:\/\/www.facebook.com\/canadamotorjobs\/","https:\/\/x.com\/canadamotorjobs","https:\/\/www.instagram.com\/canadamotorjobs\/","https:\/\/www.linkedin.com\/company\/canadamotorjobs"]},{"@type":"Person","@id":"https:\/\/news.canadamotorjobs.com\/#\/schema\/person\/51793d1f87d44011d7bcc2ed99269a90","name":"Benoit Charette","image":{"@type":"ImageObject","inLanguage":"fr-CA","@id":"https:\/\/news.canadamotorjobs.com\/#\/schema\/person\/image\/","url":"https:\/\/secure.gravatar.com\/avatar\/45f3d2eebcccd909668d7ce7ea7267b6?s=96&d=mm&r=g","contentUrl":"https:\/\/secure.gravatar.com\/avatar\/45f3d2eebcccd909668d7ce7ea7267b6?s=96&d=mm&r=g","caption":"Benoit Charette"},"description":"Benoit Charette \/ Propri\u00e9taire et r\u00e9dacteur en chef Benoit Charette pratique le journalisme automobile depuis bient\u00f4t 30 ans. Il a fait ses classes au c\u00f4t\u00e9 de Daniel H\u00e9raud et au Carnet de route de 1992 \u00e0 2001. Il est fondateur, copropri\u00e9taire et r\u00e9dacteur en chef de L\u2019Annuel de l\u2019automobile, qu\u2019il publie depuis 2001. Il a anim\u00e9 les \u00e9missions RPM et RPM+ sur V et les L\u00e9gendes de la route sur Historia. \u00c0 la radio depuis 1986, il reprend l\u2019antenne cette ann\u00e9e sur les ondes de Cogeco et participe pour la deuxi\u00e8me ann\u00e9e \u00e0 l\u2019\u00e9mission Passion Auto sur RDS en plus de mettre en ligne le site Web officiel de L\u2019Annuel de l\u2019automobile sur annuelauto.ca.","sameAs":["https:\/\/annuelauto.ca\/"],"url":"https:\/\/news.canadamotorjobs.com\/fr\/author\/benoit-charette\/"}]}},"_links":{"self":[{"href":"https:\/\/news.canadamotorjobs.com\/fr\/wp-json\/wp\/v2\/posts\/185785"}],"collection":[{"href":"https:\/\/news.canadamotorjobs.com\/fr\/wp-json\/wp\/v2\/posts"}],"about":[{"href":"https:\/\/news.canadamotorjobs.com\/fr\/wp-json\/wp\/v2\/types\/post"}],"author":[{"embeddable":true,"href":"https:\/\/news.canadamotorjobs.com\/fr\/wp-json\/wp\/v2\/users\/8"}],"replies":[{"embeddable":true,"href":"https:\/\/news.canadamotorjobs.com\/fr\/wp-json\/wp\/v2\/comments?post=185785"}],"version-history":[{"count":3,"href":"https:\/\/news.canadamotorjobs.com\/fr\/wp-json\/wp\/v2\/posts\/185785\/revisions"}],"predecessor-version":[{"id":185820,"href":"https:\/\/news.canadamotorjobs.com\/fr\/wp-json\/wp\/v2\/posts\/185785\/revisions\/185820"}],"wp:featuredmedia":[{"embeddable":true,"href":"https:\/\/news.canadamotorjobs.com\/fr\/wp-json\/wp\/v2\/media\/185787"}],"wp:attachment":[{"href":"https:\/\/news.canadamotorjobs.com\/fr\/wp-json\/wp\/v2\/media?parent=185785"}],"wp:term":[{"taxonomy":"category","embeddable":true,"href":"https:\/\/news.canadamotorjobs.com\/fr\/wp-json\/wp\/v2\/categories?post=185785"},{"taxonomy":"post_tag","embeddable":true,"href":"https:\/\/news.canadamotorjobs.com\/fr\/wp-json\/wp\/v2\/tags?post=185785"}],"curies":[{"name":"wp","href":"https:\/\/api.w.org\/{rel}","templated":true}]}}