{"id":185710,"date":"2024-12-19T08:32:49","date_gmt":"2024-12-19T13:32:49","guid":{"rendered":"https:\/\/news.canadamotorjobs.com\/?p=185710"},"modified":"2024-12-19T08:43:54","modified_gmt":"2024-12-19T13:43:54","slug":"un-ram-1500-hybride-rechargeable-avant-lelectrique","status":"publish","type":"post","link":"https:\/\/news.canadamotorjobs.com\/fr\/un-ram-1500-hybride-rechargeable-avant-lelectrique\/","title":{"rendered":"Un Ram 1500 hybride rechargeable avant l\u2019\u00e9lectrique"},"content":{"rendered":"<\/p>\n<p>Stellantis a annonc\u00e9 que le <strong>Ram 1500 Ramcharger 2025<\/strong>, un pick-up hybride rehcrageable, sera commercialis\u00e9 avant le mod\u00e8le tout \u00e9lectrique <strong>Ram 1500 REV<\/strong>. Initialement pr\u00e9vu pour 2025, le REV est d\u00e9sormais attendu pour 2026, tandis que le Ramcharger sera disponible \u00e0 la commande d\u00e8s le premier semestre 2025. Cette d\u00e9cision refl\u00e8te une demande croissante pour des v\u00e9hicules hybrides, alors que l\u2019engouement pour les pick-up tout \u00e9lectriques marque un ralentissement. La production des mod\u00e8les Ram 1500, qu\u2019ils soient hybrides ou thermiques, continuera \u00e0 l\u2019usine de Sterling Heights, dans le Michigan.<\/p>\n<h3><strong>Des performances \u00e0 la hauteur<\/strong><\/h3>\n<p>\nLe Ramcharger 2025 vise une autonomie record de <strong>1 110 kilom\u00e8tres (690 miles)<\/strong> gr\u00e2ce \u00e0 sa batterie de 92 kWh associ\u00e9e \u00e0 un g\u00e9n\u00e9rateur embarqu\u00e9 de 130 kW et \u00e0 des modules de propulsion \u00e9lectrique.<\/p>\n<ul><\/p>\n<li><strong>Puissance<\/strong> : 663 chevaux et 615 lb-pi de couple.<\/li>\n<p><\/p>\n<li><strong>Acc\u00e9l\u00e9ration<\/strong> : 0 \u00e0 100 km\/h en seulement 4,4 secondes.<\/li>\n<p><\/p>\n<li><strong>Capacit\u00e9 de remorquage<\/strong> : jusqu\u2019\u00e0 <strong>6 350 kg (14 000 livres)<\/strong>, un record dans sa cat\u00e9gorie.<\/li>\n<p><\/p>\n<li><strong>Charge utile maximale<\/strong> : 1 190 kg (2 625 livres).<\/li>\n<p>\n<\/ul>\n<p><\/p>\n<h3><strong>Technologie de recharge bidirectionnelle<\/strong><\/h3>\n<p>\nLe Ramcharger innove \u00e9galement avec une technologie de recharge bidirectionnelle, permettant le transfert d\u2019\u00e9nergie entre v\u00e9hicules ou vers un domicile, une fonctionnalit\u00e9 id\u00e9ale pour les situations d\u2019urgence ou l\u2019alimentation d\u2019appareils \u00e9lectriques.<\/p>\n<h3><strong>Une r\u00e9ponse au march\u00e9<\/strong><\/h3>\n<p>\nContrairement \u00e0 General Motors, qui propose uniquement des variantes thermiques ou \u00e9lectriques, le Ramcharger hybride de Ram comble le foss\u00e9 entre ces deux technologies. Ce positionnement strat\u00e9gique permet \u00e0 Stellantis de r\u00e9pondre \u00e0 des pr\u00e9f\u00e9rences de consommation en pleine \u00e9volution.<\/p>\n<h3><strong>Combiner autonomie et performance<\/strong><\/h3>\n<p>\nAvec le Ramcharger, Stellantis d\u00e9montre qu\u2019il est possible de concilier les avantages d\u2019une motorisation \u00e9lectrique et la polyvalence d\u2019un v\u00e9hicule utilitaire. Cette approche hybride r\u00e9pond aux besoins des consommateurs recherchant une grande autonomie sans compromis sur la capacit\u00e9 de remorquage ou les performances.<\/p>\n<h3>Avec des renseignements de Motor Illustrated<\/h3>\n<p>\n\u00a0<\/p>\n<p>\u00a0<\/p>\n<p>Le texte <a rel=\"nofollow\" href=\"https:\/\/annuelauto.ca\/ram-1500-ramcharger-hybride-2025\/\">Un Ram 1500 hybride rechargeable avant l\u2019\u00e9lectrique<\/a> provient de <a rel=\"nofollow\" href=\"https:\/\/annuelauto.ca\">L&#8217;annuel de l&#8217;automobile &#8211; Actualit\u00e9 automobile<\/a><\/p>\n<p><\/p>\n","protected":false},"excerpt":{"rendered":"<p>Stellantis a annonc\u00e9 que le Ram 1500 Ramcharger 2025, un pick-up hybride rehcrageable, sera commercialis\u00e9 avant le mod\u00e8le tout \u00e9lectrique Ram 1500 REV. Initialement pr\u00e9vu pour 2025, le REV est d\u00e9sormais attendu pour 2026, tandis que le Ramcharger sera disponible \u00e0 la commande d\u00e8s le premier semestre 2025. Cette d\u00e9cision refl\u00e8te une demande croissante pour [&hellip;]<\/p>\n","protected":false},"author":8,"featured_media":185712,"comment_status":"close","ping_status":"closed","sticky":false,"template":"","format":"standard","meta":{"_monsterinsights_skip_tracking":false,"_monsterinsights_sitenote_active":false,"_monsterinsights_sitenote_note":"","_monsterinsights_sitenote_category":0,"footnotes":""},"categories":[101],"tags":[],"yoast_head":"<!-- This site is optimized with the Yoast SEO plugin v23.2 - https:\/\/yoast.com\/wordpress\/plugins\/seo\/ -->\n<title>Un Ram 1500 hybride rechargeable avant l\u2019\u00e9lectrique - CanadaMotorJobs.com<\/title>\n<meta name=\"description\" content=\"Un Ram 1500 hybride rechargeable avant l\u2019\u00e9lectrique - Benoit Charette - Annuel automobile - CanadaMotorJobs.com.\" \/>\n<meta name=\"robots\" content=\"index, follow, max-snippet:-1, max-image-preview:large, max-video-preview:-1\" \/>\n<meta property=\"og:locale\" content=\"fr_CA\" \/>\n<meta property=\"og:type\" content=\"article\" \/>\n<meta property=\"og:title\" content=\"Un Ram 1500 hybride rechargeable avant l\u2019\u00e9lectrique - CanadaMotorJobs.com\" \/>\n<meta property=\"og:description\" content=\"Un Ram 1500 hybride rechargeable avant l\u2019\u00e9lectrique - Benoit Charette - Annuel automobile - CanadaMotorJobs.com.\" \/>\n<meta property=\"og:url\" content=\"https:\/\/news.canadamotorjobs.com\/fr\/un-ram-1500-hybride-rechargeable-avant-lelectrique\/\" \/>\n<meta property=\"og:site_name\" content=\"CanadaMotorJobs.com\" \/>\n<meta property=\"article:publisher\" content=\"https:\/\/www.facebook.com\/canadamotorjobs\/\" \/>\n<meta property=\"article:published_time\" content=\"2024-12-19T13:32:49+00:00\" \/>\n<meta property=\"article:modified_time\" content=\"2024-12-19T13:43:54+00:00\" \/>\n<meta property=\"og:image\" content=\"https:\/\/news.canadamotorjobs.com\/wp-content\/uploads\/2024\/12\/Ram-HP-Grassy-Fields-EV-Bento-2024_f819d3c08c698e0365e2ebffbf9abe4a-2496x1248-1.jpg\" \/>\n\t<meta property=\"og:image:width\" content=\"2496\" \/>\n\t<meta property=\"og:image:height\" content=\"1248\" \/>\n\t<meta property=\"og:image:type\" content=\"image\/jpeg\" \/>\n<meta name=\"author\" content=\"Benoit Charette\" \/>\n<meta name=\"twitter:card\" content=\"summary_large_image\" \/>\n<meta name=\"twitter:creator\" content=\"@canadamotorjobs\" \/>\n<meta name=\"twitter:site\" content=\"@canadamotorjobs\" \/>\n<meta name=\"twitter:label1\" content=\"\u00c9crit par\" \/>\n\t<meta name=\"twitter:data1\" content=\"Benoit Charette\" \/>\n\t<meta name=\"twitter:label2\" content=\"Estimation du temps de lecture\" \/>\n\t<meta name=\"twitter:data2\" content=\"2 minutes\" \/>\n<!-- \/ Yoast SEO plugin. -->","yoast_head_json":{"title":"Un Ram 1500 hybride rechargeable avant l\u2019\u00e9lectrique - CanadaMotorJobs.com","description":"Un Ram 1500 hybride rechargeable avant l\u2019\u00e9lectrique - Benoit Charette - Annuel automobile - CanadaMotorJobs.com.","robots":{"index":"index","follow":"follow","max-snippet":"max-snippet:-1","max-image-preview":"max-image-preview:large","max-video-preview":"max-video-preview:-1"},"og_locale":"fr_CA","og_type":"article","og_title":"Un Ram 1500 hybride rechargeable avant l\u2019\u00e9lectrique - CanadaMotorJobs.com","og_description":"Un Ram 1500 hybride rechargeable avant l\u2019\u00e9lectrique - Benoit Charette - Annuel automobile - CanadaMotorJobs.com.","og_url":"https:\/\/news.canadamotorjobs.com\/fr\/un-ram-1500-hybride-rechargeable-avant-lelectrique\/","og_site_name":"CanadaMotorJobs.com","article_publisher":"https:\/\/www.facebook.com\/canadamotorjobs\/","article_published_time":"2024-12-19T13:32:49+00:00","article_modified_time":"2024-12-19T13:43:54+00:00","og_image":[{"width":2496,"height":1248,"url":"https:\/\/news.canadamotorjobs.com\/wp-content\/uploads\/2024\/12\/Ram-HP-Grassy-Fields-EV-Bento-2024_f819d3c08c698e0365e2ebffbf9abe4a-2496x1248-1.jpg","type":"image\/jpeg"}],"author":"Benoit Charette","twitter_card":"summary_large_image","twitter_creator":"@canadamotorjobs","twitter_site":"@canadamotorjobs","twitter_misc":{"\u00c9crit par":"Benoit Charette","Estimation du temps de lecture":"2 minutes"},"schema":{"@context":"https:\/\/schema.org","@graph":[{"@type":"Article","@id":"https:\/\/news.canadamotorjobs.com\/fr\/un-ram-1500-hybride-rechargeable-avant-lelectrique\/#article","isPartOf":{"@id":"https:\/\/news.canadamotorjobs.com\/fr\/un-ram-1500-hybride-rechargeable-avant-lelectrique\/"},"author":{"name":"Benoit Charette","@id":"https:\/\/news.canadamotorjobs.com\/#\/schema\/person\/51793d1f87d44011d7bcc2ed99269a90"},"headline":"Un Ram 1500 hybride rechargeable avant l\u2019\u00e9lectrique","datePublished":"2024-12-19T13:32:49+00:00","dateModified":"2024-12-19T13:43:54+00:00","mainEntityOfPage":{"@id":"https:\/\/news.canadamotorjobs.com\/fr\/un-ram-1500-hybride-rechargeable-avant-lelectrique\/"},"wordCount":329,"publisher":{"@id":"https:\/\/news.canadamotorjobs.com\/#organization"},"image":{"@id":"https:\/\/news.canadamotorjobs.com\/fr\/un-ram-1500-hybride-rechargeable-avant-lelectrique\/#primaryimage"},"thumbnailUrl":"https:\/\/news.canadamotorjobs.com\/wp-content\/uploads\/2024\/12\/Ram-HP-Grassy-Fields-EV-Bento-2024_f819d3c08c698e0365e2ebffbf9abe4a-2496x1248-1.jpg","articleSection":["Annuel automobile"],"inLanguage":"fr-CA"},{"@type":"WebPage","@id":"https:\/\/news.canadamotorjobs.com\/fr\/un-ram-1500-hybride-rechargeable-avant-lelectrique\/","url":"https:\/\/news.canadamotorjobs.com\/fr\/un-ram-1500-hybride-rechargeable-avant-lelectrique\/","name":"Un Ram 1500 hybride rechargeable avant l\u2019\u00e9lectrique - CanadaMotorJobs.com","isPartOf":{"@id":"https:\/\/news.canadamotorjobs.com\/#website"},"primaryImageOfPage":{"@id":"https:\/\/news.canadamotorjobs.com\/fr\/un-ram-1500-hybride-rechargeable-avant-lelectrique\/#primaryimage"},"image":{"@id":"https:\/\/news.canadamotorjobs.com\/fr\/un-ram-1500-hybride-rechargeable-avant-lelectrique\/#primaryimage"},"thumbnailUrl":"https:\/\/news.canadamotorjobs.com\/wp-content\/uploads\/2024\/12\/Ram-HP-Grassy-Fields-EV-Bento-2024_f819d3c08c698e0365e2ebffbf9abe4a-2496x1248-1.jpg","datePublished":"2024-12-19T13:32:49+00:00","dateModified":"2024-12-19T13:43:54+00:00","description":"Un Ram 1500 hybride rechargeable avant l\u2019\u00e9lectrique - Benoit Charette - Annuel automobile - CanadaMotorJobs.com.","breadcrumb":{"@id":"https:\/\/news.canadamotorjobs.com\/fr\/un-ram-1500-hybride-rechargeable-avant-lelectrique\/#breadcrumb"},"inLanguage":"fr-CA","potentialAction":[{"@type":"ReadAction","target":["https:\/\/news.canadamotorjobs.com\/fr\/un-ram-1500-hybride-rechargeable-avant-lelectrique\/"]}]},{"@type":"ImageObject","inLanguage":"fr-CA","@id":"https:\/\/news.canadamotorjobs.com\/fr\/un-ram-1500-hybride-rechargeable-avant-lelectrique\/#primaryimage","url":"https:\/\/news.canadamotorjobs.com\/wp-content\/uploads\/2024\/12\/Ram-HP-Grassy-Fields-EV-Bento-2024_f819d3c08c698e0365e2ebffbf9abe4a-2496x1248-1.jpg","contentUrl":"https:\/\/news.canadamotorjobs.com\/wp-content\/uploads\/2024\/12\/Ram-HP-Grassy-Fields-EV-Bento-2024_f819d3c08c698e0365e2ebffbf9abe4a-2496x1248-1.jpg","width":2496,"height":1248},{"@type":"BreadcrumbList","@id":"https:\/\/news.canadamotorjobs.com\/fr\/un-ram-1500-hybride-rechargeable-avant-lelectrique\/#breadcrumb","itemListElement":[{"@type":"ListItem","position":1,"name":"Home","item":"https:\/\/news.canadamotorjobs.com\/fr\/blog\/"},{"@type":"ListItem","position":2,"name":"Un Ram 1500 hybride rechargeable avant l\u2019\u00e9lectrique"}]},{"@type":"WebSite","@id":"https:\/\/news.canadamotorjobs.com\/#website","url":"https:\/\/news.canadamotorjobs.com\/","name":"CanadaMotorJobs.com","description":"Automotive Jobs","publisher":{"@id":"https:\/\/news.canadamotorjobs.com\/#organization"},"potentialAction":[{"@type":"SearchAction","target":{"@type":"EntryPoint","urlTemplate":"https:\/\/news.canadamotorjobs.com\/?s={search_term_string}"},"query-input":"required name=search_term_string"}],"inLanguage":"fr-CA"},{"@type":"Organization","@id":"https:\/\/news.canadamotorjobs.com\/#organization","name":"Canada Motor Jobs","url":"https:\/\/news.canadamotorjobs.com\/","logo":{"@type":"ImageObject","inLanguage":"fr-CA","@id":"https:\/\/news.canadamotorjobs.com\/#\/schema\/logo\/image\/","url":"https:\/\/news.canadamotorjobs.com\/wp-content\/uploads\/2022\/10\/logo-canada-motor-jobs-1.png","contentUrl":"https:\/\/news.canadamotorjobs.com\/wp-content\/uploads\/2022\/10\/logo-canada-motor-jobs-1.png","width":800,"height":400,"caption":"Canada Motor Jobs"},"image":{"@id":"https:\/\/news.canadamotorjobs.com\/#\/schema\/logo\/image\/"},"sameAs":["https:\/\/www.facebook.com\/canadamotorjobs\/","https:\/\/x.com\/canadamotorjobs","https:\/\/www.instagram.com\/canadamotorjobs\/","https:\/\/www.linkedin.com\/company\/canadamotorjobs"]},{"@type":"Person","@id":"https:\/\/news.canadamotorjobs.com\/#\/schema\/person\/51793d1f87d44011d7bcc2ed99269a90","name":"Benoit Charette","image":{"@type":"ImageObject","inLanguage":"fr-CA","@id":"https:\/\/news.canadamotorjobs.com\/#\/schema\/person\/image\/","url":"https:\/\/secure.gravatar.com\/avatar\/45f3d2eebcccd909668d7ce7ea7267b6?s=96&d=mm&r=g","contentUrl":"https:\/\/secure.gravatar.com\/avatar\/45f3d2eebcccd909668d7ce7ea7267b6?s=96&d=mm&r=g","caption":"Benoit Charette"},"description":"Benoit Charette \/ Propri\u00e9taire et r\u00e9dacteur en chef Benoit Charette pratique le journalisme automobile depuis bient\u00f4t 30 ans. Il a fait ses classes au c\u00f4t\u00e9 de Daniel H\u00e9raud et au Carnet de route de 1992 \u00e0 2001. Il est fondateur, copropri\u00e9taire et r\u00e9dacteur en chef de L\u2019Annuel de l\u2019automobile, qu\u2019il publie depuis 2001. Il a anim\u00e9 les \u00e9missions RPM et RPM+ sur V et les L\u00e9gendes de la route sur Historia. \u00c0 la radio depuis 1986, il reprend l\u2019antenne cette ann\u00e9e sur les ondes de Cogeco et participe pour la deuxi\u00e8me ann\u00e9e \u00e0 l\u2019\u00e9mission Passion Auto sur RDS en plus de mettre en ligne le site Web officiel de L\u2019Annuel de l\u2019automobile sur annuelauto.ca.","sameAs":["https:\/\/annuelauto.ca\/"],"url":"https:\/\/news.canadamotorjobs.com\/fr\/author\/benoit-charette\/"}]}},"_links":{"self":[{"href":"https:\/\/news.canadamotorjobs.com\/fr\/wp-json\/wp\/v2\/posts\/185710"}],"collection":[{"href":"https:\/\/news.canadamotorjobs.com\/fr\/wp-json\/wp\/v2\/posts"}],"about":[{"href":"https:\/\/news.canadamotorjobs.com\/fr\/wp-json\/wp\/v2\/types\/post"}],"author":[{"embeddable":true,"href":"https:\/\/news.canadamotorjobs.com\/fr\/wp-json\/wp\/v2\/users\/8"}],"replies":[{"embeddable":true,"href":"https:\/\/news.canadamotorjobs.com\/fr\/wp-json\/wp\/v2\/comments?post=185710"}],"version-history":[{"count":2,"href":"https:\/\/news.canadamotorjobs.com\/fr\/wp-json\/wp\/v2\/posts\/185710\/revisions"}],"predecessor-version":[{"id":185714,"href":"https:\/\/news.canadamotorjobs.com\/fr\/wp-json\/wp\/v2\/posts\/185710\/revisions\/185714"}],"wp:featuredmedia":[{"embeddable":true,"href":"https:\/\/news.canadamotorjobs.com\/fr\/wp-json\/wp\/v2\/media\/185712"}],"wp:attachment":[{"href":"https:\/\/news.canadamotorjobs.com\/fr\/wp-json\/wp\/v2\/media?parent=185710"}],"wp:term":[{"taxonomy":"category","embeddable":true,"href":"https:\/\/news.canadamotorjobs.com\/fr\/wp-json\/wp\/v2\/categories?post=185710"},{"taxonomy":"post_tag","embeddable":true,"href":"https:\/\/news.canadamotorjobs.com\/fr\/wp-json\/wp\/v2\/tags?post=185710"}],"curies":[{"name":"wp","href":"https:\/\/api.w.org\/{rel}","templated":true}]}}