{"id":185641,"date":"2024-12-19T02:24:30","date_gmt":"2024-12-19T07:24:30","guid":{"rendered":"https:\/\/news.canadamotorjobs.com\/?p=185641"},"modified":"2024-12-19T02:30:41","modified_gmt":"2024-12-19T07:30:41","slug":"ram-va-lancer-sa-camionnette-hybride-rechargeable-avant-sa-tout-electrique","status":"publish","type":"post","link":"https:\/\/news.canadamotorjobs.com\/fr\/ram-va-lancer-sa-camionnette-hybride-rechargeable-avant-sa-tout-electrique\/","title":{"rendered":"Ram va lancer sa camionnette hybride rechargeable avant sa tout \u00e9lectrique"},"content":{"rendered":"<\/p>\n<p>Stellantis vient d\u2019annoncer un changement de strat\u00e9gie important concernant la planification de commercialisation de ses produits Ram. En effet, on devait avoir droit en premier lieu \u00e0 la version tout \u00e9lectrique de la camionnette du constructeur, le mod\u00e8le Ram 1500 REV.<\/p>\n<p>Ce dernier \u00e9tait attendu lors de la premi\u00e8re moiti\u00e9 de 2025. Il devait \u00eatre suivi du Ram 1500 Ramcharger, une version \u00e9lectrique \u00e0 autonomie prolong\u00e9e qui va aussi profiter du moteur V6 Pentastar de 3,6 litres du constructeur. On inverse le tout.<\/p>\n<p>Le pourquoi<\/p>\n<p>La d\u00e9cision d\u00e9coule de trois facteurs clefs. D\u2019abord, explique Ram, l\u2019int\u00e9r\u00eat des consommateurs pour le Ramcharger. Ce dernier, rappelons-le, devrait proposer une autonomie \u00e9lectrique importante (autour de 250 kilom\u00e8tres) avant de voir le moteur V6 entrer en action. En tout, le mod\u00e8le promet une autonomie totale (essence\/\u00e9lectrique) de 1110 kilom\u00e8tres.<\/p>\n<p>Ensuite, Ram cite la concurrence technologique ; la compagnie souhaite avoir une longueur d\u2019avance sur ses rivaux dans le segment des camionnettes \u00e0 motorisation \u00e9lectrifi\u00e9es. Enfin, la compagnie s\u2019inqui\u00e8te d\u2019un ralentissement de la demande pour le tout \u00e9lectrique.<\/p>\n<p>Cons\u00e9quemment, le Ramcharger pourra \u00eatre command\u00e9 lors de la premi\u00e8re ann\u00e9e de 2025. La date est \u00e0 confirmer. Le mod\u00e8le tout \u00e9lectrique Ram 1500 REV va suivre en 2026.<\/p>\n<p><\/p>\n<figure><img decoding=\"async\" src=\"https:\/\/news.canadamotorjobs.com\/wp-content\/uploads\/2024\/12\/Ram_1500_Ramcharger_chassis1-5.jpg\" alt=\"Chassis du Ram 1500 Ramcharger 2025\" \/><figcaption>Chassis du Ram 1500 Ramcharger 2025 | Auto123.com<\/figcaption><\/figure>\n<p>Rappelons que le Ramcharger sera \u00e9quip\u00e9 d\u2019une batterie de 92 kWh (la taille de bien des batteries de mod\u00e8les tout \u00e9lectriques moins lourds). Elle sera coupl\u00e9e \u00e0 un g\u00e9n\u00e9rateur embarqu\u00e9 de 130 kW.<\/p>\n<p>\u00a0 \u00a0<\/p>\n<p>Le mod\u00e8le va profiter d\u2019un syst\u00e8me de transmission compos\u00e9 de deux modules \u00e9lectriques (250 kW \u00e0 l\u2019avant et 238 kW \u00e0 l\u2019arri\u00e8re), ce qui devrait assurer une puissance de 663 chevaux et un couple de 615 livres-pieds. La capacit\u00e9 de remorquage sera \u00e0 14 400 livres, alors que la charge utile est annonc\u00e9e \u00e0 2625 livres.<\/p>\n<p>Oh, il sera possible d\u2019effacer le 0-100 km\/h en seulement 4,4 secondes.<\/p>\n<p>Le mod\u00e8le va aussi proposer la recharge bidirectionnelle, c\u2019est-\u00e0-dire qu\u2019il pourra alimenter un autre v\u00e9hicule \u00e9lectrique ou votre domicile.<\/p>\n<p>Le geste est facile \u00e0 comprendre et pourrait s\u2019av\u00e9rer tr\u00e8s important pour Ram qui conna\u00eet une p\u00e9riode plus difficile depuis quelque temps. Avec un mod\u00e8le fournissant une bonne autonomie \u00e9lectrique et \u00e9tant toujours dot\u00e9 d\u2019un moteur \u00e0 essence, la marque pourrait damner le pion \u00e0 ses rivaux aupr\u00e8s de certains acheteurs.<\/p>\n<p><\/p>\n<figure><img decoding=\"async\" src=\"https:\/\/news.canadamotorjobs.com\/wp-content\/uploads\/2024\/12\/RM025_083FN-1.jpg\" alt=\"Le Ram 1500 Ramcharger 2025, arri\u00e8re\" \/><figcaption>Le Ram 1500 Ramcharger 2025, arri\u00e8re | Auto123.com<\/figcaption><\/figure>\n<p style=\"padding-top: 15px\">Contenu original de <a href=\"https:\/\/www.auto123.com\/fr\/actualites\/stellantis-ram-1500-ramcharger-rev\/72203\/\">auto123<\/a>.<\/p>\n<p>Le texte <a rel=\"nofollow\" href=\"https:\/\/annuelauto.ca\/ram-va-lancer-sa-camionnette-hybride-rechargeable-avant-sa-tout-electrique\/\">Ram va lancer sa camionnette hybride rechargeable avant sa tout \u00e9lectrique<\/a> provient de <a rel=\"nofollow\" href=\"https:\/\/annuelauto.ca\">L&#8217;annuel de l&#8217;automobile &#8211; Actualit\u00e9 automobile<\/a><\/p>\n<p><\/p>\n","protected":false},"excerpt":{"rendered":"<p>Stellantis vient d\u2019annoncer un changement de strat\u00e9gie important concernant la planification de commercialisation de ses produits Ram. En effet, on devait avoir droit en premier lieu \u00e0 la version tout \u00e9lectrique de la camionnette du constructeur, le mod\u00e8le Ram 1500 REV. Ce dernier \u00e9tait attendu lors de la premi\u00e8re moiti\u00e9 de 2025. Il devait \u00eatre [&hellip;]<\/p>\n","protected":false},"author":8,"featured_media":185643,"comment_status":"close","ping_status":"closed","sticky":false,"template":"","format":"standard","meta":{"_monsterinsights_skip_tracking":false,"_monsterinsights_sitenote_active":false,"_monsterinsights_sitenote_note":"","_monsterinsights_sitenote_category":0,"footnotes":""},"categories":[101],"tags":[],"yoast_head":"<!-- This site is optimized with the Yoast SEO plugin v23.2 - https:\/\/yoast.com\/wordpress\/plugins\/seo\/ -->\n<title>Ram va lancer sa camionnette hybride rechargeable avant sa tout \u00e9lectrique - CanadaMotorJobs.com<\/title>\n<meta name=\"description\" content=\"Ram va lancer sa camionnette hybride rechargeable avant sa tout \u00e9lectrique - Benoit Charette - Annuel automobile - CanadaMotorJobs.com.\" \/>\n<meta name=\"robots\" content=\"index, follow, max-snippet:-1, max-image-preview:large, max-video-preview:-1\" \/>\n<meta property=\"og:locale\" content=\"fr_CA\" \/>\n<meta property=\"og:type\" content=\"article\" \/>\n<meta property=\"og:title\" content=\"Ram va lancer sa camionnette hybride rechargeable avant sa tout \u00e9lectrique - CanadaMotorJobs.com\" \/>\n<meta property=\"og:description\" content=\"Ram va lancer sa camionnette hybride rechargeable avant sa tout \u00e9lectrique - Benoit Charette - Annuel automobile - CanadaMotorJobs.com.\" \/>\n<meta property=\"og:url\" content=\"https:\/\/news.canadamotorjobs.com\/fr\/ram-va-lancer-sa-camionnette-hybride-rechargeable-avant-sa-tout-electrique\/\" \/>\n<meta property=\"og:site_name\" content=\"CanadaMotorJobs.com\" \/>\n<meta property=\"article:publisher\" content=\"https:\/\/www.facebook.com\/canadamotorjobs\/\" \/>\n<meta property=\"article:published_time\" content=\"2024-12-19T07:24:30+00:00\" \/>\n<meta property=\"article:modified_time\" content=\"2024-12-19T07:30:41+00:00\" \/>\n<meta property=\"og:image\" content=\"https:\/\/news.canadamotorjobs.com\/wp-content\/uploads\/2024\/12\/Ram_1500_Ramcharger_chassis1.jpg\" \/>\n\t<meta property=\"og:image:width\" content=\"1200\" \/>\n\t<meta property=\"og:image:height\" content=\"800\" \/>\n\t<meta property=\"og:image:type\" content=\"image\/jpeg\" \/>\n<meta name=\"author\" content=\"Benoit Charette\" \/>\n<meta name=\"twitter:card\" content=\"summary_large_image\" \/>\n<meta name=\"twitter:creator\" content=\"@canadamotorjobs\" \/>\n<meta name=\"twitter:site\" content=\"@canadamotorjobs\" \/>\n<meta name=\"twitter:label1\" content=\"\u00c9crit par\" \/>\n\t<meta name=\"twitter:data1\" content=\"Benoit Charette\" \/>\n\t<meta name=\"twitter:label2\" content=\"Estimation du temps de lecture\" \/>\n\t<meta name=\"twitter:data2\" content=\"2 minutes\" \/>\n<!-- \/ Yoast SEO plugin. -->","yoast_head_json":{"title":"Ram va lancer sa camionnette hybride rechargeable avant sa tout \u00e9lectrique - CanadaMotorJobs.com","description":"Ram va lancer sa camionnette hybride rechargeable avant sa tout \u00e9lectrique - Benoit Charette - Annuel automobile - CanadaMotorJobs.com.","robots":{"index":"index","follow":"follow","max-snippet":"max-snippet:-1","max-image-preview":"max-image-preview:large","max-video-preview":"max-video-preview:-1"},"og_locale":"fr_CA","og_type":"article","og_title":"Ram va lancer sa camionnette hybride rechargeable avant sa tout \u00e9lectrique - CanadaMotorJobs.com","og_description":"Ram va lancer sa camionnette hybride rechargeable avant sa tout \u00e9lectrique - Benoit Charette - Annuel automobile - CanadaMotorJobs.com.","og_url":"https:\/\/news.canadamotorjobs.com\/fr\/ram-va-lancer-sa-camionnette-hybride-rechargeable-avant-sa-tout-electrique\/","og_site_name":"CanadaMotorJobs.com","article_publisher":"https:\/\/www.facebook.com\/canadamotorjobs\/","article_published_time":"2024-12-19T07:24:30+00:00","article_modified_time":"2024-12-19T07:30:41+00:00","og_image":[{"width":1200,"height":800,"url":"https:\/\/news.canadamotorjobs.com\/wp-content\/uploads\/2024\/12\/Ram_1500_Ramcharger_chassis1.jpg","type":"image\/jpeg"}],"author":"Benoit Charette","twitter_card":"summary_large_image","twitter_creator":"@canadamotorjobs","twitter_site":"@canadamotorjobs","twitter_misc":{"\u00c9crit par":"Benoit Charette","Estimation du temps de lecture":"2 minutes"},"schema":{"@context":"https:\/\/schema.org","@graph":[{"@type":"Article","@id":"https:\/\/news.canadamotorjobs.com\/fr\/ram-va-lancer-sa-camionnette-hybride-rechargeable-avant-sa-tout-electrique\/#article","isPartOf":{"@id":"https:\/\/news.canadamotorjobs.com\/fr\/ram-va-lancer-sa-camionnette-hybride-rechargeable-avant-sa-tout-electrique\/"},"author":{"name":"Benoit Charette","@id":"https:\/\/news.canadamotorjobs.com\/#\/schema\/person\/51793d1f87d44011d7bcc2ed99269a90"},"headline":"Ram va lancer sa camionnette hybride rechargeable avant sa tout \u00e9lectrique","datePublished":"2024-12-19T07:24:30+00:00","dateModified":"2024-12-19T07:30:41+00:00","mainEntityOfPage":{"@id":"https:\/\/news.canadamotorjobs.com\/fr\/ram-va-lancer-sa-camionnette-hybride-rechargeable-avant-sa-tout-electrique\/"},"wordCount":443,"publisher":{"@id":"https:\/\/news.canadamotorjobs.com\/#organization"},"image":{"@id":"https:\/\/news.canadamotorjobs.com\/fr\/ram-va-lancer-sa-camionnette-hybride-rechargeable-avant-sa-tout-electrique\/#primaryimage"},"thumbnailUrl":"https:\/\/news.canadamotorjobs.com\/wp-content\/uploads\/2024\/12\/Ram_1500_Ramcharger_chassis1.jpg","articleSection":["Annuel automobile"],"inLanguage":"fr-CA"},{"@type":"WebPage","@id":"https:\/\/news.canadamotorjobs.com\/fr\/ram-va-lancer-sa-camionnette-hybride-rechargeable-avant-sa-tout-electrique\/","url":"https:\/\/news.canadamotorjobs.com\/fr\/ram-va-lancer-sa-camionnette-hybride-rechargeable-avant-sa-tout-electrique\/","name":"Ram va lancer sa camionnette hybride rechargeable avant sa tout \u00e9lectrique - CanadaMotorJobs.com","isPartOf":{"@id":"https:\/\/news.canadamotorjobs.com\/#website"},"primaryImageOfPage":{"@id":"https:\/\/news.canadamotorjobs.com\/fr\/ram-va-lancer-sa-camionnette-hybride-rechargeable-avant-sa-tout-electrique\/#primaryimage"},"image":{"@id":"https:\/\/news.canadamotorjobs.com\/fr\/ram-va-lancer-sa-camionnette-hybride-rechargeable-avant-sa-tout-electrique\/#primaryimage"},"thumbnailUrl":"https:\/\/news.canadamotorjobs.com\/wp-content\/uploads\/2024\/12\/Ram_1500_Ramcharger_chassis1.jpg","datePublished":"2024-12-19T07:24:30+00:00","dateModified":"2024-12-19T07:30:41+00:00","description":"Ram va lancer sa camionnette hybride rechargeable avant sa tout \u00e9lectrique - Benoit Charette - Annuel automobile - CanadaMotorJobs.com.","breadcrumb":{"@id":"https:\/\/news.canadamotorjobs.com\/fr\/ram-va-lancer-sa-camionnette-hybride-rechargeable-avant-sa-tout-electrique\/#breadcrumb"},"inLanguage":"fr-CA","potentialAction":[{"@type":"ReadAction","target":["https:\/\/news.canadamotorjobs.com\/fr\/ram-va-lancer-sa-camionnette-hybride-rechargeable-avant-sa-tout-electrique\/"]}]},{"@type":"ImageObject","inLanguage":"fr-CA","@id":"https:\/\/news.canadamotorjobs.com\/fr\/ram-va-lancer-sa-camionnette-hybride-rechargeable-avant-sa-tout-electrique\/#primaryimage","url":"https:\/\/news.canadamotorjobs.com\/wp-content\/uploads\/2024\/12\/Ram_1500_Ramcharger_chassis1.jpg","contentUrl":"https:\/\/news.canadamotorjobs.com\/wp-content\/uploads\/2024\/12\/Ram_1500_Ramcharger_chassis1.jpg","width":1200,"height":800},{"@type":"BreadcrumbList","@id":"https:\/\/news.canadamotorjobs.com\/fr\/ram-va-lancer-sa-camionnette-hybride-rechargeable-avant-sa-tout-electrique\/#breadcrumb","itemListElement":[{"@type":"ListItem","position":1,"name":"Home","item":"https:\/\/news.canadamotorjobs.com\/fr\/blog\/"},{"@type":"ListItem","position":2,"name":"Ram va lancer sa camionnette hybride rechargeable avant sa tout \u00e9lectrique"}]},{"@type":"WebSite","@id":"https:\/\/news.canadamotorjobs.com\/#website","url":"https:\/\/news.canadamotorjobs.com\/","name":"CanadaMotorJobs.com","description":"Automotive Jobs","publisher":{"@id":"https:\/\/news.canadamotorjobs.com\/#organization"},"potentialAction":[{"@type":"SearchAction","target":{"@type":"EntryPoint","urlTemplate":"https:\/\/news.canadamotorjobs.com\/?s={search_term_string}"},"query-input":"required name=search_term_string"}],"inLanguage":"fr-CA"},{"@type":"Organization","@id":"https:\/\/news.canadamotorjobs.com\/#organization","name":"Canada Motor Jobs","url":"https:\/\/news.canadamotorjobs.com\/","logo":{"@type":"ImageObject","inLanguage":"fr-CA","@id":"https:\/\/news.canadamotorjobs.com\/#\/schema\/logo\/image\/","url":"https:\/\/news.canadamotorjobs.com\/wp-content\/uploads\/2022\/10\/logo-canada-motor-jobs-1.png","contentUrl":"https:\/\/news.canadamotorjobs.com\/wp-content\/uploads\/2022\/10\/logo-canada-motor-jobs-1.png","width":800,"height":400,"caption":"Canada Motor Jobs"},"image":{"@id":"https:\/\/news.canadamotorjobs.com\/#\/schema\/logo\/image\/"},"sameAs":["https:\/\/www.facebook.com\/canadamotorjobs\/","https:\/\/x.com\/canadamotorjobs","https:\/\/www.instagram.com\/canadamotorjobs\/","https:\/\/www.linkedin.com\/company\/canadamotorjobs"]},{"@type":"Person","@id":"https:\/\/news.canadamotorjobs.com\/#\/schema\/person\/51793d1f87d44011d7bcc2ed99269a90","name":"Benoit Charette","image":{"@type":"ImageObject","inLanguage":"fr-CA","@id":"https:\/\/news.canadamotorjobs.com\/#\/schema\/person\/image\/","url":"https:\/\/secure.gravatar.com\/avatar\/45f3d2eebcccd909668d7ce7ea7267b6?s=96&d=mm&r=g","contentUrl":"https:\/\/secure.gravatar.com\/avatar\/45f3d2eebcccd909668d7ce7ea7267b6?s=96&d=mm&r=g","caption":"Benoit Charette"},"description":"Benoit Charette \/ Propri\u00e9taire et r\u00e9dacteur en chef Benoit Charette pratique le journalisme automobile depuis bient\u00f4t 30 ans. Il a fait ses classes au c\u00f4t\u00e9 de Daniel H\u00e9raud et au Carnet de route de 1992 \u00e0 2001. Il est fondateur, copropri\u00e9taire et r\u00e9dacteur en chef de L\u2019Annuel de l\u2019automobile, qu\u2019il publie depuis 2001. Il a anim\u00e9 les \u00e9missions RPM et RPM+ sur V et les L\u00e9gendes de la route sur Historia. \u00c0 la radio depuis 1986, il reprend l\u2019antenne cette ann\u00e9e sur les ondes de Cogeco et participe pour la deuxi\u00e8me ann\u00e9e \u00e0 l\u2019\u00e9mission Passion Auto sur RDS en plus de mettre en ligne le site Web officiel de L\u2019Annuel de l\u2019automobile sur annuelauto.ca.","sameAs":["https:\/\/annuelauto.ca\/"],"url":"https:\/\/news.canadamotorjobs.com\/fr\/author\/benoit-charette\/"}]}},"_links":{"self":[{"href":"https:\/\/news.canadamotorjobs.com\/fr\/wp-json\/wp\/v2\/posts\/185641"}],"collection":[{"href":"https:\/\/news.canadamotorjobs.com\/fr\/wp-json\/wp\/v2\/posts"}],"about":[{"href":"https:\/\/news.canadamotorjobs.com\/fr\/wp-json\/wp\/v2\/types\/post"}],"author":[{"embeddable":true,"href":"https:\/\/news.canadamotorjobs.com\/fr\/wp-json\/wp\/v2\/users\/8"}],"replies":[{"embeddable":true,"href":"https:\/\/news.canadamotorjobs.com\/fr\/wp-json\/wp\/v2\/comments?post=185641"}],"version-history":[{"count":3,"href":"https:\/\/news.canadamotorjobs.com\/fr\/wp-json\/wp\/v2\/posts\/185641\/revisions"}],"predecessor-version":[{"id":185672,"href":"https:\/\/news.canadamotorjobs.com\/fr\/wp-json\/wp\/v2\/posts\/185641\/revisions\/185672"}],"wp:featuredmedia":[{"embeddable":true,"href":"https:\/\/news.canadamotorjobs.com\/fr\/wp-json\/wp\/v2\/media\/185643"}],"wp:attachment":[{"href":"https:\/\/news.canadamotorjobs.com\/fr\/wp-json\/wp\/v2\/media?parent=185641"}],"wp:term":[{"taxonomy":"category","embeddable":true,"href":"https:\/\/news.canadamotorjobs.com\/fr\/wp-json\/wp\/v2\/categories?post=185641"},{"taxonomy":"post_tag","embeddable":true,"href":"https:\/\/news.canadamotorjobs.com\/fr\/wp-json\/wp\/v2\/tags?post=185641"}],"curies":[{"name":"wp","href":"https:\/\/api.w.org\/{rel}","templated":true}]}}